{"id":16048,"date":"2024-09-24T17:09:56","date_gmt":"2024-09-24T20:09:56","guid":{"rendered":"https:\/\/brasilnoticias.org\/site\/?p=16048"},"modified":"2024-09-24T17:09:56","modified_gmt":"2024-09-24T20:09:56","slug":"liderancas-do-psb-abandonam-campanha-de-geraldo-junior-e-declaram-apoio-a-kleber-rosa","status":"publish","type":"post","link":"https:\/\/brasilnoticias.org\/site\/liderancas-do-psb-abandonam-campanha-de-geraldo-junior-e-declaram-apoio-a-kleber-rosa\/","title":{"rendered":"Lideran\u00e7as do PSB abandonam campanha de Geraldo J\u00fanior e declaram apoio a Kleber Rosa"},"content":{"rendered":"<p>Lideran\u00e7as do Partido Socialista Brasileiro (PSB) da Bahia anunciam que n\u00e3o continuar\u00e3o na campanha de Geraldo J\u00fanior (MDB) por falta de &#8220;afinidade ideol\u00f3gica&#8221;  e declaram apoio ao professor e candidato \u00e0 prefeitura de Salvador, Kleber Rosa (PSOL). <\/p>\n<p>Os militantes pontuam que &#8221; n\u00e3o se sentem motivados com a candidatura  do emedebista porque &#8221; Geraldo n\u00e3o possui uma trajet\u00f3ria de esquerda&#8221;. As lideran\u00e7as afirmam  que Kleber Rosa sempre atuou em defesa da popula\u00e7\u00e3o negra, \u00e9 um ativista social comprometido com as pautas dos movimentos sociais, e ir\u00e1  priorizar durante a gest\u00e3o, caso seja eleito, a preserva\u00e7\u00e3o das \u00e1reas verdes, e as demandas populares. <\/p>\n<p>Kleber Rosa agradece aos militantes do do PSB, ao diretor da Fetrab e candidato a vereador do PSB, Reginaldo Alves, pelo apoio e ressalta que &#8221; nunca mudou de lado, que sempre esteve ao lado do presidente Lula e das bandeiras da esquerda &#8220;. <\/p>\n<p>Foto: Erlon Sousa<\/p>\n","protected":false},"excerpt":{"rendered":"<p>Lideran\u00e7as do Partido Socialista Brasileiro (PSB) da Bahia anunciam que n\u00e3o continuar\u00e3o na campanha de Geraldo J\u00fanior (MDB) por falta<\/p>\n","protected":false},"author":4,"featured_media":16049,"comment_status":"open","ping_status":"open","sticky":false,"template":"","format":"standard","meta":{"colormag_page_container_layout":"default_layout","colormag_page_sidebar_layout":"default_layout","_FSMCFIC_featured_image_caption":"","_FSMCFIC_featured_image_nocaption":"","_FSMCFIC_featured_image_hide":"","footnotes":""},"categories":[5,1],"tags":[],"class_list":["post-16048","post","type-post","status-publish","format-standard","has-post-thumbnail","hentry","category-politica","category-ultimas"],"yoast_head":"<!-- This site is optimized with the Yoast SEO plugin v27.1.1 - https:\/\/yoast.com\/product\/yoast-seo-wordpress\/ -->\n<title>Lideran\u00e7as do PSB abandonam campanha de Geraldo J\u00fanior e declaram apoio a Kleber Rosa - Brasil not\u00edcias<\/title>\n<meta name=\"robots\" content=\"index, follow, max-snippet:-1, max-image-preview:large, max-video-preview:-1\" \/>\n<link rel=\"canonical\" href=\"https:\/\/brasilnoticias.org\/site\/liderancas-do-psb-abandonam-campanha-de-geraldo-junior-e-declaram-apoio-a-kleber-rosa\/\" \/>\n<meta property=\"og:locale\" content=\"pt_PT\" \/>\n<meta property=\"og:type\" content=\"article\" \/>\n<meta property=\"og:title\" content=\"Lideran\u00e7as do PSB abandonam campanha de Geraldo J\u00fanior e declaram apoio a Kleber Rosa - Brasil not\u00edcias\" \/>\n<meta property=\"og:description\" content=\"Lideran\u00e7as do Partido Socialista Brasileiro (PSB) da Bahia anunciam que n\u00e3o continuar\u00e3o na campanha de Geraldo J\u00fanior (MDB) por falta\" \/>\n<meta property=\"og:url\" content=\"https:\/\/brasilnoticias.org\/site\/liderancas-do-psb-abandonam-campanha-de-geraldo-junior-e-declaram-apoio-a-kleber-rosa\/\" \/>\n<meta property=\"og:site_name\" content=\"Brasil not\u00edcias\" \/>\n<meta property=\"article:published_time\" content=\"2024-09-24T20:09:56+00:00\" \/>\n<meta property=\"og:image\" content=\"https:\/\/brasilnoticias.org\/site\/wp-content\/uploads\/2024\/09\/IMAGEM_NOTICIA_0-2-9.jpg\" \/>\n\t<meta property=\"og:image:width\" content=\"850\" \/>\n\t<meta property=\"og:image:height\" content=\"400\" \/>\n\t<meta property=\"og:image:type\" content=\"image\/jpeg\" \/>\n<meta name=\"author\" content=\"Reda\u00e7\u00e3o\" \/>\n<meta name=\"twitter:card\" content=\"summary_large_image\" \/>\n<meta name=\"twitter:label1\" content=\"Escrito por\" \/>\n\t<meta name=\"twitter:data1\" content=\"Reda\u00e7\u00e3o\" \/>\n\t<meta name=\"twitter:label2\" content=\"Tempo estimado de leitura\" \/>\n\t<meta name=\"twitter:data2\" content=\"1 minuto\" \/>\n<script type=\"application\/ld+json\" class=\"yoast-schema-graph\">{\"@context\":\"https:\/\/schema.org\",\"@graph\":[{\"@type\":\"Article\",\"@id\":\"https:\/\/brasilnoticias.org\/site\/liderancas-do-psb-abandonam-campanha-de-geraldo-junior-e-declaram-apoio-a-kleber-rosa\/#article\",\"isPartOf\":{\"@id\":\"https:\/\/brasilnoticias.org\/site\/liderancas-do-psb-abandonam-campanha-de-geraldo-junior-e-declaram-apoio-a-kleber-rosa\/\"},\"author\":{\"name\":\"Reda\u00e7\u00e3o\",\"@id\":\"https:\/\/brasilnoticias.org\/site\/#\/schema\/person\/03bbbfe6c7634ad18c26444ea39049fa\"},\"headline\":\"Lideran\u00e7as do PSB abandonam campanha de Geraldo J\u00fanior e declaram apoio a Kleber Rosa\",\"datePublished\":\"2024-09-24T20:09:56+00:00\",\"mainEntityOfPage\":{\"@id\":\"https:\/\/brasilnoticias.org\/site\/liderancas-do-psb-abandonam-campanha-de-geraldo-junior-e-declaram-apoio-a-kleber-rosa\/\"},\"wordCount\":171,\"commentCount\":0,\"publisher\":{\"@id\":\"https:\/\/brasilnoticias.org\/site\/#organization\"},\"image\":{\"@id\":\"https:\/\/brasilnoticias.org\/site\/liderancas-do-psb-abandonam-campanha-de-geraldo-junior-e-declaram-apoio-a-kleber-rosa\/#primaryimage\"},\"thumbnailUrl\":\"https:\/\/brasilnoticias.org\/site\/wp-content\/uploads\/2024\/09\/IMAGEM_NOTICIA_0-2-9.jpg\",\"articleSection\":[\"Pol\u00edtica\",\"\u00daltimas\"],\"inLanguage\":\"pt-PT\",\"potentialAction\":[{\"@type\":\"CommentAction\",\"name\":\"Comment\",\"target\":[\"https:\/\/brasilnoticias.org\/site\/liderancas-do-psb-abandonam-campanha-de-geraldo-junior-e-declaram-apoio-a-kleber-rosa\/#respond\"]}]},{\"@type\":\"WebPage\",\"@id\":\"https:\/\/brasilnoticias.org\/site\/liderancas-do-psb-abandonam-campanha-de-geraldo-junior-e-declaram-apoio-a-kleber-rosa\/\",\"url\":\"https:\/\/brasilnoticias.org\/site\/liderancas-do-psb-abandonam-campanha-de-geraldo-junior-e-declaram-apoio-a-kleber-rosa\/\",\"name\":\"Lideran\u00e7as do PSB abandonam campanha de Geraldo J\u00fanior e declaram apoio a Kleber Rosa - Brasil not\u00edcias\",\"isPartOf\":{\"@id\":\"https:\/\/brasilnoticias.org\/site\/#website\"},\"primaryImageOfPage\":{\"@id\":\"https:\/\/brasilnoticias.org\/site\/liderancas-do-psb-abandonam-campanha-de-geraldo-junior-e-declaram-apoio-a-kleber-rosa\/#primaryimage\"},\"image\":{\"@id\":\"https:\/\/brasilnoticias.org\/site\/liderancas-do-psb-abandonam-campanha-de-geraldo-junior-e-declaram-apoio-a-kleber-rosa\/#primaryimage\"},\"thumbnailUrl\":\"https:\/\/brasilnoticias.org\/site\/wp-content\/uploads\/2024\/09\/IMAGEM_NOTICIA_0-2-9.jpg\",\"datePublished\":\"2024-09-24T20:09:56+00:00\",\"breadcrumb\":{\"@id\":\"https:\/\/brasilnoticias.org\/site\/liderancas-do-psb-abandonam-campanha-de-geraldo-junior-e-declaram-apoio-a-kleber-rosa\/#breadcrumb\"},\"inLanguage\":\"pt-PT\",\"potentialAction\":[{\"@type\":\"ReadAction\",\"target\":[\"https:\/\/brasilnoticias.org\/site\/liderancas-do-psb-abandonam-campanha-de-geraldo-junior-e-declaram-apoio-a-kleber-rosa\/\"]}]},{\"@type\":\"ImageObject\",\"inLanguage\":\"pt-PT\",\"@id\":\"https:\/\/brasilnoticias.org\/site\/liderancas-do-psb-abandonam-campanha-de-geraldo-junior-e-declaram-apoio-a-kleber-rosa\/#primaryimage\",\"url\":\"https:\/\/brasilnoticias.org\/site\/wp-content\/uploads\/2024\/09\/IMAGEM_NOTICIA_0-2-9.jpg\",\"contentUrl\":\"https:\/\/brasilnoticias.org\/site\/wp-content\/uploads\/2024\/09\/IMAGEM_NOTICIA_0-2-9.jpg\",\"width\":850,\"height\":400},{\"@type\":\"BreadcrumbList\",\"@id\":\"https:\/\/brasilnoticias.org\/site\/liderancas-do-psb-abandonam-campanha-de-geraldo-junior-e-declaram-apoio-a-kleber-rosa\/#breadcrumb\",\"itemListElement\":[{\"@type\":\"ListItem\",\"position\":1,\"name\":\"In\u00edcio\",\"item\":\"https:\/\/brasilnoticias.org\/site\/\"},{\"@type\":\"ListItem\",\"position\":2,\"name\":\"Lideran\u00e7as do PSB abandonam campanha de Geraldo J\u00fanior e declaram apoio a Kleber Rosa\"}]},{\"@type\":\"WebSite\",\"@id\":\"https:\/\/brasilnoticias.org\/site\/#website\",\"url\":\"https:\/\/brasilnoticias.org\/site\/\",\"name\":\"Brasil not\u00edcias\",\"description\":\"Brasil not\u00edcias\",\"publisher\":{\"@id\":\"https:\/\/brasilnoticias.org\/site\/#organization\"},\"potentialAction\":[{\"@type\":\"SearchAction\",\"target\":{\"@type\":\"EntryPoint\",\"urlTemplate\":\"https:\/\/brasilnoticias.org\/site\/?s={search_term_string}\"},\"query-input\":{\"@type\":\"PropertyValueSpecification\",\"valueRequired\":true,\"valueName\":\"search_term_string\"}}],\"inLanguage\":\"pt-PT\"},{\"@type\":\"Organization\",\"@id\":\"https:\/\/brasilnoticias.org\/site\/#organization\",\"name\":\"Brasil not\u00edcias\",\"url\":\"https:\/\/brasilnoticias.org\/site\/\",\"logo\":{\"@type\":\"ImageObject\",\"inLanguage\":\"pt-PT\",\"@id\":\"https:\/\/brasilnoticias.org\/site\/#\/schema\/logo\/image\/\",\"url\":\"https:\/\/brasilnoticias.org\/site\/wp-content\/uploads\/2022\/05\/cropped-brasilnoticias-mini.jpg\",\"contentUrl\":\"https:\/\/brasilnoticias.org\/site\/wp-content\/uploads\/2022\/05\/cropped-brasilnoticias-mini.jpg\",\"width\":314,\"height\":86,\"caption\":\"Brasil not\u00edcias\"},\"image\":{\"@id\":\"https:\/\/brasilnoticias.org\/site\/#\/schema\/logo\/image\/\"}},{\"@type\":\"Person\",\"@id\":\"https:\/\/brasilnoticias.org\/site\/#\/schema\/person\/03bbbfe6c7634ad18c26444ea39049fa\",\"name\":\"Reda\u00e7\u00e3o\",\"image\":{\"@type\":\"ImageObject\",\"inLanguage\":\"pt-PT\",\"@id\":\"https:\/\/brasilnoticias.org\/site\/#\/schema\/person\/image\/\",\"url\":\"https:\/\/secure.gravatar.com\/avatar\/9ecaf7327a696cb23ad926fedded5f1f04d7049de9e445375d55b48c001a6e42?s=96&d=mm&r=g\",\"contentUrl\":\"https:\/\/secure.gravatar.com\/avatar\/9ecaf7327a696cb23ad926fedded5f1f04d7049de9e445375d55b48c001a6e42?s=96&d=mm&r=g\",\"caption\":\"Reda\u00e7\u00e3o\"},\"url\":\"https:\/\/brasilnoticias.org\/site\/author\/henrique\/\"}]}<\/script>\n<!-- \/ Yoast SEO plugin. -->","yoast_head_json":{"title":"Lideran\u00e7as do PSB abandonam campanha de Geraldo J\u00fanior e declaram apoio a Kleber Rosa - Brasil not\u00edcias","robots":{"index":"index","follow":"follow","max-snippet":"max-snippet:-1","max-image-preview":"max-image-preview:large","max-video-preview":"max-video-preview:-1"},"canonical":"https:\/\/brasilnoticias.org\/site\/liderancas-do-psb-abandonam-campanha-de-geraldo-junior-e-declaram-apoio-a-kleber-rosa\/","og_locale":"pt_PT","og_type":"article","og_title":"Lideran\u00e7as do PSB abandonam campanha de Geraldo J\u00fanior e declaram apoio a Kleber Rosa - Brasil not\u00edcias","og_description":"Lideran\u00e7as do Partido Socialista Brasileiro (PSB) da Bahia anunciam que n\u00e3o continuar\u00e3o na campanha de Geraldo J\u00fanior (MDB) por falta","og_url":"https:\/\/brasilnoticias.org\/site\/liderancas-do-psb-abandonam-campanha-de-geraldo-junior-e-declaram-apoio-a-kleber-rosa\/","og_site_name":"Brasil not\u00edcias","article_published_time":"2024-09-24T20:09:56+00:00","og_image":[{"width":850,"height":400,"url":"https:\/\/brasilnoticias.org\/site\/wp-content\/uploads\/2024\/09\/IMAGEM_NOTICIA_0-2-9.jpg","type":"image\/jpeg"}],"author":"Reda\u00e7\u00e3o","twitter_card":"summary_large_image","twitter_misc":{"Escrito por":"Reda\u00e7\u00e3o","Tempo estimado de leitura":"1 minuto"},"schema":{"@context":"https:\/\/schema.org","@graph":[{"@type":"Article","@id":"https:\/\/brasilnoticias.org\/site\/liderancas-do-psb-abandonam-campanha-de-geraldo-junior-e-declaram-apoio-a-kleber-rosa\/#article","isPartOf":{"@id":"https:\/\/brasilnoticias.org\/site\/liderancas-do-psb-abandonam-campanha-de-geraldo-junior-e-declaram-apoio-a-kleber-rosa\/"},"author":{"name":"Reda\u00e7\u00e3o","@id":"https:\/\/brasilnoticias.org\/site\/#\/schema\/person\/03bbbfe6c7634ad18c26444ea39049fa"},"headline":"Lideran\u00e7as do PSB abandonam campanha de Geraldo J\u00fanior e declaram apoio a Kleber Rosa","datePublished":"2024-09-24T20:09:56+00:00","mainEntityOfPage":{"@id":"https:\/\/brasilnoticias.org\/site\/liderancas-do-psb-abandonam-campanha-de-geraldo-junior-e-declaram-apoio-a-kleber-rosa\/"},"wordCount":171,"commentCount":0,"publisher":{"@id":"https:\/\/brasilnoticias.org\/site\/#organization"},"image":{"@id":"https:\/\/brasilnoticias.org\/site\/liderancas-do-psb-abandonam-campanha-de-geraldo-junior-e-declaram-apoio-a-kleber-rosa\/#primaryimage"},"thumbnailUrl":"https:\/\/brasilnoticias.org\/site\/wp-content\/uploads\/2024\/09\/IMAGEM_NOTICIA_0-2-9.jpg","articleSection":["Pol\u00edtica","\u00daltimas"],"inLanguage":"pt-PT","potentialAction":[{"@type":"CommentAction","name":"Comment","target":["https:\/\/brasilnoticias.org\/site\/liderancas-do-psb-abandonam-campanha-de-geraldo-junior-e-declaram-apoio-a-kleber-rosa\/#respond"]}]},{"@type":"WebPage","@id":"https:\/\/brasilnoticias.org\/site\/liderancas-do-psb-abandonam-campanha-de-geraldo-junior-e-declaram-apoio-a-kleber-rosa\/","url":"https:\/\/brasilnoticias.org\/site\/liderancas-do-psb-abandonam-campanha-de-geraldo-junior-e-declaram-apoio-a-kleber-rosa\/","name":"Lideran\u00e7as do PSB abandonam campanha de Geraldo J\u00fanior e declaram apoio a Kleber Rosa - Brasil not\u00edcias","isPartOf":{"@id":"https:\/\/brasilnoticias.org\/site\/#website"},"primaryImageOfPage":{"@id":"https:\/\/brasilnoticias.org\/site\/liderancas-do-psb-abandonam-campanha-de-geraldo-junior-e-declaram-apoio-a-kleber-rosa\/#primaryimage"},"image":{"@id":"https:\/\/brasilnoticias.org\/site\/liderancas-do-psb-abandonam-campanha-de-geraldo-junior-e-declaram-apoio-a-kleber-rosa\/#primaryimage"},"thumbnailUrl":"https:\/\/brasilnoticias.org\/site\/wp-content\/uploads\/2024\/09\/IMAGEM_NOTICIA_0-2-9.jpg","datePublished":"2024-09-24T20:09:56+00:00","breadcrumb":{"@id":"https:\/\/brasilnoticias.org\/site\/liderancas-do-psb-abandonam-campanha-de-geraldo-junior-e-declaram-apoio-a-kleber-rosa\/#breadcrumb"},"inLanguage":"pt-PT","potentialAction":[{"@type":"ReadAction","target":["https:\/\/brasilnoticias.org\/site\/liderancas-do-psb-abandonam-campanha-de-geraldo-junior-e-declaram-apoio-a-kleber-rosa\/"]}]},{"@type":"ImageObject","inLanguage":"pt-PT","@id":"https:\/\/brasilnoticias.org\/site\/liderancas-do-psb-abandonam-campanha-de-geraldo-junior-e-declaram-apoio-a-kleber-rosa\/#primaryimage","url":"https:\/\/brasilnoticias.org\/site\/wp-content\/uploads\/2024\/09\/IMAGEM_NOTICIA_0-2-9.jpg","contentUrl":"https:\/\/brasilnoticias.org\/site\/wp-content\/uploads\/2024\/09\/IMAGEM_NOTICIA_0-2-9.jpg","width":850,"height":400},{"@type":"BreadcrumbList","@id":"https:\/\/brasilnoticias.org\/site\/liderancas-do-psb-abandonam-campanha-de-geraldo-junior-e-declaram-apoio-a-kleber-rosa\/#breadcrumb","itemListElement":[{"@type":"ListItem","position":1,"name":"In\u00edcio","item":"https:\/\/brasilnoticias.org\/site\/"},{"@type":"ListItem","position":2,"name":"Lideran\u00e7as do PSB abandonam campanha de Geraldo J\u00fanior e declaram apoio a Kleber Rosa"}]},{"@type":"WebSite","@id":"https:\/\/brasilnoticias.org\/site\/#website","url":"https:\/\/brasilnoticias.org\/site\/","name":"Brasil not\u00edcias","description":"Brasil not\u00edcias","publisher":{"@id":"https:\/\/brasilnoticias.org\/site\/#organization"},"potentialAction":[{"@type":"SearchAction","target":{"@type":"EntryPoint","urlTemplate":"https:\/\/brasilnoticias.org\/site\/?s={search_term_string}"},"query-input":{"@type":"PropertyValueSpecification","valueRequired":true,"valueName":"search_term_string"}}],"inLanguage":"pt-PT"},{"@type":"Organization","@id":"https:\/\/brasilnoticias.org\/site\/#organization","name":"Brasil not\u00edcias","url":"https:\/\/brasilnoticias.org\/site\/","logo":{"@type":"ImageObject","inLanguage":"pt-PT","@id":"https:\/\/brasilnoticias.org\/site\/#\/schema\/logo\/image\/","url":"https:\/\/brasilnoticias.org\/site\/wp-content\/uploads\/2022\/05\/cropped-brasilnoticias-mini.jpg","contentUrl":"https:\/\/brasilnoticias.org\/site\/wp-content\/uploads\/2022\/05\/cropped-brasilnoticias-mini.jpg","width":314,"height":86,"caption":"Brasil not\u00edcias"},"image":{"@id":"https:\/\/brasilnoticias.org\/site\/#\/schema\/logo\/image\/"}},{"@type":"Person","@id":"https:\/\/brasilnoticias.org\/site\/#\/schema\/person\/03bbbfe6c7634ad18c26444ea39049fa","name":"Reda\u00e7\u00e3o","image":{"@type":"ImageObject","inLanguage":"pt-PT","@id":"https:\/\/brasilnoticias.org\/site\/#\/schema\/person\/image\/","url":"https:\/\/secure.gravatar.com\/avatar\/9ecaf7327a696cb23ad926fedded5f1f04d7049de9e445375d55b48c001a6e42?s=96&d=mm&r=g","contentUrl":"https:\/\/secure.gravatar.com\/avatar\/9ecaf7327a696cb23ad926fedded5f1f04d7049de9e445375d55b48c001a6e42?s=96&d=mm&r=g","caption":"Reda\u00e7\u00e3o"},"url":"https:\/\/brasilnoticias.org\/site\/author\/henrique\/"}]}},"_links":{"self":[{"href":"https:\/\/brasilnoticias.org\/site\/wp-json\/wp\/v2\/posts\/16048","targetHints":{"allow":["GET"]}}],"collection":[{"href":"https:\/\/brasilnoticias.org\/site\/wp-json\/wp\/v2\/posts"}],"about":[{"href":"https:\/\/brasilnoticias.org\/site\/wp-json\/wp\/v2\/types\/post"}],"author":[{"embeddable":true,"href":"https:\/\/brasilnoticias.org\/site\/wp-json\/wp\/v2\/users\/4"}],"replies":[{"embeddable":true,"href":"https:\/\/brasilnoticias.org\/site\/wp-json\/wp\/v2\/comments?post=16048"}],"version-history":[{"count":1,"href":"https:\/\/brasilnoticias.org\/site\/wp-json\/wp\/v2\/posts\/16048\/revisions"}],"predecessor-version":[{"id":16050,"href":"https:\/\/brasilnoticias.org\/site\/wp-json\/wp\/v2\/posts\/16048\/revisions\/16050"}],"wp:featuredmedia":[{"embeddable":true,"href":"https:\/\/brasilnoticias.org\/site\/wp-json\/wp\/v2\/media\/16049"}],"wp:attachment":[{"href":"https:\/\/brasilnoticias.org\/site\/wp-json\/wp\/v2\/media?parent=16048"}],"wp:term":[{"taxonomy":"category","embeddable":true,"href":"https:\/\/brasilnoticias.org\/site\/wp-json\/wp\/v2\/categories?post=16048"},{"taxonomy":"post_tag","embeddable":true,"href":"https:\/\/brasilnoticias.org\/site\/wp-json\/wp\/v2\/tags?post=16048"}],"curies":[{"name":"wp","href":"https:\/\/api.w.org\/{rel}","templated":true}]}}