{"id":16086,"date":"2024-10-03T18:50:37","date_gmt":"2024-10-03T21:50:37","guid":{"rendered":"https:\/\/brasilnoticias.org\/site\/?p=16086"},"modified":"2024-10-03T18:50:37","modified_gmt":"2024-10-03T21:50:37","slug":"termina-nesta-quinta-a-propaganda-eleitoral-gratuita-no-radio-e-na-tv","status":"publish","type":"post","link":"https:\/\/brasilnoticias.org\/site\/termina-nesta-quinta-a-propaganda-eleitoral-gratuita-no-radio-e-na-tv\/","title":{"rendered":"Termina nesta quinta a propaganda eleitoral gratuita no r\u00e1dio e na TV"},"content":{"rendered":"<p>Termina nesta quinta-feira (3) a veicula\u00e7\u00e3o da propaganda eleitoral gratuita no r\u00e1dio e na televis\u00e3o. Hoje tamb\u00e9m \u00e9 o \u00faltimo dia para a realiza\u00e7\u00e3o de com\u00edcios e para o uso de aparelhos de som, com exce\u00e7\u00e3o do com\u00edcio de encerramento da campanha.<\/p>\n<p>As regras est\u00e3o previstas na Lei das Elei\u00e7\u00f5es, no C\u00f3digo Eleitoral e na Resolu\u00e7\u00e3o do Tribunal Superior Eleitoral (TSE) n\u00ba 23.610\/2019, que regula a propaganda eleitoral. <\/p>\n<p>Os debates no r\u00e1dio e na televis\u00e3o tamb\u00e9m se encerram nesta quinta. No entanto, de acordo com o Artigo 46 da Resolu\u00e7\u00e3o 23.610\/19, eles podem ser estendidos at\u00e9 as 7h do dia 4 de outubro, no caso do 1\u00ba turno.  <\/p>\n<p>Servi\u00e7o ao eleitorado<\/p>\n<p>A partir desta quinta, o TSE poder\u00e1 adotar algumas medidas em rela\u00e7\u00e3o ao andamento do pleito. De hoje at\u00e9 5 de outubro, o Tribunal poder\u00e1 requisitar a emissoras de r\u00e1dio e televis\u00e3o at\u00e9 dez minutos di\u00e1rios de sua programa\u00e7\u00e3o para divulgar comunicados, boletins e instru\u00e7\u00f5es ao eleitorado.<\/p>\n<p>Esse tempo pode ser utilizado uma \u00fanica vez ou em dias alternados, sendo poss\u00edvel ceder parte dele para o uso de tribunal regional eleitoral.  <\/p>\n<p>Al\u00e9m disso, at\u00e9 a pr\u00f3xima segunda-feira (7), ju\u00edzas e ju\u00edzes eleitorais ou o presidente da mesa receptora de votos poder\u00e1 expedir salvo-conduto em favor de eleitoras e eleitores que sofram viol\u00eancia moral ou f\u00edsica em sua liberdade de votar ou pelo fato de j\u00e1 terem votado.  <\/p>\n<p>Com informa\u00e7\u00f5es do TSE \/ Foto: Ag\u00eancia Brasil<\/p>\n","protected":false},"excerpt":{"rendered":"<p>Termina nesta quinta-feira (3) a veicula\u00e7\u00e3o da propaganda eleitoral gratuita no r\u00e1dio e na televis\u00e3o. Hoje tamb\u00e9m \u00e9 o \u00faltimo<\/p>\n","protected":false},"author":4,"featured_media":16087,"comment_status":"open","ping_status":"open","sticky":false,"template":"","format":"standard","meta":{"colormag_page_container_layout":"default_layout","colormag_page_sidebar_layout":"default_layout","_FSMCFIC_featured_image_caption":"","_FSMCFIC_featured_image_nocaption":"","_FSMCFIC_featured_image_hide":"","footnotes":""},"categories":[2,1],"tags":[],"class_list":["post-16086","post","type-post","status-publish","format-standard","has-post-thumbnail","hentry","category-noticias","category-ultimas"],"yoast_head":"<!-- This site is optimized with the Yoast SEO plugin v27.1.1 - https:\/\/yoast.com\/product\/yoast-seo-wordpress\/ -->\n<title>Termina nesta quinta a propaganda eleitoral gratuita no r\u00e1dio e na TV - Brasil not\u00edcias<\/title>\n<meta name=\"robots\" content=\"index, follow, max-snippet:-1, max-image-preview:large, max-video-preview:-1\" \/>\n<link rel=\"canonical\" href=\"https:\/\/brasilnoticias.org\/site\/termina-nesta-quinta-a-propaganda-eleitoral-gratuita-no-radio-e-na-tv\/\" \/>\n<meta property=\"og:locale\" content=\"pt_PT\" \/>\n<meta property=\"og:type\" content=\"article\" \/>\n<meta property=\"og:title\" content=\"Termina nesta quinta a propaganda eleitoral gratuita no r\u00e1dio e na TV - Brasil not\u00edcias\" \/>\n<meta property=\"og:description\" content=\"Termina nesta quinta-feira (3) a veicula\u00e7\u00e3o da propaganda eleitoral gratuita no r\u00e1dio e na televis\u00e3o. Hoje tamb\u00e9m \u00e9 o \u00faltimo\" \/>\n<meta property=\"og:url\" content=\"https:\/\/brasilnoticias.org\/site\/termina-nesta-quinta-a-propaganda-eleitoral-gratuita-no-radio-e-na-tv\/\" \/>\n<meta property=\"og:site_name\" content=\"Brasil not\u00edcias\" \/>\n<meta property=\"article:published_time\" content=\"2024-10-03T21:50:37+00:00\" \/>\n<meta property=\"og:image\" content=\"https:\/\/brasilnoticias.org\/site\/wp-content\/uploads\/2024\/10\/IMAGEM_NOTICIA_0-1-1.jpg\" \/>\n\t<meta property=\"og:image:width\" content=\"850\" \/>\n\t<meta property=\"og:image:height\" content=\"400\" \/>\n\t<meta property=\"og:image:type\" content=\"image\/jpeg\" \/>\n<meta name=\"author\" content=\"Reda\u00e7\u00e3o\" \/>\n<meta name=\"twitter:card\" content=\"summary_large_image\" \/>\n<meta name=\"twitter:label1\" content=\"Escrito por\" \/>\n\t<meta name=\"twitter:data1\" content=\"Reda\u00e7\u00e3o\" \/>\n<script type=\"application\/ld+json\" class=\"yoast-schema-graph\">{\"@context\":\"https:\/\/schema.org\",\"@graph\":[{\"@type\":\"Article\",\"@id\":\"https:\/\/brasilnoticias.org\/site\/termina-nesta-quinta-a-propaganda-eleitoral-gratuita-no-radio-e-na-tv\/#article\",\"isPartOf\":{\"@id\":\"https:\/\/brasilnoticias.org\/site\/termina-nesta-quinta-a-propaganda-eleitoral-gratuita-no-radio-e-na-tv\/\"},\"author\":{\"name\":\"Reda\u00e7\u00e3o\",\"@id\":\"https:\/\/brasilnoticias.org\/site\/#\/schema\/person\/03bbbfe6c7634ad18c26444ea39049fa\"},\"headline\":\"Termina nesta quinta a propaganda eleitoral gratuita no r\u00e1dio e na TV\",\"datePublished\":\"2024-10-03T21:50:37+00:00\",\"mainEntityOfPage\":{\"@id\":\"https:\/\/brasilnoticias.org\/site\/termina-nesta-quinta-a-propaganda-eleitoral-gratuita-no-radio-e-na-tv\/\"},\"wordCount\":271,\"commentCount\":0,\"publisher\":{\"@id\":\"https:\/\/brasilnoticias.org\/site\/#organization\"},\"image\":{\"@id\":\"https:\/\/brasilnoticias.org\/site\/termina-nesta-quinta-a-propaganda-eleitoral-gratuita-no-radio-e-na-tv\/#primaryimage\"},\"thumbnailUrl\":\"https:\/\/brasilnoticias.org\/site\/wp-content\/uploads\/2024\/10\/IMAGEM_NOTICIA_0-1-1.jpg\",\"articleSection\":[\"Not\u00edcias\",\"\u00daltimas\"],\"inLanguage\":\"pt-PT\",\"potentialAction\":[{\"@type\":\"CommentAction\",\"name\":\"Comment\",\"target\":[\"https:\/\/brasilnoticias.org\/site\/termina-nesta-quinta-a-propaganda-eleitoral-gratuita-no-radio-e-na-tv\/#respond\"]}]},{\"@type\":\"WebPage\",\"@id\":\"https:\/\/brasilnoticias.org\/site\/termina-nesta-quinta-a-propaganda-eleitoral-gratuita-no-radio-e-na-tv\/\",\"url\":\"https:\/\/brasilnoticias.org\/site\/termina-nesta-quinta-a-propaganda-eleitoral-gratuita-no-radio-e-na-tv\/\",\"name\":\"Termina nesta quinta a propaganda eleitoral gratuita no r\u00e1dio e na TV - Brasil not\u00edcias\",\"isPartOf\":{\"@id\":\"https:\/\/brasilnoticias.org\/site\/#website\"},\"primaryImageOfPage\":{\"@id\":\"https:\/\/brasilnoticias.org\/site\/termina-nesta-quinta-a-propaganda-eleitoral-gratuita-no-radio-e-na-tv\/#primaryimage\"},\"image\":{\"@id\":\"https:\/\/brasilnoticias.org\/site\/termina-nesta-quinta-a-propaganda-eleitoral-gratuita-no-radio-e-na-tv\/#primaryimage\"},\"thumbnailUrl\":\"https:\/\/brasilnoticias.org\/site\/wp-content\/uploads\/2024\/10\/IMAGEM_NOTICIA_0-1-1.jpg\",\"datePublished\":\"2024-10-03T21:50:37+00:00\",\"breadcrumb\":{\"@id\":\"https:\/\/brasilnoticias.org\/site\/termina-nesta-quinta-a-propaganda-eleitoral-gratuita-no-radio-e-na-tv\/#breadcrumb\"},\"inLanguage\":\"pt-PT\",\"potentialAction\":[{\"@type\":\"ReadAction\",\"target\":[\"https:\/\/brasilnoticias.org\/site\/termina-nesta-quinta-a-propaganda-eleitoral-gratuita-no-radio-e-na-tv\/\"]}]},{\"@type\":\"ImageObject\",\"inLanguage\":\"pt-PT\",\"@id\":\"https:\/\/brasilnoticias.org\/site\/termina-nesta-quinta-a-propaganda-eleitoral-gratuita-no-radio-e-na-tv\/#primaryimage\",\"url\":\"https:\/\/brasilnoticias.org\/site\/wp-content\/uploads\/2024\/10\/IMAGEM_NOTICIA_0-1-1.jpg\",\"contentUrl\":\"https:\/\/brasilnoticias.org\/site\/wp-content\/uploads\/2024\/10\/IMAGEM_NOTICIA_0-1-1.jpg\",\"width\":850,\"height\":400},{\"@type\":\"BreadcrumbList\",\"@id\":\"https:\/\/brasilnoticias.org\/site\/termina-nesta-quinta-a-propaganda-eleitoral-gratuita-no-radio-e-na-tv\/#breadcrumb\",\"itemListElement\":[{\"@type\":\"ListItem\",\"position\":1,\"name\":\"In\u00edcio\",\"item\":\"https:\/\/brasilnoticias.org\/site\/\"},{\"@type\":\"ListItem\",\"position\":2,\"name\":\"Termina nesta quinta a propaganda eleitoral gratuita no r\u00e1dio e na TV\"}]},{\"@type\":\"WebSite\",\"@id\":\"https:\/\/brasilnoticias.org\/site\/#website\",\"url\":\"https:\/\/brasilnoticias.org\/site\/\",\"name\":\"Brasil not\u00edcias\",\"description\":\"Brasil not\u00edcias\",\"publisher\":{\"@id\":\"https:\/\/brasilnoticias.org\/site\/#organization\"},\"potentialAction\":[{\"@type\":\"SearchAction\",\"target\":{\"@type\":\"EntryPoint\",\"urlTemplate\":\"https:\/\/brasilnoticias.org\/site\/?s={search_term_string}\"},\"query-input\":{\"@type\":\"PropertyValueSpecification\",\"valueRequired\":true,\"valueName\":\"search_term_string\"}}],\"inLanguage\":\"pt-PT\"},{\"@type\":\"Organization\",\"@id\":\"https:\/\/brasilnoticias.org\/site\/#organization\",\"name\":\"Brasil not\u00edcias\",\"url\":\"https:\/\/brasilnoticias.org\/site\/\",\"logo\":{\"@type\":\"ImageObject\",\"inLanguage\":\"pt-PT\",\"@id\":\"https:\/\/brasilnoticias.org\/site\/#\/schema\/logo\/image\/\",\"url\":\"https:\/\/brasilnoticias.org\/site\/wp-content\/uploads\/2022\/05\/cropped-brasilnoticias-mini.jpg\",\"contentUrl\":\"https:\/\/brasilnoticias.org\/site\/wp-content\/uploads\/2022\/05\/cropped-brasilnoticias-mini.jpg\",\"width\":314,\"height\":86,\"caption\":\"Brasil not\u00edcias\"},\"image\":{\"@id\":\"https:\/\/brasilnoticias.org\/site\/#\/schema\/logo\/image\/\"}},{\"@type\":\"Person\",\"@id\":\"https:\/\/brasilnoticias.org\/site\/#\/schema\/person\/03bbbfe6c7634ad18c26444ea39049fa\",\"name\":\"Reda\u00e7\u00e3o\",\"image\":{\"@type\":\"ImageObject\",\"inLanguage\":\"pt-PT\",\"@id\":\"https:\/\/brasilnoticias.org\/site\/#\/schema\/person\/image\/\",\"url\":\"https:\/\/secure.gravatar.com\/avatar\/9ecaf7327a696cb23ad926fedded5f1f04d7049de9e445375d55b48c001a6e42?s=96&d=mm&r=g\",\"contentUrl\":\"https:\/\/secure.gravatar.com\/avatar\/9ecaf7327a696cb23ad926fedded5f1f04d7049de9e445375d55b48c001a6e42?s=96&d=mm&r=g\",\"caption\":\"Reda\u00e7\u00e3o\"},\"url\":\"https:\/\/brasilnoticias.org\/site\/author\/henrique\/\"}]}<\/script>\n<!-- \/ Yoast SEO plugin. -->","yoast_head_json":{"title":"Termina nesta quinta a propaganda eleitoral gratuita no r\u00e1dio e na TV - Brasil not\u00edcias","robots":{"index":"index","follow":"follow","max-snippet":"max-snippet:-1","max-image-preview":"max-image-preview:large","max-video-preview":"max-video-preview:-1"},"canonical":"https:\/\/brasilnoticias.org\/site\/termina-nesta-quinta-a-propaganda-eleitoral-gratuita-no-radio-e-na-tv\/","og_locale":"pt_PT","og_type":"article","og_title":"Termina nesta quinta a propaganda eleitoral gratuita no r\u00e1dio e na TV - Brasil not\u00edcias","og_description":"Termina nesta quinta-feira (3) a veicula\u00e7\u00e3o da propaganda eleitoral gratuita no r\u00e1dio e na televis\u00e3o. Hoje tamb\u00e9m \u00e9 o \u00faltimo","og_url":"https:\/\/brasilnoticias.org\/site\/termina-nesta-quinta-a-propaganda-eleitoral-gratuita-no-radio-e-na-tv\/","og_site_name":"Brasil not\u00edcias","article_published_time":"2024-10-03T21:50:37+00:00","og_image":[{"width":850,"height":400,"url":"https:\/\/brasilnoticias.org\/site\/wp-content\/uploads\/2024\/10\/IMAGEM_NOTICIA_0-1-1.jpg","type":"image\/jpeg"}],"author":"Reda\u00e7\u00e3o","twitter_card":"summary_large_image","twitter_misc":{"Escrito por":"Reda\u00e7\u00e3o"},"schema":{"@context":"https:\/\/schema.org","@graph":[{"@type":"Article","@id":"https:\/\/brasilnoticias.org\/site\/termina-nesta-quinta-a-propaganda-eleitoral-gratuita-no-radio-e-na-tv\/#article","isPartOf":{"@id":"https:\/\/brasilnoticias.org\/site\/termina-nesta-quinta-a-propaganda-eleitoral-gratuita-no-radio-e-na-tv\/"},"author":{"name":"Reda\u00e7\u00e3o","@id":"https:\/\/brasilnoticias.org\/site\/#\/schema\/person\/03bbbfe6c7634ad18c26444ea39049fa"},"headline":"Termina nesta quinta a propaganda eleitoral gratuita no r\u00e1dio e na TV","datePublished":"2024-10-03T21:50:37+00:00","mainEntityOfPage":{"@id":"https:\/\/brasilnoticias.org\/site\/termina-nesta-quinta-a-propaganda-eleitoral-gratuita-no-radio-e-na-tv\/"},"wordCount":271,"commentCount":0,"publisher":{"@id":"https:\/\/brasilnoticias.org\/site\/#organization"},"image":{"@id":"https:\/\/brasilnoticias.org\/site\/termina-nesta-quinta-a-propaganda-eleitoral-gratuita-no-radio-e-na-tv\/#primaryimage"},"thumbnailUrl":"https:\/\/brasilnoticias.org\/site\/wp-content\/uploads\/2024\/10\/IMAGEM_NOTICIA_0-1-1.jpg","articleSection":["Not\u00edcias","\u00daltimas"],"inLanguage":"pt-PT","potentialAction":[{"@type":"CommentAction","name":"Comment","target":["https:\/\/brasilnoticias.org\/site\/termina-nesta-quinta-a-propaganda-eleitoral-gratuita-no-radio-e-na-tv\/#respond"]}]},{"@type":"WebPage","@id":"https:\/\/brasilnoticias.org\/site\/termina-nesta-quinta-a-propaganda-eleitoral-gratuita-no-radio-e-na-tv\/","url":"https:\/\/brasilnoticias.org\/site\/termina-nesta-quinta-a-propaganda-eleitoral-gratuita-no-radio-e-na-tv\/","name":"Termina nesta quinta a propaganda eleitoral gratuita no r\u00e1dio e na TV - Brasil not\u00edcias","isPartOf":{"@id":"https:\/\/brasilnoticias.org\/site\/#website"},"primaryImageOfPage":{"@id":"https:\/\/brasilnoticias.org\/site\/termina-nesta-quinta-a-propaganda-eleitoral-gratuita-no-radio-e-na-tv\/#primaryimage"},"image":{"@id":"https:\/\/brasilnoticias.org\/site\/termina-nesta-quinta-a-propaganda-eleitoral-gratuita-no-radio-e-na-tv\/#primaryimage"},"thumbnailUrl":"https:\/\/brasilnoticias.org\/site\/wp-content\/uploads\/2024\/10\/IMAGEM_NOTICIA_0-1-1.jpg","datePublished":"2024-10-03T21:50:37+00:00","breadcrumb":{"@id":"https:\/\/brasilnoticias.org\/site\/termina-nesta-quinta-a-propaganda-eleitoral-gratuita-no-radio-e-na-tv\/#breadcrumb"},"inLanguage":"pt-PT","potentialAction":[{"@type":"ReadAction","target":["https:\/\/brasilnoticias.org\/site\/termina-nesta-quinta-a-propaganda-eleitoral-gratuita-no-radio-e-na-tv\/"]}]},{"@type":"ImageObject","inLanguage":"pt-PT","@id":"https:\/\/brasilnoticias.org\/site\/termina-nesta-quinta-a-propaganda-eleitoral-gratuita-no-radio-e-na-tv\/#primaryimage","url":"https:\/\/brasilnoticias.org\/site\/wp-content\/uploads\/2024\/10\/IMAGEM_NOTICIA_0-1-1.jpg","contentUrl":"https:\/\/brasilnoticias.org\/site\/wp-content\/uploads\/2024\/10\/IMAGEM_NOTICIA_0-1-1.jpg","width":850,"height":400},{"@type":"BreadcrumbList","@id":"https:\/\/brasilnoticias.org\/site\/termina-nesta-quinta-a-propaganda-eleitoral-gratuita-no-radio-e-na-tv\/#breadcrumb","itemListElement":[{"@type":"ListItem","position":1,"name":"In\u00edcio","item":"https:\/\/brasilnoticias.org\/site\/"},{"@type":"ListItem","position":2,"name":"Termina nesta quinta a propaganda eleitoral gratuita no r\u00e1dio e na TV"}]},{"@type":"WebSite","@id":"https:\/\/brasilnoticias.org\/site\/#website","url":"https:\/\/brasilnoticias.org\/site\/","name":"Brasil not\u00edcias","description":"Brasil not\u00edcias","publisher":{"@id":"https:\/\/brasilnoticias.org\/site\/#organization"},"potentialAction":[{"@type":"SearchAction","target":{"@type":"EntryPoint","urlTemplate":"https:\/\/brasilnoticias.org\/site\/?s={search_term_string}"},"query-input":{"@type":"PropertyValueSpecification","valueRequired":true,"valueName":"search_term_string"}}],"inLanguage":"pt-PT"},{"@type":"Organization","@id":"https:\/\/brasilnoticias.org\/site\/#organization","name":"Brasil not\u00edcias","url":"https:\/\/brasilnoticias.org\/site\/","logo":{"@type":"ImageObject","inLanguage":"pt-PT","@id":"https:\/\/brasilnoticias.org\/site\/#\/schema\/logo\/image\/","url":"https:\/\/brasilnoticias.org\/site\/wp-content\/uploads\/2022\/05\/cropped-brasilnoticias-mini.jpg","contentUrl":"https:\/\/brasilnoticias.org\/site\/wp-content\/uploads\/2022\/05\/cropped-brasilnoticias-mini.jpg","width":314,"height":86,"caption":"Brasil not\u00edcias"},"image":{"@id":"https:\/\/brasilnoticias.org\/site\/#\/schema\/logo\/image\/"}},{"@type":"Person","@id":"https:\/\/brasilnoticias.org\/site\/#\/schema\/person\/03bbbfe6c7634ad18c26444ea39049fa","name":"Reda\u00e7\u00e3o","image":{"@type":"ImageObject","inLanguage":"pt-PT","@id":"https:\/\/brasilnoticias.org\/site\/#\/schema\/person\/image\/","url":"https:\/\/secure.gravatar.com\/avatar\/9ecaf7327a696cb23ad926fedded5f1f04d7049de9e445375d55b48c001a6e42?s=96&d=mm&r=g","contentUrl":"https:\/\/secure.gravatar.com\/avatar\/9ecaf7327a696cb23ad926fedded5f1f04d7049de9e445375d55b48c001a6e42?s=96&d=mm&r=g","caption":"Reda\u00e7\u00e3o"},"url":"https:\/\/brasilnoticias.org\/site\/author\/henrique\/"}]}},"_links":{"self":[{"href":"https:\/\/brasilnoticias.org\/site\/wp-json\/wp\/v2\/posts\/16086","targetHints":{"allow":["GET"]}}],"collection":[{"href":"https:\/\/brasilnoticias.org\/site\/wp-json\/wp\/v2\/posts"}],"about":[{"href":"https:\/\/brasilnoticias.org\/site\/wp-json\/wp\/v2\/types\/post"}],"author":[{"embeddable":true,"href":"https:\/\/brasilnoticias.org\/site\/wp-json\/wp\/v2\/users\/4"}],"replies":[{"embeddable":true,"href":"https:\/\/brasilnoticias.org\/site\/wp-json\/wp\/v2\/comments?post=16086"}],"version-history":[{"count":1,"href":"https:\/\/brasilnoticias.org\/site\/wp-json\/wp\/v2\/posts\/16086\/revisions"}],"predecessor-version":[{"id":16088,"href":"https:\/\/brasilnoticias.org\/site\/wp-json\/wp\/v2\/posts\/16086\/revisions\/16088"}],"wp:featuredmedia":[{"embeddable":true,"href":"https:\/\/brasilnoticias.org\/site\/wp-json\/wp\/v2\/media\/16087"}],"wp:attachment":[{"href":"https:\/\/brasilnoticias.org\/site\/wp-json\/wp\/v2\/media?parent=16086"}],"wp:term":[{"taxonomy":"category","embeddable":true,"href":"https:\/\/brasilnoticias.org\/site\/wp-json\/wp\/v2\/categories?post=16086"},{"taxonomy":"post_tag","embeddable":true,"href":"https:\/\/brasilnoticias.org\/site\/wp-json\/wp\/v2\/tags?post=16086"}],"curies":[{"name":"wp","href":"https:\/\/api.w.org\/{rel}","templated":true}]}}