{"id":16089,"date":"2024-10-03T18:51:36","date_gmt":"2024-10-03T21:51:36","guid":{"rendered":"https:\/\/brasilnoticias.org\/site\/?p=16089"},"modified":"2024-10-03T18:51:36","modified_gmt":"2024-10-03T21:51:36","slug":"codecon-inicia-operacao-dia-das-criancas-2024-em-estabelecimentos-de-salvador","status":"publish","type":"post","link":"https:\/\/brasilnoticias.org\/site\/codecon-inicia-operacao-dia-das-criancas-2024-em-estabelecimentos-de-salvador\/","title":{"rendered":"Codecon inicia Opera\u00e7\u00e3o Dia das Crian\u00e7as 2024 em estabelecimentos de Salvador"},"content":{"rendered":"<p>A Diretoria de A\u00e7\u00f5es de Prote\u00e7\u00e3o e Defesa do Consumidor (Codecon), vinculada \u00e0 Secretaria Municipal de Ordem P\u00fablica (Semop), iniciou nesta quinta-feira (3) a Opera\u00e7\u00e3o Dia das Crian\u00e7as 2024. Com objetivo de vistoriar o cumprimento das leis consumeristas, equipes do \u00f3rg\u00e3o circulam por estabelecimentos que vendem brinquedos, roupas infantis, eletr\u00f4nicos, al\u00e9m de lanchonetes, restaurantes e redes de fast-food de Salvador. As a\u00e7\u00f5es se estendem at\u00e9 o pr\u00f3ximo dia 11, \u00e0s v\u00e9speras da data comemorativa do Dia das Crian\u00e7as, lembrada em 12 de outubro.<\/p>\n<p>Em um centro de compras da cidade, a comerci\u00e1ria \u00c9rica Cardoso, 47 anos, aproveitou a tranquilidade no movimento para escolher o presente da sobrinha. &#8220;Me pediu um brinquedo e resolvi comprar logo, para n\u00e3o deixar para em cima da hora. Sempre fico atenta \u00e0 certifica\u00e7\u00e3o e faixa et\u00e1ria. Fundamental a presen\u00e7a dos agentes nos centros comerciais, principalmente no Dia das Crian\u00e7as, quando muita gente compra presentes e lembrancinhas. O intuito \u00e9 garantir a seguran\u00e7a para o consumidor&#8221;, destacou.<\/p>\n<p>Orienta\u00e7\u00f5es ao consumidor \u2013 Dentre as orienta\u00e7\u00f5es para a pr\u00e1tica de boas compras est\u00e3o a verifica\u00e7\u00e3o da embalagem do brinquedo para averiguar itens como indica\u00e7\u00e3o da faixa et\u00e1ria, instru\u00e7\u00f5es de uso e montagem, identifica\u00e7\u00e3o do fabricante ou importador, eventuais riscos que o produto oferece e se tem o selo de certifica\u00e7\u00e3o do Inmetro. Al\u00e9m disso, os cidad\u00e3os precisam estar atentos aos produtos importados, que devem ter manual e informa\u00e7\u00f5es da embalagem em l\u00edngua portuguesa.<\/p>\n<p>A diretora-geral do \u00f3rg\u00e3o, Talita Vilarinho, explicou que o foco principal dessa opera\u00e7\u00e3o \u00e9 visitar os estabelecimentos mais procurados no per\u00edodo, que s\u00e3o as lojas de roupas infantis e brinquedos. Ela lembra ainda que \u00e9 necess\u00e1rio verificar a pol\u00edtica de troca da empresa antes de adquirir o produto e atentar-se ao prazo de validade.<\/p>\n<p>Com rela\u00e7\u00e3o \u00e0 venda de cosm\u00e9ticos infantis e produtos comercializados em lanchonetes, restaurantes e redes de fast-food de Salvador, a Codecon monitora o prazo de validade, armazenamento e higiene dos itens. Al\u00e9m disso, em todos os estabelecimentos a lei determina que haja ao menos um exemplar do C\u00f3digo de Defesa do Consumidor, em vers\u00e3o f\u00edsica, mesmo que existe QR Code para vers\u00e3o digital. Consumidores que optarem em fazer compras on-line tamb\u00e9m devem ficar atentos. &#8220;\u00c9 imprescind\u00edvel verificar se o site \u00e9 confi\u00e1vel e se oferece um ambiente virtual seguro para pagamentos&#8221;, orientou a diretora.<\/p>\n<p>Den\u00fancias e reclama\u00e7\u00f5es \u2013 Para denunciar poss\u00edveis irregularidades, a popula\u00e7\u00e3o tem \u00e0 disposi\u00e7\u00e3o canais oficiais como aplicativos Codecon Mobile e Fala Salvador, site (www.codecon.salvador.ba.gov.br), portal Salvador Digital (www.salvadordigital.salvador.ba.gov.br) ou pelo n\u00famero 156.<\/p>\n<p>O consumidor tamb\u00e9m pode reclamar ou denunciar presencialmente na Central Municipal de Atendimento ao Consumidor, que funciona de segunda a sexta-feira, exceto feriados, das 8h \u00e0s 17h, na Rua Chile, 3, Centro. As orienta\u00e7\u00f5es podem ser obtidas no n\u00famero (71) 3202-6270.<\/p>\n<p>Em 2023 \u2013 Na Opera\u00e7\u00e3o Dia das Crian\u00e7as de 2023, 165 estabelecimentos foram vistoriados, dos quais oito estavam irregulares, resultando em oito notifica\u00e7\u00f5es. As infra\u00e7\u00f5es encontradas inclu\u00edram falta do C\u00f3digo de Defesa do Consumidor (CDC), problemas de higiene e lixeiras inadequadas, armazenamento incorreto, aus\u00eancia de informa\u00e7\u00f5es sobre validade e falta de indica\u00e7\u00e3o da faixa et\u00e1ria adequada para crian\u00e7as nos brinquedos.<\/p>\n<p>Foto: Bruno Concha\/Secom PMS<\/p>\n","protected":false},"excerpt":{"rendered":"<p>A Diretoria de A\u00e7\u00f5es de Prote\u00e7\u00e3o e Defesa do Consumidor (Codecon), vinculada \u00e0 Secretaria Municipal de Ordem P\u00fablica (Semop), iniciou<\/p>\n","protected":false},"author":4,"featured_media":16090,"comment_status":"open","ping_status":"open","sticky":false,"template":"","format":"standard","meta":{"colormag_page_container_layout":"default_layout","colormag_page_sidebar_layout":"default_layout","_FSMCFIC_featured_image_caption":"","_FSMCFIC_featured_image_nocaption":"","_FSMCFIC_featured_image_hide":"","footnotes":""},"categories":[2,1],"tags":[],"class_list":["post-16089","post","type-post","status-publish","format-standard","has-post-thumbnail","hentry","category-noticias","category-ultimas"],"yoast_head":"<!-- This site is optimized with the Yoast SEO plugin v27.1.1 - https:\/\/yoast.com\/product\/yoast-seo-wordpress\/ -->\n<title>Codecon inicia Opera\u00e7\u00e3o Dia das Crian\u00e7as 2024 em estabelecimentos de Salvador - Brasil not\u00edcias<\/title>\n<meta name=\"robots\" content=\"index, follow, max-snippet:-1, max-image-preview:large, max-video-preview:-1\" \/>\n<link rel=\"canonical\" href=\"https:\/\/brasilnoticias.org\/site\/codecon-inicia-operacao-dia-das-criancas-2024-em-estabelecimentos-de-salvador\/\" \/>\n<meta property=\"og:locale\" content=\"pt_PT\" \/>\n<meta property=\"og:type\" content=\"article\" \/>\n<meta property=\"og:title\" content=\"Codecon inicia Opera\u00e7\u00e3o Dia das Crian\u00e7as 2024 em estabelecimentos de Salvador - Brasil not\u00edcias\" \/>\n<meta property=\"og:description\" content=\"A Diretoria de A\u00e7\u00f5es de Prote\u00e7\u00e3o e Defesa do Consumidor (Codecon), vinculada \u00e0 Secretaria Municipal de Ordem P\u00fablica (Semop), iniciou\" \/>\n<meta property=\"og:url\" content=\"https:\/\/brasilnoticias.org\/site\/codecon-inicia-operacao-dia-das-criancas-2024-em-estabelecimentos-de-salvador\/\" \/>\n<meta property=\"og:site_name\" content=\"Brasil not\u00edcias\" \/>\n<meta property=\"article:published_time\" content=\"2024-10-03T21:51:36+00:00\" \/>\n<meta property=\"og:image\" content=\"https:\/\/brasilnoticias.org\/site\/wp-content\/uploads\/2024\/10\/IMAGEM_NOTICIA_0-2-1.jpg\" \/>\n\t<meta property=\"og:image:width\" content=\"850\" \/>\n\t<meta property=\"og:image:height\" content=\"400\" \/>\n\t<meta property=\"og:image:type\" content=\"image\/jpeg\" \/>\n<meta name=\"author\" content=\"Reda\u00e7\u00e3o\" \/>\n<meta name=\"twitter:card\" content=\"summary_large_image\" \/>\n<meta name=\"twitter:label1\" content=\"Escrito por\" \/>\n\t<meta name=\"twitter:data1\" content=\"Reda\u00e7\u00e3o\" \/>\n<script type=\"application\/ld+json\" class=\"yoast-schema-graph\">{\"@context\":\"https:\/\/schema.org\",\"@graph\":[{\"@type\":\"Article\",\"@id\":\"https:\/\/brasilnoticias.org\/site\/codecon-inicia-operacao-dia-das-criancas-2024-em-estabelecimentos-de-salvador\/#article\",\"isPartOf\":{\"@id\":\"https:\/\/brasilnoticias.org\/site\/codecon-inicia-operacao-dia-das-criancas-2024-em-estabelecimentos-de-salvador\/\"},\"author\":{\"name\":\"Reda\u00e7\u00e3o\",\"@id\":\"https:\/\/brasilnoticias.org\/site\/#\/schema\/person\/03bbbfe6c7634ad18c26444ea39049fa\"},\"headline\":\"Codecon inicia Opera\u00e7\u00e3o Dia das Crian\u00e7as 2024 em estabelecimentos de Salvador\",\"datePublished\":\"2024-10-03T21:51:36+00:00\",\"mainEntityOfPage\":{\"@id\":\"https:\/\/brasilnoticias.org\/site\/codecon-inicia-operacao-dia-das-criancas-2024-em-estabelecimentos-de-salvador\/\"},\"wordCount\":589,\"commentCount\":0,\"publisher\":{\"@id\":\"https:\/\/brasilnoticias.org\/site\/#organization\"},\"image\":{\"@id\":\"https:\/\/brasilnoticias.org\/site\/codecon-inicia-operacao-dia-das-criancas-2024-em-estabelecimentos-de-salvador\/#primaryimage\"},\"thumbnailUrl\":\"https:\/\/brasilnoticias.org\/site\/wp-content\/uploads\/2024\/10\/IMAGEM_NOTICIA_0-2-1.jpg\",\"articleSection\":[\"Not\u00edcias\",\"\u00daltimas\"],\"inLanguage\":\"pt-PT\",\"potentialAction\":[{\"@type\":\"CommentAction\",\"name\":\"Comment\",\"target\":[\"https:\/\/brasilnoticias.org\/site\/codecon-inicia-operacao-dia-das-criancas-2024-em-estabelecimentos-de-salvador\/#respond\"]}]},{\"@type\":\"WebPage\",\"@id\":\"https:\/\/brasilnoticias.org\/site\/codecon-inicia-operacao-dia-das-criancas-2024-em-estabelecimentos-de-salvador\/\",\"url\":\"https:\/\/brasilnoticias.org\/site\/codecon-inicia-operacao-dia-das-criancas-2024-em-estabelecimentos-de-salvador\/\",\"name\":\"Codecon inicia Opera\u00e7\u00e3o Dia das Crian\u00e7as 2024 em estabelecimentos de Salvador - Brasil not\u00edcias\",\"isPartOf\":{\"@id\":\"https:\/\/brasilnoticias.org\/site\/#website\"},\"primaryImageOfPage\":{\"@id\":\"https:\/\/brasilnoticias.org\/site\/codecon-inicia-operacao-dia-das-criancas-2024-em-estabelecimentos-de-salvador\/#primaryimage\"},\"image\":{\"@id\":\"https:\/\/brasilnoticias.org\/site\/codecon-inicia-operacao-dia-das-criancas-2024-em-estabelecimentos-de-salvador\/#primaryimage\"},\"thumbnailUrl\":\"https:\/\/brasilnoticias.org\/site\/wp-content\/uploads\/2024\/10\/IMAGEM_NOTICIA_0-2-1.jpg\",\"datePublished\":\"2024-10-03T21:51:36+00:00\",\"breadcrumb\":{\"@id\":\"https:\/\/brasilnoticias.org\/site\/codecon-inicia-operacao-dia-das-criancas-2024-em-estabelecimentos-de-salvador\/#breadcrumb\"},\"inLanguage\":\"pt-PT\",\"potentialAction\":[{\"@type\":\"ReadAction\",\"target\":[\"https:\/\/brasilnoticias.org\/site\/codecon-inicia-operacao-dia-das-criancas-2024-em-estabelecimentos-de-salvador\/\"]}]},{\"@type\":\"ImageObject\",\"inLanguage\":\"pt-PT\",\"@id\":\"https:\/\/brasilnoticias.org\/site\/codecon-inicia-operacao-dia-das-criancas-2024-em-estabelecimentos-de-salvador\/#primaryimage\",\"url\":\"https:\/\/brasilnoticias.org\/site\/wp-content\/uploads\/2024\/10\/IMAGEM_NOTICIA_0-2-1.jpg\",\"contentUrl\":\"https:\/\/brasilnoticias.org\/site\/wp-content\/uploads\/2024\/10\/IMAGEM_NOTICIA_0-2-1.jpg\",\"width\":850,\"height\":400},{\"@type\":\"BreadcrumbList\",\"@id\":\"https:\/\/brasilnoticias.org\/site\/codecon-inicia-operacao-dia-das-criancas-2024-em-estabelecimentos-de-salvador\/#breadcrumb\",\"itemListElement\":[{\"@type\":\"ListItem\",\"position\":1,\"name\":\"In\u00edcio\",\"item\":\"https:\/\/brasilnoticias.org\/site\/\"},{\"@type\":\"ListItem\",\"position\":2,\"name\":\"Codecon inicia Opera\u00e7\u00e3o Dia das Crian\u00e7as 2024 em estabelecimentos de Salvador\"}]},{\"@type\":\"WebSite\",\"@id\":\"https:\/\/brasilnoticias.org\/site\/#website\",\"url\":\"https:\/\/brasilnoticias.org\/site\/\",\"name\":\"Brasil not\u00edcias\",\"description\":\"Brasil not\u00edcias\",\"publisher\":{\"@id\":\"https:\/\/brasilnoticias.org\/site\/#organization\"},\"potentialAction\":[{\"@type\":\"SearchAction\",\"target\":{\"@type\":\"EntryPoint\",\"urlTemplate\":\"https:\/\/brasilnoticias.org\/site\/?s={search_term_string}\"},\"query-input\":{\"@type\":\"PropertyValueSpecification\",\"valueRequired\":true,\"valueName\":\"search_term_string\"}}],\"inLanguage\":\"pt-PT\"},{\"@type\":\"Organization\",\"@id\":\"https:\/\/brasilnoticias.org\/site\/#organization\",\"name\":\"Brasil not\u00edcias\",\"url\":\"https:\/\/brasilnoticias.org\/site\/\",\"logo\":{\"@type\":\"ImageObject\",\"inLanguage\":\"pt-PT\",\"@id\":\"https:\/\/brasilnoticias.org\/site\/#\/schema\/logo\/image\/\",\"url\":\"https:\/\/brasilnoticias.org\/site\/wp-content\/uploads\/2022\/05\/cropped-brasilnoticias-mini.jpg\",\"contentUrl\":\"https:\/\/brasilnoticias.org\/site\/wp-content\/uploads\/2022\/05\/cropped-brasilnoticias-mini.jpg\",\"width\":314,\"height\":86,\"caption\":\"Brasil not\u00edcias\"},\"image\":{\"@id\":\"https:\/\/brasilnoticias.org\/site\/#\/schema\/logo\/image\/\"}},{\"@type\":\"Person\",\"@id\":\"https:\/\/brasilnoticias.org\/site\/#\/schema\/person\/03bbbfe6c7634ad18c26444ea39049fa\",\"name\":\"Reda\u00e7\u00e3o\",\"image\":{\"@type\":\"ImageObject\",\"inLanguage\":\"pt-PT\",\"@id\":\"https:\/\/brasilnoticias.org\/site\/#\/schema\/person\/image\/\",\"url\":\"https:\/\/secure.gravatar.com\/avatar\/9ecaf7327a696cb23ad926fedded5f1f04d7049de9e445375d55b48c001a6e42?s=96&d=mm&r=g\",\"contentUrl\":\"https:\/\/secure.gravatar.com\/avatar\/9ecaf7327a696cb23ad926fedded5f1f04d7049de9e445375d55b48c001a6e42?s=96&d=mm&r=g\",\"caption\":\"Reda\u00e7\u00e3o\"},\"url\":\"https:\/\/brasilnoticias.org\/site\/author\/henrique\/\"}]}<\/script>\n<!-- \/ Yoast SEO plugin. -->","yoast_head_json":{"title":"Codecon inicia Opera\u00e7\u00e3o Dia das Crian\u00e7as 2024 em estabelecimentos de Salvador - Brasil not\u00edcias","robots":{"index":"index","follow":"follow","max-snippet":"max-snippet:-1","max-image-preview":"max-image-preview:large","max-video-preview":"max-video-preview:-1"},"canonical":"https:\/\/brasilnoticias.org\/site\/codecon-inicia-operacao-dia-das-criancas-2024-em-estabelecimentos-de-salvador\/","og_locale":"pt_PT","og_type":"article","og_title":"Codecon inicia Opera\u00e7\u00e3o Dia das Crian\u00e7as 2024 em estabelecimentos de Salvador - Brasil not\u00edcias","og_description":"A Diretoria de A\u00e7\u00f5es de Prote\u00e7\u00e3o e Defesa do Consumidor (Codecon), vinculada \u00e0 Secretaria Municipal de Ordem P\u00fablica (Semop), iniciou","og_url":"https:\/\/brasilnoticias.org\/site\/codecon-inicia-operacao-dia-das-criancas-2024-em-estabelecimentos-de-salvador\/","og_site_name":"Brasil not\u00edcias","article_published_time":"2024-10-03T21:51:36+00:00","og_image":[{"width":850,"height":400,"url":"https:\/\/brasilnoticias.org\/site\/wp-content\/uploads\/2024\/10\/IMAGEM_NOTICIA_0-2-1.jpg","type":"image\/jpeg"}],"author":"Reda\u00e7\u00e3o","twitter_card":"summary_large_image","twitter_misc":{"Escrito por":"Reda\u00e7\u00e3o"},"schema":{"@context":"https:\/\/schema.org","@graph":[{"@type":"Article","@id":"https:\/\/brasilnoticias.org\/site\/codecon-inicia-operacao-dia-das-criancas-2024-em-estabelecimentos-de-salvador\/#article","isPartOf":{"@id":"https:\/\/brasilnoticias.org\/site\/codecon-inicia-operacao-dia-das-criancas-2024-em-estabelecimentos-de-salvador\/"},"author":{"name":"Reda\u00e7\u00e3o","@id":"https:\/\/brasilnoticias.org\/site\/#\/schema\/person\/03bbbfe6c7634ad18c26444ea39049fa"},"headline":"Codecon inicia Opera\u00e7\u00e3o Dia das Crian\u00e7as 2024 em estabelecimentos de Salvador","datePublished":"2024-10-03T21:51:36+00:00","mainEntityOfPage":{"@id":"https:\/\/brasilnoticias.org\/site\/codecon-inicia-operacao-dia-das-criancas-2024-em-estabelecimentos-de-salvador\/"},"wordCount":589,"commentCount":0,"publisher":{"@id":"https:\/\/brasilnoticias.org\/site\/#organization"},"image":{"@id":"https:\/\/brasilnoticias.org\/site\/codecon-inicia-operacao-dia-das-criancas-2024-em-estabelecimentos-de-salvador\/#primaryimage"},"thumbnailUrl":"https:\/\/brasilnoticias.org\/site\/wp-content\/uploads\/2024\/10\/IMAGEM_NOTICIA_0-2-1.jpg","articleSection":["Not\u00edcias","\u00daltimas"],"inLanguage":"pt-PT","potentialAction":[{"@type":"CommentAction","name":"Comment","target":["https:\/\/brasilnoticias.org\/site\/codecon-inicia-operacao-dia-das-criancas-2024-em-estabelecimentos-de-salvador\/#respond"]}]},{"@type":"WebPage","@id":"https:\/\/brasilnoticias.org\/site\/codecon-inicia-operacao-dia-das-criancas-2024-em-estabelecimentos-de-salvador\/","url":"https:\/\/brasilnoticias.org\/site\/codecon-inicia-operacao-dia-das-criancas-2024-em-estabelecimentos-de-salvador\/","name":"Codecon inicia Opera\u00e7\u00e3o Dia das Crian\u00e7as 2024 em estabelecimentos de Salvador - Brasil not\u00edcias","isPartOf":{"@id":"https:\/\/brasilnoticias.org\/site\/#website"},"primaryImageOfPage":{"@id":"https:\/\/brasilnoticias.org\/site\/codecon-inicia-operacao-dia-das-criancas-2024-em-estabelecimentos-de-salvador\/#primaryimage"},"image":{"@id":"https:\/\/brasilnoticias.org\/site\/codecon-inicia-operacao-dia-das-criancas-2024-em-estabelecimentos-de-salvador\/#primaryimage"},"thumbnailUrl":"https:\/\/brasilnoticias.org\/site\/wp-content\/uploads\/2024\/10\/IMAGEM_NOTICIA_0-2-1.jpg","datePublished":"2024-10-03T21:51:36+00:00","breadcrumb":{"@id":"https:\/\/brasilnoticias.org\/site\/codecon-inicia-operacao-dia-das-criancas-2024-em-estabelecimentos-de-salvador\/#breadcrumb"},"inLanguage":"pt-PT","potentialAction":[{"@type":"ReadAction","target":["https:\/\/brasilnoticias.org\/site\/codecon-inicia-operacao-dia-das-criancas-2024-em-estabelecimentos-de-salvador\/"]}]},{"@type":"ImageObject","inLanguage":"pt-PT","@id":"https:\/\/brasilnoticias.org\/site\/codecon-inicia-operacao-dia-das-criancas-2024-em-estabelecimentos-de-salvador\/#primaryimage","url":"https:\/\/brasilnoticias.org\/site\/wp-content\/uploads\/2024\/10\/IMAGEM_NOTICIA_0-2-1.jpg","contentUrl":"https:\/\/brasilnoticias.org\/site\/wp-content\/uploads\/2024\/10\/IMAGEM_NOTICIA_0-2-1.jpg","width":850,"height":400},{"@type":"BreadcrumbList","@id":"https:\/\/brasilnoticias.org\/site\/codecon-inicia-operacao-dia-das-criancas-2024-em-estabelecimentos-de-salvador\/#breadcrumb","itemListElement":[{"@type":"ListItem","position":1,"name":"In\u00edcio","item":"https:\/\/brasilnoticias.org\/site\/"},{"@type":"ListItem","position":2,"name":"Codecon inicia Opera\u00e7\u00e3o Dia das Crian\u00e7as 2024 em estabelecimentos de Salvador"}]},{"@type":"WebSite","@id":"https:\/\/brasilnoticias.org\/site\/#website","url":"https:\/\/brasilnoticias.org\/site\/","name":"Brasil not\u00edcias","description":"Brasil not\u00edcias","publisher":{"@id":"https:\/\/brasilnoticias.org\/site\/#organization"},"potentialAction":[{"@type":"SearchAction","target":{"@type":"EntryPoint","urlTemplate":"https:\/\/brasilnoticias.org\/site\/?s={search_term_string}"},"query-input":{"@type":"PropertyValueSpecification","valueRequired":true,"valueName":"search_term_string"}}],"inLanguage":"pt-PT"},{"@type":"Organization","@id":"https:\/\/brasilnoticias.org\/site\/#organization","name":"Brasil not\u00edcias","url":"https:\/\/brasilnoticias.org\/site\/","logo":{"@type":"ImageObject","inLanguage":"pt-PT","@id":"https:\/\/brasilnoticias.org\/site\/#\/schema\/logo\/image\/","url":"https:\/\/brasilnoticias.org\/site\/wp-content\/uploads\/2022\/05\/cropped-brasilnoticias-mini.jpg","contentUrl":"https:\/\/brasilnoticias.org\/site\/wp-content\/uploads\/2022\/05\/cropped-brasilnoticias-mini.jpg","width":314,"height":86,"caption":"Brasil not\u00edcias"},"image":{"@id":"https:\/\/brasilnoticias.org\/site\/#\/schema\/logo\/image\/"}},{"@type":"Person","@id":"https:\/\/brasilnoticias.org\/site\/#\/schema\/person\/03bbbfe6c7634ad18c26444ea39049fa","name":"Reda\u00e7\u00e3o","image":{"@type":"ImageObject","inLanguage":"pt-PT","@id":"https:\/\/brasilnoticias.org\/site\/#\/schema\/person\/image\/","url":"https:\/\/secure.gravatar.com\/avatar\/9ecaf7327a696cb23ad926fedded5f1f04d7049de9e445375d55b48c001a6e42?s=96&d=mm&r=g","contentUrl":"https:\/\/secure.gravatar.com\/avatar\/9ecaf7327a696cb23ad926fedded5f1f04d7049de9e445375d55b48c001a6e42?s=96&d=mm&r=g","caption":"Reda\u00e7\u00e3o"},"url":"https:\/\/brasilnoticias.org\/site\/author\/henrique\/"}]}},"_links":{"self":[{"href":"https:\/\/brasilnoticias.org\/site\/wp-json\/wp\/v2\/posts\/16089","targetHints":{"allow":["GET"]}}],"collection":[{"href":"https:\/\/brasilnoticias.org\/site\/wp-json\/wp\/v2\/posts"}],"about":[{"href":"https:\/\/brasilnoticias.org\/site\/wp-json\/wp\/v2\/types\/post"}],"author":[{"embeddable":true,"href":"https:\/\/brasilnoticias.org\/site\/wp-json\/wp\/v2\/users\/4"}],"replies":[{"embeddable":true,"href":"https:\/\/brasilnoticias.org\/site\/wp-json\/wp\/v2\/comments?post=16089"}],"version-history":[{"count":1,"href":"https:\/\/brasilnoticias.org\/site\/wp-json\/wp\/v2\/posts\/16089\/revisions"}],"predecessor-version":[{"id":16091,"href":"https:\/\/brasilnoticias.org\/site\/wp-json\/wp\/v2\/posts\/16089\/revisions\/16091"}],"wp:featuredmedia":[{"embeddable":true,"href":"https:\/\/brasilnoticias.org\/site\/wp-json\/wp\/v2\/media\/16090"}],"wp:attachment":[{"href":"https:\/\/brasilnoticias.org\/site\/wp-json\/wp\/v2\/media?parent=16089"}],"wp:term":[{"taxonomy":"category","embeddable":true,"href":"https:\/\/brasilnoticias.org\/site\/wp-json\/wp\/v2\/categories?post=16089"},{"taxonomy":"post_tag","embeddable":true,"href":"https:\/\/brasilnoticias.org\/site\/wp-json\/wp\/v2\/tags?post=16089"}],"curies":[{"name":"wp","href":"https:\/\/api.w.org\/{rel}","templated":true}]}}