{"id":1611,"date":"2022-10-04T07:00:23","date_gmt":"2022-10-04T10:00:23","guid":{"rendered":"https:\/\/brasilnoticias.org\/site\/?p=1611"},"modified":"2022-10-03T12:09:16","modified_gmt":"2022-10-03T15:09:16","slug":"moro-diz-que-lava-jato-vive-e-vai-chacoalhar-brasilia-novamente","status":"publish","type":"post","link":"https:\/\/brasilnoticias.org\/site\/moro-diz-que-lava-jato-vive-e-vai-chacoalhar-brasilia-novamente\/","title":{"rendered":"Moro diz que Lava Jato vive e vai &#8216;chacoalhar Bras\u00edlia novamente&#8217;"},"content":{"rendered":"<p>Ao agradecer seus eleitores em uma postagem no Twitter, na noite de domingo (2), Sergio Moro (Uni\u00e3o Brasil-PR) disse que a Lava Jato vive e vai &#8220;chacoalhar Bras\u00edlia novamente&#8221;. O ex-juiz da opera\u00e7\u00e3o foi um dos 27 senadores escolhidos no pleito deste domingo (2).<\/p>\n<p>Moro recebeu mais de 1,9 milh\u00e3o de votos no estado pelo qual concorreu, o Paran\u00e1, e derrotou seu padrinho pol\u00edtico, \u00c1lvaro Dias (Podemos), que ficou em terceiro lugar. Paulo Martins (PL) foi o segundo mais votado.<\/p>\n<p>A ambi\u00e7\u00e3o inicial do ex-ministro da Justi\u00e7a do governo Bolsonaro era concorrer \u00e0 Presid\u00eancia pelo Podemos e, depois de n\u00e3o conseguir, a um cargo por S\u00e3o Paulo. Ap\u00f3s o TRE-SP (Tribunal Regional Eleitoral de S\u00e3o Paulo) barrar a mudan\u00e7a de domic\u00edlio eleitoral dele para o estado, o ex-juiz se lan\u00e7ou \u00e0 candidatura do Senado pelo Paran\u00e1.<\/p>\n<p>Ao longo de sete anos, a for\u00e7a-tarefa da opera\u00e7\u00e3o condenou mais de 174 pessoas em 1\u00aa ou 2\u00aa inst\u00e2ncias e determinou 1.455 mandados de busca e apreens\u00e3o. Em 2018, seis meses depois de decretar a pris\u00e3o do l\u00edder nas pesquisas eleitorais daquele ano, Luiz In\u00e1cio Lula da Silva (PT), Moro aceitou o convite para ser ministro da Justi\u00e7a do presidente eleito Jair Bolsonaro (PL).<\/p>\n<p>O ex-juiz viu uma sequ\u00eancia de derrotas da opera\u00e7\u00e3o ao longo do mandato de Bolsonaro, com quem rompeu em 2020. No ano seguinte, Moro foi considerado parcial na a\u00e7\u00e3o que condenou Lula, solto ap\u00f3s 580 dias na pris\u00e3o.<\/p>\n<p>A mulher de Moro, Rosangela Moro (Uni\u00e3o Brasil), tamb\u00e9m foi eleita e vai para a C\u00e2mara dos Deputados por S\u00e3o Paulo.<\/p>\n<p>Bnews<br \/>\nFoto Kathy Tarantola\/Brazil Conference\/Divulga\u00e7\u00e3o<\/p>\n","protected":false},"excerpt":{"rendered":"<p>Ao agradecer seus eleitores em uma postagem no Twitter, na noite de domingo (2), Sergio Moro (Uni\u00e3o Brasil-PR) disse que<\/p>\n","protected":false},"author":1,"featured_media":1612,"comment_status":"open","ping_status":"open","sticky":false,"template":"","format":"standard","meta":{"colormag_page_container_layout":"default_layout","colormag_page_sidebar_layout":"default_layout","_FSMCFIC_featured_image_caption":"","_FSMCFIC_featured_image_nocaption":"","_FSMCFIC_featured_image_hide":"","footnotes":""},"categories":[5,1],"tags":[],"class_list":["post-1611","post","type-post","status-publish","format-standard","has-post-thumbnail","hentry","category-politica","category-ultimas"],"yoast_head":"<!-- This site is optimized with the Yoast SEO plugin v27.1.1 - https:\/\/yoast.com\/product\/yoast-seo-wordpress\/ -->\n<title>Moro diz que Lava Jato vive e vai &#039;chacoalhar Bras\u00edlia novamente&#039; - Brasil not\u00edcias<\/title>\n<meta name=\"robots\" content=\"index, follow, max-snippet:-1, max-image-preview:large, max-video-preview:-1\" \/>\n<link rel=\"canonical\" href=\"https:\/\/brasilnoticias.org\/site\/moro-diz-que-lava-jato-vive-e-vai-chacoalhar-brasilia-novamente\/\" \/>\n<meta property=\"og:locale\" content=\"pt_PT\" \/>\n<meta property=\"og:type\" content=\"article\" \/>\n<meta property=\"og:title\" content=\"Moro diz que Lava Jato vive e vai &#039;chacoalhar Bras\u00edlia novamente&#039; - Brasil not\u00edcias\" \/>\n<meta property=\"og:description\" content=\"Ao agradecer seus eleitores em uma postagem no Twitter, na noite de domingo (2), Sergio Moro (Uni\u00e3o Brasil-PR) disse que\" \/>\n<meta property=\"og:url\" content=\"https:\/\/brasilnoticias.org\/site\/moro-diz-que-lava-jato-vive-e-vai-chacoalhar-brasilia-novamente\/\" \/>\n<meta property=\"og:site_name\" content=\"Brasil not\u00edcias\" \/>\n<meta property=\"article:published_time\" content=\"2022-10-04T10:00:23+00:00\" \/>\n<meta property=\"og:image\" content=\"https:\/\/brasilnoticias.org\/site\/wp-content\/uploads\/2022\/10\/sergio_moro_widelg-1.jpg\" \/>\n\t<meta property=\"og:image:width\" content=\"800\" \/>\n\t<meta property=\"og:image:height\" content=\"450\" \/>\n\t<meta property=\"og:image:type\" content=\"image\/jpeg\" \/>\n<meta name=\"author\" content=\"Reda\u00e7\u00e3o\" \/>\n<meta name=\"twitter:card\" content=\"summary_large_image\" \/>\n<meta name=\"twitter:label1\" content=\"Escrito por\" \/>\n\t<meta name=\"twitter:data1\" content=\"Reda\u00e7\u00e3o\" \/>\n\t<meta name=\"twitter:label2\" content=\"Tempo estimado de leitura\" \/>\n\t<meta name=\"twitter:data2\" content=\"1 minuto\" \/>\n<script type=\"application\/ld+json\" class=\"yoast-schema-graph\">{\"@context\":\"https:\/\/schema.org\",\"@graph\":[{\"@type\":\"Article\",\"@id\":\"https:\/\/brasilnoticias.org\/site\/moro-diz-que-lava-jato-vive-e-vai-chacoalhar-brasilia-novamente\/#article\",\"isPartOf\":{\"@id\":\"https:\/\/brasilnoticias.org\/site\/moro-diz-que-lava-jato-vive-e-vai-chacoalhar-brasilia-novamente\/\"},\"author\":{\"name\":\"Reda\u00e7\u00e3o\",\"@id\":\"https:\/\/brasilnoticias.org\/site\/#\/schema\/person\/a0e05b973ec4d15c658d51911e53507b\"},\"headline\":\"Moro diz que Lava Jato vive e vai &#8216;chacoalhar Bras\u00edlia novamente&#8217;\",\"datePublished\":\"2022-10-04T10:00:23+00:00\",\"mainEntityOfPage\":{\"@id\":\"https:\/\/brasilnoticias.org\/site\/moro-diz-que-lava-jato-vive-e-vai-chacoalhar-brasilia-novamente\/\"},\"wordCount\":298,\"commentCount\":0,\"publisher\":{\"@id\":\"https:\/\/brasilnoticias.org\/site\/#organization\"},\"image\":{\"@id\":\"https:\/\/brasilnoticias.org\/site\/moro-diz-que-lava-jato-vive-e-vai-chacoalhar-brasilia-novamente\/#primaryimage\"},\"thumbnailUrl\":\"https:\/\/brasilnoticias.org\/site\/wp-content\/uploads\/2022\/10\/sergio_moro_widelg-1.jpg\",\"articleSection\":[\"Pol\u00edtica\",\"\u00daltimas\"],\"inLanguage\":\"pt-PT\",\"potentialAction\":[{\"@type\":\"CommentAction\",\"name\":\"Comment\",\"target\":[\"https:\/\/brasilnoticias.org\/site\/moro-diz-que-lava-jato-vive-e-vai-chacoalhar-brasilia-novamente\/#respond\"]}]},{\"@type\":\"WebPage\",\"@id\":\"https:\/\/brasilnoticias.org\/site\/moro-diz-que-lava-jato-vive-e-vai-chacoalhar-brasilia-novamente\/\",\"url\":\"https:\/\/brasilnoticias.org\/site\/moro-diz-que-lava-jato-vive-e-vai-chacoalhar-brasilia-novamente\/\",\"name\":\"Moro diz que Lava Jato vive e vai 'chacoalhar Bras\u00edlia novamente' - Brasil not\u00edcias\",\"isPartOf\":{\"@id\":\"https:\/\/brasilnoticias.org\/site\/#website\"},\"primaryImageOfPage\":{\"@id\":\"https:\/\/brasilnoticias.org\/site\/moro-diz-que-lava-jato-vive-e-vai-chacoalhar-brasilia-novamente\/#primaryimage\"},\"image\":{\"@id\":\"https:\/\/brasilnoticias.org\/site\/moro-diz-que-lava-jato-vive-e-vai-chacoalhar-brasilia-novamente\/#primaryimage\"},\"thumbnailUrl\":\"https:\/\/brasilnoticias.org\/site\/wp-content\/uploads\/2022\/10\/sergio_moro_widelg-1.jpg\",\"datePublished\":\"2022-10-04T10:00:23+00:00\",\"breadcrumb\":{\"@id\":\"https:\/\/brasilnoticias.org\/site\/moro-diz-que-lava-jato-vive-e-vai-chacoalhar-brasilia-novamente\/#breadcrumb\"},\"inLanguage\":\"pt-PT\",\"potentialAction\":[{\"@type\":\"ReadAction\",\"target\":[\"https:\/\/brasilnoticias.org\/site\/moro-diz-que-lava-jato-vive-e-vai-chacoalhar-brasilia-novamente\/\"]}]},{\"@type\":\"ImageObject\",\"inLanguage\":\"pt-PT\",\"@id\":\"https:\/\/brasilnoticias.org\/site\/moro-diz-que-lava-jato-vive-e-vai-chacoalhar-brasilia-novamente\/#primaryimage\",\"url\":\"https:\/\/brasilnoticias.org\/site\/wp-content\/uploads\/2022\/10\/sergio_moro_widelg-1.jpg\",\"contentUrl\":\"https:\/\/brasilnoticias.org\/site\/wp-content\/uploads\/2022\/10\/sergio_moro_widelg-1.jpg\",\"width\":800,\"height\":450},{\"@type\":\"BreadcrumbList\",\"@id\":\"https:\/\/brasilnoticias.org\/site\/moro-diz-que-lava-jato-vive-e-vai-chacoalhar-brasilia-novamente\/#breadcrumb\",\"itemListElement\":[{\"@type\":\"ListItem\",\"position\":1,\"name\":\"In\u00edcio\",\"item\":\"https:\/\/brasilnoticias.org\/site\/\"},{\"@type\":\"ListItem\",\"position\":2,\"name\":\"Moro diz que Lava Jato vive e vai &#8216;chacoalhar Bras\u00edlia novamente&#8217;\"}]},{\"@type\":\"WebSite\",\"@id\":\"https:\/\/brasilnoticias.org\/site\/#website\",\"url\":\"https:\/\/brasilnoticias.org\/site\/\",\"name\":\"Brasil not\u00edcias\",\"description\":\"Brasil not\u00edcias\",\"publisher\":{\"@id\":\"https:\/\/brasilnoticias.org\/site\/#organization\"},\"potentialAction\":[{\"@type\":\"SearchAction\",\"target\":{\"@type\":\"EntryPoint\",\"urlTemplate\":\"https:\/\/brasilnoticias.org\/site\/?s={search_term_string}\"},\"query-input\":{\"@type\":\"PropertyValueSpecification\",\"valueRequired\":true,\"valueName\":\"search_term_string\"}}],\"inLanguage\":\"pt-PT\"},{\"@type\":\"Organization\",\"@id\":\"https:\/\/brasilnoticias.org\/site\/#organization\",\"name\":\"Brasil not\u00edcias\",\"url\":\"https:\/\/brasilnoticias.org\/site\/\",\"logo\":{\"@type\":\"ImageObject\",\"inLanguage\":\"pt-PT\",\"@id\":\"https:\/\/brasilnoticias.org\/site\/#\/schema\/logo\/image\/\",\"url\":\"https:\/\/brasilnoticias.org\/site\/wp-content\/uploads\/2022\/05\/cropped-brasilnoticias-mini.jpg\",\"contentUrl\":\"https:\/\/brasilnoticias.org\/site\/wp-content\/uploads\/2022\/05\/cropped-brasilnoticias-mini.jpg\",\"width\":314,\"height\":86,\"caption\":\"Brasil not\u00edcias\"},\"image\":{\"@id\":\"https:\/\/brasilnoticias.org\/site\/#\/schema\/logo\/image\/\"}},{\"@type\":\"Person\",\"@id\":\"https:\/\/brasilnoticias.org\/site\/#\/schema\/person\/a0e05b973ec4d15c658d51911e53507b\",\"name\":\"Reda\u00e7\u00e3o\",\"image\":{\"@type\":\"ImageObject\",\"inLanguage\":\"pt-PT\",\"@id\":\"https:\/\/brasilnoticias.org\/site\/#\/schema\/person\/image\/\",\"url\":\"https:\/\/secure.gravatar.com\/avatar\/75d8b050df2de108b08ae78dfb8e374892df24a383c67db9c46a9c604f6aee9c?s=96&d=mm&r=g\",\"contentUrl\":\"https:\/\/secure.gravatar.com\/avatar\/75d8b050df2de108b08ae78dfb8e374892df24a383c67db9c46a9c604f6aee9c?s=96&d=mm&r=g\",\"caption\":\"Reda\u00e7\u00e3o\"},\"sameAs\":[\"https:\/\/brasilnoticias.org\/site\"],\"url\":\"https:\/\/brasilnoticias.org\/site\/author\/fernandozsngmail-com\/\"}]}<\/script>\n<!-- \/ Yoast SEO plugin. -->","yoast_head_json":{"title":"Moro diz que Lava Jato vive e vai 'chacoalhar Bras\u00edlia novamente' - Brasil not\u00edcias","robots":{"index":"index","follow":"follow","max-snippet":"max-snippet:-1","max-image-preview":"max-image-preview:large","max-video-preview":"max-video-preview:-1"},"canonical":"https:\/\/brasilnoticias.org\/site\/moro-diz-que-lava-jato-vive-e-vai-chacoalhar-brasilia-novamente\/","og_locale":"pt_PT","og_type":"article","og_title":"Moro diz que Lava Jato vive e vai 'chacoalhar Bras\u00edlia novamente' - Brasil not\u00edcias","og_description":"Ao agradecer seus eleitores em uma postagem no Twitter, na noite de domingo (2), Sergio Moro (Uni\u00e3o Brasil-PR) disse que","og_url":"https:\/\/brasilnoticias.org\/site\/moro-diz-que-lava-jato-vive-e-vai-chacoalhar-brasilia-novamente\/","og_site_name":"Brasil not\u00edcias","article_published_time":"2022-10-04T10:00:23+00:00","og_image":[{"width":800,"height":450,"url":"https:\/\/brasilnoticias.org\/site\/wp-content\/uploads\/2022\/10\/sergio_moro_widelg-1.jpg","type":"image\/jpeg"}],"author":"Reda\u00e7\u00e3o","twitter_card":"summary_large_image","twitter_misc":{"Escrito por":"Reda\u00e7\u00e3o","Tempo estimado de leitura":"1 minuto"},"schema":{"@context":"https:\/\/schema.org","@graph":[{"@type":"Article","@id":"https:\/\/brasilnoticias.org\/site\/moro-diz-que-lava-jato-vive-e-vai-chacoalhar-brasilia-novamente\/#article","isPartOf":{"@id":"https:\/\/brasilnoticias.org\/site\/moro-diz-que-lava-jato-vive-e-vai-chacoalhar-brasilia-novamente\/"},"author":{"name":"Reda\u00e7\u00e3o","@id":"https:\/\/brasilnoticias.org\/site\/#\/schema\/person\/a0e05b973ec4d15c658d51911e53507b"},"headline":"Moro diz que Lava Jato vive e vai &#8216;chacoalhar Bras\u00edlia novamente&#8217;","datePublished":"2022-10-04T10:00:23+00:00","mainEntityOfPage":{"@id":"https:\/\/brasilnoticias.org\/site\/moro-diz-que-lava-jato-vive-e-vai-chacoalhar-brasilia-novamente\/"},"wordCount":298,"commentCount":0,"publisher":{"@id":"https:\/\/brasilnoticias.org\/site\/#organization"},"image":{"@id":"https:\/\/brasilnoticias.org\/site\/moro-diz-que-lava-jato-vive-e-vai-chacoalhar-brasilia-novamente\/#primaryimage"},"thumbnailUrl":"https:\/\/brasilnoticias.org\/site\/wp-content\/uploads\/2022\/10\/sergio_moro_widelg-1.jpg","articleSection":["Pol\u00edtica","\u00daltimas"],"inLanguage":"pt-PT","potentialAction":[{"@type":"CommentAction","name":"Comment","target":["https:\/\/brasilnoticias.org\/site\/moro-diz-que-lava-jato-vive-e-vai-chacoalhar-brasilia-novamente\/#respond"]}]},{"@type":"WebPage","@id":"https:\/\/brasilnoticias.org\/site\/moro-diz-que-lava-jato-vive-e-vai-chacoalhar-brasilia-novamente\/","url":"https:\/\/brasilnoticias.org\/site\/moro-diz-que-lava-jato-vive-e-vai-chacoalhar-brasilia-novamente\/","name":"Moro diz que Lava Jato vive e vai 'chacoalhar Bras\u00edlia novamente' - Brasil not\u00edcias","isPartOf":{"@id":"https:\/\/brasilnoticias.org\/site\/#website"},"primaryImageOfPage":{"@id":"https:\/\/brasilnoticias.org\/site\/moro-diz-que-lava-jato-vive-e-vai-chacoalhar-brasilia-novamente\/#primaryimage"},"image":{"@id":"https:\/\/brasilnoticias.org\/site\/moro-diz-que-lava-jato-vive-e-vai-chacoalhar-brasilia-novamente\/#primaryimage"},"thumbnailUrl":"https:\/\/brasilnoticias.org\/site\/wp-content\/uploads\/2022\/10\/sergio_moro_widelg-1.jpg","datePublished":"2022-10-04T10:00:23+00:00","breadcrumb":{"@id":"https:\/\/brasilnoticias.org\/site\/moro-diz-que-lava-jato-vive-e-vai-chacoalhar-brasilia-novamente\/#breadcrumb"},"inLanguage":"pt-PT","potentialAction":[{"@type":"ReadAction","target":["https:\/\/brasilnoticias.org\/site\/moro-diz-que-lava-jato-vive-e-vai-chacoalhar-brasilia-novamente\/"]}]},{"@type":"ImageObject","inLanguage":"pt-PT","@id":"https:\/\/brasilnoticias.org\/site\/moro-diz-que-lava-jato-vive-e-vai-chacoalhar-brasilia-novamente\/#primaryimage","url":"https:\/\/brasilnoticias.org\/site\/wp-content\/uploads\/2022\/10\/sergio_moro_widelg-1.jpg","contentUrl":"https:\/\/brasilnoticias.org\/site\/wp-content\/uploads\/2022\/10\/sergio_moro_widelg-1.jpg","width":800,"height":450},{"@type":"BreadcrumbList","@id":"https:\/\/brasilnoticias.org\/site\/moro-diz-que-lava-jato-vive-e-vai-chacoalhar-brasilia-novamente\/#breadcrumb","itemListElement":[{"@type":"ListItem","position":1,"name":"In\u00edcio","item":"https:\/\/brasilnoticias.org\/site\/"},{"@type":"ListItem","position":2,"name":"Moro diz que Lava Jato vive e vai &#8216;chacoalhar Bras\u00edlia novamente&#8217;"}]},{"@type":"WebSite","@id":"https:\/\/brasilnoticias.org\/site\/#website","url":"https:\/\/brasilnoticias.org\/site\/","name":"Brasil not\u00edcias","description":"Brasil not\u00edcias","publisher":{"@id":"https:\/\/brasilnoticias.org\/site\/#organization"},"potentialAction":[{"@type":"SearchAction","target":{"@type":"EntryPoint","urlTemplate":"https:\/\/brasilnoticias.org\/site\/?s={search_term_string}"},"query-input":{"@type":"PropertyValueSpecification","valueRequired":true,"valueName":"search_term_string"}}],"inLanguage":"pt-PT"},{"@type":"Organization","@id":"https:\/\/brasilnoticias.org\/site\/#organization","name":"Brasil not\u00edcias","url":"https:\/\/brasilnoticias.org\/site\/","logo":{"@type":"ImageObject","inLanguage":"pt-PT","@id":"https:\/\/brasilnoticias.org\/site\/#\/schema\/logo\/image\/","url":"https:\/\/brasilnoticias.org\/site\/wp-content\/uploads\/2022\/05\/cropped-brasilnoticias-mini.jpg","contentUrl":"https:\/\/brasilnoticias.org\/site\/wp-content\/uploads\/2022\/05\/cropped-brasilnoticias-mini.jpg","width":314,"height":86,"caption":"Brasil not\u00edcias"},"image":{"@id":"https:\/\/brasilnoticias.org\/site\/#\/schema\/logo\/image\/"}},{"@type":"Person","@id":"https:\/\/brasilnoticias.org\/site\/#\/schema\/person\/a0e05b973ec4d15c658d51911e53507b","name":"Reda\u00e7\u00e3o","image":{"@type":"ImageObject","inLanguage":"pt-PT","@id":"https:\/\/brasilnoticias.org\/site\/#\/schema\/person\/image\/","url":"https:\/\/secure.gravatar.com\/avatar\/75d8b050df2de108b08ae78dfb8e374892df24a383c67db9c46a9c604f6aee9c?s=96&d=mm&r=g","contentUrl":"https:\/\/secure.gravatar.com\/avatar\/75d8b050df2de108b08ae78dfb8e374892df24a383c67db9c46a9c604f6aee9c?s=96&d=mm&r=g","caption":"Reda\u00e7\u00e3o"},"sameAs":["https:\/\/brasilnoticias.org\/site"],"url":"https:\/\/brasilnoticias.org\/site\/author\/fernandozsngmail-com\/"}]}},"_links":{"self":[{"href":"https:\/\/brasilnoticias.org\/site\/wp-json\/wp\/v2\/posts\/1611","targetHints":{"allow":["GET"]}}],"collection":[{"href":"https:\/\/brasilnoticias.org\/site\/wp-json\/wp\/v2\/posts"}],"about":[{"href":"https:\/\/brasilnoticias.org\/site\/wp-json\/wp\/v2\/types\/post"}],"author":[{"embeddable":true,"href":"https:\/\/brasilnoticias.org\/site\/wp-json\/wp\/v2\/users\/1"}],"replies":[{"embeddable":true,"href":"https:\/\/brasilnoticias.org\/site\/wp-json\/wp\/v2\/comments?post=1611"}],"version-history":[{"count":1,"href":"https:\/\/brasilnoticias.org\/site\/wp-json\/wp\/v2\/posts\/1611\/revisions"}],"predecessor-version":[{"id":1613,"href":"https:\/\/brasilnoticias.org\/site\/wp-json\/wp\/v2\/posts\/1611\/revisions\/1613"}],"wp:featuredmedia":[{"embeddable":true,"href":"https:\/\/brasilnoticias.org\/site\/wp-json\/wp\/v2\/media\/1612"}],"wp:attachment":[{"href":"https:\/\/brasilnoticias.org\/site\/wp-json\/wp\/v2\/media?parent=1611"}],"wp:term":[{"taxonomy":"category","embeddable":true,"href":"https:\/\/brasilnoticias.org\/site\/wp-json\/wp\/v2\/categories?post=1611"},{"taxonomy":"post_tag","embeddable":true,"href":"https:\/\/brasilnoticias.org\/site\/wp-json\/wp\/v2\/tags?post=1611"}],"curies":[{"name":"wp","href":"https:\/\/api.w.org\/{rel}","templated":true}]}}