{"id":1614,"date":"2022-10-04T07:10:22","date_gmt":"2022-10-04T10:10:22","guid":{"rendered":"https:\/\/brasilnoticias.org\/site\/?p=1614"},"modified":"2022-10-03T12:10:46","modified_gmt":"2022-10-03T15:10:46","slug":"lula-se-torna-o-candidato-mais-bem-votado-da-historia-do-brasil-no-primeiro-turno","status":"publish","type":"post","link":"https:\/\/brasilnoticias.org\/site\/lula-se-torna-o-candidato-mais-bem-votado-da-historia-do-brasil-no-primeiro-turno\/","title":{"rendered":"Lula se torna o candidato mais bem votado da hist\u00f3ria do Brasil no primeiro turno"},"content":{"rendered":"<p>O ex-presidente petista Luiz In\u00e1cio Lula da Silva, ou apenas Lula como \u00e9 mais conhecido, se tornou o candidato a Presid\u00eancia da Rep\u00fablica mais bem votado no primeiro turno, na hist\u00f3ria do Brasil, ap\u00f3s as Elei\u00e7\u00f5es deste domingo (2). Lula obteve 57.257.473 votos e ir\u00e1 disputar o segundo turno com o atual presidente Jair Bolsonaro (PL). <\/p>\n<p>O recorde estava com o atual presidente, que conseguiu 49.276.990 votos, no primeiro turno, nas Elei\u00e7\u00f5es de 2018. Na ocasi\u00e3o, ele foi para o segundo turno com Fernando Haddad, do PT e acabou levando a melhor e ganhando a presid\u00eancia com 57.797.847 votos (55,13%). <\/p>\n<p>Nas elei\u00e7\u00f5es deste ano, Lula ficou com 48,43% e logo atr\u00e1s Bolsonaro apareceu com 43,20% (51.071.106 votos). O petista venceu em 14 estados, enquanto Bolsonaro conquistou 12 mais o Distrito Federal. <\/p>\n<p>Bnews<br \/>\nFabio Rodigues Pozzebom\/Ag\u00eancia Brasil<\/p>\n","protected":false},"excerpt":{"rendered":"<p>O ex-presidente petista Luiz In\u00e1cio Lula da Silva, ou apenas Lula como \u00e9 mais conhecido, se tornou o candidato a<\/p>\n","protected":false},"author":1,"featured_media":1615,"comment_status":"open","ping_status":"open","sticky":false,"template":"","format":"standard","meta":{"colormag_page_container_layout":"default_layout","colormag_page_sidebar_layout":"default_layout","_FSMCFIC_featured_image_caption":"","_FSMCFIC_featured_image_nocaption":"","_FSMCFIC_featured_image_hide":"","footnotes":""},"categories":[5,1],"tags":[],"class_list":["post-1614","post","type-post","status-publish","format-standard","has-post-thumbnail","hentry","category-politica","category-ultimas"],"yoast_head":"<!-- This site is optimized with the Yoast SEO plugin v27.1.1 - https:\/\/yoast.com\/product\/yoast-seo-wordpress\/ -->\n<title>Lula se torna o candidato mais bem votado da hist\u00f3ria do Brasil no primeiro turno - Brasil not\u00edcias<\/title>\n<meta name=\"robots\" content=\"index, follow, max-snippet:-1, max-image-preview:large, max-video-preview:-1\" \/>\n<link rel=\"canonical\" href=\"https:\/\/brasilnoticias.org\/site\/lula-se-torna-o-candidato-mais-bem-votado-da-historia-do-brasil-no-primeiro-turno\/\" \/>\n<meta property=\"og:locale\" content=\"pt_PT\" \/>\n<meta property=\"og:type\" content=\"article\" \/>\n<meta property=\"og:title\" content=\"Lula se torna o candidato mais bem votado da hist\u00f3ria do Brasil no primeiro turno - Brasil not\u00edcias\" \/>\n<meta property=\"og:description\" content=\"O ex-presidente petista Luiz In\u00e1cio Lula da Silva, ou apenas Lula como \u00e9 mais conhecido, se tornou o candidato a\" \/>\n<meta property=\"og:url\" content=\"https:\/\/brasilnoticias.org\/site\/lula-se-torna-o-candidato-mais-bem-votado-da-historia-do-brasil-no-primeiro-turno\/\" \/>\n<meta property=\"og:site_name\" content=\"Brasil not\u00edcias\" \/>\n<meta property=\"article:published_time\" content=\"2022-10-04T10:10:22+00:00\" \/>\n<meta property=\"og:image\" content=\"https:\/\/brasilnoticias.org\/site\/wp-content\/uploads\/2022\/10\/candidato-mais-bem-votado_widelg.jpg\" \/>\n\t<meta property=\"og:image:width\" content=\"800\" \/>\n\t<meta property=\"og:image:height\" content=\"450\" \/>\n\t<meta property=\"og:image:type\" content=\"image\/jpeg\" \/>\n<meta name=\"author\" content=\"Reda\u00e7\u00e3o\" \/>\n<meta name=\"twitter:card\" content=\"summary_large_image\" \/>\n<meta name=\"twitter:label1\" content=\"Escrito por\" \/>\n\t<meta name=\"twitter:data1\" content=\"Reda\u00e7\u00e3o\" \/>\n\t<meta name=\"twitter:label2\" content=\"Tempo estimado de leitura\" \/>\n\t<meta name=\"twitter:data2\" content=\"1 minuto\" \/>\n<script type=\"application\/ld+json\" class=\"yoast-schema-graph\">{\"@context\":\"https:\/\/schema.org\",\"@graph\":[{\"@type\":\"Article\",\"@id\":\"https:\/\/brasilnoticias.org\/site\/lula-se-torna-o-candidato-mais-bem-votado-da-historia-do-brasil-no-primeiro-turno\/#article\",\"isPartOf\":{\"@id\":\"https:\/\/brasilnoticias.org\/site\/lula-se-torna-o-candidato-mais-bem-votado-da-historia-do-brasil-no-primeiro-turno\/\"},\"author\":{\"name\":\"Reda\u00e7\u00e3o\",\"@id\":\"https:\/\/brasilnoticias.org\/site\/#\/schema\/person\/a0e05b973ec4d15c658d51911e53507b\"},\"headline\":\"Lula se torna o candidato mais bem votado da hist\u00f3ria do Brasil no primeiro turno\",\"datePublished\":\"2022-10-04T10:10:22+00:00\",\"mainEntityOfPage\":{\"@id\":\"https:\/\/brasilnoticias.org\/site\/lula-se-torna-o-candidato-mais-bem-votado-da-historia-do-brasil-no-primeiro-turno\/\"},\"wordCount\":153,\"commentCount\":0,\"publisher\":{\"@id\":\"https:\/\/brasilnoticias.org\/site\/#organization\"},\"image\":{\"@id\":\"https:\/\/brasilnoticias.org\/site\/lula-se-torna-o-candidato-mais-bem-votado-da-historia-do-brasil-no-primeiro-turno\/#primaryimage\"},\"thumbnailUrl\":\"https:\/\/brasilnoticias.org\/site\/wp-content\/uploads\/2022\/10\/candidato-mais-bem-votado_widelg.jpg\",\"articleSection\":[\"Pol\u00edtica\",\"\u00daltimas\"],\"inLanguage\":\"pt-PT\",\"potentialAction\":[{\"@type\":\"CommentAction\",\"name\":\"Comment\",\"target\":[\"https:\/\/brasilnoticias.org\/site\/lula-se-torna-o-candidato-mais-bem-votado-da-historia-do-brasil-no-primeiro-turno\/#respond\"]}]},{\"@type\":\"WebPage\",\"@id\":\"https:\/\/brasilnoticias.org\/site\/lula-se-torna-o-candidato-mais-bem-votado-da-historia-do-brasil-no-primeiro-turno\/\",\"url\":\"https:\/\/brasilnoticias.org\/site\/lula-se-torna-o-candidato-mais-bem-votado-da-historia-do-brasil-no-primeiro-turno\/\",\"name\":\"Lula se torna o candidato mais bem votado da hist\u00f3ria do Brasil no primeiro turno - Brasil not\u00edcias\",\"isPartOf\":{\"@id\":\"https:\/\/brasilnoticias.org\/site\/#website\"},\"primaryImageOfPage\":{\"@id\":\"https:\/\/brasilnoticias.org\/site\/lula-se-torna-o-candidato-mais-bem-votado-da-historia-do-brasil-no-primeiro-turno\/#primaryimage\"},\"image\":{\"@id\":\"https:\/\/brasilnoticias.org\/site\/lula-se-torna-o-candidato-mais-bem-votado-da-historia-do-brasil-no-primeiro-turno\/#primaryimage\"},\"thumbnailUrl\":\"https:\/\/brasilnoticias.org\/site\/wp-content\/uploads\/2022\/10\/candidato-mais-bem-votado_widelg.jpg\",\"datePublished\":\"2022-10-04T10:10:22+00:00\",\"breadcrumb\":{\"@id\":\"https:\/\/brasilnoticias.org\/site\/lula-se-torna-o-candidato-mais-bem-votado-da-historia-do-brasil-no-primeiro-turno\/#breadcrumb\"},\"inLanguage\":\"pt-PT\",\"potentialAction\":[{\"@type\":\"ReadAction\",\"target\":[\"https:\/\/brasilnoticias.org\/site\/lula-se-torna-o-candidato-mais-bem-votado-da-historia-do-brasil-no-primeiro-turno\/\"]}]},{\"@type\":\"ImageObject\",\"inLanguage\":\"pt-PT\",\"@id\":\"https:\/\/brasilnoticias.org\/site\/lula-se-torna-o-candidato-mais-bem-votado-da-historia-do-brasil-no-primeiro-turno\/#primaryimage\",\"url\":\"https:\/\/brasilnoticias.org\/site\/wp-content\/uploads\/2022\/10\/candidato-mais-bem-votado_widelg.jpg\",\"contentUrl\":\"https:\/\/brasilnoticias.org\/site\/wp-content\/uploads\/2022\/10\/candidato-mais-bem-votado_widelg.jpg\",\"width\":800,\"height\":450},{\"@type\":\"BreadcrumbList\",\"@id\":\"https:\/\/brasilnoticias.org\/site\/lula-se-torna-o-candidato-mais-bem-votado-da-historia-do-brasil-no-primeiro-turno\/#breadcrumb\",\"itemListElement\":[{\"@type\":\"ListItem\",\"position\":1,\"name\":\"In\u00edcio\",\"item\":\"https:\/\/brasilnoticias.org\/site\/\"},{\"@type\":\"ListItem\",\"position\":2,\"name\":\"Lula se torna o candidato mais bem votado da hist\u00f3ria do Brasil no primeiro turno\"}]},{\"@type\":\"WebSite\",\"@id\":\"https:\/\/brasilnoticias.org\/site\/#website\",\"url\":\"https:\/\/brasilnoticias.org\/site\/\",\"name\":\"Brasil not\u00edcias\",\"description\":\"Brasil not\u00edcias\",\"publisher\":{\"@id\":\"https:\/\/brasilnoticias.org\/site\/#organization\"},\"potentialAction\":[{\"@type\":\"SearchAction\",\"target\":{\"@type\":\"EntryPoint\",\"urlTemplate\":\"https:\/\/brasilnoticias.org\/site\/?s={search_term_string}\"},\"query-input\":{\"@type\":\"PropertyValueSpecification\",\"valueRequired\":true,\"valueName\":\"search_term_string\"}}],\"inLanguage\":\"pt-PT\"},{\"@type\":\"Organization\",\"@id\":\"https:\/\/brasilnoticias.org\/site\/#organization\",\"name\":\"Brasil not\u00edcias\",\"url\":\"https:\/\/brasilnoticias.org\/site\/\",\"logo\":{\"@type\":\"ImageObject\",\"inLanguage\":\"pt-PT\",\"@id\":\"https:\/\/brasilnoticias.org\/site\/#\/schema\/logo\/image\/\",\"url\":\"https:\/\/brasilnoticias.org\/site\/wp-content\/uploads\/2022\/05\/cropped-brasilnoticias-mini.jpg\",\"contentUrl\":\"https:\/\/brasilnoticias.org\/site\/wp-content\/uploads\/2022\/05\/cropped-brasilnoticias-mini.jpg\",\"width\":314,\"height\":86,\"caption\":\"Brasil not\u00edcias\"},\"image\":{\"@id\":\"https:\/\/brasilnoticias.org\/site\/#\/schema\/logo\/image\/\"}},{\"@type\":\"Person\",\"@id\":\"https:\/\/brasilnoticias.org\/site\/#\/schema\/person\/a0e05b973ec4d15c658d51911e53507b\",\"name\":\"Reda\u00e7\u00e3o\",\"image\":{\"@type\":\"ImageObject\",\"inLanguage\":\"pt-PT\",\"@id\":\"https:\/\/brasilnoticias.org\/site\/#\/schema\/person\/image\/\",\"url\":\"https:\/\/secure.gravatar.com\/avatar\/75d8b050df2de108b08ae78dfb8e374892df24a383c67db9c46a9c604f6aee9c?s=96&d=mm&r=g\",\"contentUrl\":\"https:\/\/secure.gravatar.com\/avatar\/75d8b050df2de108b08ae78dfb8e374892df24a383c67db9c46a9c604f6aee9c?s=96&d=mm&r=g\",\"caption\":\"Reda\u00e7\u00e3o\"},\"sameAs\":[\"https:\/\/brasilnoticias.org\/site\"],\"url\":\"https:\/\/brasilnoticias.org\/site\/author\/fernandozsngmail-com\/\"}]}<\/script>\n<!-- \/ Yoast SEO plugin. -->","yoast_head_json":{"title":"Lula se torna o candidato mais bem votado da hist\u00f3ria do Brasil no primeiro turno - Brasil not\u00edcias","robots":{"index":"index","follow":"follow","max-snippet":"max-snippet:-1","max-image-preview":"max-image-preview:large","max-video-preview":"max-video-preview:-1"},"canonical":"https:\/\/brasilnoticias.org\/site\/lula-se-torna-o-candidato-mais-bem-votado-da-historia-do-brasil-no-primeiro-turno\/","og_locale":"pt_PT","og_type":"article","og_title":"Lula se torna o candidato mais bem votado da hist\u00f3ria do Brasil no primeiro turno - Brasil not\u00edcias","og_description":"O ex-presidente petista Luiz In\u00e1cio Lula da Silva, ou apenas Lula como \u00e9 mais conhecido, se tornou o candidato a","og_url":"https:\/\/brasilnoticias.org\/site\/lula-se-torna-o-candidato-mais-bem-votado-da-historia-do-brasil-no-primeiro-turno\/","og_site_name":"Brasil not\u00edcias","article_published_time":"2022-10-04T10:10:22+00:00","og_image":[{"width":800,"height":450,"url":"https:\/\/brasilnoticias.org\/site\/wp-content\/uploads\/2022\/10\/candidato-mais-bem-votado_widelg.jpg","type":"image\/jpeg"}],"author":"Reda\u00e7\u00e3o","twitter_card":"summary_large_image","twitter_misc":{"Escrito por":"Reda\u00e7\u00e3o","Tempo estimado de leitura":"1 minuto"},"schema":{"@context":"https:\/\/schema.org","@graph":[{"@type":"Article","@id":"https:\/\/brasilnoticias.org\/site\/lula-se-torna-o-candidato-mais-bem-votado-da-historia-do-brasil-no-primeiro-turno\/#article","isPartOf":{"@id":"https:\/\/brasilnoticias.org\/site\/lula-se-torna-o-candidato-mais-bem-votado-da-historia-do-brasil-no-primeiro-turno\/"},"author":{"name":"Reda\u00e7\u00e3o","@id":"https:\/\/brasilnoticias.org\/site\/#\/schema\/person\/a0e05b973ec4d15c658d51911e53507b"},"headline":"Lula se torna o candidato mais bem votado da hist\u00f3ria do Brasil no primeiro turno","datePublished":"2022-10-04T10:10:22+00:00","mainEntityOfPage":{"@id":"https:\/\/brasilnoticias.org\/site\/lula-se-torna-o-candidato-mais-bem-votado-da-historia-do-brasil-no-primeiro-turno\/"},"wordCount":153,"commentCount":0,"publisher":{"@id":"https:\/\/brasilnoticias.org\/site\/#organization"},"image":{"@id":"https:\/\/brasilnoticias.org\/site\/lula-se-torna-o-candidato-mais-bem-votado-da-historia-do-brasil-no-primeiro-turno\/#primaryimage"},"thumbnailUrl":"https:\/\/brasilnoticias.org\/site\/wp-content\/uploads\/2022\/10\/candidato-mais-bem-votado_widelg.jpg","articleSection":["Pol\u00edtica","\u00daltimas"],"inLanguage":"pt-PT","potentialAction":[{"@type":"CommentAction","name":"Comment","target":["https:\/\/brasilnoticias.org\/site\/lula-se-torna-o-candidato-mais-bem-votado-da-historia-do-brasil-no-primeiro-turno\/#respond"]}]},{"@type":"WebPage","@id":"https:\/\/brasilnoticias.org\/site\/lula-se-torna-o-candidato-mais-bem-votado-da-historia-do-brasil-no-primeiro-turno\/","url":"https:\/\/brasilnoticias.org\/site\/lula-se-torna-o-candidato-mais-bem-votado-da-historia-do-brasil-no-primeiro-turno\/","name":"Lula se torna o candidato mais bem votado da hist\u00f3ria do Brasil no primeiro turno - Brasil not\u00edcias","isPartOf":{"@id":"https:\/\/brasilnoticias.org\/site\/#website"},"primaryImageOfPage":{"@id":"https:\/\/brasilnoticias.org\/site\/lula-se-torna-o-candidato-mais-bem-votado-da-historia-do-brasil-no-primeiro-turno\/#primaryimage"},"image":{"@id":"https:\/\/brasilnoticias.org\/site\/lula-se-torna-o-candidato-mais-bem-votado-da-historia-do-brasil-no-primeiro-turno\/#primaryimage"},"thumbnailUrl":"https:\/\/brasilnoticias.org\/site\/wp-content\/uploads\/2022\/10\/candidato-mais-bem-votado_widelg.jpg","datePublished":"2022-10-04T10:10:22+00:00","breadcrumb":{"@id":"https:\/\/brasilnoticias.org\/site\/lula-se-torna-o-candidato-mais-bem-votado-da-historia-do-brasil-no-primeiro-turno\/#breadcrumb"},"inLanguage":"pt-PT","potentialAction":[{"@type":"ReadAction","target":["https:\/\/brasilnoticias.org\/site\/lula-se-torna-o-candidato-mais-bem-votado-da-historia-do-brasil-no-primeiro-turno\/"]}]},{"@type":"ImageObject","inLanguage":"pt-PT","@id":"https:\/\/brasilnoticias.org\/site\/lula-se-torna-o-candidato-mais-bem-votado-da-historia-do-brasil-no-primeiro-turno\/#primaryimage","url":"https:\/\/brasilnoticias.org\/site\/wp-content\/uploads\/2022\/10\/candidato-mais-bem-votado_widelg.jpg","contentUrl":"https:\/\/brasilnoticias.org\/site\/wp-content\/uploads\/2022\/10\/candidato-mais-bem-votado_widelg.jpg","width":800,"height":450},{"@type":"BreadcrumbList","@id":"https:\/\/brasilnoticias.org\/site\/lula-se-torna-o-candidato-mais-bem-votado-da-historia-do-brasil-no-primeiro-turno\/#breadcrumb","itemListElement":[{"@type":"ListItem","position":1,"name":"In\u00edcio","item":"https:\/\/brasilnoticias.org\/site\/"},{"@type":"ListItem","position":2,"name":"Lula se torna o candidato mais bem votado da hist\u00f3ria do Brasil no primeiro turno"}]},{"@type":"WebSite","@id":"https:\/\/brasilnoticias.org\/site\/#website","url":"https:\/\/brasilnoticias.org\/site\/","name":"Brasil not\u00edcias","description":"Brasil not\u00edcias","publisher":{"@id":"https:\/\/brasilnoticias.org\/site\/#organization"},"potentialAction":[{"@type":"SearchAction","target":{"@type":"EntryPoint","urlTemplate":"https:\/\/brasilnoticias.org\/site\/?s={search_term_string}"},"query-input":{"@type":"PropertyValueSpecification","valueRequired":true,"valueName":"search_term_string"}}],"inLanguage":"pt-PT"},{"@type":"Organization","@id":"https:\/\/brasilnoticias.org\/site\/#organization","name":"Brasil not\u00edcias","url":"https:\/\/brasilnoticias.org\/site\/","logo":{"@type":"ImageObject","inLanguage":"pt-PT","@id":"https:\/\/brasilnoticias.org\/site\/#\/schema\/logo\/image\/","url":"https:\/\/brasilnoticias.org\/site\/wp-content\/uploads\/2022\/05\/cropped-brasilnoticias-mini.jpg","contentUrl":"https:\/\/brasilnoticias.org\/site\/wp-content\/uploads\/2022\/05\/cropped-brasilnoticias-mini.jpg","width":314,"height":86,"caption":"Brasil not\u00edcias"},"image":{"@id":"https:\/\/brasilnoticias.org\/site\/#\/schema\/logo\/image\/"}},{"@type":"Person","@id":"https:\/\/brasilnoticias.org\/site\/#\/schema\/person\/a0e05b973ec4d15c658d51911e53507b","name":"Reda\u00e7\u00e3o","image":{"@type":"ImageObject","inLanguage":"pt-PT","@id":"https:\/\/brasilnoticias.org\/site\/#\/schema\/person\/image\/","url":"https:\/\/secure.gravatar.com\/avatar\/75d8b050df2de108b08ae78dfb8e374892df24a383c67db9c46a9c604f6aee9c?s=96&d=mm&r=g","contentUrl":"https:\/\/secure.gravatar.com\/avatar\/75d8b050df2de108b08ae78dfb8e374892df24a383c67db9c46a9c604f6aee9c?s=96&d=mm&r=g","caption":"Reda\u00e7\u00e3o"},"sameAs":["https:\/\/brasilnoticias.org\/site"],"url":"https:\/\/brasilnoticias.org\/site\/author\/fernandozsngmail-com\/"}]}},"_links":{"self":[{"href":"https:\/\/brasilnoticias.org\/site\/wp-json\/wp\/v2\/posts\/1614","targetHints":{"allow":["GET"]}}],"collection":[{"href":"https:\/\/brasilnoticias.org\/site\/wp-json\/wp\/v2\/posts"}],"about":[{"href":"https:\/\/brasilnoticias.org\/site\/wp-json\/wp\/v2\/types\/post"}],"author":[{"embeddable":true,"href":"https:\/\/brasilnoticias.org\/site\/wp-json\/wp\/v2\/users\/1"}],"replies":[{"embeddable":true,"href":"https:\/\/brasilnoticias.org\/site\/wp-json\/wp\/v2\/comments?post=1614"}],"version-history":[{"count":1,"href":"https:\/\/brasilnoticias.org\/site\/wp-json\/wp\/v2\/posts\/1614\/revisions"}],"predecessor-version":[{"id":1616,"href":"https:\/\/brasilnoticias.org\/site\/wp-json\/wp\/v2\/posts\/1614\/revisions\/1616"}],"wp:featuredmedia":[{"embeddable":true,"href":"https:\/\/brasilnoticias.org\/site\/wp-json\/wp\/v2\/media\/1615"}],"wp:attachment":[{"href":"https:\/\/brasilnoticias.org\/site\/wp-json\/wp\/v2\/media?parent=1614"}],"wp:term":[{"taxonomy":"category","embeddable":true,"href":"https:\/\/brasilnoticias.org\/site\/wp-json\/wp\/v2\/categories?post=1614"},{"taxonomy":"post_tag","embeddable":true,"href":"https:\/\/brasilnoticias.org\/site\/wp-json\/wp\/v2\/tags?post=1614"}],"curies":[{"name":"wp","href":"https:\/\/api.w.org\/{rel}","templated":true}]}}