{"id":16182,"date":"2024-10-20T20:23:49","date_gmt":"2024-10-20T23:23:49","guid":{"rendered":"https:\/\/brasilnoticias.org\/site\/?p=16182"},"modified":"2024-10-20T20:23:49","modified_gmt":"2024-10-20T23:23:49","slug":"lula-cancela-viagem-a-russia-apos-acidente-domestico-e-pontos-na-cabeca","status":"publish","type":"post","link":"https:\/\/brasilnoticias.org\/site\/lula-cancela-viagem-a-russia-apos-acidente-domestico-e-pontos-na-cabeca\/","title":{"rendered":"Lula cancela viagem \u00e0 R\u00fassia ap\u00f3s acidente dom\u00e9stico e pontos na cabe\u00e7a"},"content":{"rendered":"<p>O presidente Lula cancelou sua viagem \u00e0 R\u00fassia, onde participaria da c\u00fapula dos Brics, ap\u00f3s sofrer um acidente dom\u00e9stico que resultou em pontos na cabe\u00e7a. Ele foi atendido no hospital S\u00edrio-Liban\u00eas, em Bras\u00edlia, depois de bater a cabe\u00e7a em casa.<\/p>\n<p>Segundo o boletim m\u00e9dico, Lula teve um \u201cferimento corto-contuso na regi\u00e3o occipital\u201d, respons\u00e1vel pela percep\u00e7\u00e3o visual, e precisou de sutura. A equipe m\u00e9dica recomendou que ele evitasse viagens longas de avi\u00e3o, apesar de poder seguir com suas demais atividades normalmente. Uma viagem do Brasil at\u00e9 Kazan, na R\u00fassia, pode levar at\u00e9 17 horas, o que foi considerado um esfor\u00e7o excessivo para o presidente neste momento.<\/p>\n<p>A viagem estava marcada para este domingo (20), mas foi cancelada ap\u00f3s exames m\u00e9dicos indicarem que o ideal seria Lula permanecer em Bras\u00edlia. O presidente foi atendido pelo cardiologista Roberto Kalil Filho, que foi at\u00e9 a capital para acompanh\u00e1-lo.<\/p>\n<p>Foto: Marcelo Camargo\/Ag\u00eancia Brasil<\/p>\n","protected":false},"excerpt":{"rendered":"<p>O presidente Lula cancelou sua viagem \u00e0 R\u00fassia, onde participaria da c\u00fapula dos Brics, ap\u00f3s sofrer um acidente dom\u00e9stico que<\/p>\n","protected":false},"author":4,"featured_media":16183,"comment_status":"open","ping_status":"open","sticky":false,"template":"","format":"standard","meta":{"colormag_page_container_layout":"default_layout","colormag_page_sidebar_layout":"default_layout","_FSMCFIC_featured_image_caption":"","_FSMCFIC_featured_image_nocaption":"","_FSMCFIC_featured_image_hide":"","footnotes":""},"categories":[5,1],"tags":[],"class_list":["post-16182","post","type-post","status-publish","format-standard","has-post-thumbnail","hentry","category-politica","category-ultimas"],"yoast_head":"<!-- This site is optimized with the Yoast SEO plugin v27.1.1 - https:\/\/yoast.com\/product\/yoast-seo-wordpress\/ -->\n<title>Lula cancela viagem \u00e0 R\u00fassia ap\u00f3s acidente dom\u00e9stico e pontos na cabe\u00e7a - Brasil not\u00edcias<\/title>\n<meta name=\"robots\" content=\"index, follow, max-snippet:-1, max-image-preview:large, max-video-preview:-1\" \/>\n<link rel=\"canonical\" href=\"https:\/\/brasilnoticias.org\/site\/lula-cancela-viagem-a-russia-apos-acidente-domestico-e-pontos-na-cabeca\/\" \/>\n<meta property=\"og:locale\" content=\"pt_PT\" \/>\n<meta property=\"og:type\" content=\"article\" \/>\n<meta property=\"og:title\" content=\"Lula cancela viagem \u00e0 R\u00fassia ap\u00f3s acidente dom\u00e9stico e pontos na cabe\u00e7a - Brasil not\u00edcias\" \/>\n<meta property=\"og:description\" content=\"O presidente Lula cancelou sua viagem \u00e0 R\u00fassia, onde participaria da c\u00fapula dos Brics, ap\u00f3s sofrer um acidente dom\u00e9stico que\" \/>\n<meta property=\"og:url\" content=\"https:\/\/brasilnoticias.org\/site\/lula-cancela-viagem-a-russia-apos-acidente-domestico-e-pontos-na-cabeca\/\" \/>\n<meta property=\"og:site_name\" content=\"Brasil not\u00edcias\" \/>\n<meta property=\"article:published_time\" content=\"2024-10-20T23:23:49+00:00\" \/>\n<meta property=\"og:image\" content=\"https:\/\/brasilnoticias.org\/site\/wp-content\/uploads\/2024\/10\/IMAGEM_NOTICIA_0-4-1.jpg\" \/>\n\t<meta property=\"og:image:width\" content=\"850\" \/>\n\t<meta property=\"og:image:height\" content=\"400\" \/>\n\t<meta property=\"og:image:type\" content=\"image\/jpeg\" \/>\n<meta name=\"author\" content=\"Reda\u00e7\u00e3o\" \/>\n<meta name=\"twitter:card\" content=\"summary_large_image\" \/>\n<meta name=\"twitter:label1\" content=\"Escrito por\" \/>\n\t<meta name=\"twitter:data1\" content=\"Reda\u00e7\u00e3o\" \/>\n\t<meta name=\"twitter:label2\" content=\"Tempo estimado de leitura\" \/>\n\t<meta name=\"twitter:data2\" content=\"1 minuto\" \/>\n<script type=\"application\/ld+json\" class=\"yoast-schema-graph\">{\"@context\":\"https:\/\/schema.org\",\"@graph\":[{\"@type\":\"Article\",\"@id\":\"https:\/\/brasilnoticias.org\/site\/lula-cancela-viagem-a-russia-apos-acidente-domestico-e-pontos-na-cabeca\/#article\",\"isPartOf\":{\"@id\":\"https:\/\/brasilnoticias.org\/site\/lula-cancela-viagem-a-russia-apos-acidente-domestico-e-pontos-na-cabeca\/\"},\"author\":{\"name\":\"Reda\u00e7\u00e3o\",\"@id\":\"https:\/\/brasilnoticias.org\/site\/#\/schema\/person\/03bbbfe6c7634ad18c26444ea39049fa\"},\"headline\":\"Lula cancela viagem \u00e0 R\u00fassia ap\u00f3s acidente dom\u00e9stico e pontos na cabe\u00e7a\",\"datePublished\":\"2024-10-20T23:23:49+00:00\",\"mainEntityOfPage\":{\"@id\":\"https:\/\/brasilnoticias.org\/site\/lula-cancela-viagem-a-russia-apos-acidente-domestico-e-pontos-na-cabeca\/\"},\"wordCount\":183,\"commentCount\":0,\"publisher\":{\"@id\":\"https:\/\/brasilnoticias.org\/site\/#organization\"},\"image\":{\"@id\":\"https:\/\/brasilnoticias.org\/site\/lula-cancela-viagem-a-russia-apos-acidente-domestico-e-pontos-na-cabeca\/#primaryimage\"},\"thumbnailUrl\":\"https:\/\/brasilnoticias.org\/site\/wp-content\/uploads\/2024\/10\/IMAGEM_NOTICIA_0-4-1.jpg\",\"articleSection\":[\"Pol\u00edtica\",\"\u00daltimas\"],\"inLanguage\":\"pt-PT\",\"potentialAction\":[{\"@type\":\"CommentAction\",\"name\":\"Comment\",\"target\":[\"https:\/\/brasilnoticias.org\/site\/lula-cancela-viagem-a-russia-apos-acidente-domestico-e-pontos-na-cabeca\/#respond\"]}]},{\"@type\":\"WebPage\",\"@id\":\"https:\/\/brasilnoticias.org\/site\/lula-cancela-viagem-a-russia-apos-acidente-domestico-e-pontos-na-cabeca\/\",\"url\":\"https:\/\/brasilnoticias.org\/site\/lula-cancela-viagem-a-russia-apos-acidente-domestico-e-pontos-na-cabeca\/\",\"name\":\"Lula cancela viagem \u00e0 R\u00fassia ap\u00f3s acidente dom\u00e9stico e pontos na cabe\u00e7a - Brasil not\u00edcias\",\"isPartOf\":{\"@id\":\"https:\/\/brasilnoticias.org\/site\/#website\"},\"primaryImageOfPage\":{\"@id\":\"https:\/\/brasilnoticias.org\/site\/lula-cancela-viagem-a-russia-apos-acidente-domestico-e-pontos-na-cabeca\/#primaryimage\"},\"image\":{\"@id\":\"https:\/\/brasilnoticias.org\/site\/lula-cancela-viagem-a-russia-apos-acidente-domestico-e-pontos-na-cabeca\/#primaryimage\"},\"thumbnailUrl\":\"https:\/\/brasilnoticias.org\/site\/wp-content\/uploads\/2024\/10\/IMAGEM_NOTICIA_0-4-1.jpg\",\"datePublished\":\"2024-10-20T23:23:49+00:00\",\"breadcrumb\":{\"@id\":\"https:\/\/brasilnoticias.org\/site\/lula-cancela-viagem-a-russia-apos-acidente-domestico-e-pontos-na-cabeca\/#breadcrumb\"},\"inLanguage\":\"pt-PT\",\"potentialAction\":[{\"@type\":\"ReadAction\",\"target\":[\"https:\/\/brasilnoticias.org\/site\/lula-cancela-viagem-a-russia-apos-acidente-domestico-e-pontos-na-cabeca\/\"]}]},{\"@type\":\"ImageObject\",\"inLanguage\":\"pt-PT\",\"@id\":\"https:\/\/brasilnoticias.org\/site\/lula-cancela-viagem-a-russia-apos-acidente-domestico-e-pontos-na-cabeca\/#primaryimage\",\"url\":\"https:\/\/brasilnoticias.org\/site\/wp-content\/uploads\/2024\/10\/IMAGEM_NOTICIA_0-4-1.jpg\",\"contentUrl\":\"https:\/\/brasilnoticias.org\/site\/wp-content\/uploads\/2024\/10\/IMAGEM_NOTICIA_0-4-1.jpg\",\"width\":850,\"height\":400},{\"@type\":\"BreadcrumbList\",\"@id\":\"https:\/\/brasilnoticias.org\/site\/lula-cancela-viagem-a-russia-apos-acidente-domestico-e-pontos-na-cabeca\/#breadcrumb\",\"itemListElement\":[{\"@type\":\"ListItem\",\"position\":1,\"name\":\"In\u00edcio\",\"item\":\"https:\/\/brasilnoticias.org\/site\/\"},{\"@type\":\"ListItem\",\"position\":2,\"name\":\"Lula cancela viagem \u00e0 R\u00fassia ap\u00f3s acidente dom\u00e9stico e pontos na cabe\u00e7a\"}]},{\"@type\":\"WebSite\",\"@id\":\"https:\/\/brasilnoticias.org\/site\/#website\",\"url\":\"https:\/\/brasilnoticias.org\/site\/\",\"name\":\"Brasil not\u00edcias\",\"description\":\"Brasil not\u00edcias\",\"publisher\":{\"@id\":\"https:\/\/brasilnoticias.org\/site\/#organization\"},\"potentialAction\":[{\"@type\":\"SearchAction\",\"target\":{\"@type\":\"EntryPoint\",\"urlTemplate\":\"https:\/\/brasilnoticias.org\/site\/?s={search_term_string}\"},\"query-input\":{\"@type\":\"PropertyValueSpecification\",\"valueRequired\":true,\"valueName\":\"search_term_string\"}}],\"inLanguage\":\"pt-PT\"},{\"@type\":\"Organization\",\"@id\":\"https:\/\/brasilnoticias.org\/site\/#organization\",\"name\":\"Brasil not\u00edcias\",\"url\":\"https:\/\/brasilnoticias.org\/site\/\",\"logo\":{\"@type\":\"ImageObject\",\"inLanguage\":\"pt-PT\",\"@id\":\"https:\/\/brasilnoticias.org\/site\/#\/schema\/logo\/image\/\",\"url\":\"https:\/\/brasilnoticias.org\/site\/wp-content\/uploads\/2022\/05\/cropped-brasilnoticias-mini.jpg\",\"contentUrl\":\"https:\/\/brasilnoticias.org\/site\/wp-content\/uploads\/2022\/05\/cropped-brasilnoticias-mini.jpg\",\"width\":314,\"height\":86,\"caption\":\"Brasil not\u00edcias\"},\"image\":{\"@id\":\"https:\/\/brasilnoticias.org\/site\/#\/schema\/logo\/image\/\"}},{\"@type\":\"Person\",\"@id\":\"https:\/\/brasilnoticias.org\/site\/#\/schema\/person\/03bbbfe6c7634ad18c26444ea39049fa\",\"name\":\"Reda\u00e7\u00e3o\",\"image\":{\"@type\":\"ImageObject\",\"inLanguage\":\"pt-PT\",\"@id\":\"https:\/\/brasilnoticias.org\/site\/#\/schema\/person\/image\/\",\"url\":\"https:\/\/secure.gravatar.com\/avatar\/9ecaf7327a696cb23ad926fedded5f1f04d7049de9e445375d55b48c001a6e42?s=96&d=mm&r=g\",\"contentUrl\":\"https:\/\/secure.gravatar.com\/avatar\/9ecaf7327a696cb23ad926fedded5f1f04d7049de9e445375d55b48c001a6e42?s=96&d=mm&r=g\",\"caption\":\"Reda\u00e7\u00e3o\"},\"url\":\"https:\/\/brasilnoticias.org\/site\/author\/henrique\/\"}]}<\/script>\n<!-- \/ Yoast SEO plugin. -->","yoast_head_json":{"title":"Lula cancela viagem \u00e0 R\u00fassia ap\u00f3s acidente dom\u00e9stico e pontos na cabe\u00e7a - Brasil not\u00edcias","robots":{"index":"index","follow":"follow","max-snippet":"max-snippet:-1","max-image-preview":"max-image-preview:large","max-video-preview":"max-video-preview:-1"},"canonical":"https:\/\/brasilnoticias.org\/site\/lula-cancela-viagem-a-russia-apos-acidente-domestico-e-pontos-na-cabeca\/","og_locale":"pt_PT","og_type":"article","og_title":"Lula cancela viagem \u00e0 R\u00fassia ap\u00f3s acidente dom\u00e9stico e pontos na cabe\u00e7a - Brasil not\u00edcias","og_description":"O presidente Lula cancelou sua viagem \u00e0 R\u00fassia, onde participaria da c\u00fapula dos Brics, ap\u00f3s sofrer um acidente dom\u00e9stico que","og_url":"https:\/\/brasilnoticias.org\/site\/lula-cancela-viagem-a-russia-apos-acidente-domestico-e-pontos-na-cabeca\/","og_site_name":"Brasil not\u00edcias","article_published_time":"2024-10-20T23:23:49+00:00","og_image":[{"width":850,"height":400,"url":"https:\/\/brasilnoticias.org\/site\/wp-content\/uploads\/2024\/10\/IMAGEM_NOTICIA_0-4-1.jpg","type":"image\/jpeg"}],"author":"Reda\u00e7\u00e3o","twitter_card":"summary_large_image","twitter_misc":{"Escrito por":"Reda\u00e7\u00e3o","Tempo estimado de leitura":"1 minuto"},"schema":{"@context":"https:\/\/schema.org","@graph":[{"@type":"Article","@id":"https:\/\/brasilnoticias.org\/site\/lula-cancela-viagem-a-russia-apos-acidente-domestico-e-pontos-na-cabeca\/#article","isPartOf":{"@id":"https:\/\/brasilnoticias.org\/site\/lula-cancela-viagem-a-russia-apos-acidente-domestico-e-pontos-na-cabeca\/"},"author":{"name":"Reda\u00e7\u00e3o","@id":"https:\/\/brasilnoticias.org\/site\/#\/schema\/person\/03bbbfe6c7634ad18c26444ea39049fa"},"headline":"Lula cancela viagem \u00e0 R\u00fassia ap\u00f3s acidente dom\u00e9stico e pontos na cabe\u00e7a","datePublished":"2024-10-20T23:23:49+00:00","mainEntityOfPage":{"@id":"https:\/\/brasilnoticias.org\/site\/lula-cancela-viagem-a-russia-apos-acidente-domestico-e-pontos-na-cabeca\/"},"wordCount":183,"commentCount":0,"publisher":{"@id":"https:\/\/brasilnoticias.org\/site\/#organization"},"image":{"@id":"https:\/\/brasilnoticias.org\/site\/lula-cancela-viagem-a-russia-apos-acidente-domestico-e-pontos-na-cabeca\/#primaryimage"},"thumbnailUrl":"https:\/\/brasilnoticias.org\/site\/wp-content\/uploads\/2024\/10\/IMAGEM_NOTICIA_0-4-1.jpg","articleSection":["Pol\u00edtica","\u00daltimas"],"inLanguage":"pt-PT","potentialAction":[{"@type":"CommentAction","name":"Comment","target":["https:\/\/brasilnoticias.org\/site\/lula-cancela-viagem-a-russia-apos-acidente-domestico-e-pontos-na-cabeca\/#respond"]}]},{"@type":"WebPage","@id":"https:\/\/brasilnoticias.org\/site\/lula-cancela-viagem-a-russia-apos-acidente-domestico-e-pontos-na-cabeca\/","url":"https:\/\/brasilnoticias.org\/site\/lula-cancela-viagem-a-russia-apos-acidente-domestico-e-pontos-na-cabeca\/","name":"Lula cancela viagem \u00e0 R\u00fassia ap\u00f3s acidente dom\u00e9stico e pontos na cabe\u00e7a - Brasil not\u00edcias","isPartOf":{"@id":"https:\/\/brasilnoticias.org\/site\/#website"},"primaryImageOfPage":{"@id":"https:\/\/brasilnoticias.org\/site\/lula-cancela-viagem-a-russia-apos-acidente-domestico-e-pontos-na-cabeca\/#primaryimage"},"image":{"@id":"https:\/\/brasilnoticias.org\/site\/lula-cancela-viagem-a-russia-apos-acidente-domestico-e-pontos-na-cabeca\/#primaryimage"},"thumbnailUrl":"https:\/\/brasilnoticias.org\/site\/wp-content\/uploads\/2024\/10\/IMAGEM_NOTICIA_0-4-1.jpg","datePublished":"2024-10-20T23:23:49+00:00","breadcrumb":{"@id":"https:\/\/brasilnoticias.org\/site\/lula-cancela-viagem-a-russia-apos-acidente-domestico-e-pontos-na-cabeca\/#breadcrumb"},"inLanguage":"pt-PT","potentialAction":[{"@type":"ReadAction","target":["https:\/\/brasilnoticias.org\/site\/lula-cancela-viagem-a-russia-apos-acidente-domestico-e-pontos-na-cabeca\/"]}]},{"@type":"ImageObject","inLanguage":"pt-PT","@id":"https:\/\/brasilnoticias.org\/site\/lula-cancela-viagem-a-russia-apos-acidente-domestico-e-pontos-na-cabeca\/#primaryimage","url":"https:\/\/brasilnoticias.org\/site\/wp-content\/uploads\/2024\/10\/IMAGEM_NOTICIA_0-4-1.jpg","contentUrl":"https:\/\/brasilnoticias.org\/site\/wp-content\/uploads\/2024\/10\/IMAGEM_NOTICIA_0-4-1.jpg","width":850,"height":400},{"@type":"BreadcrumbList","@id":"https:\/\/brasilnoticias.org\/site\/lula-cancela-viagem-a-russia-apos-acidente-domestico-e-pontos-na-cabeca\/#breadcrumb","itemListElement":[{"@type":"ListItem","position":1,"name":"In\u00edcio","item":"https:\/\/brasilnoticias.org\/site\/"},{"@type":"ListItem","position":2,"name":"Lula cancela viagem \u00e0 R\u00fassia ap\u00f3s acidente dom\u00e9stico e pontos na cabe\u00e7a"}]},{"@type":"WebSite","@id":"https:\/\/brasilnoticias.org\/site\/#website","url":"https:\/\/brasilnoticias.org\/site\/","name":"Brasil not\u00edcias","description":"Brasil not\u00edcias","publisher":{"@id":"https:\/\/brasilnoticias.org\/site\/#organization"},"potentialAction":[{"@type":"SearchAction","target":{"@type":"EntryPoint","urlTemplate":"https:\/\/brasilnoticias.org\/site\/?s={search_term_string}"},"query-input":{"@type":"PropertyValueSpecification","valueRequired":true,"valueName":"search_term_string"}}],"inLanguage":"pt-PT"},{"@type":"Organization","@id":"https:\/\/brasilnoticias.org\/site\/#organization","name":"Brasil not\u00edcias","url":"https:\/\/brasilnoticias.org\/site\/","logo":{"@type":"ImageObject","inLanguage":"pt-PT","@id":"https:\/\/brasilnoticias.org\/site\/#\/schema\/logo\/image\/","url":"https:\/\/brasilnoticias.org\/site\/wp-content\/uploads\/2022\/05\/cropped-brasilnoticias-mini.jpg","contentUrl":"https:\/\/brasilnoticias.org\/site\/wp-content\/uploads\/2022\/05\/cropped-brasilnoticias-mini.jpg","width":314,"height":86,"caption":"Brasil not\u00edcias"},"image":{"@id":"https:\/\/brasilnoticias.org\/site\/#\/schema\/logo\/image\/"}},{"@type":"Person","@id":"https:\/\/brasilnoticias.org\/site\/#\/schema\/person\/03bbbfe6c7634ad18c26444ea39049fa","name":"Reda\u00e7\u00e3o","image":{"@type":"ImageObject","inLanguage":"pt-PT","@id":"https:\/\/brasilnoticias.org\/site\/#\/schema\/person\/image\/","url":"https:\/\/secure.gravatar.com\/avatar\/9ecaf7327a696cb23ad926fedded5f1f04d7049de9e445375d55b48c001a6e42?s=96&d=mm&r=g","contentUrl":"https:\/\/secure.gravatar.com\/avatar\/9ecaf7327a696cb23ad926fedded5f1f04d7049de9e445375d55b48c001a6e42?s=96&d=mm&r=g","caption":"Reda\u00e7\u00e3o"},"url":"https:\/\/brasilnoticias.org\/site\/author\/henrique\/"}]}},"_links":{"self":[{"href":"https:\/\/brasilnoticias.org\/site\/wp-json\/wp\/v2\/posts\/16182","targetHints":{"allow":["GET"]}}],"collection":[{"href":"https:\/\/brasilnoticias.org\/site\/wp-json\/wp\/v2\/posts"}],"about":[{"href":"https:\/\/brasilnoticias.org\/site\/wp-json\/wp\/v2\/types\/post"}],"author":[{"embeddable":true,"href":"https:\/\/brasilnoticias.org\/site\/wp-json\/wp\/v2\/users\/4"}],"replies":[{"embeddable":true,"href":"https:\/\/brasilnoticias.org\/site\/wp-json\/wp\/v2\/comments?post=16182"}],"version-history":[{"count":1,"href":"https:\/\/brasilnoticias.org\/site\/wp-json\/wp\/v2\/posts\/16182\/revisions"}],"predecessor-version":[{"id":16184,"href":"https:\/\/brasilnoticias.org\/site\/wp-json\/wp\/v2\/posts\/16182\/revisions\/16184"}],"wp:featuredmedia":[{"embeddable":true,"href":"https:\/\/brasilnoticias.org\/site\/wp-json\/wp\/v2\/media\/16183"}],"wp:attachment":[{"href":"https:\/\/brasilnoticias.org\/site\/wp-json\/wp\/v2\/media?parent=16182"}],"wp:term":[{"taxonomy":"category","embeddable":true,"href":"https:\/\/brasilnoticias.org\/site\/wp-json\/wp\/v2\/categories?post=16182"},{"taxonomy":"post_tag","embeddable":true,"href":"https:\/\/brasilnoticias.org\/site\/wp-json\/wp\/v2\/tags?post=16182"}],"curies":[{"name":"wp","href":"https:\/\/api.w.org\/{rel}","templated":true}]}}