{"id":16185,"date":"2024-10-20T20:24:51","date_gmt":"2024-10-20T23:24:51","guid":{"rendered":"https:\/\/brasilnoticias.org\/site\/?p=16185"},"modified":"2024-10-20T20:24:51","modified_gmt":"2024-10-20T23:24:51","slug":"vitoria-vence-o-rb-bragantino-com-gol-no-2o-tempo-e-sai-do-z-4","status":"publish","type":"post","link":"https:\/\/brasilnoticias.org\/site\/vitoria-vence-o-rb-bragantino-com-gol-no-2o-tempo-e-sai-do-z-4\/","title":{"rendered":"Vit\u00f3ria vence o RB Bragantino com gol no 2\u00ba tempo e sai do Z-4"},"content":{"rendered":"<p>O Vit\u00f3ria conquistou mais tr\u00eas importantes pontos na luta contra o rebaixamento, ao bater o Red Bull Bragantino por 1 a 0 no Barrad\u00e3o.<\/p>\n<p>Com o resultado conquistado em casa, o Rubro-negro termina a 30\u00aa rodada fora da zona de rebaixamento, com 32 pontos, em 16\u00ba lugar.<\/p>\n<p>Firme na luta contra a queda, o Le\u00e3o enfrentar\u00e1 o Fluminense, em um confronto direto no pr\u00f3ximo s\u00e1bado (26), no Barrad\u00e3o.<\/p>\n<p>O JOGO<\/p>\n<p>A primeira etapa foi marcada por poucas oportunidades de gols de ambos os lados. O Le\u00e3o, por sua vez, s\u00f3 conseguiu tr\u00eas finaliza\u00e7\u00f5es nos 45 minutos iniciais.<\/p>\n<p>No segundo tempo, as duas equipes sabiam que precisavam do resultado positivo, especialmente o Vit\u00f3ria, mandante e com apoio maci\u00e7o da torcida rubro-negra.<\/p>\n<p>Mesmo com menos posse de bola (46%), o Rubro-negro conseguiu criar mais oportunidades e, consequentemente, mais finaliza\u00e7\u00f5es.<\/p>\n<p>Aos 33 minutos, as duas substitui\u00e7\u00f5es feitas por Thiago Carpini surtiram efeito. Carlos Eduardo cruzou para a \u00e1rea e Everaldo concluiu para o fundo das redes, garantindo a vit\u00f3ria.<\/p>\n<p>Informa\u00e7\u00f5es do Arena Rubro-Negra \/ Foto: Victor Ferreira\/ EC Vit\u00f3ria<\/p>\n","protected":false},"excerpt":{"rendered":"<p>O Vit\u00f3ria conquistou mais tr\u00eas importantes pontos na luta contra o rebaixamento, ao bater o Red Bull Bragantino por 1<\/p>\n","protected":false},"author":4,"featured_media":16186,"comment_status":"open","ping_status":"open","sticky":false,"template":"","format":"standard","meta":{"colormag_page_container_layout":"default_layout","colormag_page_sidebar_layout":"default_layout","_FSMCFIC_featured_image_caption":"","_FSMCFIC_featured_image_nocaption":"","_FSMCFIC_featured_image_hide":"","footnotes":""},"categories":[4,1],"tags":[],"class_list":["post-16185","post","type-post","status-publish","format-standard","has-post-thumbnail","hentry","category-esporte","category-ultimas"],"yoast_head":"<!-- This site is optimized with the Yoast SEO plugin v27.1.1 - https:\/\/yoast.com\/product\/yoast-seo-wordpress\/ -->\n<title>Vit\u00f3ria vence o RB Bragantino com gol no 2\u00ba tempo e sai do Z-4 - Brasil not\u00edcias<\/title>\n<meta name=\"robots\" content=\"index, follow, max-snippet:-1, max-image-preview:large, max-video-preview:-1\" \/>\n<link rel=\"canonical\" href=\"https:\/\/brasilnoticias.org\/site\/vitoria-vence-o-rb-bragantino-com-gol-no-2o-tempo-e-sai-do-z-4\/\" \/>\n<meta property=\"og:locale\" content=\"pt_PT\" \/>\n<meta property=\"og:type\" content=\"article\" \/>\n<meta property=\"og:title\" content=\"Vit\u00f3ria vence o RB Bragantino com gol no 2\u00ba tempo e sai do Z-4 - Brasil not\u00edcias\" \/>\n<meta property=\"og:description\" content=\"O Vit\u00f3ria conquistou mais tr\u00eas importantes pontos na luta contra o rebaixamento, ao bater o Red Bull Bragantino por 1\" \/>\n<meta property=\"og:url\" content=\"https:\/\/brasilnoticias.org\/site\/vitoria-vence-o-rb-bragantino-com-gol-no-2o-tempo-e-sai-do-z-4\/\" \/>\n<meta property=\"og:site_name\" content=\"Brasil not\u00edcias\" \/>\n<meta property=\"article:published_time\" content=\"2024-10-20T23:24:51+00:00\" \/>\n<meta property=\"og:image\" content=\"https:\/\/brasilnoticias.org\/site\/wp-content\/uploads\/2024\/10\/IMAGEM_NOTICIA_0-5-1.jpg\" \/>\n\t<meta property=\"og:image:width\" content=\"850\" \/>\n\t<meta property=\"og:image:height\" content=\"400\" \/>\n\t<meta property=\"og:image:type\" content=\"image\/jpeg\" \/>\n<meta name=\"author\" content=\"Reda\u00e7\u00e3o\" \/>\n<meta name=\"twitter:card\" content=\"summary_large_image\" \/>\n<meta name=\"twitter:label1\" content=\"Escrito por\" \/>\n\t<meta name=\"twitter:data1\" content=\"Reda\u00e7\u00e3o\" \/>\n<script type=\"application\/ld+json\" class=\"yoast-schema-graph\">{\"@context\":\"https:\/\/schema.org\",\"@graph\":[{\"@type\":\"Article\",\"@id\":\"https:\/\/brasilnoticias.org\/site\/vitoria-vence-o-rb-bragantino-com-gol-no-2o-tempo-e-sai-do-z-4\/#article\",\"isPartOf\":{\"@id\":\"https:\/\/brasilnoticias.org\/site\/vitoria-vence-o-rb-bragantino-com-gol-no-2o-tempo-e-sai-do-z-4\/\"},\"author\":{\"name\":\"Reda\u00e7\u00e3o\",\"@id\":\"https:\/\/brasilnoticias.org\/site\/#\/schema\/person\/03bbbfe6c7634ad18c26444ea39049fa\"},\"headline\":\"Vit\u00f3ria vence o RB Bragantino com gol no 2\u00ba tempo e sai do Z-4\",\"datePublished\":\"2024-10-20T23:24:51+00:00\",\"mainEntityOfPage\":{\"@id\":\"https:\/\/brasilnoticias.org\/site\/vitoria-vence-o-rb-bragantino-com-gol-no-2o-tempo-e-sai-do-z-4\/\"},\"wordCount\":197,\"commentCount\":0,\"publisher\":{\"@id\":\"https:\/\/brasilnoticias.org\/site\/#organization\"},\"image\":{\"@id\":\"https:\/\/brasilnoticias.org\/site\/vitoria-vence-o-rb-bragantino-com-gol-no-2o-tempo-e-sai-do-z-4\/#primaryimage\"},\"thumbnailUrl\":\"https:\/\/brasilnoticias.org\/site\/wp-content\/uploads\/2024\/10\/IMAGEM_NOTICIA_0-5-1.jpg\",\"articleSection\":[\"Esporte\",\"\u00daltimas\"],\"inLanguage\":\"pt-PT\",\"potentialAction\":[{\"@type\":\"CommentAction\",\"name\":\"Comment\",\"target\":[\"https:\/\/brasilnoticias.org\/site\/vitoria-vence-o-rb-bragantino-com-gol-no-2o-tempo-e-sai-do-z-4\/#respond\"]}]},{\"@type\":\"WebPage\",\"@id\":\"https:\/\/brasilnoticias.org\/site\/vitoria-vence-o-rb-bragantino-com-gol-no-2o-tempo-e-sai-do-z-4\/\",\"url\":\"https:\/\/brasilnoticias.org\/site\/vitoria-vence-o-rb-bragantino-com-gol-no-2o-tempo-e-sai-do-z-4\/\",\"name\":\"Vit\u00f3ria vence o RB Bragantino com gol no 2\u00ba tempo e sai do Z-4 - Brasil not\u00edcias\",\"isPartOf\":{\"@id\":\"https:\/\/brasilnoticias.org\/site\/#website\"},\"primaryImageOfPage\":{\"@id\":\"https:\/\/brasilnoticias.org\/site\/vitoria-vence-o-rb-bragantino-com-gol-no-2o-tempo-e-sai-do-z-4\/#primaryimage\"},\"image\":{\"@id\":\"https:\/\/brasilnoticias.org\/site\/vitoria-vence-o-rb-bragantino-com-gol-no-2o-tempo-e-sai-do-z-4\/#primaryimage\"},\"thumbnailUrl\":\"https:\/\/brasilnoticias.org\/site\/wp-content\/uploads\/2024\/10\/IMAGEM_NOTICIA_0-5-1.jpg\",\"datePublished\":\"2024-10-20T23:24:51+00:00\",\"breadcrumb\":{\"@id\":\"https:\/\/brasilnoticias.org\/site\/vitoria-vence-o-rb-bragantino-com-gol-no-2o-tempo-e-sai-do-z-4\/#breadcrumb\"},\"inLanguage\":\"pt-PT\",\"potentialAction\":[{\"@type\":\"ReadAction\",\"target\":[\"https:\/\/brasilnoticias.org\/site\/vitoria-vence-o-rb-bragantino-com-gol-no-2o-tempo-e-sai-do-z-4\/\"]}]},{\"@type\":\"ImageObject\",\"inLanguage\":\"pt-PT\",\"@id\":\"https:\/\/brasilnoticias.org\/site\/vitoria-vence-o-rb-bragantino-com-gol-no-2o-tempo-e-sai-do-z-4\/#primaryimage\",\"url\":\"https:\/\/brasilnoticias.org\/site\/wp-content\/uploads\/2024\/10\/IMAGEM_NOTICIA_0-5-1.jpg\",\"contentUrl\":\"https:\/\/brasilnoticias.org\/site\/wp-content\/uploads\/2024\/10\/IMAGEM_NOTICIA_0-5-1.jpg\",\"width\":850,\"height\":400},{\"@type\":\"BreadcrumbList\",\"@id\":\"https:\/\/brasilnoticias.org\/site\/vitoria-vence-o-rb-bragantino-com-gol-no-2o-tempo-e-sai-do-z-4\/#breadcrumb\",\"itemListElement\":[{\"@type\":\"ListItem\",\"position\":1,\"name\":\"In\u00edcio\",\"item\":\"https:\/\/brasilnoticias.org\/site\/\"},{\"@type\":\"ListItem\",\"position\":2,\"name\":\"Vit\u00f3ria vence o RB Bragantino com gol no 2\u00ba tempo e sai do Z-4\"}]},{\"@type\":\"WebSite\",\"@id\":\"https:\/\/brasilnoticias.org\/site\/#website\",\"url\":\"https:\/\/brasilnoticias.org\/site\/\",\"name\":\"Brasil not\u00edcias\",\"description\":\"Brasil not\u00edcias\",\"publisher\":{\"@id\":\"https:\/\/brasilnoticias.org\/site\/#organization\"},\"potentialAction\":[{\"@type\":\"SearchAction\",\"target\":{\"@type\":\"EntryPoint\",\"urlTemplate\":\"https:\/\/brasilnoticias.org\/site\/?s={search_term_string}\"},\"query-input\":{\"@type\":\"PropertyValueSpecification\",\"valueRequired\":true,\"valueName\":\"search_term_string\"}}],\"inLanguage\":\"pt-PT\"},{\"@type\":\"Organization\",\"@id\":\"https:\/\/brasilnoticias.org\/site\/#organization\",\"name\":\"Brasil not\u00edcias\",\"url\":\"https:\/\/brasilnoticias.org\/site\/\",\"logo\":{\"@type\":\"ImageObject\",\"inLanguage\":\"pt-PT\",\"@id\":\"https:\/\/brasilnoticias.org\/site\/#\/schema\/logo\/image\/\",\"url\":\"https:\/\/brasilnoticias.org\/site\/wp-content\/uploads\/2022\/05\/cropped-brasilnoticias-mini.jpg\",\"contentUrl\":\"https:\/\/brasilnoticias.org\/site\/wp-content\/uploads\/2022\/05\/cropped-brasilnoticias-mini.jpg\",\"width\":314,\"height\":86,\"caption\":\"Brasil not\u00edcias\"},\"image\":{\"@id\":\"https:\/\/brasilnoticias.org\/site\/#\/schema\/logo\/image\/\"}},{\"@type\":\"Person\",\"@id\":\"https:\/\/brasilnoticias.org\/site\/#\/schema\/person\/03bbbfe6c7634ad18c26444ea39049fa\",\"name\":\"Reda\u00e7\u00e3o\",\"image\":{\"@type\":\"ImageObject\",\"inLanguage\":\"pt-PT\",\"@id\":\"https:\/\/brasilnoticias.org\/site\/#\/schema\/person\/image\/\",\"url\":\"https:\/\/secure.gravatar.com\/avatar\/9ecaf7327a696cb23ad926fedded5f1f04d7049de9e445375d55b48c001a6e42?s=96&d=mm&r=g\",\"contentUrl\":\"https:\/\/secure.gravatar.com\/avatar\/9ecaf7327a696cb23ad926fedded5f1f04d7049de9e445375d55b48c001a6e42?s=96&d=mm&r=g\",\"caption\":\"Reda\u00e7\u00e3o\"},\"url\":\"https:\/\/brasilnoticias.org\/site\/author\/henrique\/\"}]}<\/script>\n<!-- \/ Yoast SEO plugin. -->","yoast_head_json":{"title":"Vit\u00f3ria vence o RB Bragantino com gol no 2\u00ba tempo e sai do Z-4 - Brasil not\u00edcias","robots":{"index":"index","follow":"follow","max-snippet":"max-snippet:-1","max-image-preview":"max-image-preview:large","max-video-preview":"max-video-preview:-1"},"canonical":"https:\/\/brasilnoticias.org\/site\/vitoria-vence-o-rb-bragantino-com-gol-no-2o-tempo-e-sai-do-z-4\/","og_locale":"pt_PT","og_type":"article","og_title":"Vit\u00f3ria vence o RB Bragantino com gol no 2\u00ba tempo e sai do Z-4 - Brasil not\u00edcias","og_description":"O Vit\u00f3ria conquistou mais tr\u00eas importantes pontos na luta contra o rebaixamento, ao bater o Red Bull Bragantino por 1","og_url":"https:\/\/brasilnoticias.org\/site\/vitoria-vence-o-rb-bragantino-com-gol-no-2o-tempo-e-sai-do-z-4\/","og_site_name":"Brasil not\u00edcias","article_published_time":"2024-10-20T23:24:51+00:00","og_image":[{"width":850,"height":400,"url":"https:\/\/brasilnoticias.org\/site\/wp-content\/uploads\/2024\/10\/IMAGEM_NOTICIA_0-5-1.jpg","type":"image\/jpeg"}],"author":"Reda\u00e7\u00e3o","twitter_card":"summary_large_image","twitter_misc":{"Escrito por":"Reda\u00e7\u00e3o"},"schema":{"@context":"https:\/\/schema.org","@graph":[{"@type":"Article","@id":"https:\/\/brasilnoticias.org\/site\/vitoria-vence-o-rb-bragantino-com-gol-no-2o-tempo-e-sai-do-z-4\/#article","isPartOf":{"@id":"https:\/\/brasilnoticias.org\/site\/vitoria-vence-o-rb-bragantino-com-gol-no-2o-tempo-e-sai-do-z-4\/"},"author":{"name":"Reda\u00e7\u00e3o","@id":"https:\/\/brasilnoticias.org\/site\/#\/schema\/person\/03bbbfe6c7634ad18c26444ea39049fa"},"headline":"Vit\u00f3ria vence o RB Bragantino com gol no 2\u00ba tempo e sai do Z-4","datePublished":"2024-10-20T23:24:51+00:00","mainEntityOfPage":{"@id":"https:\/\/brasilnoticias.org\/site\/vitoria-vence-o-rb-bragantino-com-gol-no-2o-tempo-e-sai-do-z-4\/"},"wordCount":197,"commentCount":0,"publisher":{"@id":"https:\/\/brasilnoticias.org\/site\/#organization"},"image":{"@id":"https:\/\/brasilnoticias.org\/site\/vitoria-vence-o-rb-bragantino-com-gol-no-2o-tempo-e-sai-do-z-4\/#primaryimage"},"thumbnailUrl":"https:\/\/brasilnoticias.org\/site\/wp-content\/uploads\/2024\/10\/IMAGEM_NOTICIA_0-5-1.jpg","articleSection":["Esporte","\u00daltimas"],"inLanguage":"pt-PT","potentialAction":[{"@type":"CommentAction","name":"Comment","target":["https:\/\/brasilnoticias.org\/site\/vitoria-vence-o-rb-bragantino-com-gol-no-2o-tempo-e-sai-do-z-4\/#respond"]}]},{"@type":"WebPage","@id":"https:\/\/brasilnoticias.org\/site\/vitoria-vence-o-rb-bragantino-com-gol-no-2o-tempo-e-sai-do-z-4\/","url":"https:\/\/brasilnoticias.org\/site\/vitoria-vence-o-rb-bragantino-com-gol-no-2o-tempo-e-sai-do-z-4\/","name":"Vit\u00f3ria vence o RB Bragantino com gol no 2\u00ba tempo e sai do Z-4 - Brasil not\u00edcias","isPartOf":{"@id":"https:\/\/brasilnoticias.org\/site\/#website"},"primaryImageOfPage":{"@id":"https:\/\/brasilnoticias.org\/site\/vitoria-vence-o-rb-bragantino-com-gol-no-2o-tempo-e-sai-do-z-4\/#primaryimage"},"image":{"@id":"https:\/\/brasilnoticias.org\/site\/vitoria-vence-o-rb-bragantino-com-gol-no-2o-tempo-e-sai-do-z-4\/#primaryimage"},"thumbnailUrl":"https:\/\/brasilnoticias.org\/site\/wp-content\/uploads\/2024\/10\/IMAGEM_NOTICIA_0-5-1.jpg","datePublished":"2024-10-20T23:24:51+00:00","breadcrumb":{"@id":"https:\/\/brasilnoticias.org\/site\/vitoria-vence-o-rb-bragantino-com-gol-no-2o-tempo-e-sai-do-z-4\/#breadcrumb"},"inLanguage":"pt-PT","potentialAction":[{"@type":"ReadAction","target":["https:\/\/brasilnoticias.org\/site\/vitoria-vence-o-rb-bragantino-com-gol-no-2o-tempo-e-sai-do-z-4\/"]}]},{"@type":"ImageObject","inLanguage":"pt-PT","@id":"https:\/\/brasilnoticias.org\/site\/vitoria-vence-o-rb-bragantino-com-gol-no-2o-tempo-e-sai-do-z-4\/#primaryimage","url":"https:\/\/brasilnoticias.org\/site\/wp-content\/uploads\/2024\/10\/IMAGEM_NOTICIA_0-5-1.jpg","contentUrl":"https:\/\/brasilnoticias.org\/site\/wp-content\/uploads\/2024\/10\/IMAGEM_NOTICIA_0-5-1.jpg","width":850,"height":400},{"@type":"BreadcrumbList","@id":"https:\/\/brasilnoticias.org\/site\/vitoria-vence-o-rb-bragantino-com-gol-no-2o-tempo-e-sai-do-z-4\/#breadcrumb","itemListElement":[{"@type":"ListItem","position":1,"name":"In\u00edcio","item":"https:\/\/brasilnoticias.org\/site\/"},{"@type":"ListItem","position":2,"name":"Vit\u00f3ria vence o RB Bragantino com gol no 2\u00ba tempo e sai do Z-4"}]},{"@type":"WebSite","@id":"https:\/\/brasilnoticias.org\/site\/#website","url":"https:\/\/brasilnoticias.org\/site\/","name":"Brasil not\u00edcias","description":"Brasil not\u00edcias","publisher":{"@id":"https:\/\/brasilnoticias.org\/site\/#organization"},"potentialAction":[{"@type":"SearchAction","target":{"@type":"EntryPoint","urlTemplate":"https:\/\/brasilnoticias.org\/site\/?s={search_term_string}"},"query-input":{"@type":"PropertyValueSpecification","valueRequired":true,"valueName":"search_term_string"}}],"inLanguage":"pt-PT"},{"@type":"Organization","@id":"https:\/\/brasilnoticias.org\/site\/#organization","name":"Brasil not\u00edcias","url":"https:\/\/brasilnoticias.org\/site\/","logo":{"@type":"ImageObject","inLanguage":"pt-PT","@id":"https:\/\/brasilnoticias.org\/site\/#\/schema\/logo\/image\/","url":"https:\/\/brasilnoticias.org\/site\/wp-content\/uploads\/2022\/05\/cropped-brasilnoticias-mini.jpg","contentUrl":"https:\/\/brasilnoticias.org\/site\/wp-content\/uploads\/2022\/05\/cropped-brasilnoticias-mini.jpg","width":314,"height":86,"caption":"Brasil not\u00edcias"},"image":{"@id":"https:\/\/brasilnoticias.org\/site\/#\/schema\/logo\/image\/"}},{"@type":"Person","@id":"https:\/\/brasilnoticias.org\/site\/#\/schema\/person\/03bbbfe6c7634ad18c26444ea39049fa","name":"Reda\u00e7\u00e3o","image":{"@type":"ImageObject","inLanguage":"pt-PT","@id":"https:\/\/brasilnoticias.org\/site\/#\/schema\/person\/image\/","url":"https:\/\/secure.gravatar.com\/avatar\/9ecaf7327a696cb23ad926fedded5f1f04d7049de9e445375d55b48c001a6e42?s=96&d=mm&r=g","contentUrl":"https:\/\/secure.gravatar.com\/avatar\/9ecaf7327a696cb23ad926fedded5f1f04d7049de9e445375d55b48c001a6e42?s=96&d=mm&r=g","caption":"Reda\u00e7\u00e3o"},"url":"https:\/\/brasilnoticias.org\/site\/author\/henrique\/"}]}},"_links":{"self":[{"href":"https:\/\/brasilnoticias.org\/site\/wp-json\/wp\/v2\/posts\/16185","targetHints":{"allow":["GET"]}}],"collection":[{"href":"https:\/\/brasilnoticias.org\/site\/wp-json\/wp\/v2\/posts"}],"about":[{"href":"https:\/\/brasilnoticias.org\/site\/wp-json\/wp\/v2\/types\/post"}],"author":[{"embeddable":true,"href":"https:\/\/brasilnoticias.org\/site\/wp-json\/wp\/v2\/users\/4"}],"replies":[{"embeddable":true,"href":"https:\/\/brasilnoticias.org\/site\/wp-json\/wp\/v2\/comments?post=16185"}],"version-history":[{"count":1,"href":"https:\/\/brasilnoticias.org\/site\/wp-json\/wp\/v2\/posts\/16185\/revisions"}],"predecessor-version":[{"id":16187,"href":"https:\/\/brasilnoticias.org\/site\/wp-json\/wp\/v2\/posts\/16185\/revisions\/16187"}],"wp:featuredmedia":[{"embeddable":true,"href":"https:\/\/brasilnoticias.org\/site\/wp-json\/wp\/v2\/media\/16186"}],"wp:attachment":[{"href":"https:\/\/brasilnoticias.org\/site\/wp-json\/wp\/v2\/media?parent=16185"}],"wp:term":[{"taxonomy":"category","embeddable":true,"href":"https:\/\/brasilnoticias.org\/site\/wp-json\/wp\/v2\/categories?post=16185"},{"taxonomy":"post_tag","embeddable":true,"href":"https:\/\/brasilnoticias.org\/site\/wp-json\/wp\/v2\/tags?post=16185"}],"curies":[{"name":"wp","href":"https:\/\/api.w.org\/{rel}","templated":true}]}}