{"id":16229,"date":"2024-10-28T19:20:37","date_gmt":"2024-10-28T22:20:37","guid":{"rendered":"https:\/\/brasilnoticias.org\/site\/?p=16229"},"modified":"2024-10-28T19:20:37","modified_gmt":"2024-10-28T22:20:37","slug":"pl-mulher-salvador-apoia-evento-alusivo-ao-outubro-rosa-e-valorizacao-feminina-na-capital-baiana","status":"publish","type":"post","link":"https:\/\/brasilnoticias.org\/site\/pl-mulher-salvador-apoia-evento-alusivo-ao-outubro-rosa-e-valorizacao-feminina-na-capital-baiana\/","title":{"rendered":"PL Mulher Salvador apoia evento alusivo ao Outubro Rosa e valoriza\u00e7\u00e3o feminina na capital baiana"},"content":{"rendered":"<p>No \u00faltimo s\u00e1bado (26), o PL Mulher Salvador, que \u00e9 presidido pela ex-vereador Lorena Brand\u00e3o, apoiou a realiza\u00e7\u00e3o do evento Sororidade em A\u00e7\u00e3o, em alus\u00e3o ao Outubro Rosa, tradicional m\u00eas onde \u00e9 abordado com maior \u00eanfase o combate ao c\u00e2ncer de mama. <\/p>\n<p>Realizado na Igreja Batista do Caminho das \u00c1rvores, no bairro de Sete de Abril, o evento contou com a organiza\u00e7\u00e3o do Instituto Isoror e da Funda\u00e7\u00e3o ADM, as participantes do encontro receberam  atendimento m\u00e9dico, massagem corporal e facial, oficina de maquiagem, aferi\u00e7\u00e3o de press\u00e3o e glicemia, al\u00e9m de palestras que abordaram o tema da campanha: \u201cOutubro Rosa: Mulher, seu corpo, sua vida!&#8221;.<\/p>\n<p>&#8220;Essa foi mais um a\u00e7\u00e3o de valoriza\u00e7\u00e3o feminina, de lembrar que devemos, sim, nos importar com o nosso corpo e com a nossa sa\u00fade. Foi um momento de conhecimento, de debate, de muita riqueza e informa\u00e7\u00e3o. Al\u00e9m de tudo isso, de valoriza\u00e7\u00e3o tamb\u00e9m, pois a figura feminina, maioria na sociedade, tem o seu valor&#8221;, disse Lorena \u00e0 reportagem.<\/p>\n","protected":false},"excerpt":{"rendered":"<p>No \u00faltimo s\u00e1bado (26), o PL Mulher Salvador, que \u00e9 presidido pela ex-vereador Lorena Brand\u00e3o, apoiou a realiza\u00e7\u00e3o do evento<\/p>\n","protected":false},"author":4,"featured_media":16230,"comment_status":"open","ping_status":"open","sticky":false,"template":"","format":"standard","meta":{"colormag_page_container_layout":"default_layout","colormag_page_sidebar_layout":"default_layout","_FSMCFIC_featured_image_caption":"","_FSMCFIC_featured_image_nocaption":"","_FSMCFIC_featured_image_hide":"","footnotes":""},"categories":[2,1],"tags":[],"class_list":["post-16229","post","type-post","status-publish","format-standard","has-post-thumbnail","hentry","category-noticias","category-ultimas"],"yoast_head":"<!-- This site is optimized with the Yoast SEO plugin v27.1.1 - https:\/\/yoast.com\/product\/yoast-seo-wordpress\/ -->\n<title>PL Mulher Salvador apoia evento alusivo ao Outubro Rosa e valoriza\u00e7\u00e3o feminina na capital baiana - Brasil not\u00edcias<\/title>\n<meta name=\"robots\" content=\"index, follow, max-snippet:-1, max-image-preview:large, max-video-preview:-1\" \/>\n<link rel=\"canonical\" href=\"https:\/\/brasilnoticias.org\/site\/pl-mulher-salvador-apoia-evento-alusivo-ao-outubro-rosa-e-valorizacao-feminina-na-capital-baiana\/\" \/>\n<meta property=\"og:locale\" content=\"pt_PT\" \/>\n<meta property=\"og:type\" content=\"article\" \/>\n<meta property=\"og:title\" content=\"PL Mulher Salvador apoia evento alusivo ao Outubro Rosa e valoriza\u00e7\u00e3o feminina na capital baiana - Brasil not\u00edcias\" \/>\n<meta property=\"og:description\" content=\"No \u00faltimo s\u00e1bado (26), o PL Mulher Salvador, que \u00e9 presidido pela ex-vereador Lorena Brand\u00e3o, apoiou a realiza\u00e7\u00e3o do evento\" \/>\n<meta property=\"og:url\" content=\"https:\/\/brasilnoticias.org\/site\/pl-mulher-salvador-apoia-evento-alusivo-ao-outubro-rosa-e-valorizacao-feminina-na-capital-baiana\/\" \/>\n<meta property=\"og:site_name\" content=\"Brasil not\u00edcias\" \/>\n<meta property=\"article:published_time\" content=\"2024-10-28T22:20:37+00:00\" \/>\n<meta property=\"og:image\" content=\"https:\/\/brasilnoticias.org\/site\/wp-content\/uploads\/2024\/10\/IMAGEM_NOTICIA_0-1-5.jpg\" \/>\n\t<meta property=\"og:image:width\" content=\"850\" \/>\n\t<meta property=\"og:image:height\" content=\"400\" \/>\n\t<meta property=\"og:image:type\" content=\"image\/jpeg\" \/>\n<meta name=\"author\" content=\"Reda\u00e7\u00e3o\" \/>\n<meta name=\"twitter:card\" content=\"summary_large_image\" \/>\n<meta name=\"twitter:label1\" content=\"Escrito por\" \/>\n\t<meta name=\"twitter:data1\" content=\"Reda\u00e7\u00e3o\" \/>\n\t<meta name=\"twitter:label2\" content=\"Tempo estimado de leitura\" \/>\n\t<meta name=\"twitter:data2\" content=\"1 minuto\" \/>\n<script type=\"application\/ld+json\" class=\"yoast-schema-graph\">{\"@context\":\"https:\/\/schema.org\",\"@graph\":[{\"@type\":\"Article\",\"@id\":\"https:\/\/brasilnoticias.org\/site\/pl-mulher-salvador-apoia-evento-alusivo-ao-outubro-rosa-e-valorizacao-feminina-na-capital-baiana\/#article\",\"isPartOf\":{\"@id\":\"https:\/\/brasilnoticias.org\/site\/pl-mulher-salvador-apoia-evento-alusivo-ao-outubro-rosa-e-valorizacao-feminina-na-capital-baiana\/\"},\"author\":{\"name\":\"Reda\u00e7\u00e3o\",\"@id\":\"https:\/\/brasilnoticias.org\/site\/#\/schema\/person\/03bbbfe6c7634ad18c26444ea39049fa\"},\"headline\":\"PL Mulher Salvador apoia evento alusivo ao Outubro Rosa e valoriza\u00e7\u00e3o feminina na capital baiana\",\"datePublished\":\"2024-10-28T22:20:37+00:00\",\"mainEntityOfPage\":{\"@id\":\"https:\/\/brasilnoticias.org\/site\/pl-mulher-salvador-apoia-evento-alusivo-ao-outubro-rosa-e-valorizacao-feminina-na-capital-baiana\/\"},\"wordCount\":194,\"commentCount\":0,\"publisher\":{\"@id\":\"https:\/\/brasilnoticias.org\/site\/#organization\"},\"image\":{\"@id\":\"https:\/\/brasilnoticias.org\/site\/pl-mulher-salvador-apoia-evento-alusivo-ao-outubro-rosa-e-valorizacao-feminina-na-capital-baiana\/#primaryimage\"},\"thumbnailUrl\":\"https:\/\/brasilnoticias.org\/site\/wp-content\/uploads\/2024\/10\/IMAGEM_NOTICIA_0-1-5.jpg\",\"articleSection\":[\"Not\u00edcias\",\"\u00daltimas\"],\"inLanguage\":\"pt-PT\",\"potentialAction\":[{\"@type\":\"CommentAction\",\"name\":\"Comment\",\"target\":[\"https:\/\/brasilnoticias.org\/site\/pl-mulher-salvador-apoia-evento-alusivo-ao-outubro-rosa-e-valorizacao-feminina-na-capital-baiana\/#respond\"]}]},{\"@type\":\"WebPage\",\"@id\":\"https:\/\/brasilnoticias.org\/site\/pl-mulher-salvador-apoia-evento-alusivo-ao-outubro-rosa-e-valorizacao-feminina-na-capital-baiana\/\",\"url\":\"https:\/\/brasilnoticias.org\/site\/pl-mulher-salvador-apoia-evento-alusivo-ao-outubro-rosa-e-valorizacao-feminina-na-capital-baiana\/\",\"name\":\"PL Mulher Salvador apoia evento alusivo ao Outubro Rosa e valoriza\u00e7\u00e3o feminina na capital baiana - Brasil not\u00edcias\",\"isPartOf\":{\"@id\":\"https:\/\/brasilnoticias.org\/site\/#website\"},\"primaryImageOfPage\":{\"@id\":\"https:\/\/brasilnoticias.org\/site\/pl-mulher-salvador-apoia-evento-alusivo-ao-outubro-rosa-e-valorizacao-feminina-na-capital-baiana\/#primaryimage\"},\"image\":{\"@id\":\"https:\/\/brasilnoticias.org\/site\/pl-mulher-salvador-apoia-evento-alusivo-ao-outubro-rosa-e-valorizacao-feminina-na-capital-baiana\/#primaryimage\"},\"thumbnailUrl\":\"https:\/\/brasilnoticias.org\/site\/wp-content\/uploads\/2024\/10\/IMAGEM_NOTICIA_0-1-5.jpg\",\"datePublished\":\"2024-10-28T22:20:37+00:00\",\"breadcrumb\":{\"@id\":\"https:\/\/brasilnoticias.org\/site\/pl-mulher-salvador-apoia-evento-alusivo-ao-outubro-rosa-e-valorizacao-feminina-na-capital-baiana\/#breadcrumb\"},\"inLanguage\":\"pt-PT\",\"potentialAction\":[{\"@type\":\"ReadAction\",\"target\":[\"https:\/\/brasilnoticias.org\/site\/pl-mulher-salvador-apoia-evento-alusivo-ao-outubro-rosa-e-valorizacao-feminina-na-capital-baiana\/\"]}]},{\"@type\":\"ImageObject\",\"inLanguage\":\"pt-PT\",\"@id\":\"https:\/\/brasilnoticias.org\/site\/pl-mulher-salvador-apoia-evento-alusivo-ao-outubro-rosa-e-valorizacao-feminina-na-capital-baiana\/#primaryimage\",\"url\":\"https:\/\/brasilnoticias.org\/site\/wp-content\/uploads\/2024\/10\/IMAGEM_NOTICIA_0-1-5.jpg\",\"contentUrl\":\"https:\/\/brasilnoticias.org\/site\/wp-content\/uploads\/2024\/10\/IMAGEM_NOTICIA_0-1-5.jpg\",\"width\":850,\"height\":400},{\"@type\":\"BreadcrumbList\",\"@id\":\"https:\/\/brasilnoticias.org\/site\/pl-mulher-salvador-apoia-evento-alusivo-ao-outubro-rosa-e-valorizacao-feminina-na-capital-baiana\/#breadcrumb\",\"itemListElement\":[{\"@type\":\"ListItem\",\"position\":1,\"name\":\"In\u00edcio\",\"item\":\"https:\/\/brasilnoticias.org\/site\/\"},{\"@type\":\"ListItem\",\"position\":2,\"name\":\"PL Mulher Salvador apoia evento alusivo ao Outubro Rosa e valoriza\u00e7\u00e3o feminina na capital baiana\"}]},{\"@type\":\"WebSite\",\"@id\":\"https:\/\/brasilnoticias.org\/site\/#website\",\"url\":\"https:\/\/brasilnoticias.org\/site\/\",\"name\":\"Brasil not\u00edcias\",\"description\":\"Brasil not\u00edcias\",\"publisher\":{\"@id\":\"https:\/\/brasilnoticias.org\/site\/#organization\"},\"potentialAction\":[{\"@type\":\"SearchAction\",\"target\":{\"@type\":\"EntryPoint\",\"urlTemplate\":\"https:\/\/brasilnoticias.org\/site\/?s={search_term_string}\"},\"query-input\":{\"@type\":\"PropertyValueSpecification\",\"valueRequired\":true,\"valueName\":\"search_term_string\"}}],\"inLanguage\":\"pt-PT\"},{\"@type\":\"Organization\",\"@id\":\"https:\/\/brasilnoticias.org\/site\/#organization\",\"name\":\"Brasil not\u00edcias\",\"url\":\"https:\/\/brasilnoticias.org\/site\/\",\"logo\":{\"@type\":\"ImageObject\",\"inLanguage\":\"pt-PT\",\"@id\":\"https:\/\/brasilnoticias.org\/site\/#\/schema\/logo\/image\/\",\"url\":\"https:\/\/brasilnoticias.org\/site\/wp-content\/uploads\/2022\/05\/cropped-brasilnoticias-mini.jpg\",\"contentUrl\":\"https:\/\/brasilnoticias.org\/site\/wp-content\/uploads\/2022\/05\/cropped-brasilnoticias-mini.jpg\",\"width\":314,\"height\":86,\"caption\":\"Brasil not\u00edcias\"},\"image\":{\"@id\":\"https:\/\/brasilnoticias.org\/site\/#\/schema\/logo\/image\/\"}},{\"@type\":\"Person\",\"@id\":\"https:\/\/brasilnoticias.org\/site\/#\/schema\/person\/03bbbfe6c7634ad18c26444ea39049fa\",\"name\":\"Reda\u00e7\u00e3o\",\"image\":{\"@type\":\"ImageObject\",\"inLanguage\":\"pt-PT\",\"@id\":\"https:\/\/brasilnoticias.org\/site\/#\/schema\/person\/image\/\",\"url\":\"https:\/\/secure.gravatar.com\/avatar\/9ecaf7327a696cb23ad926fedded5f1f04d7049de9e445375d55b48c001a6e42?s=96&d=mm&r=g\",\"contentUrl\":\"https:\/\/secure.gravatar.com\/avatar\/9ecaf7327a696cb23ad926fedded5f1f04d7049de9e445375d55b48c001a6e42?s=96&d=mm&r=g\",\"caption\":\"Reda\u00e7\u00e3o\"},\"url\":\"https:\/\/brasilnoticias.org\/site\/author\/henrique\/\"}]}<\/script>\n<!-- \/ Yoast SEO plugin. -->","yoast_head_json":{"title":"PL Mulher Salvador apoia evento alusivo ao Outubro Rosa e valoriza\u00e7\u00e3o feminina na capital baiana - Brasil not\u00edcias","robots":{"index":"index","follow":"follow","max-snippet":"max-snippet:-1","max-image-preview":"max-image-preview:large","max-video-preview":"max-video-preview:-1"},"canonical":"https:\/\/brasilnoticias.org\/site\/pl-mulher-salvador-apoia-evento-alusivo-ao-outubro-rosa-e-valorizacao-feminina-na-capital-baiana\/","og_locale":"pt_PT","og_type":"article","og_title":"PL Mulher Salvador apoia evento alusivo ao Outubro Rosa e valoriza\u00e7\u00e3o feminina na capital baiana - Brasil not\u00edcias","og_description":"No \u00faltimo s\u00e1bado (26), o PL Mulher Salvador, que \u00e9 presidido pela ex-vereador Lorena Brand\u00e3o, apoiou a realiza\u00e7\u00e3o do evento","og_url":"https:\/\/brasilnoticias.org\/site\/pl-mulher-salvador-apoia-evento-alusivo-ao-outubro-rosa-e-valorizacao-feminina-na-capital-baiana\/","og_site_name":"Brasil not\u00edcias","article_published_time":"2024-10-28T22:20:37+00:00","og_image":[{"width":850,"height":400,"url":"https:\/\/brasilnoticias.org\/site\/wp-content\/uploads\/2024\/10\/IMAGEM_NOTICIA_0-1-5.jpg","type":"image\/jpeg"}],"author":"Reda\u00e7\u00e3o","twitter_card":"summary_large_image","twitter_misc":{"Escrito por":"Reda\u00e7\u00e3o","Tempo estimado de leitura":"1 minuto"},"schema":{"@context":"https:\/\/schema.org","@graph":[{"@type":"Article","@id":"https:\/\/brasilnoticias.org\/site\/pl-mulher-salvador-apoia-evento-alusivo-ao-outubro-rosa-e-valorizacao-feminina-na-capital-baiana\/#article","isPartOf":{"@id":"https:\/\/brasilnoticias.org\/site\/pl-mulher-salvador-apoia-evento-alusivo-ao-outubro-rosa-e-valorizacao-feminina-na-capital-baiana\/"},"author":{"name":"Reda\u00e7\u00e3o","@id":"https:\/\/brasilnoticias.org\/site\/#\/schema\/person\/03bbbfe6c7634ad18c26444ea39049fa"},"headline":"PL Mulher Salvador apoia evento alusivo ao Outubro Rosa e valoriza\u00e7\u00e3o feminina na capital baiana","datePublished":"2024-10-28T22:20:37+00:00","mainEntityOfPage":{"@id":"https:\/\/brasilnoticias.org\/site\/pl-mulher-salvador-apoia-evento-alusivo-ao-outubro-rosa-e-valorizacao-feminina-na-capital-baiana\/"},"wordCount":194,"commentCount":0,"publisher":{"@id":"https:\/\/brasilnoticias.org\/site\/#organization"},"image":{"@id":"https:\/\/brasilnoticias.org\/site\/pl-mulher-salvador-apoia-evento-alusivo-ao-outubro-rosa-e-valorizacao-feminina-na-capital-baiana\/#primaryimage"},"thumbnailUrl":"https:\/\/brasilnoticias.org\/site\/wp-content\/uploads\/2024\/10\/IMAGEM_NOTICIA_0-1-5.jpg","articleSection":["Not\u00edcias","\u00daltimas"],"inLanguage":"pt-PT","potentialAction":[{"@type":"CommentAction","name":"Comment","target":["https:\/\/brasilnoticias.org\/site\/pl-mulher-salvador-apoia-evento-alusivo-ao-outubro-rosa-e-valorizacao-feminina-na-capital-baiana\/#respond"]}]},{"@type":"WebPage","@id":"https:\/\/brasilnoticias.org\/site\/pl-mulher-salvador-apoia-evento-alusivo-ao-outubro-rosa-e-valorizacao-feminina-na-capital-baiana\/","url":"https:\/\/brasilnoticias.org\/site\/pl-mulher-salvador-apoia-evento-alusivo-ao-outubro-rosa-e-valorizacao-feminina-na-capital-baiana\/","name":"PL Mulher Salvador apoia evento alusivo ao Outubro Rosa e valoriza\u00e7\u00e3o feminina na capital baiana - Brasil not\u00edcias","isPartOf":{"@id":"https:\/\/brasilnoticias.org\/site\/#website"},"primaryImageOfPage":{"@id":"https:\/\/brasilnoticias.org\/site\/pl-mulher-salvador-apoia-evento-alusivo-ao-outubro-rosa-e-valorizacao-feminina-na-capital-baiana\/#primaryimage"},"image":{"@id":"https:\/\/brasilnoticias.org\/site\/pl-mulher-salvador-apoia-evento-alusivo-ao-outubro-rosa-e-valorizacao-feminina-na-capital-baiana\/#primaryimage"},"thumbnailUrl":"https:\/\/brasilnoticias.org\/site\/wp-content\/uploads\/2024\/10\/IMAGEM_NOTICIA_0-1-5.jpg","datePublished":"2024-10-28T22:20:37+00:00","breadcrumb":{"@id":"https:\/\/brasilnoticias.org\/site\/pl-mulher-salvador-apoia-evento-alusivo-ao-outubro-rosa-e-valorizacao-feminina-na-capital-baiana\/#breadcrumb"},"inLanguage":"pt-PT","potentialAction":[{"@type":"ReadAction","target":["https:\/\/brasilnoticias.org\/site\/pl-mulher-salvador-apoia-evento-alusivo-ao-outubro-rosa-e-valorizacao-feminina-na-capital-baiana\/"]}]},{"@type":"ImageObject","inLanguage":"pt-PT","@id":"https:\/\/brasilnoticias.org\/site\/pl-mulher-salvador-apoia-evento-alusivo-ao-outubro-rosa-e-valorizacao-feminina-na-capital-baiana\/#primaryimage","url":"https:\/\/brasilnoticias.org\/site\/wp-content\/uploads\/2024\/10\/IMAGEM_NOTICIA_0-1-5.jpg","contentUrl":"https:\/\/brasilnoticias.org\/site\/wp-content\/uploads\/2024\/10\/IMAGEM_NOTICIA_0-1-5.jpg","width":850,"height":400},{"@type":"BreadcrumbList","@id":"https:\/\/brasilnoticias.org\/site\/pl-mulher-salvador-apoia-evento-alusivo-ao-outubro-rosa-e-valorizacao-feminina-na-capital-baiana\/#breadcrumb","itemListElement":[{"@type":"ListItem","position":1,"name":"In\u00edcio","item":"https:\/\/brasilnoticias.org\/site\/"},{"@type":"ListItem","position":2,"name":"PL Mulher Salvador apoia evento alusivo ao Outubro Rosa e valoriza\u00e7\u00e3o feminina na capital baiana"}]},{"@type":"WebSite","@id":"https:\/\/brasilnoticias.org\/site\/#website","url":"https:\/\/brasilnoticias.org\/site\/","name":"Brasil not\u00edcias","description":"Brasil not\u00edcias","publisher":{"@id":"https:\/\/brasilnoticias.org\/site\/#organization"},"potentialAction":[{"@type":"SearchAction","target":{"@type":"EntryPoint","urlTemplate":"https:\/\/brasilnoticias.org\/site\/?s={search_term_string}"},"query-input":{"@type":"PropertyValueSpecification","valueRequired":true,"valueName":"search_term_string"}}],"inLanguage":"pt-PT"},{"@type":"Organization","@id":"https:\/\/brasilnoticias.org\/site\/#organization","name":"Brasil not\u00edcias","url":"https:\/\/brasilnoticias.org\/site\/","logo":{"@type":"ImageObject","inLanguage":"pt-PT","@id":"https:\/\/brasilnoticias.org\/site\/#\/schema\/logo\/image\/","url":"https:\/\/brasilnoticias.org\/site\/wp-content\/uploads\/2022\/05\/cropped-brasilnoticias-mini.jpg","contentUrl":"https:\/\/brasilnoticias.org\/site\/wp-content\/uploads\/2022\/05\/cropped-brasilnoticias-mini.jpg","width":314,"height":86,"caption":"Brasil not\u00edcias"},"image":{"@id":"https:\/\/brasilnoticias.org\/site\/#\/schema\/logo\/image\/"}},{"@type":"Person","@id":"https:\/\/brasilnoticias.org\/site\/#\/schema\/person\/03bbbfe6c7634ad18c26444ea39049fa","name":"Reda\u00e7\u00e3o","image":{"@type":"ImageObject","inLanguage":"pt-PT","@id":"https:\/\/brasilnoticias.org\/site\/#\/schema\/person\/image\/","url":"https:\/\/secure.gravatar.com\/avatar\/9ecaf7327a696cb23ad926fedded5f1f04d7049de9e445375d55b48c001a6e42?s=96&d=mm&r=g","contentUrl":"https:\/\/secure.gravatar.com\/avatar\/9ecaf7327a696cb23ad926fedded5f1f04d7049de9e445375d55b48c001a6e42?s=96&d=mm&r=g","caption":"Reda\u00e7\u00e3o"},"url":"https:\/\/brasilnoticias.org\/site\/author\/henrique\/"}]}},"_links":{"self":[{"href":"https:\/\/brasilnoticias.org\/site\/wp-json\/wp\/v2\/posts\/16229","targetHints":{"allow":["GET"]}}],"collection":[{"href":"https:\/\/brasilnoticias.org\/site\/wp-json\/wp\/v2\/posts"}],"about":[{"href":"https:\/\/brasilnoticias.org\/site\/wp-json\/wp\/v2\/types\/post"}],"author":[{"embeddable":true,"href":"https:\/\/brasilnoticias.org\/site\/wp-json\/wp\/v2\/users\/4"}],"replies":[{"embeddable":true,"href":"https:\/\/brasilnoticias.org\/site\/wp-json\/wp\/v2\/comments?post=16229"}],"version-history":[{"count":1,"href":"https:\/\/brasilnoticias.org\/site\/wp-json\/wp\/v2\/posts\/16229\/revisions"}],"predecessor-version":[{"id":16231,"href":"https:\/\/brasilnoticias.org\/site\/wp-json\/wp\/v2\/posts\/16229\/revisions\/16231"}],"wp:featuredmedia":[{"embeddable":true,"href":"https:\/\/brasilnoticias.org\/site\/wp-json\/wp\/v2\/media\/16230"}],"wp:attachment":[{"href":"https:\/\/brasilnoticias.org\/site\/wp-json\/wp\/v2\/media?parent=16229"}],"wp:term":[{"taxonomy":"category","embeddable":true,"href":"https:\/\/brasilnoticias.org\/site\/wp-json\/wp\/v2\/categories?post=16229"},{"taxonomy":"post_tag","embeddable":true,"href":"https:\/\/brasilnoticias.org\/site\/wp-json\/wp\/v2\/tags?post=16229"}],"curies":[{"name":"wp","href":"https:\/\/api.w.org\/{rel}","templated":true}]}}