{"id":16235,"date":"2024-10-28T19:22:50","date_gmt":"2024-10-28T22:22:50","guid":{"rendered":"https:\/\/brasilnoticias.org\/site\/?p=16235"},"modified":"2024-10-28T19:22:50","modified_gmt":"2024-10-28T22:22:50","slug":"deputados-do-pt-pl-e-solidariedade-declaram-apoio-a-reeleicao-de-adolfo-menezes","status":"publish","type":"post","link":"https:\/\/brasilnoticias.org\/site\/deputados-do-pt-pl-e-solidariedade-declaram-apoio-a-reeleicao-de-adolfo-menezes\/","title":{"rendered":"Deputados do PT, PL e Solidariedade declaram apoio \u00e0 reelei\u00e7\u00e3o de Adolfo Menezes"},"content":{"rendered":"<p>Dois parlamentares do PT declararam nesta segunda-feira (28) apoio \u00e0 reelei\u00e7\u00e3o do Adolfo Menezes (PSD) \u00e0 presid\u00eancia da Assembleia Legislativa: J\u00fanior Muniz e Euclides Fernandes. Al\u00e9m disso, os deputados Vitor Azevedo (PL) e Luciano Ara\u00fajo (Solidariedade) tamb\u00e9m se manifestaram a favor da recondu\u00e7\u00e3o do aliado na elei\u00e7\u00e3o que acontece no in\u00edcio de fevereiro de 2025. <\/p>\n<p>Em meio \u00e0 comemora\u00e7\u00e3o pela vit\u00f3ria do petista Luiz Caetano \u00e0 Prefeitura de Cama\u00e7ari, J\u00fanior Muniz afirmou que ser\u00e1 &#8220;cabo eleitoral&#8221; de Adolfo e lan\u00e7ou o nome como candidato a primeiro vice-presidente da Casa, cargo mais cobi\u00e7ado da Mesa Diretora depois da presid\u00eancia. <\/p>\n<p>&#8220;Assim como a maioria da Assembleia, estou com o presidente e n\u00e3o abro. Ele tem quase a unanimidade da Casa em fun\u00e7\u00e3o do trabalho s\u00e9rio que vem desempenhando, pela forma como trata os parlamentares. E cabe ao PT, pela proporcionalidade, ocupar a vaga de primeiro vice. Estou colocando o meu nome&#8221;, frisou. <\/p>\n<p>Vitor Azevedo disse que o apoio a Adolfo \u00e9 &#8220;total e irrestrito&#8221;. &#8220;Sou um admirador da forma como o presidente conduz os trabalhos na Casa. Desde o meu primeiro momento na Assembleia, eu sempre segui a orienta\u00e7\u00e3o e a lideran\u00e7a dele no Parlamento. Ent\u00e3o, vejo a recondu\u00e7\u00e3o de Adolfo com muita naturalidade, al\u00e9m de ser algo merecido&#8221;, pontuou. <\/p>\n<p>Com as declara\u00e7\u00f5es p\u00fablicas de hoje, Adolfo Menezes j\u00e1 soma 22 apoios abertos \u00e0 reelei\u00e7\u00e3o. Esta semana, o presidente da Assembleia deve receber, ainda, o aval da bancada do PP, composta por seis parlamentares.<\/p>\n","protected":false},"excerpt":{"rendered":"<p>Dois parlamentares do PT declararam nesta segunda-feira (28) apoio \u00e0 reelei\u00e7\u00e3o do Adolfo Menezes (PSD) \u00e0 presid\u00eancia da Assembleia Legislativa:<\/p>\n","protected":false},"author":4,"featured_media":16236,"comment_status":"open","ping_status":"open","sticky":false,"template":"","format":"standard","meta":{"colormag_page_container_layout":"default_layout","colormag_page_sidebar_layout":"default_layout","_FSMCFIC_featured_image_caption":"","_FSMCFIC_featured_image_nocaption":"","_FSMCFIC_featured_image_hide":"","footnotes":""},"categories":[5,1],"tags":[],"class_list":["post-16235","post","type-post","status-publish","format-standard","has-post-thumbnail","hentry","category-politica","category-ultimas"],"yoast_head":"<!-- This site is optimized with the Yoast SEO plugin v27.1.1 - https:\/\/yoast.com\/product\/yoast-seo-wordpress\/ -->\n<title>Deputados do PT, PL e Solidariedade declaram apoio \u00e0 reelei\u00e7\u00e3o de Adolfo Menezes - Brasil not\u00edcias<\/title>\n<meta name=\"robots\" content=\"index, follow, max-snippet:-1, max-image-preview:large, max-video-preview:-1\" \/>\n<link rel=\"canonical\" href=\"https:\/\/brasilnoticias.org\/site\/deputados-do-pt-pl-e-solidariedade-declaram-apoio-a-reeleicao-de-adolfo-menezes\/\" \/>\n<meta property=\"og:locale\" content=\"pt_PT\" \/>\n<meta property=\"og:type\" content=\"article\" \/>\n<meta property=\"og:title\" content=\"Deputados do PT, PL e Solidariedade declaram apoio \u00e0 reelei\u00e7\u00e3o de Adolfo Menezes - Brasil not\u00edcias\" \/>\n<meta property=\"og:description\" content=\"Dois parlamentares do PT declararam nesta segunda-feira (28) apoio \u00e0 reelei\u00e7\u00e3o do Adolfo Menezes (PSD) \u00e0 presid\u00eancia da Assembleia Legislativa:\" \/>\n<meta property=\"og:url\" content=\"https:\/\/brasilnoticias.org\/site\/deputados-do-pt-pl-e-solidariedade-declaram-apoio-a-reeleicao-de-adolfo-menezes\/\" \/>\n<meta property=\"og:site_name\" content=\"Brasil not\u00edcias\" \/>\n<meta property=\"article:published_time\" content=\"2024-10-28T22:22:50+00:00\" \/>\n<meta property=\"og:image\" content=\"https:\/\/brasilnoticias.org\/site\/wp-content\/uploads\/2024\/10\/IMAGEM_NOTICIA_1-7.jpg\" \/>\n\t<meta property=\"og:image:width\" content=\"600\" \/>\n\t<meta property=\"og:image:height\" content=\"430\" \/>\n\t<meta property=\"og:image:type\" content=\"image\/jpeg\" \/>\n<meta name=\"author\" content=\"Reda\u00e7\u00e3o\" \/>\n<meta name=\"twitter:card\" content=\"summary_large_image\" \/>\n<meta name=\"twitter:label1\" content=\"Escrito por\" \/>\n\t<meta name=\"twitter:data1\" content=\"Reda\u00e7\u00e3o\" \/>\n<script type=\"application\/ld+json\" class=\"yoast-schema-graph\">{\"@context\":\"https:\/\/schema.org\",\"@graph\":[{\"@type\":\"Article\",\"@id\":\"https:\/\/brasilnoticias.org\/site\/deputados-do-pt-pl-e-solidariedade-declaram-apoio-a-reeleicao-de-adolfo-menezes\/#article\",\"isPartOf\":{\"@id\":\"https:\/\/brasilnoticias.org\/site\/deputados-do-pt-pl-e-solidariedade-declaram-apoio-a-reeleicao-de-adolfo-menezes\/\"},\"author\":{\"name\":\"Reda\u00e7\u00e3o\",\"@id\":\"https:\/\/brasilnoticias.org\/site\/#\/schema\/person\/03bbbfe6c7634ad18c26444ea39049fa\"},\"headline\":\"Deputados do PT, PL e Solidariedade declaram apoio \u00e0 reelei\u00e7\u00e3o de Adolfo Menezes\",\"datePublished\":\"2024-10-28T22:22:50+00:00\",\"mainEntityOfPage\":{\"@id\":\"https:\/\/brasilnoticias.org\/site\/deputados-do-pt-pl-e-solidariedade-declaram-apoio-a-reeleicao-de-adolfo-menezes\/\"},\"wordCount\":273,\"commentCount\":0,\"publisher\":{\"@id\":\"https:\/\/brasilnoticias.org\/site\/#organization\"},\"image\":{\"@id\":\"https:\/\/brasilnoticias.org\/site\/deputados-do-pt-pl-e-solidariedade-declaram-apoio-a-reeleicao-de-adolfo-menezes\/#primaryimage\"},\"thumbnailUrl\":\"https:\/\/brasilnoticias.org\/site\/wp-content\/uploads\/2024\/10\/IMAGEM_NOTICIA_1-7.jpg\",\"articleSection\":[\"Pol\u00edtica\",\"\u00daltimas\"],\"inLanguage\":\"pt-PT\",\"potentialAction\":[{\"@type\":\"CommentAction\",\"name\":\"Comment\",\"target\":[\"https:\/\/brasilnoticias.org\/site\/deputados-do-pt-pl-e-solidariedade-declaram-apoio-a-reeleicao-de-adolfo-menezes\/#respond\"]}]},{\"@type\":\"WebPage\",\"@id\":\"https:\/\/brasilnoticias.org\/site\/deputados-do-pt-pl-e-solidariedade-declaram-apoio-a-reeleicao-de-adolfo-menezes\/\",\"url\":\"https:\/\/brasilnoticias.org\/site\/deputados-do-pt-pl-e-solidariedade-declaram-apoio-a-reeleicao-de-adolfo-menezes\/\",\"name\":\"Deputados do PT, PL e Solidariedade declaram apoio \u00e0 reelei\u00e7\u00e3o de Adolfo Menezes - Brasil not\u00edcias\",\"isPartOf\":{\"@id\":\"https:\/\/brasilnoticias.org\/site\/#website\"},\"primaryImageOfPage\":{\"@id\":\"https:\/\/brasilnoticias.org\/site\/deputados-do-pt-pl-e-solidariedade-declaram-apoio-a-reeleicao-de-adolfo-menezes\/#primaryimage\"},\"image\":{\"@id\":\"https:\/\/brasilnoticias.org\/site\/deputados-do-pt-pl-e-solidariedade-declaram-apoio-a-reeleicao-de-adolfo-menezes\/#primaryimage\"},\"thumbnailUrl\":\"https:\/\/brasilnoticias.org\/site\/wp-content\/uploads\/2024\/10\/IMAGEM_NOTICIA_1-7.jpg\",\"datePublished\":\"2024-10-28T22:22:50+00:00\",\"breadcrumb\":{\"@id\":\"https:\/\/brasilnoticias.org\/site\/deputados-do-pt-pl-e-solidariedade-declaram-apoio-a-reeleicao-de-adolfo-menezes\/#breadcrumb\"},\"inLanguage\":\"pt-PT\",\"potentialAction\":[{\"@type\":\"ReadAction\",\"target\":[\"https:\/\/brasilnoticias.org\/site\/deputados-do-pt-pl-e-solidariedade-declaram-apoio-a-reeleicao-de-adolfo-menezes\/\"]}]},{\"@type\":\"ImageObject\",\"inLanguage\":\"pt-PT\",\"@id\":\"https:\/\/brasilnoticias.org\/site\/deputados-do-pt-pl-e-solidariedade-declaram-apoio-a-reeleicao-de-adolfo-menezes\/#primaryimage\",\"url\":\"https:\/\/brasilnoticias.org\/site\/wp-content\/uploads\/2024\/10\/IMAGEM_NOTICIA_1-7.jpg\",\"contentUrl\":\"https:\/\/brasilnoticias.org\/site\/wp-content\/uploads\/2024\/10\/IMAGEM_NOTICIA_1-7.jpg\",\"width\":600,\"height\":430},{\"@type\":\"BreadcrumbList\",\"@id\":\"https:\/\/brasilnoticias.org\/site\/deputados-do-pt-pl-e-solidariedade-declaram-apoio-a-reeleicao-de-adolfo-menezes\/#breadcrumb\",\"itemListElement\":[{\"@type\":\"ListItem\",\"position\":1,\"name\":\"In\u00edcio\",\"item\":\"https:\/\/brasilnoticias.org\/site\/\"},{\"@type\":\"ListItem\",\"position\":2,\"name\":\"Deputados do PT, PL e Solidariedade declaram apoio \u00e0 reelei\u00e7\u00e3o de Adolfo Menezes\"}]},{\"@type\":\"WebSite\",\"@id\":\"https:\/\/brasilnoticias.org\/site\/#website\",\"url\":\"https:\/\/brasilnoticias.org\/site\/\",\"name\":\"Brasil not\u00edcias\",\"description\":\"Brasil not\u00edcias\",\"publisher\":{\"@id\":\"https:\/\/brasilnoticias.org\/site\/#organization\"},\"potentialAction\":[{\"@type\":\"SearchAction\",\"target\":{\"@type\":\"EntryPoint\",\"urlTemplate\":\"https:\/\/brasilnoticias.org\/site\/?s={search_term_string}\"},\"query-input\":{\"@type\":\"PropertyValueSpecification\",\"valueRequired\":true,\"valueName\":\"search_term_string\"}}],\"inLanguage\":\"pt-PT\"},{\"@type\":\"Organization\",\"@id\":\"https:\/\/brasilnoticias.org\/site\/#organization\",\"name\":\"Brasil not\u00edcias\",\"url\":\"https:\/\/brasilnoticias.org\/site\/\",\"logo\":{\"@type\":\"ImageObject\",\"inLanguage\":\"pt-PT\",\"@id\":\"https:\/\/brasilnoticias.org\/site\/#\/schema\/logo\/image\/\",\"url\":\"https:\/\/brasilnoticias.org\/site\/wp-content\/uploads\/2022\/05\/cropped-brasilnoticias-mini.jpg\",\"contentUrl\":\"https:\/\/brasilnoticias.org\/site\/wp-content\/uploads\/2022\/05\/cropped-brasilnoticias-mini.jpg\",\"width\":314,\"height\":86,\"caption\":\"Brasil not\u00edcias\"},\"image\":{\"@id\":\"https:\/\/brasilnoticias.org\/site\/#\/schema\/logo\/image\/\"}},{\"@type\":\"Person\",\"@id\":\"https:\/\/brasilnoticias.org\/site\/#\/schema\/person\/03bbbfe6c7634ad18c26444ea39049fa\",\"name\":\"Reda\u00e7\u00e3o\",\"image\":{\"@type\":\"ImageObject\",\"inLanguage\":\"pt-PT\",\"@id\":\"https:\/\/brasilnoticias.org\/site\/#\/schema\/person\/image\/\",\"url\":\"https:\/\/secure.gravatar.com\/avatar\/9ecaf7327a696cb23ad926fedded5f1f04d7049de9e445375d55b48c001a6e42?s=96&d=mm&r=g\",\"contentUrl\":\"https:\/\/secure.gravatar.com\/avatar\/9ecaf7327a696cb23ad926fedded5f1f04d7049de9e445375d55b48c001a6e42?s=96&d=mm&r=g\",\"caption\":\"Reda\u00e7\u00e3o\"},\"url\":\"https:\/\/brasilnoticias.org\/site\/author\/henrique\/\"}]}<\/script>\n<!-- \/ Yoast SEO plugin. -->","yoast_head_json":{"title":"Deputados do PT, PL e Solidariedade declaram apoio \u00e0 reelei\u00e7\u00e3o de Adolfo Menezes - Brasil not\u00edcias","robots":{"index":"index","follow":"follow","max-snippet":"max-snippet:-1","max-image-preview":"max-image-preview:large","max-video-preview":"max-video-preview:-1"},"canonical":"https:\/\/brasilnoticias.org\/site\/deputados-do-pt-pl-e-solidariedade-declaram-apoio-a-reeleicao-de-adolfo-menezes\/","og_locale":"pt_PT","og_type":"article","og_title":"Deputados do PT, PL e Solidariedade declaram apoio \u00e0 reelei\u00e7\u00e3o de Adolfo Menezes - Brasil not\u00edcias","og_description":"Dois parlamentares do PT declararam nesta segunda-feira (28) apoio \u00e0 reelei\u00e7\u00e3o do Adolfo Menezes (PSD) \u00e0 presid\u00eancia da Assembleia Legislativa:","og_url":"https:\/\/brasilnoticias.org\/site\/deputados-do-pt-pl-e-solidariedade-declaram-apoio-a-reeleicao-de-adolfo-menezes\/","og_site_name":"Brasil not\u00edcias","article_published_time":"2024-10-28T22:22:50+00:00","og_image":[{"width":600,"height":430,"url":"https:\/\/brasilnoticias.org\/site\/wp-content\/uploads\/2024\/10\/IMAGEM_NOTICIA_1-7.jpg","type":"image\/jpeg"}],"author":"Reda\u00e7\u00e3o","twitter_card":"summary_large_image","twitter_misc":{"Escrito por":"Reda\u00e7\u00e3o"},"schema":{"@context":"https:\/\/schema.org","@graph":[{"@type":"Article","@id":"https:\/\/brasilnoticias.org\/site\/deputados-do-pt-pl-e-solidariedade-declaram-apoio-a-reeleicao-de-adolfo-menezes\/#article","isPartOf":{"@id":"https:\/\/brasilnoticias.org\/site\/deputados-do-pt-pl-e-solidariedade-declaram-apoio-a-reeleicao-de-adolfo-menezes\/"},"author":{"name":"Reda\u00e7\u00e3o","@id":"https:\/\/brasilnoticias.org\/site\/#\/schema\/person\/03bbbfe6c7634ad18c26444ea39049fa"},"headline":"Deputados do PT, PL e Solidariedade declaram apoio \u00e0 reelei\u00e7\u00e3o de Adolfo Menezes","datePublished":"2024-10-28T22:22:50+00:00","mainEntityOfPage":{"@id":"https:\/\/brasilnoticias.org\/site\/deputados-do-pt-pl-e-solidariedade-declaram-apoio-a-reeleicao-de-adolfo-menezes\/"},"wordCount":273,"commentCount":0,"publisher":{"@id":"https:\/\/brasilnoticias.org\/site\/#organization"},"image":{"@id":"https:\/\/brasilnoticias.org\/site\/deputados-do-pt-pl-e-solidariedade-declaram-apoio-a-reeleicao-de-adolfo-menezes\/#primaryimage"},"thumbnailUrl":"https:\/\/brasilnoticias.org\/site\/wp-content\/uploads\/2024\/10\/IMAGEM_NOTICIA_1-7.jpg","articleSection":["Pol\u00edtica","\u00daltimas"],"inLanguage":"pt-PT","potentialAction":[{"@type":"CommentAction","name":"Comment","target":["https:\/\/brasilnoticias.org\/site\/deputados-do-pt-pl-e-solidariedade-declaram-apoio-a-reeleicao-de-adolfo-menezes\/#respond"]}]},{"@type":"WebPage","@id":"https:\/\/brasilnoticias.org\/site\/deputados-do-pt-pl-e-solidariedade-declaram-apoio-a-reeleicao-de-adolfo-menezes\/","url":"https:\/\/brasilnoticias.org\/site\/deputados-do-pt-pl-e-solidariedade-declaram-apoio-a-reeleicao-de-adolfo-menezes\/","name":"Deputados do PT, PL e Solidariedade declaram apoio \u00e0 reelei\u00e7\u00e3o de Adolfo Menezes - Brasil not\u00edcias","isPartOf":{"@id":"https:\/\/brasilnoticias.org\/site\/#website"},"primaryImageOfPage":{"@id":"https:\/\/brasilnoticias.org\/site\/deputados-do-pt-pl-e-solidariedade-declaram-apoio-a-reeleicao-de-adolfo-menezes\/#primaryimage"},"image":{"@id":"https:\/\/brasilnoticias.org\/site\/deputados-do-pt-pl-e-solidariedade-declaram-apoio-a-reeleicao-de-adolfo-menezes\/#primaryimage"},"thumbnailUrl":"https:\/\/brasilnoticias.org\/site\/wp-content\/uploads\/2024\/10\/IMAGEM_NOTICIA_1-7.jpg","datePublished":"2024-10-28T22:22:50+00:00","breadcrumb":{"@id":"https:\/\/brasilnoticias.org\/site\/deputados-do-pt-pl-e-solidariedade-declaram-apoio-a-reeleicao-de-adolfo-menezes\/#breadcrumb"},"inLanguage":"pt-PT","potentialAction":[{"@type":"ReadAction","target":["https:\/\/brasilnoticias.org\/site\/deputados-do-pt-pl-e-solidariedade-declaram-apoio-a-reeleicao-de-adolfo-menezes\/"]}]},{"@type":"ImageObject","inLanguage":"pt-PT","@id":"https:\/\/brasilnoticias.org\/site\/deputados-do-pt-pl-e-solidariedade-declaram-apoio-a-reeleicao-de-adolfo-menezes\/#primaryimage","url":"https:\/\/brasilnoticias.org\/site\/wp-content\/uploads\/2024\/10\/IMAGEM_NOTICIA_1-7.jpg","contentUrl":"https:\/\/brasilnoticias.org\/site\/wp-content\/uploads\/2024\/10\/IMAGEM_NOTICIA_1-7.jpg","width":600,"height":430},{"@type":"BreadcrumbList","@id":"https:\/\/brasilnoticias.org\/site\/deputados-do-pt-pl-e-solidariedade-declaram-apoio-a-reeleicao-de-adolfo-menezes\/#breadcrumb","itemListElement":[{"@type":"ListItem","position":1,"name":"In\u00edcio","item":"https:\/\/brasilnoticias.org\/site\/"},{"@type":"ListItem","position":2,"name":"Deputados do PT, PL e Solidariedade declaram apoio \u00e0 reelei\u00e7\u00e3o de Adolfo Menezes"}]},{"@type":"WebSite","@id":"https:\/\/brasilnoticias.org\/site\/#website","url":"https:\/\/brasilnoticias.org\/site\/","name":"Brasil not\u00edcias","description":"Brasil not\u00edcias","publisher":{"@id":"https:\/\/brasilnoticias.org\/site\/#organization"},"potentialAction":[{"@type":"SearchAction","target":{"@type":"EntryPoint","urlTemplate":"https:\/\/brasilnoticias.org\/site\/?s={search_term_string}"},"query-input":{"@type":"PropertyValueSpecification","valueRequired":true,"valueName":"search_term_string"}}],"inLanguage":"pt-PT"},{"@type":"Organization","@id":"https:\/\/brasilnoticias.org\/site\/#organization","name":"Brasil not\u00edcias","url":"https:\/\/brasilnoticias.org\/site\/","logo":{"@type":"ImageObject","inLanguage":"pt-PT","@id":"https:\/\/brasilnoticias.org\/site\/#\/schema\/logo\/image\/","url":"https:\/\/brasilnoticias.org\/site\/wp-content\/uploads\/2022\/05\/cropped-brasilnoticias-mini.jpg","contentUrl":"https:\/\/brasilnoticias.org\/site\/wp-content\/uploads\/2022\/05\/cropped-brasilnoticias-mini.jpg","width":314,"height":86,"caption":"Brasil not\u00edcias"},"image":{"@id":"https:\/\/brasilnoticias.org\/site\/#\/schema\/logo\/image\/"}},{"@type":"Person","@id":"https:\/\/brasilnoticias.org\/site\/#\/schema\/person\/03bbbfe6c7634ad18c26444ea39049fa","name":"Reda\u00e7\u00e3o","image":{"@type":"ImageObject","inLanguage":"pt-PT","@id":"https:\/\/brasilnoticias.org\/site\/#\/schema\/person\/image\/","url":"https:\/\/secure.gravatar.com\/avatar\/9ecaf7327a696cb23ad926fedded5f1f04d7049de9e445375d55b48c001a6e42?s=96&d=mm&r=g","contentUrl":"https:\/\/secure.gravatar.com\/avatar\/9ecaf7327a696cb23ad926fedded5f1f04d7049de9e445375d55b48c001a6e42?s=96&d=mm&r=g","caption":"Reda\u00e7\u00e3o"},"url":"https:\/\/brasilnoticias.org\/site\/author\/henrique\/"}]}},"_links":{"self":[{"href":"https:\/\/brasilnoticias.org\/site\/wp-json\/wp\/v2\/posts\/16235","targetHints":{"allow":["GET"]}}],"collection":[{"href":"https:\/\/brasilnoticias.org\/site\/wp-json\/wp\/v2\/posts"}],"about":[{"href":"https:\/\/brasilnoticias.org\/site\/wp-json\/wp\/v2\/types\/post"}],"author":[{"embeddable":true,"href":"https:\/\/brasilnoticias.org\/site\/wp-json\/wp\/v2\/users\/4"}],"replies":[{"embeddable":true,"href":"https:\/\/brasilnoticias.org\/site\/wp-json\/wp\/v2\/comments?post=16235"}],"version-history":[{"count":1,"href":"https:\/\/brasilnoticias.org\/site\/wp-json\/wp\/v2\/posts\/16235\/revisions"}],"predecessor-version":[{"id":16237,"href":"https:\/\/brasilnoticias.org\/site\/wp-json\/wp\/v2\/posts\/16235\/revisions\/16237"}],"wp:featuredmedia":[{"embeddable":true,"href":"https:\/\/brasilnoticias.org\/site\/wp-json\/wp\/v2\/media\/16236"}],"wp:attachment":[{"href":"https:\/\/brasilnoticias.org\/site\/wp-json\/wp\/v2\/media?parent=16235"}],"wp:term":[{"taxonomy":"category","embeddable":true,"href":"https:\/\/brasilnoticias.org\/site\/wp-json\/wp\/v2\/categories?post=16235"},{"taxonomy":"post_tag","embeddable":true,"href":"https:\/\/brasilnoticias.org\/site\/wp-json\/wp\/v2\/tags?post=16235"}],"curies":[{"name":"wp","href":"https:\/\/api.w.org\/{rel}","templated":true}]}}