{"id":16245,"date":"2024-10-29T17:41:34","date_gmt":"2024-10-29T20:41:34","guid":{"rendered":"https:\/\/brasilnoticias.org\/site\/?p=16245"},"modified":"2024-10-29T17:41:34","modified_gmt":"2024-10-29T20:41:34","slug":"esta-preparado-para-ser-o-presidente-da-camara-diz-marcio-marinho-sobre-indicacao-de-hugo-motta","status":"publish","type":"post","link":"https:\/\/brasilnoticias.org\/site\/esta-preparado-para-ser-o-presidente-da-camara-diz-marcio-marinho-sobre-indicacao-de-hugo-motta\/","title":{"rendered":"\u201cEst\u00e1 preparado para ser o presidente da C\u00e2mara\u201d, diz M\u00e1rcio Marinho sobre indica\u00e7\u00e3o de Hugo Motta"},"content":{"rendered":"<p>O deputado federal e presidente estadual do Republicanos Bahia, M\u00e1rcio Marinho, participou da reuni\u00e3o realizada nesta ter\u00e7a-feira (29), em Bras\u00edlia, na qual ficou definido o nome do deputado federal republicano, Hugo Motta, para concorrer \u00e0 presid\u00eancia da C\u00e2mara, no pr\u00f3ximo ano. Hugo \u00e9 l\u00edder do partido na Casa e contar\u00e1 com o apoio do atual presidente, Arthur Lira (PP). Para Marinho, o republicano  re\u00fane os atributos necess\u00e1rios para assumir a vaga. <\/p>\n<p>\u201cHugo est\u00e1 preparado para ser o presidente da C\u00e2mara dos Deputados e tem todo o nosso apoio. Hoje, come\u00e7a uma nova caminhada ap\u00f3s an\u00fancio de apoio de Arthur Lira a sua candidatura, que \u00e9 a nossa candidatura. Parab\u00e9ns pela indica\u00e7\u00e3o, vamos juntos rumo \u00e0 vit\u00f3ria\u201d, salientou.<\/p>\n","protected":false},"excerpt":{"rendered":"<p>O deputado federal e presidente estadual do Republicanos Bahia, M\u00e1rcio Marinho, participou da reuni\u00e3o realizada nesta ter\u00e7a-feira (29), em Bras\u00edlia,<\/p>\n","protected":false},"author":4,"featured_media":16246,"comment_status":"open","ping_status":"open","sticky":false,"template":"","format":"standard","meta":{"colormag_page_container_layout":"default_layout","colormag_page_sidebar_layout":"default_layout","_FSMCFIC_featured_image_caption":"","_FSMCFIC_featured_image_nocaption":"","_FSMCFIC_featured_image_hide":"","footnotes":""},"categories":[5,1],"tags":[],"class_list":["post-16245","post","type-post","status-publish","format-standard","has-post-thumbnail","hentry","category-politica","category-ultimas"],"yoast_head":"<!-- This site is optimized with the Yoast SEO plugin v27.1.1 - https:\/\/yoast.com\/product\/yoast-seo-wordpress\/ -->\n<title>\u201cEst\u00e1 preparado para ser o presidente da C\u00e2mara\u201d, diz M\u00e1rcio Marinho sobre indica\u00e7\u00e3o de Hugo Motta - Brasil not\u00edcias<\/title>\n<meta name=\"robots\" content=\"index, follow, max-snippet:-1, max-image-preview:large, max-video-preview:-1\" \/>\n<link rel=\"canonical\" href=\"https:\/\/brasilnoticias.org\/site\/esta-preparado-para-ser-o-presidente-da-camara-diz-marcio-marinho-sobre-indicacao-de-hugo-motta\/\" \/>\n<meta property=\"og:locale\" content=\"pt_PT\" \/>\n<meta property=\"og:type\" content=\"article\" \/>\n<meta property=\"og:title\" content=\"\u201cEst\u00e1 preparado para ser o presidente da C\u00e2mara\u201d, diz M\u00e1rcio Marinho sobre indica\u00e7\u00e3o de Hugo Motta - Brasil not\u00edcias\" \/>\n<meta property=\"og:description\" content=\"O deputado federal e presidente estadual do Republicanos Bahia, M\u00e1rcio Marinho, participou da reuni\u00e3o realizada nesta ter\u00e7a-feira (29), em Bras\u00edlia,\" \/>\n<meta property=\"og:url\" content=\"https:\/\/brasilnoticias.org\/site\/esta-preparado-para-ser-o-presidente-da-camara-diz-marcio-marinho-sobre-indicacao-de-hugo-motta\/\" \/>\n<meta property=\"og:site_name\" content=\"Brasil not\u00edcias\" \/>\n<meta property=\"article:published_time\" content=\"2024-10-29T20:41:34+00:00\" \/>\n<meta property=\"og:image\" content=\"https:\/\/brasilnoticias.org\/site\/wp-content\/uploads\/2024\/10\/6fb95872-c16b-4b45-98d0-796f969b6d32.jpg\" \/>\n\t<meta property=\"og:image:width\" content=\"1280\" \/>\n\t<meta property=\"og:image:height\" content=\"854\" \/>\n\t<meta property=\"og:image:type\" content=\"image\/jpeg\" \/>\n<meta name=\"author\" content=\"Reda\u00e7\u00e3o\" \/>\n<meta name=\"twitter:card\" content=\"summary_large_image\" \/>\n<meta name=\"twitter:label1\" content=\"Escrito por\" \/>\n\t<meta name=\"twitter:data1\" content=\"Reda\u00e7\u00e3o\" \/>\n<script type=\"application\/ld+json\" class=\"yoast-schema-graph\">{\"@context\":\"https:\/\/schema.org\",\"@graph\":[{\"@type\":\"Article\",\"@id\":\"https:\/\/brasilnoticias.org\/site\/esta-preparado-para-ser-o-presidente-da-camara-diz-marcio-marinho-sobre-indicacao-de-hugo-motta\/#article\",\"isPartOf\":{\"@id\":\"https:\/\/brasilnoticias.org\/site\/esta-preparado-para-ser-o-presidente-da-camara-diz-marcio-marinho-sobre-indicacao-de-hugo-motta\/\"},\"author\":{\"name\":\"Reda\u00e7\u00e3o\",\"@id\":\"https:\/\/brasilnoticias.org\/site\/#\/schema\/person\/03bbbfe6c7634ad18c26444ea39049fa\"},\"headline\":\"\u201cEst\u00e1 preparado para ser o presidente da C\u00e2mara\u201d, diz M\u00e1rcio Marinho sobre indica\u00e7\u00e3o de Hugo Motta\",\"datePublished\":\"2024-10-29T20:41:34+00:00\",\"mainEntityOfPage\":{\"@id\":\"https:\/\/brasilnoticias.org\/site\/esta-preparado-para-ser-o-presidente-da-camara-diz-marcio-marinho-sobre-indicacao-de-hugo-motta\/\"},\"wordCount\":148,\"commentCount\":0,\"publisher\":{\"@id\":\"https:\/\/brasilnoticias.org\/site\/#organization\"},\"image\":{\"@id\":\"https:\/\/brasilnoticias.org\/site\/esta-preparado-para-ser-o-presidente-da-camara-diz-marcio-marinho-sobre-indicacao-de-hugo-motta\/#primaryimage\"},\"thumbnailUrl\":\"https:\/\/brasilnoticias.org\/site\/wp-content\/uploads\/2024\/10\/6fb95872-c16b-4b45-98d0-796f969b6d32.jpg\",\"articleSection\":[\"Pol\u00edtica\",\"\u00daltimas\"],\"inLanguage\":\"pt-PT\",\"potentialAction\":[{\"@type\":\"CommentAction\",\"name\":\"Comment\",\"target\":[\"https:\/\/brasilnoticias.org\/site\/esta-preparado-para-ser-o-presidente-da-camara-diz-marcio-marinho-sobre-indicacao-de-hugo-motta\/#respond\"]}]},{\"@type\":\"WebPage\",\"@id\":\"https:\/\/brasilnoticias.org\/site\/esta-preparado-para-ser-o-presidente-da-camara-diz-marcio-marinho-sobre-indicacao-de-hugo-motta\/\",\"url\":\"https:\/\/brasilnoticias.org\/site\/esta-preparado-para-ser-o-presidente-da-camara-diz-marcio-marinho-sobre-indicacao-de-hugo-motta\/\",\"name\":\"\u201cEst\u00e1 preparado para ser o presidente da C\u00e2mara\u201d, diz M\u00e1rcio Marinho sobre indica\u00e7\u00e3o de Hugo Motta - Brasil not\u00edcias\",\"isPartOf\":{\"@id\":\"https:\/\/brasilnoticias.org\/site\/#website\"},\"primaryImageOfPage\":{\"@id\":\"https:\/\/brasilnoticias.org\/site\/esta-preparado-para-ser-o-presidente-da-camara-diz-marcio-marinho-sobre-indicacao-de-hugo-motta\/#primaryimage\"},\"image\":{\"@id\":\"https:\/\/brasilnoticias.org\/site\/esta-preparado-para-ser-o-presidente-da-camara-diz-marcio-marinho-sobre-indicacao-de-hugo-motta\/#primaryimage\"},\"thumbnailUrl\":\"https:\/\/brasilnoticias.org\/site\/wp-content\/uploads\/2024\/10\/6fb95872-c16b-4b45-98d0-796f969b6d32.jpg\",\"datePublished\":\"2024-10-29T20:41:34+00:00\",\"breadcrumb\":{\"@id\":\"https:\/\/brasilnoticias.org\/site\/esta-preparado-para-ser-o-presidente-da-camara-diz-marcio-marinho-sobre-indicacao-de-hugo-motta\/#breadcrumb\"},\"inLanguage\":\"pt-PT\",\"potentialAction\":[{\"@type\":\"ReadAction\",\"target\":[\"https:\/\/brasilnoticias.org\/site\/esta-preparado-para-ser-o-presidente-da-camara-diz-marcio-marinho-sobre-indicacao-de-hugo-motta\/\"]}]},{\"@type\":\"ImageObject\",\"inLanguage\":\"pt-PT\",\"@id\":\"https:\/\/brasilnoticias.org\/site\/esta-preparado-para-ser-o-presidente-da-camara-diz-marcio-marinho-sobre-indicacao-de-hugo-motta\/#primaryimage\",\"url\":\"https:\/\/brasilnoticias.org\/site\/wp-content\/uploads\/2024\/10\/6fb95872-c16b-4b45-98d0-796f969b6d32.jpg\",\"contentUrl\":\"https:\/\/brasilnoticias.org\/site\/wp-content\/uploads\/2024\/10\/6fb95872-c16b-4b45-98d0-796f969b6d32.jpg\",\"width\":1280,\"height\":854},{\"@type\":\"BreadcrumbList\",\"@id\":\"https:\/\/brasilnoticias.org\/site\/esta-preparado-para-ser-o-presidente-da-camara-diz-marcio-marinho-sobre-indicacao-de-hugo-motta\/#breadcrumb\",\"itemListElement\":[{\"@type\":\"ListItem\",\"position\":1,\"name\":\"In\u00edcio\",\"item\":\"https:\/\/brasilnoticias.org\/site\/\"},{\"@type\":\"ListItem\",\"position\":2,\"name\":\"\u201cEst\u00e1 preparado para ser o presidente da C\u00e2mara\u201d, diz M\u00e1rcio Marinho sobre indica\u00e7\u00e3o de Hugo Motta\"}]},{\"@type\":\"WebSite\",\"@id\":\"https:\/\/brasilnoticias.org\/site\/#website\",\"url\":\"https:\/\/brasilnoticias.org\/site\/\",\"name\":\"Brasil not\u00edcias\",\"description\":\"Brasil not\u00edcias\",\"publisher\":{\"@id\":\"https:\/\/brasilnoticias.org\/site\/#organization\"},\"potentialAction\":[{\"@type\":\"SearchAction\",\"target\":{\"@type\":\"EntryPoint\",\"urlTemplate\":\"https:\/\/brasilnoticias.org\/site\/?s={search_term_string}\"},\"query-input\":{\"@type\":\"PropertyValueSpecification\",\"valueRequired\":true,\"valueName\":\"search_term_string\"}}],\"inLanguage\":\"pt-PT\"},{\"@type\":\"Organization\",\"@id\":\"https:\/\/brasilnoticias.org\/site\/#organization\",\"name\":\"Brasil not\u00edcias\",\"url\":\"https:\/\/brasilnoticias.org\/site\/\",\"logo\":{\"@type\":\"ImageObject\",\"inLanguage\":\"pt-PT\",\"@id\":\"https:\/\/brasilnoticias.org\/site\/#\/schema\/logo\/image\/\",\"url\":\"https:\/\/brasilnoticias.org\/site\/wp-content\/uploads\/2022\/05\/cropped-brasilnoticias-mini.jpg\",\"contentUrl\":\"https:\/\/brasilnoticias.org\/site\/wp-content\/uploads\/2022\/05\/cropped-brasilnoticias-mini.jpg\",\"width\":314,\"height\":86,\"caption\":\"Brasil not\u00edcias\"},\"image\":{\"@id\":\"https:\/\/brasilnoticias.org\/site\/#\/schema\/logo\/image\/\"}},{\"@type\":\"Person\",\"@id\":\"https:\/\/brasilnoticias.org\/site\/#\/schema\/person\/03bbbfe6c7634ad18c26444ea39049fa\",\"name\":\"Reda\u00e7\u00e3o\",\"image\":{\"@type\":\"ImageObject\",\"inLanguage\":\"pt-PT\",\"@id\":\"https:\/\/brasilnoticias.org\/site\/#\/schema\/person\/image\/\",\"url\":\"https:\/\/secure.gravatar.com\/avatar\/9ecaf7327a696cb23ad926fedded5f1f04d7049de9e445375d55b48c001a6e42?s=96&d=mm&r=g\",\"contentUrl\":\"https:\/\/secure.gravatar.com\/avatar\/9ecaf7327a696cb23ad926fedded5f1f04d7049de9e445375d55b48c001a6e42?s=96&d=mm&r=g\",\"caption\":\"Reda\u00e7\u00e3o\"},\"url\":\"https:\/\/brasilnoticias.org\/site\/author\/henrique\/\"}]}<\/script>\n<!-- \/ Yoast SEO plugin. -->","yoast_head_json":{"title":"\u201cEst\u00e1 preparado para ser o presidente da C\u00e2mara\u201d, diz M\u00e1rcio Marinho sobre indica\u00e7\u00e3o de Hugo Motta - Brasil not\u00edcias","robots":{"index":"index","follow":"follow","max-snippet":"max-snippet:-1","max-image-preview":"max-image-preview:large","max-video-preview":"max-video-preview:-1"},"canonical":"https:\/\/brasilnoticias.org\/site\/esta-preparado-para-ser-o-presidente-da-camara-diz-marcio-marinho-sobre-indicacao-de-hugo-motta\/","og_locale":"pt_PT","og_type":"article","og_title":"\u201cEst\u00e1 preparado para ser o presidente da C\u00e2mara\u201d, diz M\u00e1rcio Marinho sobre indica\u00e7\u00e3o de Hugo Motta - Brasil not\u00edcias","og_description":"O deputado federal e presidente estadual do Republicanos Bahia, M\u00e1rcio Marinho, participou da reuni\u00e3o realizada nesta ter\u00e7a-feira (29), em Bras\u00edlia,","og_url":"https:\/\/brasilnoticias.org\/site\/esta-preparado-para-ser-o-presidente-da-camara-diz-marcio-marinho-sobre-indicacao-de-hugo-motta\/","og_site_name":"Brasil not\u00edcias","article_published_time":"2024-10-29T20:41:34+00:00","og_image":[{"width":1280,"height":854,"url":"https:\/\/brasilnoticias.org\/site\/wp-content\/uploads\/2024\/10\/6fb95872-c16b-4b45-98d0-796f969b6d32.jpg","type":"image\/jpeg"}],"author":"Reda\u00e7\u00e3o","twitter_card":"summary_large_image","twitter_misc":{"Escrito por":"Reda\u00e7\u00e3o"},"schema":{"@context":"https:\/\/schema.org","@graph":[{"@type":"Article","@id":"https:\/\/brasilnoticias.org\/site\/esta-preparado-para-ser-o-presidente-da-camara-diz-marcio-marinho-sobre-indicacao-de-hugo-motta\/#article","isPartOf":{"@id":"https:\/\/brasilnoticias.org\/site\/esta-preparado-para-ser-o-presidente-da-camara-diz-marcio-marinho-sobre-indicacao-de-hugo-motta\/"},"author":{"name":"Reda\u00e7\u00e3o","@id":"https:\/\/brasilnoticias.org\/site\/#\/schema\/person\/03bbbfe6c7634ad18c26444ea39049fa"},"headline":"\u201cEst\u00e1 preparado para ser o presidente da C\u00e2mara\u201d, diz M\u00e1rcio Marinho sobre indica\u00e7\u00e3o de Hugo Motta","datePublished":"2024-10-29T20:41:34+00:00","mainEntityOfPage":{"@id":"https:\/\/brasilnoticias.org\/site\/esta-preparado-para-ser-o-presidente-da-camara-diz-marcio-marinho-sobre-indicacao-de-hugo-motta\/"},"wordCount":148,"commentCount":0,"publisher":{"@id":"https:\/\/brasilnoticias.org\/site\/#organization"},"image":{"@id":"https:\/\/brasilnoticias.org\/site\/esta-preparado-para-ser-o-presidente-da-camara-diz-marcio-marinho-sobre-indicacao-de-hugo-motta\/#primaryimage"},"thumbnailUrl":"https:\/\/brasilnoticias.org\/site\/wp-content\/uploads\/2024\/10\/6fb95872-c16b-4b45-98d0-796f969b6d32.jpg","articleSection":["Pol\u00edtica","\u00daltimas"],"inLanguage":"pt-PT","potentialAction":[{"@type":"CommentAction","name":"Comment","target":["https:\/\/brasilnoticias.org\/site\/esta-preparado-para-ser-o-presidente-da-camara-diz-marcio-marinho-sobre-indicacao-de-hugo-motta\/#respond"]}]},{"@type":"WebPage","@id":"https:\/\/brasilnoticias.org\/site\/esta-preparado-para-ser-o-presidente-da-camara-diz-marcio-marinho-sobre-indicacao-de-hugo-motta\/","url":"https:\/\/brasilnoticias.org\/site\/esta-preparado-para-ser-o-presidente-da-camara-diz-marcio-marinho-sobre-indicacao-de-hugo-motta\/","name":"\u201cEst\u00e1 preparado para ser o presidente da C\u00e2mara\u201d, diz M\u00e1rcio Marinho sobre indica\u00e7\u00e3o de Hugo Motta - Brasil not\u00edcias","isPartOf":{"@id":"https:\/\/brasilnoticias.org\/site\/#website"},"primaryImageOfPage":{"@id":"https:\/\/brasilnoticias.org\/site\/esta-preparado-para-ser-o-presidente-da-camara-diz-marcio-marinho-sobre-indicacao-de-hugo-motta\/#primaryimage"},"image":{"@id":"https:\/\/brasilnoticias.org\/site\/esta-preparado-para-ser-o-presidente-da-camara-diz-marcio-marinho-sobre-indicacao-de-hugo-motta\/#primaryimage"},"thumbnailUrl":"https:\/\/brasilnoticias.org\/site\/wp-content\/uploads\/2024\/10\/6fb95872-c16b-4b45-98d0-796f969b6d32.jpg","datePublished":"2024-10-29T20:41:34+00:00","breadcrumb":{"@id":"https:\/\/brasilnoticias.org\/site\/esta-preparado-para-ser-o-presidente-da-camara-diz-marcio-marinho-sobre-indicacao-de-hugo-motta\/#breadcrumb"},"inLanguage":"pt-PT","potentialAction":[{"@type":"ReadAction","target":["https:\/\/brasilnoticias.org\/site\/esta-preparado-para-ser-o-presidente-da-camara-diz-marcio-marinho-sobre-indicacao-de-hugo-motta\/"]}]},{"@type":"ImageObject","inLanguage":"pt-PT","@id":"https:\/\/brasilnoticias.org\/site\/esta-preparado-para-ser-o-presidente-da-camara-diz-marcio-marinho-sobre-indicacao-de-hugo-motta\/#primaryimage","url":"https:\/\/brasilnoticias.org\/site\/wp-content\/uploads\/2024\/10\/6fb95872-c16b-4b45-98d0-796f969b6d32.jpg","contentUrl":"https:\/\/brasilnoticias.org\/site\/wp-content\/uploads\/2024\/10\/6fb95872-c16b-4b45-98d0-796f969b6d32.jpg","width":1280,"height":854},{"@type":"BreadcrumbList","@id":"https:\/\/brasilnoticias.org\/site\/esta-preparado-para-ser-o-presidente-da-camara-diz-marcio-marinho-sobre-indicacao-de-hugo-motta\/#breadcrumb","itemListElement":[{"@type":"ListItem","position":1,"name":"In\u00edcio","item":"https:\/\/brasilnoticias.org\/site\/"},{"@type":"ListItem","position":2,"name":"\u201cEst\u00e1 preparado para ser o presidente da C\u00e2mara\u201d, diz M\u00e1rcio Marinho sobre indica\u00e7\u00e3o de Hugo Motta"}]},{"@type":"WebSite","@id":"https:\/\/brasilnoticias.org\/site\/#website","url":"https:\/\/brasilnoticias.org\/site\/","name":"Brasil not\u00edcias","description":"Brasil not\u00edcias","publisher":{"@id":"https:\/\/brasilnoticias.org\/site\/#organization"},"potentialAction":[{"@type":"SearchAction","target":{"@type":"EntryPoint","urlTemplate":"https:\/\/brasilnoticias.org\/site\/?s={search_term_string}"},"query-input":{"@type":"PropertyValueSpecification","valueRequired":true,"valueName":"search_term_string"}}],"inLanguage":"pt-PT"},{"@type":"Organization","@id":"https:\/\/brasilnoticias.org\/site\/#organization","name":"Brasil not\u00edcias","url":"https:\/\/brasilnoticias.org\/site\/","logo":{"@type":"ImageObject","inLanguage":"pt-PT","@id":"https:\/\/brasilnoticias.org\/site\/#\/schema\/logo\/image\/","url":"https:\/\/brasilnoticias.org\/site\/wp-content\/uploads\/2022\/05\/cropped-brasilnoticias-mini.jpg","contentUrl":"https:\/\/brasilnoticias.org\/site\/wp-content\/uploads\/2022\/05\/cropped-brasilnoticias-mini.jpg","width":314,"height":86,"caption":"Brasil not\u00edcias"},"image":{"@id":"https:\/\/brasilnoticias.org\/site\/#\/schema\/logo\/image\/"}},{"@type":"Person","@id":"https:\/\/brasilnoticias.org\/site\/#\/schema\/person\/03bbbfe6c7634ad18c26444ea39049fa","name":"Reda\u00e7\u00e3o","image":{"@type":"ImageObject","inLanguage":"pt-PT","@id":"https:\/\/brasilnoticias.org\/site\/#\/schema\/person\/image\/","url":"https:\/\/secure.gravatar.com\/avatar\/9ecaf7327a696cb23ad926fedded5f1f04d7049de9e445375d55b48c001a6e42?s=96&d=mm&r=g","contentUrl":"https:\/\/secure.gravatar.com\/avatar\/9ecaf7327a696cb23ad926fedded5f1f04d7049de9e445375d55b48c001a6e42?s=96&d=mm&r=g","caption":"Reda\u00e7\u00e3o"},"url":"https:\/\/brasilnoticias.org\/site\/author\/henrique\/"}]}},"_links":{"self":[{"href":"https:\/\/brasilnoticias.org\/site\/wp-json\/wp\/v2\/posts\/16245","targetHints":{"allow":["GET"]}}],"collection":[{"href":"https:\/\/brasilnoticias.org\/site\/wp-json\/wp\/v2\/posts"}],"about":[{"href":"https:\/\/brasilnoticias.org\/site\/wp-json\/wp\/v2\/types\/post"}],"author":[{"embeddable":true,"href":"https:\/\/brasilnoticias.org\/site\/wp-json\/wp\/v2\/users\/4"}],"replies":[{"embeddable":true,"href":"https:\/\/brasilnoticias.org\/site\/wp-json\/wp\/v2\/comments?post=16245"}],"version-history":[{"count":1,"href":"https:\/\/brasilnoticias.org\/site\/wp-json\/wp\/v2\/posts\/16245\/revisions"}],"predecessor-version":[{"id":16247,"href":"https:\/\/brasilnoticias.org\/site\/wp-json\/wp\/v2\/posts\/16245\/revisions\/16247"}],"wp:featuredmedia":[{"embeddable":true,"href":"https:\/\/brasilnoticias.org\/site\/wp-json\/wp\/v2\/media\/16246"}],"wp:attachment":[{"href":"https:\/\/brasilnoticias.org\/site\/wp-json\/wp\/v2\/media?parent=16245"}],"wp:term":[{"taxonomy":"category","embeddable":true,"href":"https:\/\/brasilnoticias.org\/site\/wp-json\/wp\/v2\/categories?post=16245"},{"taxonomy":"post_tag","embeddable":true,"href":"https:\/\/brasilnoticias.org\/site\/wp-json\/wp\/v2\/tags?post=16245"}],"curies":[{"name":"wp","href":"https:\/\/api.w.org\/{rel}","templated":true}]}}