{"id":16248,"date":"2024-10-30T18:13:14","date_gmt":"2024-10-30T21:13:14","guid":{"rendered":"https:\/\/brasilnoticias.org\/site\/?p=16248"},"modified":"2024-10-30T18:13:14","modified_gmt":"2024-10-30T21:13:14","slug":"isabela-suarez-destaca-importancia-do-selo-bandeira-azul-e-da-preservacao-da-bts-em-entrevista-a-cbn-salvador","status":"publish","type":"post","link":"https:\/\/brasilnoticias.org\/site\/isabela-suarez-destaca-importancia-do-selo-bandeira-azul-e-da-preservacao-da-bts-em-entrevista-a-cbn-salvador\/","title":{"rendered":"Isabela Suarez destaca import\u00e2ncia do selo Bandeira Azul e da preserva\u00e7\u00e3o da BTS em entrevista \u00e0 CBN Salvador"},"content":{"rendered":"<p>Na manh\u00e3 desta quarta-feira (30), no programa CBN Bahia, o apresentador Andr\u00e9 Sp\u00ednola recebeu Isabela Suarez, advogada, empres\u00e1ria e presidente da Funda\u00e7\u00e3o Ba\u00eda Viva, para falar sobre o tema \u201cFunda\u00e7\u00e3o Ba\u00eda Viva: Sustentabilidade e Valoriza\u00e7\u00e3o da Ba\u00eda de Todos-os-Santos (BTS)\u201d. Fundada em 1999, a Funda\u00e7\u00e3o Ba\u00eda Viva \u00e9 uma institui\u00e7\u00e3o privada e sem fins lucrativos dedicada \u00e0 preserva\u00e7\u00e3o e requalifica\u00e7\u00e3o da BTS, um dos maiores e mais ic\u00f4nicos cart\u00f5es-postais do Brasil.<\/p>\n<p>Durante a entrevista, Isabela Suarez ressaltou o trabalho de mais de duas d\u00e9cadas da funda\u00e7\u00e3o, que tem promovido a sustentabilidade, a inclus\u00e3o social e a requalifica\u00e7\u00e3o urbana da regi\u00e3o. Sob sua lideran\u00e7a, a funda\u00e7\u00e3o conquistou importantes avan\u00e7os, incluindo a certifica\u00e7\u00e3o internacional Bandeira Azul para a praia de Ponta de Nossa Senhora de Guadalupe, localizada na Ilha dos Frades. A certifica\u00e7\u00e3o Bandeira Azul \u00e9 uma das mais respeitadas reconhecimentos ambientais, concedida pela Foundation for Environmental Education (FEE) a praias e marinas que cumprem altos padr\u00f5es de sa\u00fade, seguran\u00e7a, servi\u00e7os e qualidade da \u00e1gua.<\/p>\n<p>Isabela destacou que o programa Bandeira Azul n\u00e3o apenas valoriza a praia certificada, mas tamb\u00e9m traz benef\u00edcios significativos ao turismo e \u00e0 economia local, ao atrair visitantes que valorizam pr\u00e1ticas sustent\u00e1veis. Ela explicou que para obter o selo, a praia de Ponta de Nossa Senhora de Guadalupe teve que atender a crit\u00e9rios rigorosos, como a qualidade da \u00e1gua e a gest\u00e3o ambiental. Al\u00e9m disso, a praia de Vira\u00e7\u00e3o, tamb\u00e9m na Ilha dos Frades, foi certificada recentemente, ampliando o alcance do projeto na regi\u00e3o.<\/p>\n<p>A Funda\u00e7\u00e3o Ba\u00eda Viva promove iniciativas de educa\u00e7\u00e3o ambiental para conscientizar a comunidade e fortalecer o cuidado com a BTS. Isabela enfatizou a import\u00e2ncia das parcerias p\u00fablico-privadas para o sucesso dessas a\u00e7\u00f5es, refor\u00e7ando que o apoio da sociedade civil e do setor empresarial \u00e9 essencial para a preserva\u00e7\u00e3o do meio ambiente. Como vice-presidente de Sustentabilidade Empresarial da Associa\u00e7\u00e3o Comercial da Bahia, Isabela acredita que as empresas desempenham um papel fundamental na preserva\u00e7\u00e3o ambiental, tanto por meio de iniciativas pr\u00f3prias quanto pelo incentivo a pr\u00e1ticas sustent\u00e1veis.<\/p>\n<p>Na sexta-feira, dia 1\u00ba de novembro, o Yacht Clube da Bahia sediar\u00e1 a cerim\u00f4nia de entrega da Bandeira Azul 2024. Autoridades locais, gestores de praias e representantes ambientais estar\u00e3o presentes para celebrar as conquistas da temporada e iniciar o novo ciclo de 2024\/2025. A cerim\u00f4nia, al\u00e9m de prestigiar praias e marinas que se destacaram, incluir\u00e1 a premia\u00e7\u00e3o dos \u201cDestaques em Educa\u00e7\u00e3o Ambiental\u201d, honraria que Isabela considera crucial para promover mudan\u00e7as duradouras nas pr\u00e1ticas ambientais.<\/p>\n<p>A agenda de preserva\u00e7\u00e3o da funda\u00e7\u00e3o tamb\u00e9m inclui projetos de investiga\u00e7\u00e3o e den\u00fancia de agress\u00f5es ao meio ambiente local, enfrentando amea\u00e7as que persistem na regi\u00e3o. Durante a entrevista, Isabela Suarez falou sobre o compromisso da funda\u00e7\u00e3o em garantir que as pr\u00f3ximas gera\u00e7\u00f5es possam desfrutar da BTS em sua beleza natural. Ela compartilhou que a funda\u00e7\u00e3o busca constantemente novas parcerias e apoio para ampliar o impacto de suas a\u00e7\u00f5es ambientais e sociais na regi\u00e3o.<\/p>\n<p>O evento de hasteamento da Bandeira Azul nas praias da Ilha dos Frades est\u00e1 marcado para s\u00e1bado, 2 de novembro, e contar\u00e1 com um trajeto pela BTS a bordo da embarca\u00e7\u00e3o Ouro Azul. Isabela destacou que o passeio representa uma celebra\u00e7\u00e3o da import\u00e2ncia cultural e ecol\u00f3gica da ba\u00eda e refor\u00e7a o compromisso da funda\u00e7\u00e3o com o turismo sustent\u00e1vel.<\/p>\n<p>A presidente da Funda\u00e7\u00e3o Ba\u00eda Viva finalizou a entrevista revelando planos futuros para a expans\u00e3o dos projetos de sustentabilidade e inclus\u00e3o social na BTS. Ela v\u00ea o reconhecimento pelo seu trabalho como uma inspira\u00e7\u00e3o para outros empreendedores e l\u00edderes a atuarem em prol do desenvolvimento sustent\u00e1vel na Bahia, especialmente para jovens que desejam fazer a diferen\u00e7a na \u00e1rea ambiental.<\/p>\n<p>Isabela Suarez tamb\u00e9m recebeu recentemente a Comenda 2 de Julho da Assembleia Legislativa da Bahia, uma das maiores honrarias do estado, em reconhecimento \u00e0 sua contribui\u00e7\u00e3o para a preserva\u00e7\u00e3o ambiental e ao seu papel como figura feminina de destaque no setor empresarial. Ela enxerga essa homenagem como um incentivo para continuar lutando pela valoriza\u00e7\u00e3o das causas ambientais e sociais na Bahia, e para inspirar outras mulheres a liderarem projetos de impacto sustent\u00e1vel na regi\u00e3o.<\/p>\n","protected":false},"excerpt":{"rendered":"<p>Na manh\u00e3 desta quarta-feira (30), no programa CBN Bahia, o apresentador Andr\u00e9 Sp\u00ednola recebeu Isabela Suarez, advogada, empres\u00e1ria e presidente<\/p>\n","protected":false},"author":4,"featured_media":16249,"comment_status":"open","ping_status":"open","sticky":false,"template":"","format":"standard","meta":{"colormag_page_container_layout":"default_layout","colormag_page_sidebar_layout":"default_layout","_FSMCFIC_featured_image_caption":"","_FSMCFIC_featured_image_nocaption":"","_FSMCFIC_featured_image_hide":"","footnotes":""},"categories":[2,1],"tags":[],"class_list":["post-16248","post","type-post","status-publish","format-standard","has-post-thumbnail","hentry","category-noticias","category-ultimas"],"yoast_head":"<!-- This site is optimized with the Yoast SEO plugin v27.1.1 - https:\/\/yoast.com\/product\/yoast-seo-wordpress\/ -->\n<title>Isabela Suarez destaca import\u00e2ncia do selo Bandeira Azul e da preserva\u00e7\u00e3o da BTS em entrevista \u00e0 CBN Salvador - Brasil not\u00edcias<\/title>\n<meta name=\"robots\" content=\"index, follow, max-snippet:-1, max-image-preview:large, max-video-preview:-1\" \/>\n<link rel=\"canonical\" href=\"https:\/\/brasilnoticias.org\/site\/isabela-suarez-destaca-importancia-do-selo-bandeira-azul-e-da-preservacao-da-bts-em-entrevista-a-cbn-salvador\/\" \/>\n<meta property=\"og:locale\" content=\"pt_PT\" \/>\n<meta property=\"og:type\" content=\"article\" \/>\n<meta property=\"og:title\" content=\"Isabela Suarez destaca import\u00e2ncia do selo Bandeira Azul e da preserva\u00e7\u00e3o da BTS em entrevista \u00e0 CBN Salvador - Brasil not\u00edcias\" \/>\n<meta property=\"og:description\" content=\"Na manh\u00e3 desta quarta-feira (30), no programa CBN Bahia, o apresentador Andr\u00e9 Sp\u00ednola recebeu Isabela Suarez, advogada, empres\u00e1ria e presidente\" \/>\n<meta property=\"og:url\" content=\"https:\/\/brasilnoticias.org\/site\/isabela-suarez-destaca-importancia-do-selo-bandeira-azul-e-da-preservacao-da-bts-em-entrevista-a-cbn-salvador\/\" \/>\n<meta property=\"og:site_name\" content=\"Brasil not\u00edcias\" \/>\n<meta property=\"article:published_time\" content=\"2024-10-30T21:13:14+00:00\" \/>\n<meta property=\"og:image\" content=\"https:\/\/brasilnoticias.org\/site\/wp-content\/uploads\/2024\/10\/IMAGEM_NOTICIA_0-9.jpg\" \/>\n\t<meta property=\"og:image:width\" content=\"850\" \/>\n\t<meta property=\"og:image:height\" content=\"400\" \/>\n\t<meta property=\"og:image:type\" content=\"image\/jpeg\" \/>\n<meta name=\"author\" content=\"Reda\u00e7\u00e3o\" \/>\n<meta name=\"twitter:card\" content=\"summary_large_image\" \/>\n<meta name=\"twitter:label1\" content=\"Escrito por\" \/>\n\t<meta name=\"twitter:data1\" content=\"Reda\u00e7\u00e3o\" \/>\n<script type=\"application\/ld+json\" class=\"yoast-schema-graph\">{\"@context\":\"https:\/\/schema.org\",\"@graph\":[{\"@type\":\"Article\",\"@id\":\"https:\/\/brasilnoticias.org\/site\/isabela-suarez-destaca-importancia-do-selo-bandeira-azul-e-da-preservacao-da-bts-em-entrevista-a-cbn-salvador\/#article\",\"isPartOf\":{\"@id\":\"https:\/\/brasilnoticias.org\/site\/isabela-suarez-destaca-importancia-do-selo-bandeira-azul-e-da-preservacao-da-bts-em-entrevista-a-cbn-salvador\/\"},\"author\":{\"name\":\"Reda\u00e7\u00e3o\",\"@id\":\"https:\/\/brasilnoticias.org\/site\/#\/schema\/person\/03bbbfe6c7634ad18c26444ea39049fa\"},\"headline\":\"Isabela Suarez destaca import\u00e2ncia do selo Bandeira Azul e da preserva\u00e7\u00e3o da BTS em entrevista \u00e0 CBN Salvador\",\"datePublished\":\"2024-10-30T21:13:14+00:00\",\"mainEntityOfPage\":{\"@id\":\"https:\/\/brasilnoticias.org\/site\/isabela-suarez-destaca-importancia-do-selo-bandeira-azul-e-da-preservacao-da-bts-em-entrevista-a-cbn-salvador\/\"},\"wordCount\":773,\"commentCount\":0,\"publisher\":{\"@id\":\"https:\/\/brasilnoticias.org\/site\/#organization\"},\"image\":{\"@id\":\"https:\/\/brasilnoticias.org\/site\/isabela-suarez-destaca-importancia-do-selo-bandeira-azul-e-da-preservacao-da-bts-em-entrevista-a-cbn-salvador\/#primaryimage\"},\"thumbnailUrl\":\"https:\/\/brasilnoticias.org\/site\/wp-content\/uploads\/2024\/10\/IMAGEM_NOTICIA_0-9.jpg\",\"articleSection\":[\"Not\u00edcias\",\"\u00daltimas\"],\"inLanguage\":\"pt-PT\",\"potentialAction\":[{\"@type\":\"CommentAction\",\"name\":\"Comment\",\"target\":[\"https:\/\/brasilnoticias.org\/site\/isabela-suarez-destaca-importancia-do-selo-bandeira-azul-e-da-preservacao-da-bts-em-entrevista-a-cbn-salvador\/#respond\"]}]},{\"@type\":\"WebPage\",\"@id\":\"https:\/\/brasilnoticias.org\/site\/isabela-suarez-destaca-importancia-do-selo-bandeira-azul-e-da-preservacao-da-bts-em-entrevista-a-cbn-salvador\/\",\"url\":\"https:\/\/brasilnoticias.org\/site\/isabela-suarez-destaca-importancia-do-selo-bandeira-azul-e-da-preservacao-da-bts-em-entrevista-a-cbn-salvador\/\",\"name\":\"Isabela Suarez destaca import\u00e2ncia do selo Bandeira Azul e da preserva\u00e7\u00e3o da BTS em entrevista \u00e0 CBN Salvador - Brasil not\u00edcias\",\"isPartOf\":{\"@id\":\"https:\/\/brasilnoticias.org\/site\/#website\"},\"primaryImageOfPage\":{\"@id\":\"https:\/\/brasilnoticias.org\/site\/isabela-suarez-destaca-importancia-do-selo-bandeira-azul-e-da-preservacao-da-bts-em-entrevista-a-cbn-salvador\/#primaryimage\"},\"image\":{\"@id\":\"https:\/\/brasilnoticias.org\/site\/isabela-suarez-destaca-importancia-do-selo-bandeira-azul-e-da-preservacao-da-bts-em-entrevista-a-cbn-salvador\/#primaryimage\"},\"thumbnailUrl\":\"https:\/\/brasilnoticias.org\/site\/wp-content\/uploads\/2024\/10\/IMAGEM_NOTICIA_0-9.jpg\",\"datePublished\":\"2024-10-30T21:13:14+00:00\",\"breadcrumb\":{\"@id\":\"https:\/\/brasilnoticias.org\/site\/isabela-suarez-destaca-importancia-do-selo-bandeira-azul-e-da-preservacao-da-bts-em-entrevista-a-cbn-salvador\/#breadcrumb\"},\"inLanguage\":\"pt-PT\",\"potentialAction\":[{\"@type\":\"ReadAction\",\"target\":[\"https:\/\/brasilnoticias.org\/site\/isabela-suarez-destaca-importancia-do-selo-bandeira-azul-e-da-preservacao-da-bts-em-entrevista-a-cbn-salvador\/\"]}]},{\"@type\":\"ImageObject\",\"inLanguage\":\"pt-PT\",\"@id\":\"https:\/\/brasilnoticias.org\/site\/isabela-suarez-destaca-importancia-do-selo-bandeira-azul-e-da-preservacao-da-bts-em-entrevista-a-cbn-salvador\/#primaryimage\",\"url\":\"https:\/\/brasilnoticias.org\/site\/wp-content\/uploads\/2024\/10\/IMAGEM_NOTICIA_0-9.jpg\",\"contentUrl\":\"https:\/\/brasilnoticias.org\/site\/wp-content\/uploads\/2024\/10\/IMAGEM_NOTICIA_0-9.jpg\",\"width\":850,\"height\":400},{\"@type\":\"BreadcrumbList\",\"@id\":\"https:\/\/brasilnoticias.org\/site\/isabela-suarez-destaca-importancia-do-selo-bandeira-azul-e-da-preservacao-da-bts-em-entrevista-a-cbn-salvador\/#breadcrumb\",\"itemListElement\":[{\"@type\":\"ListItem\",\"position\":1,\"name\":\"In\u00edcio\",\"item\":\"https:\/\/brasilnoticias.org\/site\/\"},{\"@type\":\"ListItem\",\"position\":2,\"name\":\"Isabela Suarez destaca import\u00e2ncia do selo Bandeira Azul e da preserva\u00e7\u00e3o da BTS em entrevista \u00e0 CBN Salvador\"}]},{\"@type\":\"WebSite\",\"@id\":\"https:\/\/brasilnoticias.org\/site\/#website\",\"url\":\"https:\/\/brasilnoticias.org\/site\/\",\"name\":\"Brasil not\u00edcias\",\"description\":\"Brasil not\u00edcias\",\"publisher\":{\"@id\":\"https:\/\/brasilnoticias.org\/site\/#organization\"},\"potentialAction\":[{\"@type\":\"SearchAction\",\"target\":{\"@type\":\"EntryPoint\",\"urlTemplate\":\"https:\/\/brasilnoticias.org\/site\/?s={search_term_string}\"},\"query-input\":{\"@type\":\"PropertyValueSpecification\",\"valueRequired\":true,\"valueName\":\"search_term_string\"}}],\"inLanguage\":\"pt-PT\"},{\"@type\":\"Organization\",\"@id\":\"https:\/\/brasilnoticias.org\/site\/#organization\",\"name\":\"Brasil not\u00edcias\",\"url\":\"https:\/\/brasilnoticias.org\/site\/\",\"logo\":{\"@type\":\"ImageObject\",\"inLanguage\":\"pt-PT\",\"@id\":\"https:\/\/brasilnoticias.org\/site\/#\/schema\/logo\/image\/\",\"url\":\"https:\/\/brasilnoticias.org\/site\/wp-content\/uploads\/2022\/05\/cropped-brasilnoticias-mini.jpg\",\"contentUrl\":\"https:\/\/brasilnoticias.org\/site\/wp-content\/uploads\/2022\/05\/cropped-brasilnoticias-mini.jpg\",\"width\":314,\"height\":86,\"caption\":\"Brasil not\u00edcias\"},\"image\":{\"@id\":\"https:\/\/brasilnoticias.org\/site\/#\/schema\/logo\/image\/\"}},{\"@type\":\"Person\",\"@id\":\"https:\/\/brasilnoticias.org\/site\/#\/schema\/person\/03bbbfe6c7634ad18c26444ea39049fa\",\"name\":\"Reda\u00e7\u00e3o\",\"image\":{\"@type\":\"ImageObject\",\"inLanguage\":\"pt-PT\",\"@id\":\"https:\/\/brasilnoticias.org\/site\/#\/schema\/person\/image\/\",\"url\":\"https:\/\/secure.gravatar.com\/avatar\/9ecaf7327a696cb23ad926fedded5f1f04d7049de9e445375d55b48c001a6e42?s=96&d=mm&r=g\",\"contentUrl\":\"https:\/\/secure.gravatar.com\/avatar\/9ecaf7327a696cb23ad926fedded5f1f04d7049de9e445375d55b48c001a6e42?s=96&d=mm&r=g\",\"caption\":\"Reda\u00e7\u00e3o\"},\"url\":\"https:\/\/brasilnoticias.org\/site\/author\/henrique\/\"}]}<\/script>\n<!-- \/ Yoast SEO plugin. -->","yoast_head_json":{"title":"Isabela Suarez destaca import\u00e2ncia do selo Bandeira Azul e da preserva\u00e7\u00e3o da BTS em entrevista \u00e0 CBN Salvador - Brasil not\u00edcias","robots":{"index":"index","follow":"follow","max-snippet":"max-snippet:-1","max-image-preview":"max-image-preview:large","max-video-preview":"max-video-preview:-1"},"canonical":"https:\/\/brasilnoticias.org\/site\/isabela-suarez-destaca-importancia-do-selo-bandeira-azul-e-da-preservacao-da-bts-em-entrevista-a-cbn-salvador\/","og_locale":"pt_PT","og_type":"article","og_title":"Isabela Suarez destaca import\u00e2ncia do selo Bandeira Azul e da preserva\u00e7\u00e3o da BTS em entrevista \u00e0 CBN Salvador - Brasil not\u00edcias","og_description":"Na manh\u00e3 desta quarta-feira (30), no programa CBN Bahia, o apresentador Andr\u00e9 Sp\u00ednola recebeu Isabela Suarez, advogada, empres\u00e1ria e presidente","og_url":"https:\/\/brasilnoticias.org\/site\/isabela-suarez-destaca-importancia-do-selo-bandeira-azul-e-da-preservacao-da-bts-em-entrevista-a-cbn-salvador\/","og_site_name":"Brasil not\u00edcias","article_published_time":"2024-10-30T21:13:14+00:00","og_image":[{"width":850,"height":400,"url":"https:\/\/brasilnoticias.org\/site\/wp-content\/uploads\/2024\/10\/IMAGEM_NOTICIA_0-9.jpg","type":"image\/jpeg"}],"author":"Reda\u00e7\u00e3o","twitter_card":"summary_large_image","twitter_misc":{"Escrito por":"Reda\u00e7\u00e3o"},"schema":{"@context":"https:\/\/schema.org","@graph":[{"@type":"Article","@id":"https:\/\/brasilnoticias.org\/site\/isabela-suarez-destaca-importancia-do-selo-bandeira-azul-e-da-preservacao-da-bts-em-entrevista-a-cbn-salvador\/#article","isPartOf":{"@id":"https:\/\/brasilnoticias.org\/site\/isabela-suarez-destaca-importancia-do-selo-bandeira-azul-e-da-preservacao-da-bts-em-entrevista-a-cbn-salvador\/"},"author":{"name":"Reda\u00e7\u00e3o","@id":"https:\/\/brasilnoticias.org\/site\/#\/schema\/person\/03bbbfe6c7634ad18c26444ea39049fa"},"headline":"Isabela Suarez destaca import\u00e2ncia do selo Bandeira Azul e da preserva\u00e7\u00e3o da BTS em entrevista \u00e0 CBN Salvador","datePublished":"2024-10-30T21:13:14+00:00","mainEntityOfPage":{"@id":"https:\/\/brasilnoticias.org\/site\/isabela-suarez-destaca-importancia-do-selo-bandeira-azul-e-da-preservacao-da-bts-em-entrevista-a-cbn-salvador\/"},"wordCount":773,"commentCount":0,"publisher":{"@id":"https:\/\/brasilnoticias.org\/site\/#organization"},"image":{"@id":"https:\/\/brasilnoticias.org\/site\/isabela-suarez-destaca-importancia-do-selo-bandeira-azul-e-da-preservacao-da-bts-em-entrevista-a-cbn-salvador\/#primaryimage"},"thumbnailUrl":"https:\/\/brasilnoticias.org\/site\/wp-content\/uploads\/2024\/10\/IMAGEM_NOTICIA_0-9.jpg","articleSection":["Not\u00edcias","\u00daltimas"],"inLanguage":"pt-PT","potentialAction":[{"@type":"CommentAction","name":"Comment","target":["https:\/\/brasilnoticias.org\/site\/isabela-suarez-destaca-importancia-do-selo-bandeira-azul-e-da-preservacao-da-bts-em-entrevista-a-cbn-salvador\/#respond"]}]},{"@type":"WebPage","@id":"https:\/\/brasilnoticias.org\/site\/isabela-suarez-destaca-importancia-do-selo-bandeira-azul-e-da-preservacao-da-bts-em-entrevista-a-cbn-salvador\/","url":"https:\/\/brasilnoticias.org\/site\/isabela-suarez-destaca-importancia-do-selo-bandeira-azul-e-da-preservacao-da-bts-em-entrevista-a-cbn-salvador\/","name":"Isabela Suarez destaca import\u00e2ncia do selo Bandeira Azul e da preserva\u00e7\u00e3o da BTS em entrevista \u00e0 CBN Salvador - Brasil not\u00edcias","isPartOf":{"@id":"https:\/\/brasilnoticias.org\/site\/#website"},"primaryImageOfPage":{"@id":"https:\/\/brasilnoticias.org\/site\/isabela-suarez-destaca-importancia-do-selo-bandeira-azul-e-da-preservacao-da-bts-em-entrevista-a-cbn-salvador\/#primaryimage"},"image":{"@id":"https:\/\/brasilnoticias.org\/site\/isabela-suarez-destaca-importancia-do-selo-bandeira-azul-e-da-preservacao-da-bts-em-entrevista-a-cbn-salvador\/#primaryimage"},"thumbnailUrl":"https:\/\/brasilnoticias.org\/site\/wp-content\/uploads\/2024\/10\/IMAGEM_NOTICIA_0-9.jpg","datePublished":"2024-10-30T21:13:14+00:00","breadcrumb":{"@id":"https:\/\/brasilnoticias.org\/site\/isabela-suarez-destaca-importancia-do-selo-bandeira-azul-e-da-preservacao-da-bts-em-entrevista-a-cbn-salvador\/#breadcrumb"},"inLanguage":"pt-PT","potentialAction":[{"@type":"ReadAction","target":["https:\/\/brasilnoticias.org\/site\/isabela-suarez-destaca-importancia-do-selo-bandeira-azul-e-da-preservacao-da-bts-em-entrevista-a-cbn-salvador\/"]}]},{"@type":"ImageObject","inLanguage":"pt-PT","@id":"https:\/\/brasilnoticias.org\/site\/isabela-suarez-destaca-importancia-do-selo-bandeira-azul-e-da-preservacao-da-bts-em-entrevista-a-cbn-salvador\/#primaryimage","url":"https:\/\/brasilnoticias.org\/site\/wp-content\/uploads\/2024\/10\/IMAGEM_NOTICIA_0-9.jpg","contentUrl":"https:\/\/brasilnoticias.org\/site\/wp-content\/uploads\/2024\/10\/IMAGEM_NOTICIA_0-9.jpg","width":850,"height":400},{"@type":"BreadcrumbList","@id":"https:\/\/brasilnoticias.org\/site\/isabela-suarez-destaca-importancia-do-selo-bandeira-azul-e-da-preservacao-da-bts-em-entrevista-a-cbn-salvador\/#breadcrumb","itemListElement":[{"@type":"ListItem","position":1,"name":"In\u00edcio","item":"https:\/\/brasilnoticias.org\/site\/"},{"@type":"ListItem","position":2,"name":"Isabela Suarez destaca import\u00e2ncia do selo Bandeira Azul e da preserva\u00e7\u00e3o da BTS em entrevista \u00e0 CBN Salvador"}]},{"@type":"WebSite","@id":"https:\/\/brasilnoticias.org\/site\/#website","url":"https:\/\/brasilnoticias.org\/site\/","name":"Brasil not\u00edcias","description":"Brasil not\u00edcias","publisher":{"@id":"https:\/\/brasilnoticias.org\/site\/#organization"},"potentialAction":[{"@type":"SearchAction","target":{"@type":"EntryPoint","urlTemplate":"https:\/\/brasilnoticias.org\/site\/?s={search_term_string}"},"query-input":{"@type":"PropertyValueSpecification","valueRequired":true,"valueName":"search_term_string"}}],"inLanguage":"pt-PT"},{"@type":"Organization","@id":"https:\/\/brasilnoticias.org\/site\/#organization","name":"Brasil not\u00edcias","url":"https:\/\/brasilnoticias.org\/site\/","logo":{"@type":"ImageObject","inLanguage":"pt-PT","@id":"https:\/\/brasilnoticias.org\/site\/#\/schema\/logo\/image\/","url":"https:\/\/brasilnoticias.org\/site\/wp-content\/uploads\/2022\/05\/cropped-brasilnoticias-mini.jpg","contentUrl":"https:\/\/brasilnoticias.org\/site\/wp-content\/uploads\/2022\/05\/cropped-brasilnoticias-mini.jpg","width":314,"height":86,"caption":"Brasil not\u00edcias"},"image":{"@id":"https:\/\/brasilnoticias.org\/site\/#\/schema\/logo\/image\/"}},{"@type":"Person","@id":"https:\/\/brasilnoticias.org\/site\/#\/schema\/person\/03bbbfe6c7634ad18c26444ea39049fa","name":"Reda\u00e7\u00e3o","image":{"@type":"ImageObject","inLanguage":"pt-PT","@id":"https:\/\/brasilnoticias.org\/site\/#\/schema\/person\/image\/","url":"https:\/\/secure.gravatar.com\/avatar\/9ecaf7327a696cb23ad926fedded5f1f04d7049de9e445375d55b48c001a6e42?s=96&d=mm&r=g","contentUrl":"https:\/\/secure.gravatar.com\/avatar\/9ecaf7327a696cb23ad926fedded5f1f04d7049de9e445375d55b48c001a6e42?s=96&d=mm&r=g","caption":"Reda\u00e7\u00e3o"},"url":"https:\/\/brasilnoticias.org\/site\/author\/henrique\/"}]}},"_links":{"self":[{"href":"https:\/\/brasilnoticias.org\/site\/wp-json\/wp\/v2\/posts\/16248","targetHints":{"allow":["GET"]}}],"collection":[{"href":"https:\/\/brasilnoticias.org\/site\/wp-json\/wp\/v2\/posts"}],"about":[{"href":"https:\/\/brasilnoticias.org\/site\/wp-json\/wp\/v2\/types\/post"}],"author":[{"embeddable":true,"href":"https:\/\/brasilnoticias.org\/site\/wp-json\/wp\/v2\/users\/4"}],"replies":[{"embeddable":true,"href":"https:\/\/brasilnoticias.org\/site\/wp-json\/wp\/v2\/comments?post=16248"}],"version-history":[{"count":1,"href":"https:\/\/brasilnoticias.org\/site\/wp-json\/wp\/v2\/posts\/16248\/revisions"}],"predecessor-version":[{"id":16250,"href":"https:\/\/brasilnoticias.org\/site\/wp-json\/wp\/v2\/posts\/16248\/revisions\/16250"}],"wp:featuredmedia":[{"embeddable":true,"href":"https:\/\/brasilnoticias.org\/site\/wp-json\/wp\/v2\/media\/16249"}],"wp:attachment":[{"href":"https:\/\/brasilnoticias.org\/site\/wp-json\/wp\/v2\/media?parent=16248"}],"wp:term":[{"taxonomy":"category","embeddable":true,"href":"https:\/\/brasilnoticias.org\/site\/wp-json\/wp\/v2\/categories?post=16248"},{"taxonomy":"post_tag","embeddable":true,"href":"https:\/\/brasilnoticias.org\/site\/wp-json\/wp\/v2\/tags?post=16248"}],"curies":[{"name":"wp","href":"https:\/\/api.w.org\/{rel}","templated":true}]}}