{"id":1630,"date":"2022-10-04T09:00:27","date_gmt":"2022-10-04T12:00:27","guid":{"rendered":"https:\/\/brasilnoticias.org\/site\/?p=1630"},"modified":"2022-10-04T09:00:27","modified_gmt":"2022-10-04T12:00:27","slug":"taxa-de-renovacao-da-camara-cai-a-39-apos-recorde-registrado-em-2018","status":"publish","type":"post","link":"https:\/\/brasilnoticias.org\/site\/taxa-de-renovacao-da-camara-cai-a-39-apos-recorde-registrado-em-2018\/","title":{"rendered":"Taxa de renova\u00e7\u00e3o da C\u00e2mara cai a 39% ap\u00f3s recorde registrado em 2018"},"content":{"rendered":"<p>A taxa de renova\u00e7\u00e3o da C\u00e2mara dos Deputados foi de 39,4% nas elei\u00e7\u00f5es de 2022, retornando \u00e0 m\u00e9dia hist\u00f3rica inferior a 40% registrada desde 1994 e abaixo dos 47,4% obtidos em 2018 \u2013quando o \u00edndice bateu recorde.<\/p>\n<p>Os c\u00e1lculos s\u00e3o da Secretaria-Geral da Mesa da C\u00e2mara e mostram que, dos 513 deputados, 202 exercer\u00e3o o mandato pela primeira vez. Os reeleitos somam 294, e 17 ex-deputados voltam \u00e0 Casa ap\u00f3s um per\u00edodo fora da C\u00e2mara.<\/p>\n<p>Entre os estados, os dados mostram que a renova\u00e7\u00e3o foi maior no Acre, que s\u00f3 teve uma deputada reeleita. No Amap\u00e1, dois parlamentares se reelegeram.<\/p>\n<p>Em Minas Gerais, a renova\u00e7\u00e3o ficou em 28%. No estado, Nikolas Ferreira (PL) recebeu 1.492.047 votos e foi o deputado federal mais votado do pa\u00eds. A forte elei\u00e7\u00e3o do novato deixou nomes conhecidos de fora da nova legislatura, como \u00e9 o caso de J\u00falio Delgado (PV), atualmente em seu quinto mandato seguido.<\/p>\n<p>No Amazonas, o deputado mais votado foi Amom Mandel (Cidadania), de 21 anos. Ele recebeu 288.555 votos e defende propostas voltadas \u00e0 sustentabilidade. O ex-vice-presidente da C\u00e2mara Marcelo Ramos (PSD), destitu\u00eddo por Arthur Lira ap\u00f3s press\u00e3o do PL de Jair Bolsonaro (PL), ficou de fora da 57\u00aa Legislatura.<\/p>\n<p><a href=\"https:\/\/www.bnews.com.br\/noticias\/politica\/pl-de-bolsonaro-tem-maior-bancada-no-congresso.html\" target=\"_blank\" rel=\"noopener\">Apesar de o PL ter ganhado 23 deputados<\/a>, alguns aliados de Bolsonaro ficaram de fora da nova C\u00e2mara. Coronel Tadeu (PL-SP) e Bibo Nunes (PL-RS) s\u00f3 conseguiram votos para supl\u00eancia. Eleitos em 2018 na onda do bolsonarismo, Joice Hasselmann (PSDB-SP) e Junior Bozzella (Uni\u00e3o Brasil-SP) n\u00e3o conseguiram manter apoio suficiente para se reelegerem.<\/p>\n<p>Tamb\u00e9m em S\u00e3o Paulo, o ex-ministro do Esporte Orlando Silva (PCdoB) n\u00e3o se reelegeu, assim como Paulinho da For\u00e7a (Solidariedade), presidente de honra da For\u00e7a Sindical.<\/p>\n<p>Em Roraima, Joenia Wapichana, \u00fanica representante ind\u00edgena da atual legislatura, n\u00e3o se reelegeu. A bancada ind\u00edgena, no entanto, ter\u00e1 cinco deputados autodeclarados.<\/p>\n<p>Nas elei\u00e7\u00f5es de 2018, houve a maior renova\u00e7\u00e3o para a C\u00e2mara dos Deputados desde a Constitui\u00e7\u00e3o de 1988.<\/p>\n<p>Na ocasi\u00e3o, 47% dos parlamentares nunca haviam sido deputados federais. A onda bolsonarista de direita levou para os tapetes verdes da Casa uma leva de novatos, muitos deles com atua\u00e7\u00e3o concentrada nas redes sociais.<\/p>\n<p>A &#8220;bancada das lives&#8221; foi registrada em imagem pelo rep\u00f3rter fotogr\u00e1fico Pedro Ladeira, da Folha, em maio de 2019, ocasi\u00e3o em que um grupo de parlamentares do PSL -partido pelo qual Bolsonaro se elegeu e que hoje se chama Uni\u00e3o Brasil- fazia transmiss\u00f5es ao vivo durante vota\u00e7\u00e3o da retirada do Coaf (Conselho de Controle de Atividades Financeiras) das m\u00e3os do minist\u00e9rio da Justi\u00e7a. \u00c0 \u00e9poca, o Minist\u00e9rio da Justi\u00e7a era comandado por Sergio Moro (Uni\u00e3o Brasil), agora eleito para o Senado pelo Paran\u00e1.<\/p>\n<p>Apesar da grande penetra\u00e7\u00e3o nas redes e do forte discurso de mudan\u00e7a e de combate ao que chamavam de &#8220;velha pol\u00edtica&#8221;, os novatos n\u00e3o promoveram nenhuma mudan\u00e7a significativa.<\/p>\n<p>A ala bolsonarista acabou se aliando posteriormente ao centr\u00e3o, que representava aquilo que alguns diziam mais execrar na pol\u00edtica. Hoje, o grupo est\u00e1 majoritariamente filiado ao PL de Valdemar Costa Neto.<\/p>\n<p>&nbsp;<\/p>\n<p>&nbsp;<\/p>\n<p>&nbsp;<\/p>\n<p>Bnews<\/p>\n<p>&nbsp;<\/p>\n","protected":false},"excerpt":{"rendered":"<p>A taxa de renova\u00e7\u00e3o da C\u00e2mara dos Deputados foi de 39,4% nas elei\u00e7\u00f5es de 2022, retornando \u00e0 m\u00e9dia hist\u00f3rica inferior<\/p>\n","protected":false},"author":2,"featured_media":1631,"comment_status":"open","ping_status":"open","sticky":false,"template":"","format":"standard","meta":{"colormag_page_container_layout":"default_layout","colormag_page_sidebar_layout":"default_layout","_FSMCFIC_featured_image_caption":"","_FSMCFIC_featured_image_nocaption":"","_FSMCFIC_featured_image_hide":"","footnotes":""},"categories":[5,1],"tags":[],"class_list":["post-1630","post","type-post","status-publish","format-standard","has-post-thumbnail","hentry","category-politica","category-ultimas"],"yoast_head":"<!-- This site is optimized with the Yoast SEO plugin v27.1.1 - https:\/\/yoast.com\/product\/yoast-seo-wordpress\/ -->\n<title>Taxa de renova\u00e7\u00e3o da C\u00e2mara cai a 39% ap\u00f3s recorde registrado em 2018 - Brasil not\u00edcias<\/title>\n<meta name=\"robots\" content=\"index, follow, max-snippet:-1, max-image-preview:large, max-video-preview:-1\" \/>\n<link rel=\"canonical\" href=\"https:\/\/brasilnoticias.org\/site\/taxa-de-renovacao-da-camara-cai-a-39-apos-recorde-registrado-em-2018\/\" \/>\n<meta property=\"og:locale\" content=\"pt_PT\" \/>\n<meta property=\"og:type\" content=\"article\" \/>\n<meta property=\"og:title\" content=\"Taxa de renova\u00e7\u00e3o da C\u00e2mara cai a 39% ap\u00f3s recorde registrado em 2018 - Brasil not\u00edcias\" \/>\n<meta property=\"og:description\" content=\"A taxa de renova\u00e7\u00e3o da C\u00e2mara dos Deputados foi de 39,4% nas elei\u00e7\u00f5es de 2022, retornando \u00e0 m\u00e9dia hist\u00f3rica inferior\" \/>\n<meta property=\"og:url\" content=\"https:\/\/brasilnoticias.org\/site\/taxa-de-renovacao-da-camara-cai-a-39-apos-recorde-registrado-em-2018\/\" \/>\n<meta property=\"og:site_name\" content=\"Brasil not\u00edcias\" \/>\n<meta property=\"article:published_time\" content=\"2022-10-04T12:00:27+00:00\" \/>\n<meta property=\"og:image\" content=\"https:\/\/brasilnoticias.org\/site\/wp-content\/uploads\/2022\/10\/camara_dos_deputados_widelg-1.jpg\" \/>\n\t<meta property=\"og:image:width\" content=\"600\" \/>\n\t<meta property=\"og:image:height\" content=\"400\" \/>\n\t<meta property=\"og:image:type\" content=\"image\/jpeg\" \/>\n<meta name=\"author\" content=\"Reda\u00e7\u00e3o\" \/>\n<meta name=\"twitter:card\" content=\"summary_large_image\" \/>\n<meta name=\"twitter:label1\" content=\"Escrito por\" \/>\n\t<meta name=\"twitter:data1\" content=\"Reda\u00e7\u00e3o\" \/>\n\t<meta name=\"twitter:label2\" content=\"Tempo estimado de leitura\" \/>\n\t<meta name=\"twitter:data2\" content=\"3 minutos\" \/>\n<script type=\"application\/ld+json\" class=\"yoast-schema-graph\">{\"@context\":\"https:\/\/schema.org\",\"@graph\":[{\"@type\":\"Article\",\"@id\":\"https:\/\/brasilnoticias.org\/site\/taxa-de-renovacao-da-camara-cai-a-39-apos-recorde-registrado-em-2018\/#article\",\"isPartOf\":{\"@id\":\"https:\/\/brasilnoticias.org\/site\/taxa-de-renovacao-da-camara-cai-a-39-apos-recorde-registrado-em-2018\/\"},\"author\":{\"name\":\"Reda\u00e7\u00e3o\",\"@id\":\"https:\/\/brasilnoticias.org\/site\/#\/schema\/person\/f609fa847b5314f1c8b983342f34c798\"},\"headline\":\"Taxa de renova\u00e7\u00e3o da C\u00e2mara cai a 39% ap\u00f3s recorde registrado em 2018\",\"datePublished\":\"2022-10-04T12:00:27+00:00\",\"mainEntityOfPage\":{\"@id\":\"https:\/\/brasilnoticias.org\/site\/taxa-de-renovacao-da-camara-cai-a-39-apos-recorde-registrado-em-2018\/\"},\"wordCount\":546,\"commentCount\":0,\"publisher\":{\"@id\":\"https:\/\/brasilnoticias.org\/site\/#organization\"},\"image\":{\"@id\":\"https:\/\/brasilnoticias.org\/site\/taxa-de-renovacao-da-camara-cai-a-39-apos-recorde-registrado-em-2018\/#primaryimage\"},\"thumbnailUrl\":\"https:\/\/brasilnoticias.org\/site\/wp-content\/uploads\/2022\/10\/camara_dos_deputados_widelg-1.jpg\",\"articleSection\":[\"Pol\u00edtica\",\"\u00daltimas\"],\"inLanguage\":\"pt-PT\",\"potentialAction\":[{\"@type\":\"CommentAction\",\"name\":\"Comment\",\"target\":[\"https:\/\/brasilnoticias.org\/site\/taxa-de-renovacao-da-camara-cai-a-39-apos-recorde-registrado-em-2018\/#respond\"]}]},{\"@type\":\"WebPage\",\"@id\":\"https:\/\/brasilnoticias.org\/site\/taxa-de-renovacao-da-camara-cai-a-39-apos-recorde-registrado-em-2018\/\",\"url\":\"https:\/\/brasilnoticias.org\/site\/taxa-de-renovacao-da-camara-cai-a-39-apos-recorde-registrado-em-2018\/\",\"name\":\"Taxa de renova\u00e7\u00e3o da C\u00e2mara cai a 39% ap\u00f3s recorde registrado em 2018 - Brasil not\u00edcias\",\"isPartOf\":{\"@id\":\"https:\/\/brasilnoticias.org\/site\/#website\"},\"primaryImageOfPage\":{\"@id\":\"https:\/\/brasilnoticias.org\/site\/taxa-de-renovacao-da-camara-cai-a-39-apos-recorde-registrado-em-2018\/#primaryimage\"},\"image\":{\"@id\":\"https:\/\/brasilnoticias.org\/site\/taxa-de-renovacao-da-camara-cai-a-39-apos-recorde-registrado-em-2018\/#primaryimage\"},\"thumbnailUrl\":\"https:\/\/brasilnoticias.org\/site\/wp-content\/uploads\/2022\/10\/camara_dos_deputados_widelg-1.jpg\",\"datePublished\":\"2022-10-04T12:00:27+00:00\",\"breadcrumb\":{\"@id\":\"https:\/\/brasilnoticias.org\/site\/taxa-de-renovacao-da-camara-cai-a-39-apos-recorde-registrado-em-2018\/#breadcrumb\"},\"inLanguage\":\"pt-PT\",\"potentialAction\":[{\"@type\":\"ReadAction\",\"target\":[\"https:\/\/brasilnoticias.org\/site\/taxa-de-renovacao-da-camara-cai-a-39-apos-recorde-registrado-em-2018\/\"]}]},{\"@type\":\"ImageObject\",\"inLanguage\":\"pt-PT\",\"@id\":\"https:\/\/brasilnoticias.org\/site\/taxa-de-renovacao-da-camara-cai-a-39-apos-recorde-registrado-em-2018\/#primaryimage\",\"url\":\"https:\/\/brasilnoticias.org\/site\/wp-content\/uploads\/2022\/10\/camara_dos_deputados_widelg-1.jpg\",\"contentUrl\":\"https:\/\/brasilnoticias.org\/site\/wp-content\/uploads\/2022\/10\/camara_dos_deputados_widelg-1.jpg\",\"width\":600,\"height\":400},{\"@type\":\"BreadcrumbList\",\"@id\":\"https:\/\/brasilnoticias.org\/site\/taxa-de-renovacao-da-camara-cai-a-39-apos-recorde-registrado-em-2018\/#breadcrumb\",\"itemListElement\":[{\"@type\":\"ListItem\",\"position\":1,\"name\":\"In\u00edcio\",\"item\":\"https:\/\/brasilnoticias.org\/site\/\"},{\"@type\":\"ListItem\",\"position\":2,\"name\":\"Taxa de renova\u00e7\u00e3o da C\u00e2mara cai a 39% ap\u00f3s recorde registrado em 2018\"}]},{\"@type\":\"WebSite\",\"@id\":\"https:\/\/brasilnoticias.org\/site\/#website\",\"url\":\"https:\/\/brasilnoticias.org\/site\/\",\"name\":\"Brasil not\u00edcias\",\"description\":\"Brasil not\u00edcias\",\"publisher\":{\"@id\":\"https:\/\/brasilnoticias.org\/site\/#organization\"},\"potentialAction\":[{\"@type\":\"SearchAction\",\"target\":{\"@type\":\"EntryPoint\",\"urlTemplate\":\"https:\/\/brasilnoticias.org\/site\/?s={search_term_string}\"},\"query-input\":{\"@type\":\"PropertyValueSpecification\",\"valueRequired\":true,\"valueName\":\"search_term_string\"}}],\"inLanguage\":\"pt-PT\"},{\"@type\":\"Organization\",\"@id\":\"https:\/\/brasilnoticias.org\/site\/#organization\",\"name\":\"Brasil not\u00edcias\",\"url\":\"https:\/\/brasilnoticias.org\/site\/\",\"logo\":{\"@type\":\"ImageObject\",\"inLanguage\":\"pt-PT\",\"@id\":\"https:\/\/brasilnoticias.org\/site\/#\/schema\/logo\/image\/\",\"url\":\"https:\/\/brasilnoticias.org\/site\/wp-content\/uploads\/2022\/05\/cropped-brasilnoticias-mini.jpg\",\"contentUrl\":\"https:\/\/brasilnoticias.org\/site\/wp-content\/uploads\/2022\/05\/cropped-brasilnoticias-mini.jpg\",\"width\":314,\"height\":86,\"caption\":\"Brasil not\u00edcias\"},\"image\":{\"@id\":\"https:\/\/brasilnoticias.org\/site\/#\/schema\/logo\/image\/\"}},{\"@type\":\"Person\",\"@id\":\"https:\/\/brasilnoticias.org\/site\/#\/schema\/person\/f609fa847b5314f1c8b983342f34c798\",\"name\":\"Reda\u00e7\u00e3o\",\"image\":{\"@type\":\"ImageObject\",\"inLanguage\":\"pt-PT\",\"@id\":\"https:\/\/brasilnoticias.org\/site\/#\/schema\/person\/image\/\",\"url\":\"https:\/\/secure.gravatar.com\/avatar\/447284c06c1ad8b46465a36de9cd0d8326b73387a22799b8b1ffb1fbcff2ed0c?s=96&d=mm&r=g\",\"contentUrl\":\"https:\/\/secure.gravatar.com\/avatar\/447284c06c1ad8b46465a36de9cd0d8326b73387a22799b8b1ffb1fbcff2ed0c?s=96&d=mm&r=g\",\"caption\":\"Reda\u00e7\u00e3o\"},\"url\":\"https:\/\/brasilnoticias.org\/site\/author\/redacao\/\"}]}<\/script>\n<!-- \/ Yoast SEO plugin. -->","yoast_head_json":{"title":"Taxa de renova\u00e7\u00e3o da C\u00e2mara cai a 39% ap\u00f3s recorde registrado em 2018 - Brasil not\u00edcias","robots":{"index":"index","follow":"follow","max-snippet":"max-snippet:-1","max-image-preview":"max-image-preview:large","max-video-preview":"max-video-preview:-1"},"canonical":"https:\/\/brasilnoticias.org\/site\/taxa-de-renovacao-da-camara-cai-a-39-apos-recorde-registrado-em-2018\/","og_locale":"pt_PT","og_type":"article","og_title":"Taxa de renova\u00e7\u00e3o da C\u00e2mara cai a 39% ap\u00f3s recorde registrado em 2018 - Brasil not\u00edcias","og_description":"A taxa de renova\u00e7\u00e3o da C\u00e2mara dos Deputados foi de 39,4% nas elei\u00e7\u00f5es de 2022, retornando \u00e0 m\u00e9dia hist\u00f3rica inferior","og_url":"https:\/\/brasilnoticias.org\/site\/taxa-de-renovacao-da-camara-cai-a-39-apos-recorde-registrado-em-2018\/","og_site_name":"Brasil not\u00edcias","article_published_time":"2022-10-04T12:00:27+00:00","og_image":[{"width":600,"height":400,"url":"https:\/\/brasilnoticias.org\/site\/wp-content\/uploads\/2022\/10\/camara_dos_deputados_widelg-1.jpg","type":"image\/jpeg"}],"author":"Reda\u00e7\u00e3o","twitter_card":"summary_large_image","twitter_misc":{"Escrito por":"Reda\u00e7\u00e3o","Tempo estimado de leitura":"3 minutos"},"schema":{"@context":"https:\/\/schema.org","@graph":[{"@type":"Article","@id":"https:\/\/brasilnoticias.org\/site\/taxa-de-renovacao-da-camara-cai-a-39-apos-recorde-registrado-em-2018\/#article","isPartOf":{"@id":"https:\/\/brasilnoticias.org\/site\/taxa-de-renovacao-da-camara-cai-a-39-apos-recorde-registrado-em-2018\/"},"author":{"name":"Reda\u00e7\u00e3o","@id":"https:\/\/brasilnoticias.org\/site\/#\/schema\/person\/f609fa847b5314f1c8b983342f34c798"},"headline":"Taxa de renova\u00e7\u00e3o da C\u00e2mara cai a 39% ap\u00f3s recorde registrado em 2018","datePublished":"2022-10-04T12:00:27+00:00","mainEntityOfPage":{"@id":"https:\/\/brasilnoticias.org\/site\/taxa-de-renovacao-da-camara-cai-a-39-apos-recorde-registrado-em-2018\/"},"wordCount":546,"commentCount":0,"publisher":{"@id":"https:\/\/brasilnoticias.org\/site\/#organization"},"image":{"@id":"https:\/\/brasilnoticias.org\/site\/taxa-de-renovacao-da-camara-cai-a-39-apos-recorde-registrado-em-2018\/#primaryimage"},"thumbnailUrl":"https:\/\/brasilnoticias.org\/site\/wp-content\/uploads\/2022\/10\/camara_dos_deputados_widelg-1.jpg","articleSection":["Pol\u00edtica","\u00daltimas"],"inLanguage":"pt-PT","potentialAction":[{"@type":"CommentAction","name":"Comment","target":["https:\/\/brasilnoticias.org\/site\/taxa-de-renovacao-da-camara-cai-a-39-apos-recorde-registrado-em-2018\/#respond"]}]},{"@type":"WebPage","@id":"https:\/\/brasilnoticias.org\/site\/taxa-de-renovacao-da-camara-cai-a-39-apos-recorde-registrado-em-2018\/","url":"https:\/\/brasilnoticias.org\/site\/taxa-de-renovacao-da-camara-cai-a-39-apos-recorde-registrado-em-2018\/","name":"Taxa de renova\u00e7\u00e3o da C\u00e2mara cai a 39% ap\u00f3s recorde registrado em 2018 - Brasil not\u00edcias","isPartOf":{"@id":"https:\/\/brasilnoticias.org\/site\/#website"},"primaryImageOfPage":{"@id":"https:\/\/brasilnoticias.org\/site\/taxa-de-renovacao-da-camara-cai-a-39-apos-recorde-registrado-em-2018\/#primaryimage"},"image":{"@id":"https:\/\/brasilnoticias.org\/site\/taxa-de-renovacao-da-camara-cai-a-39-apos-recorde-registrado-em-2018\/#primaryimage"},"thumbnailUrl":"https:\/\/brasilnoticias.org\/site\/wp-content\/uploads\/2022\/10\/camara_dos_deputados_widelg-1.jpg","datePublished":"2022-10-04T12:00:27+00:00","breadcrumb":{"@id":"https:\/\/brasilnoticias.org\/site\/taxa-de-renovacao-da-camara-cai-a-39-apos-recorde-registrado-em-2018\/#breadcrumb"},"inLanguage":"pt-PT","potentialAction":[{"@type":"ReadAction","target":["https:\/\/brasilnoticias.org\/site\/taxa-de-renovacao-da-camara-cai-a-39-apos-recorde-registrado-em-2018\/"]}]},{"@type":"ImageObject","inLanguage":"pt-PT","@id":"https:\/\/brasilnoticias.org\/site\/taxa-de-renovacao-da-camara-cai-a-39-apos-recorde-registrado-em-2018\/#primaryimage","url":"https:\/\/brasilnoticias.org\/site\/wp-content\/uploads\/2022\/10\/camara_dos_deputados_widelg-1.jpg","contentUrl":"https:\/\/brasilnoticias.org\/site\/wp-content\/uploads\/2022\/10\/camara_dos_deputados_widelg-1.jpg","width":600,"height":400},{"@type":"BreadcrumbList","@id":"https:\/\/brasilnoticias.org\/site\/taxa-de-renovacao-da-camara-cai-a-39-apos-recorde-registrado-em-2018\/#breadcrumb","itemListElement":[{"@type":"ListItem","position":1,"name":"In\u00edcio","item":"https:\/\/brasilnoticias.org\/site\/"},{"@type":"ListItem","position":2,"name":"Taxa de renova\u00e7\u00e3o da C\u00e2mara cai a 39% ap\u00f3s recorde registrado em 2018"}]},{"@type":"WebSite","@id":"https:\/\/brasilnoticias.org\/site\/#website","url":"https:\/\/brasilnoticias.org\/site\/","name":"Brasil not\u00edcias","description":"Brasil not\u00edcias","publisher":{"@id":"https:\/\/brasilnoticias.org\/site\/#organization"},"potentialAction":[{"@type":"SearchAction","target":{"@type":"EntryPoint","urlTemplate":"https:\/\/brasilnoticias.org\/site\/?s={search_term_string}"},"query-input":{"@type":"PropertyValueSpecification","valueRequired":true,"valueName":"search_term_string"}}],"inLanguage":"pt-PT"},{"@type":"Organization","@id":"https:\/\/brasilnoticias.org\/site\/#organization","name":"Brasil not\u00edcias","url":"https:\/\/brasilnoticias.org\/site\/","logo":{"@type":"ImageObject","inLanguage":"pt-PT","@id":"https:\/\/brasilnoticias.org\/site\/#\/schema\/logo\/image\/","url":"https:\/\/brasilnoticias.org\/site\/wp-content\/uploads\/2022\/05\/cropped-brasilnoticias-mini.jpg","contentUrl":"https:\/\/brasilnoticias.org\/site\/wp-content\/uploads\/2022\/05\/cropped-brasilnoticias-mini.jpg","width":314,"height":86,"caption":"Brasil not\u00edcias"},"image":{"@id":"https:\/\/brasilnoticias.org\/site\/#\/schema\/logo\/image\/"}},{"@type":"Person","@id":"https:\/\/brasilnoticias.org\/site\/#\/schema\/person\/f609fa847b5314f1c8b983342f34c798","name":"Reda\u00e7\u00e3o","image":{"@type":"ImageObject","inLanguage":"pt-PT","@id":"https:\/\/brasilnoticias.org\/site\/#\/schema\/person\/image\/","url":"https:\/\/secure.gravatar.com\/avatar\/447284c06c1ad8b46465a36de9cd0d8326b73387a22799b8b1ffb1fbcff2ed0c?s=96&d=mm&r=g","contentUrl":"https:\/\/secure.gravatar.com\/avatar\/447284c06c1ad8b46465a36de9cd0d8326b73387a22799b8b1ffb1fbcff2ed0c?s=96&d=mm&r=g","caption":"Reda\u00e7\u00e3o"},"url":"https:\/\/brasilnoticias.org\/site\/author\/redacao\/"}]}},"_links":{"self":[{"href":"https:\/\/brasilnoticias.org\/site\/wp-json\/wp\/v2\/posts\/1630","targetHints":{"allow":["GET"]}}],"collection":[{"href":"https:\/\/brasilnoticias.org\/site\/wp-json\/wp\/v2\/posts"}],"about":[{"href":"https:\/\/brasilnoticias.org\/site\/wp-json\/wp\/v2\/types\/post"}],"author":[{"embeddable":true,"href":"https:\/\/brasilnoticias.org\/site\/wp-json\/wp\/v2\/users\/2"}],"replies":[{"embeddable":true,"href":"https:\/\/brasilnoticias.org\/site\/wp-json\/wp\/v2\/comments?post=1630"}],"version-history":[{"count":1,"href":"https:\/\/brasilnoticias.org\/site\/wp-json\/wp\/v2\/posts\/1630\/revisions"}],"predecessor-version":[{"id":1632,"href":"https:\/\/brasilnoticias.org\/site\/wp-json\/wp\/v2\/posts\/1630\/revisions\/1632"}],"wp:featuredmedia":[{"embeddable":true,"href":"https:\/\/brasilnoticias.org\/site\/wp-json\/wp\/v2\/media\/1631"}],"wp:attachment":[{"href":"https:\/\/brasilnoticias.org\/site\/wp-json\/wp\/v2\/media?parent=1630"}],"wp:term":[{"taxonomy":"category","embeddable":true,"href":"https:\/\/brasilnoticias.org\/site\/wp-json\/wp\/v2\/categories?post=1630"},{"taxonomy":"post_tag","embeddable":true,"href":"https:\/\/brasilnoticias.org\/site\/wp-json\/wp\/v2\/tags?post=1630"}],"curies":[{"name":"wp","href":"https:\/\/api.w.org\/{rel}","templated":true}]}}