{"id":16303,"date":"2024-11-05T16:39:26","date_gmt":"2024-11-05T19:39:26","guid":{"rendered":"https:\/\/brasilnoticias.org\/site\/?p=16303"},"modified":"2024-11-05T16:39:26","modified_gmt":"2024-11-05T19:39:26","slug":"bandeira-azul-deve-aumentar-turismo-e-empregos-na-ilha-dos-frades-diz-isabela-suarez","status":"publish","type":"post","link":"https:\/\/brasilnoticias.org\/site\/bandeira-azul-deve-aumentar-turismo-e-empregos-na-ilha-dos-frades-diz-isabela-suarez\/","title":{"rendered":"Bandeira azul deve aumentar turismo e empregos na Ilha dos Frades, diz Isabela Suarez"},"content":{"rendered":"<p>A Ilha dos Frades foi premiada com o selo internacional de sustentabilidade e turismo sustent\u00e1vel neste s\u00e1bado<\/p>\n<p>Presente no hasteamento da Bandeira Azul na Ilha dos Frades, realizado neste s\u00e1bado, 2, a empres\u00e1ria Isabela Suarez, presidente da Funda\u00e7\u00e3o Ba\u00eda Viva, ressaltou a import\u00e2ncia das interven\u00e7\u00f5es realizadas pela institui\u00e7\u00e3o para alavancar o turismo sustent\u00e1vel e a empregabilidade do local.<\/p>\n<p>A Ilha dos Frades, que abriga a Ponta de Nossa Senhora de Guadalupe, est\u00e1 entre as premiadas da Bandeira Azul, selo de pr\u00eamio internacional que certifica a qualidade e o compromisso com a preserva\u00e7\u00e3o ambiental e o turismo sustent\u00e1vel. Para ela, a premia\u00e7\u00e3o, que coincide com o anivers\u00e1rio da Ba\u00eda de Todos os Santos, mostra o resultado de anos de qualifica\u00e7\u00e3o da ilha, que \u00e9 um dos principais pontos tur\u00edsticos da Bahia.<\/p>\n<p>\u201cA gente conseguiu implementar esses trabalhos h\u00e1 10 anos atr\u00e1s. Estamos na 9\u00aa renova\u00e7\u00e3o que garante a perman\u00eancia da qualidade da gest\u00e3o ambiental que \u00e9 aplicada aqui nessa Ilha. Isso significa que a gente vem dando continuidade \u00e9 uma sequ\u00eancia dos trabalhos de sustentabilidade para poder garantir que a gest\u00e3o ambiental hoje seja aplicada na forma como ela \u00e9 e ao mesmo tempo desenvolvendo e impulsionando cada vez mais o turismo econ\u00f4mico fundamental para sobreviv\u00eancia das pessoas que moram aqui\u201d, disse a empres\u00e1ria.<\/p>\n<p>Segundo Isabela, entre as interven\u00e7\u00f5es realizadas pela Funda\u00e7\u00e3o est\u00e1 a requalifica\u00e7\u00e3o da capela de Nossa Senhora de Guadalupe, da Ponta de Nossa Senhora de Guadalupe e da Vila, atrav\u00e9s de empreendimentos locais da Ilha dos Frades.<\/p>\n<p>\u201c\u00c9 importante a gente dizer tamb\u00e9m que assim como foi pensado um processo de restauro de cria\u00e7\u00e3o de um projeto de sustentabilidade econ\u00f4mica, a gente criou uma outra ponta onde fica a capela com Nossa Senhora de Loreto. \u00c9 poss\u00edvel ver as diferen\u00e7as do antes e depois. A pr\u00f3pria estrutura dos restaurantes que ficam na ilha significa que essas pessoas hoje est\u00e3o no novo caminho, atrav\u00e9s do empreendimento pr\u00f3prio. Esses trabalhadores passaram por cursos de qualifica\u00e7\u00e3o de m\u00e3o de obra, de manipula\u00e7\u00e3o de alimentos, de melhor presta\u00e7\u00e3o de servi\u00e7o ao turista. Tivemos um ganho significativo nas atividades e isso traz para eles um lucro maior e muito mais que isso, impacta uma maior empregabilidade do lugar\u201d, finaliza a empres\u00e1ria.<\/p>\n<p>A cerim\u00f4nia de hasteamento da Bandeira Azul, realizada neste s\u00e1bado, 2, na Ilha dos Frades, deu in\u00edcio \u00e0 temporada 2024\/2025. A Praia de Nossa Senhora de Guadalupe \u00e9 um dos destaques do estado, mantendo-se certificada no programa h\u00e1 quase uma d\u00e9cada, o que, segundo Suarez, reflete a consist\u00eancia das pr\u00e1ticas ambientais na \u00e1rea. Este ano, o selo tamb\u00e9m foi concedido tamb\u00e9m \u00e0 Praia de Vira\u00e7\u00e3o, localizada na Ilha dos Frades, formalizando seu segundo ano de participa\u00e7\u00e3o no programa.<\/p>\n<p>Foto: Uendel Galter\/ Ag A TARDE<br \/>\nA Tarde<\/p>\n","protected":false},"excerpt":{"rendered":"<p>A Ilha dos Frades foi premiada com o selo internacional de sustentabilidade e turismo sustent\u00e1vel neste s\u00e1bado Presente no hasteamento<\/p>\n","protected":false},"author":4,"featured_media":16304,"comment_status":"open","ping_status":"open","sticky":false,"template":"","format":"standard","meta":{"colormag_page_container_layout":"default_layout","colormag_page_sidebar_layout":"default_layout","_FSMCFIC_featured_image_caption":"","_FSMCFIC_featured_image_nocaption":"","_FSMCFIC_featured_image_hide":"","footnotes":""},"categories":[2,1],"tags":[],"class_list":["post-16303","post","type-post","status-publish","format-standard","has-post-thumbnail","hentry","category-noticias","category-ultimas"],"yoast_head":"<!-- This site is optimized with the Yoast SEO plugin v27.1.1 - https:\/\/yoast.com\/product\/yoast-seo-wordpress\/ -->\n<title>Bandeira azul deve aumentar turismo e empregos na Ilha dos Frades, diz Isabela Suarez - Brasil not\u00edcias<\/title>\n<meta name=\"robots\" content=\"index, follow, max-snippet:-1, max-image-preview:large, max-video-preview:-1\" \/>\n<link rel=\"canonical\" href=\"https:\/\/brasilnoticias.org\/site\/bandeira-azul-deve-aumentar-turismo-e-empregos-na-ilha-dos-frades-diz-isabela-suarez\/\" \/>\n<meta property=\"og:locale\" content=\"pt_PT\" \/>\n<meta property=\"og:type\" content=\"article\" \/>\n<meta property=\"og:title\" content=\"Bandeira azul deve aumentar turismo e empregos na Ilha dos Frades, diz Isabela Suarez - Brasil not\u00edcias\" \/>\n<meta property=\"og:description\" content=\"A Ilha dos Frades foi premiada com o selo internacional de sustentabilidade e turismo sustent\u00e1vel neste s\u00e1bado Presente no hasteamento\" \/>\n<meta property=\"og:url\" content=\"https:\/\/brasilnoticias.org\/site\/bandeira-azul-deve-aumentar-turismo-e-empregos-na-ilha-dos-frades-diz-isabela-suarez\/\" \/>\n<meta property=\"og:site_name\" content=\"Brasil not\u00edcias\" \/>\n<meta property=\"article:published_time\" content=\"2024-11-05T19:39:26+00:00\" \/>\n<meta property=\"og:image\" content=\"https:\/\/brasilnoticias.org\/site\/wp-content\/uploads\/2024\/11\/Bandeira-azul-deve-aumentar-turismo-e-empregos-na-0129407600202411021838.webp\" \/>\n\t<meta property=\"og:image:width\" content=\"2500\" \/>\n\t<meta property=\"og:image:height\" content=\"1584\" \/>\n\t<meta property=\"og:image:type\" content=\"image\/webp\" \/>\n<meta name=\"author\" content=\"Reda\u00e7\u00e3o\" \/>\n<meta name=\"twitter:card\" content=\"summary_large_image\" \/>\n<meta name=\"twitter:label1\" content=\"Escrito por\" \/>\n\t<meta name=\"twitter:data1\" content=\"Reda\u00e7\u00e3o\" \/>\n\t<meta name=\"twitter:label2\" content=\"Tempo estimado de leitura\" \/>\n\t<meta name=\"twitter:data2\" content=\"1 minuto\" \/>\n<script type=\"application\/ld+json\" class=\"yoast-schema-graph\">{\"@context\":\"https:\/\/schema.org\",\"@graph\":[{\"@type\":\"Article\",\"@id\":\"https:\/\/brasilnoticias.org\/site\/bandeira-azul-deve-aumentar-turismo-e-empregos-na-ilha-dos-frades-diz-isabela-suarez\/#article\",\"isPartOf\":{\"@id\":\"https:\/\/brasilnoticias.org\/site\/bandeira-azul-deve-aumentar-turismo-e-empregos-na-ilha-dos-frades-diz-isabela-suarez\/\"},\"author\":{\"name\":\"Reda\u00e7\u00e3o\",\"@id\":\"https:\/\/brasilnoticias.org\/site\/#\/schema\/person\/03bbbfe6c7634ad18c26444ea39049fa\"},\"headline\":\"Bandeira azul deve aumentar turismo e empregos na Ilha dos Frades, diz Isabela Suarez\",\"datePublished\":\"2024-11-05T19:39:26+00:00\",\"mainEntityOfPage\":{\"@id\":\"https:\/\/brasilnoticias.org\/site\/bandeira-azul-deve-aumentar-turismo-e-empregos-na-ilha-dos-frades-diz-isabela-suarez\/\"},\"wordCount\":510,\"commentCount\":0,\"publisher\":{\"@id\":\"https:\/\/brasilnoticias.org\/site\/#organization\"},\"image\":{\"@id\":\"https:\/\/brasilnoticias.org\/site\/bandeira-azul-deve-aumentar-turismo-e-empregos-na-ilha-dos-frades-diz-isabela-suarez\/#primaryimage\"},\"thumbnailUrl\":\"https:\/\/brasilnoticias.org\/site\/wp-content\/uploads\/2024\/11\/Bandeira-azul-deve-aumentar-turismo-e-empregos-na-0129407600202411021838.webp\",\"articleSection\":[\"Not\u00edcias\",\"\u00daltimas\"],\"inLanguage\":\"pt-PT\",\"potentialAction\":[{\"@type\":\"CommentAction\",\"name\":\"Comment\",\"target\":[\"https:\/\/brasilnoticias.org\/site\/bandeira-azul-deve-aumentar-turismo-e-empregos-na-ilha-dos-frades-diz-isabela-suarez\/#respond\"]}]},{\"@type\":\"WebPage\",\"@id\":\"https:\/\/brasilnoticias.org\/site\/bandeira-azul-deve-aumentar-turismo-e-empregos-na-ilha-dos-frades-diz-isabela-suarez\/\",\"url\":\"https:\/\/brasilnoticias.org\/site\/bandeira-azul-deve-aumentar-turismo-e-empregos-na-ilha-dos-frades-diz-isabela-suarez\/\",\"name\":\"Bandeira azul deve aumentar turismo e empregos na Ilha dos Frades, diz Isabela Suarez - Brasil not\u00edcias\",\"isPartOf\":{\"@id\":\"https:\/\/brasilnoticias.org\/site\/#website\"},\"primaryImageOfPage\":{\"@id\":\"https:\/\/brasilnoticias.org\/site\/bandeira-azul-deve-aumentar-turismo-e-empregos-na-ilha-dos-frades-diz-isabela-suarez\/#primaryimage\"},\"image\":{\"@id\":\"https:\/\/brasilnoticias.org\/site\/bandeira-azul-deve-aumentar-turismo-e-empregos-na-ilha-dos-frades-diz-isabela-suarez\/#primaryimage\"},\"thumbnailUrl\":\"https:\/\/brasilnoticias.org\/site\/wp-content\/uploads\/2024\/11\/Bandeira-azul-deve-aumentar-turismo-e-empregos-na-0129407600202411021838.webp\",\"datePublished\":\"2024-11-05T19:39:26+00:00\",\"breadcrumb\":{\"@id\":\"https:\/\/brasilnoticias.org\/site\/bandeira-azul-deve-aumentar-turismo-e-empregos-na-ilha-dos-frades-diz-isabela-suarez\/#breadcrumb\"},\"inLanguage\":\"pt-PT\",\"potentialAction\":[{\"@type\":\"ReadAction\",\"target\":[\"https:\/\/brasilnoticias.org\/site\/bandeira-azul-deve-aumentar-turismo-e-empregos-na-ilha-dos-frades-diz-isabela-suarez\/\"]}]},{\"@type\":\"ImageObject\",\"inLanguage\":\"pt-PT\",\"@id\":\"https:\/\/brasilnoticias.org\/site\/bandeira-azul-deve-aumentar-turismo-e-empregos-na-ilha-dos-frades-diz-isabela-suarez\/#primaryimage\",\"url\":\"https:\/\/brasilnoticias.org\/site\/wp-content\/uploads\/2024\/11\/Bandeira-azul-deve-aumentar-turismo-e-empregos-na-0129407600202411021838.webp\",\"contentUrl\":\"https:\/\/brasilnoticias.org\/site\/wp-content\/uploads\/2024\/11\/Bandeira-azul-deve-aumentar-turismo-e-empregos-na-0129407600202411021838.webp\",\"width\":2500,\"height\":1584},{\"@type\":\"BreadcrumbList\",\"@id\":\"https:\/\/brasilnoticias.org\/site\/bandeira-azul-deve-aumentar-turismo-e-empregos-na-ilha-dos-frades-diz-isabela-suarez\/#breadcrumb\",\"itemListElement\":[{\"@type\":\"ListItem\",\"position\":1,\"name\":\"In\u00edcio\",\"item\":\"https:\/\/brasilnoticias.org\/site\/\"},{\"@type\":\"ListItem\",\"position\":2,\"name\":\"Bandeira azul deve aumentar turismo e empregos na Ilha dos Frades, diz Isabela Suarez\"}]},{\"@type\":\"WebSite\",\"@id\":\"https:\/\/brasilnoticias.org\/site\/#website\",\"url\":\"https:\/\/brasilnoticias.org\/site\/\",\"name\":\"Brasil not\u00edcias\",\"description\":\"Brasil not\u00edcias\",\"publisher\":{\"@id\":\"https:\/\/brasilnoticias.org\/site\/#organization\"},\"potentialAction\":[{\"@type\":\"SearchAction\",\"target\":{\"@type\":\"EntryPoint\",\"urlTemplate\":\"https:\/\/brasilnoticias.org\/site\/?s={search_term_string}\"},\"query-input\":{\"@type\":\"PropertyValueSpecification\",\"valueRequired\":true,\"valueName\":\"search_term_string\"}}],\"inLanguage\":\"pt-PT\"},{\"@type\":\"Organization\",\"@id\":\"https:\/\/brasilnoticias.org\/site\/#organization\",\"name\":\"Brasil not\u00edcias\",\"url\":\"https:\/\/brasilnoticias.org\/site\/\",\"logo\":{\"@type\":\"ImageObject\",\"inLanguage\":\"pt-PT\",\"@id\":\"https:\/\/brasilnoticias.org\/site\/#\/schema\/logo\/image\/\",\"url\":\"https:\/\/brasilnoticias.org\/site\/wp-content\/uploads\/2022\/05\/cropped-brasilnoticias-mini.jpg\",\"contentUrl\":\"https:\/\/brasilnoticias.org\/site\/wp-content\/uploads\/2022\/05\/cropped-brasilnoticias-mini.jpg\",\"width\":314,\"height\":86,\"caption\":\"Brasil not\u00edcias\"},\"image\":{\"@id\":\"https:\/\/brasilnoticias.org\/site\/#\/schema\/logo\/image\/\"}},{\"@type\":\"Person\",\"@id\":\"https:\/\/brasilnoticias.org\/site\/#\/schema\/person\/03bbbfe6c7634ad18c26444ea39049fa\",\"name\":\"Reda\u00e7\u00e3o\",\"image\":{\"@type\":\"ImageObject\",\"inLanguage\":\"pt-PT\",\"@id\":\"https:\/\/brasilnoticias.org\/site\/#\/schema\/person\/image\/\",\"url\":\"https:\/\/secure.gravatar.com\/avatar\/9ecaf7327a696cb23ad926fedded5f1f04d7049de9e445375d55b48c001a6e42?s=96&d=mm&r=g\",\"contentUrl\":\"https:\/\/secure.gravatar.com\/avatar\/9ecaf7327a696cb23ad926fedded5f1f04d7049de9e445375d55b48c001a6e42?s=96&d=mm&r=g\",\"caption\":\"Reda\u00e7\u00e3o\"},\"url\":\"https:\/\/brasilnoticias.org\/site\/author\/henrique\/\"}]}<\/script>\n<!-- \/ Yoast SEO plugin. -->","yoast_head_json":{"title":"Bandeira azul deve aumentar turismo e empregos na Ilha dos Frades, diz Isabela Suarez - Brasil not\u00edcias","robots":{"index":"index","follow":"follow","max-snippet":"max-snippet:-1","max-image-preview":"max-image-preview:large","max-video-preview":"max-video-preview:-1"},"canonical":"https:\/\/brasilnoticias.org\/site\/bandeira-azul-deve-aumentar-turismo-e-empregos-na-ilha-dos-frades-diz-isabela-suarez\/","og_locale":"pt_PT","og_type":"article","og_title":"Bandeira azul deve aumentar turismo e empregos na Ilha dos Frades, diz Isabela Suarez - Brasil not\u00edcias","og_description":"A Ilha dos Frades foi premiada com o selo internacional de sustentabilidade e turismo sustent\u00e1vel neste s\u00e1bado Presente no hasteamento","og_url":"https:\/\/brasilnoticias.org\/site\/bandeira-azul-deve-aumentar-turismo-e-empregos-na-ilha-dos-frades-diz-isabela-suarez\/","og_site_name":"Brasil not\u00edcias","article_published_time":"2024-11-05T19:39:26+00:00","og_image":[{"width":2500,"height":1584,"url":"https:\/\/brasilnoticias.org\/site\/wp-content\/uploads\/2024\/11\/Bandeira-azul-deve-aumentar-turismo-e-empregos-na-0129407600202411021838.webp","type":"image\/webp"}],"author":"Reda\u00e7\u00e3o","twitter_card":"summary_large_image","twitter_misc":{"Escrito por":"Reda\u00e7\u00e3o","Tempo estimado de leitura":"1 minuto"},"schema":{"@context":"https:\/\/schema.org","@graph":[{"@type":"Article","@id":"https:\/\/brasilnoticias.org\/site\/bandeira-azul-deve-aumentar-turismo-e-empregos-na-ilha-dos-frades-diz-isabela-suarez\/#article","isPartOf":{"@id":"https:\/\/brasilnoticias.org\/site\/bandeira-azul-deve-aumentar-turismo-e-empregos-na-ilha-dos-frades-diz-isabela-suarez\/"},"author":{"name":"Reda\u00e7\u00e3o","@id":"https:\/\/brasilnoticias.org\/site\/#\/schema\/person\/03bbbfe6c7634ad18c26444ea39049fa"},"headline":"Bandeira azul deve aumentar turismo e empregos na Ilha dos Frades, diz Isabela Suarez","datePublished":"2024-11-05T19:39:26+00:00","mainEntityOfPage":{"@id":"https:\/\/brasilnoticias.org\/site\/bandeira-azul-deve-aumentar-turismo-e-empregos-na-ilha-dos-frades-diz-isabela-suarez\/"},"wordCount":510,"commentCount":0,"publisher":{"@id":"https:\/\/brasilnoticias.org\/site\/#organization"},"image":{"@id":"https:\/\/brasilnoticias.org\/site\/bandeira-azul-deve-aumentar-turismo-e-empregos-na-ilha-dos-frades-diz-isabela-suarez\/#primaryimage"},"thumbnailUrl":"https:\/\/brasilnoticias.org\/site\/wp-content\/uploads\/2024\/11\/Bandeira-azul-deve-aumentar-turismo-e-empregos-na-0129407600202411021838.webp","articleSection":["Not\u00edcias","\u00daltimas"],"inLanguage":"pt-PT","potentialAction":[{"@type":"CommentAction","name":"Comment","target":["https:\/\/brasilnoticias.org\/site\/bandeira-azul-deve-aumentar-turismo-e-empregos-na-ilha-dos-frades-diz-isabela-suarez\/#respond"]}]},{"@type":"WebPage","@id":"https:\/\/brasilnoticias.org\/site\/bandeira-azul-deve-aumentar-turismo-e-empregos-na-ilha-dos-frades-diz-isabela-suarez\/","url":"https:\/\/brasilnoticias.org\/site\/bandeira-azul-deve-aumentar-turismo-e-empregos-na-ilha-dos-frades-diz-isabela-suarez\/","name":"Bandeira azul deve aumentar turismo e empregos na Ilha dos Frades, diz Isabela Suarez - Brasil not\u00edcias","isPartOf":{"@id":"https:\/\/brasilnoticias.org\/site\/#website"},"primaryImageOfPage":{"@id":"https:\/\/brasilnoticias.org\/site\/bandeira-azul-deve-aumentar-turismo-e-empregos-na-ilha-dos-frades-diz-isabela-suarez\/#primaryimage"},"image":{"@id":"https:\/\/brasilnoticias.org\/site\/bandeira-azul-deve-aumentar-turismo-e-empregos-na-ilha-dos-frades-diz-isabela-suarez\/#primaryimage"},"thumbnailUrl":"https:\/\/brasilnoticias.org\/site\/wp-content\/uploads\/2024\/11\/Bandeira-azul-deve-aumentar-turismo-e-empregos-na-0129407600202411021838.webp","datePublished":"2024-11-05T19:39:26+00:00","breadcrumb":{"@id":"https:\/\/brasilnoticias.org\/site\/bandeira-azul-deve-aumentar-turismo-e-empregos-na-ilha-dos-frades-diz-isabela-suarez\/#breadcrumb"},"inLanguage":"pt-PT","potentialAction":[{"@type":"ReadAction","target":["https:\/\/brasilnoticias.org\/site\/bandeira-azul-deve-aumentar-turismo-e-empregos-na-ilha-dos-frades-diz-isabela-suarez\/"]}]},{"@type":"ImageObject","inLanguage":"pt-PT","@id":"https:\/\/brasilnoticias.org\/site\/bandeira-azul-deve-aumentar-turismo-e-empregos-na-ilha-dos-frades-diz-isabela-suarez\/#primaryimage","url":"https:\/\/brasilnoticias.org\/site\/wp-content\/uploads\/2024\/11\/Bandeira-azul-deve-aumentar-turismo-e-empregos-na-0129407600202411021838.webp","contentUrl":"https:\/\/brasilnoticias.org\/site\/wp-content\/uploads\/2024\/11\/Bandeira-azul-deve-aumentar-turismo-e-empregos-na-0129407600202411021838.webp","width":2500,"height":1584},{"@type":"BreadcrumbList","@id":"https:\/\/brasilnoticias.org\/site\/bandeira-azul-deve-aumentar-turismo-e-empregos-na-ilha-dos-frades-diz-isabela-suarez\/#breadcrumb","itemListElement":[{"@type":"ListItem","position":1,"name":"In\u00edcio","item":"https:\/\/brasilnoticias.org\/site\/"},{"@type":"ListItem","position":2,"name":"Bandeira azul deve aumentar turismo e empregos na Ilha dos Frades, diz Isabela Suarez"}]},{"@type":"WebSite","@id":"https:\/\/brasilnoticias.org\/site\/#website","url":"https:\/\/brasilnoticias.org\/site\/","name":"Brasil not\u00edcias","description":"Brasil not\u00edcias","publisher":{"@id":"https:\/\/brasilnoticias.org\/site\/#organization"},"potentialAction":[{"@type":"SearchAction","target":{"@type":"EntryPoint","urlTemplate":"https:\/\/brasilnoticias.org\/site\/?s={search_term_string}"},"query-input":{"@type":"PropertyValueSpecification","valueRequired":true,"valueName":"search_term_string"}}],"inLanguage":"pt-PT"},{"@type":"Organization","@id":"https:\/\/brasilnoticias.org\/site\/#organization","name":"Brasil not\u00edcias","url":"https:\/\/brasilnoticias.org\/site\/","logo":{"@type":"ImageObject","inLanguage":"pt-PT","@id":"https:\/\/brasilnoticias.org\/site\/#\/schema\/logo\/image\/","url":"https:\/\/brasilnoticias.org\/site\/wp-content\/uploads\/2022\/05\/cropped-brasilnoticias-mini.jpg","contentUrl":"https:\/\/brasilnoticias.org\/site\/wp-content\/uploads\/2022\/05\/cropped-brasilnoticias-mini.jpg","width":314,"height":86,"caption":"Brasil not\u00edcias"},"image":{"@id":"https:\/\/brasilnoticias.org\/site\/#\/schema\/logo\/image\/"}},{"@type":"Person","@id":"https:\/\/brasilnoticias.org\/site\/#\/schema\/person\/03bbbfe6c7634ad18c26444ea39049fa","name":"Reda\u00e7\u00e3o","image":{"@type":"ImageObject","inLanguage":"pt-PT","@id":"https:\/\/brasilnoticias.org\/site\/#\/schema\/person\/image\/","url":"https:\/\/secure.gravatar.com\/avatar\/9ecaf7327a696cb23ad926fedded5f1f04d7049de9e445375d55b48c001a6e42?s=96&d=mm&r=g","contentUrl":"https:\/\/secure.gravatar.com\/avatar\/9ecaf7327a696cb23ad926fedded5f1f04d7049de9e445375d55b48c001a6e42?s=96&d=mm&r=g","caption":"Reda\u00e7\u00e3o"},"url":"https:\/\/brasilnoticias.org\/site\/author\/henrique\/"}]}},"_links":{"self":[{"href":"https:\/\/brasilnoticias.org\/site\/wp-json\/wp\/v2\/posts\/16303","targetHints":{"allow":["GET"]}}],"collection":[{"href":"https:\/\/brasilnoticias.org\/site\/wp-json\/wp\/v2\/posts"}],"about":[{"href":"https:\/\/brasilnoticias.org\/site\/wp-json\/wp\/v2\/types\/post"}],"author":[{"embeddable":true,"href":"https:\/\/brasilnoticias.org\/site\/wp-json\/wp\/v2\/users\/4"}],"replies":[{"embeddable":true,"href":"https:\/\/brasilnoticias.org\/site\/wp-json\/wp\/v2\/comments?post=16303"}],"version-history":[{"count":1,"href":"https:\/\/brasilnoticias.org\/site\/wp-json\/wp\/v2\/posts\/16303\/revisions"}],"predecessor-version":[{"id":16305,"href":"https:\/\/brasilnoticias.org\/site\/wp-json\/wp\/v2\/posts\/16303\/revisions\/16305"}],"wp:featuredmedia":[{"embeddable":true,"href":"https:\/\/brasilnoticias.org\/site\/wp-json\/wp\/v2\/media\/16304"}],"wp:attachment":[{"href":"https:\/\/brasilnoticias.org\/site\/wp-json\/wp\/v2\/media?parent=16303"}],"wp:term":[{"taxonomy":"category","embeddable":true,"href":"https:\/\/brasilnoticias.org\/site\/wp-json\/wp\/v2\/categories?post=16303"},{"taxonomy":"post_tag","embeddable":true,"href":"https:\/\/brasilnoticias.org\/site\/wp-json\/wp\/v2\/tags?post=16303"}],"curies":[{"name":"wp","href":"https:\/\/api.w.org\/{rel}","templated":true}]}}