{"id":16319,"date":"2024-11-07T14:56:27","date_gmt":"2024-11-07T17:56:27","guid":{"rendered":"https:\/\/brasilnoticias.org\/site\/?p=16319"},"modified":"2024-11-07T14:56:27","modified_gmt":"2024-11-07T17:56:27","slug":"deputada-que-quer-barrar-moraes-e-reeleita-nos-eua","status":"publish","type":"post","link":"https:\/\/brasilnoticias.org\/site\/deputada-que-quer-barrar-moraes-e-reeleita-nos-eua\/","title":{"rendered":"Deputada que quer barrar Moraes \u00e9 reeleita nos EUA"},"content":{"rendered":"<p>A deputada republicana Mar\u00eda Elvira Salazar, da Fl\u00f3rida, foi reeleita para o terceiro mandato na C\u00e2mara dos Estados Unidos.<\/p>\n<p>A parlamentar, que representa o condado de Miami-Dade, agradeceu aos eleitores nas redes sociais, comprometendo-se a \u201ccontinuar a ser a voz do povo, lutando pelo povo\u201d.<\/p>\n<p>Elvira tem como caracter\u00edstica oposi\u00e7\u00e3o a regimes socialistas, como os de Cuba, Venezuela e Nicar\u00e1gua, defendendo direitos humanos e a democracia.<\/p>\n<p>No Brasil, a deputada ficou conhecida pelas cr\u00edticas lan\u00e7adas ao ministro do Supremo Tribunal Federal (STF), Alexandre de Moraes, a quem chamou de \u201coperador totalit\u00e1rio\u201d.<\/p>\n<p>A deputada tamb\u00e9m foi uma das autoras do projeto para barrar a emiss\u00e3o de vistos para autoridades que tenham cometido \u201ccensura\u201d contra cidad\u00e3os do pa\u00eds.<\/p>\n<p>Na proposta, Elvira cita Moraes ao chamar o ministro de \u201cvanguardista\u201d no \u201cataque internacional na liberdade de express\u00e3o de cidad\u00e3os norte-americanos, como o empres\u00e1rio Elon Musk\u201d. A fala ocorreu ap\u00f3s a decis\u00e3o do magistrado de bloquear no Brasil, a rede social X, antes conhecida como Twitter.<\/p>\n<p>Como noticiou o Di\u00e1rio do Poder, em 8 de outubro, Moraes determinou o desbloqueio da rede social no pa\u00eds. O X passou quase 50 dias bloqueados por decis\u00e3o do magistrado.<\/p>\n<p>Cr\u00edticas a Lula<\/p>\n<p>A deputada tamb\u00e9m j\u00e1 criticou o presidente Lula (PT), a quem chamou de \u201csujeito condenado por corrup\u00e7\u00e3o\u201d.<\/p>\n<p>\u201cPelo que estou entendendo, n\u00e3o s\u00f3 o Brasil tem como presidente um sujeito que foi condenado por corrup\u00e7\u00e3o, Lula da Silva, mas agora ele tem um operador totalit\u00e1rio, o ministro na Suprema Corte, Alexandre de Moraes\u201d, afirmou a Elvira.<\/p>\n<p>Informa\u00e7\u00f5es do Di\u00e1rio do Poder \/ Foto: Reprodu\u00e7\u00e3o\/Redes Sociais<\/p>\n","protected":false},"excerpt":{"rendered":"<p>A deputada republicana Mar\u00eda Elvira Salazar, da Fl\u00f3rida, foi reeleita para o terceiro mandato na C\u00e2mara dos Estados Unidos. A<\/p>\n","protected":false},"author":4,"featured_media":16320,"comment_status":"open","ping_status":"open","sticky":false,"template":"","format":"standard","meta":{"colormag_page_container_layout":"default_layout","colormag_page_sidebar_layout":"default_layout","_FSMCFIC_featured_image_caption":"","_FSMCFIC_featured_image_nocaption":"","_FSMCFIC_featured_image_hide":"","footnotes":""},"categories":[5,1],"tags":[],"class_list":["post-16319","post","type-post","status-publish","format-standard","has-post-thumbnail","hentry","category-politica","category-ultimas"],"yoast_head":"<!-- This site is optimized with the Yoast SEO plugin v27.1.1 - https:\/\/yoast.com\/product\/yoast-seo-wordpress\/ -->\n<title>Deputada que quer barrar Moraes \u00e9 reeleita nos EUA - Brasil not\u00edcias<\/title>\n<meta name=\"robots\" content=\"index, follow, max-snippet:-1, max-image-preview:large, max-video-preview:-1\" \/>\n<link rel=\"canonical\" href=\"https:\/\/brasilnoticias.org\/site\/deputada-que-quer-barrar-moraes-e-reeleita-nos-eua\/\" \/>\n<meta property=\"og:locale\" content=\"pt_PT\" \/>\n<meta property=\"og:type\" content=\"article\" \/>\n<meta property=\"og:title\" content=\"Deputada que quer barrar Moraes \u00e9 reeleita nos EUA - Brasil not\u00edcias\" \/>\n<meta property=\"og:description\" content=\"A deputada republicana Mar\u00eda Elvira Salazar, da Fl\u00f3rida, foi reeleita para o terceiro mandato na C\u00e2mara dos Estados Unidos. A\" \/>\n<meta property=\"og:url\" content=\"https:\/\/brasilnoticias.org\/site\/deputada-que-quer-barrar-moraes-e-reeleita-nos-eua\/\" \/>\n<meta property=\"og:site_name\" content=\"Brasil not\u00edcias\" \/>\n<meta property=\"article:published_time\" content=\"2024-11-07T17:56:27+00:00\" \/>\n<meta property=\"og:image\" content=\"https:\/\/brasilnoticias.org\/site\/wp-content\/uploads\/2024\/11\/IMAGEM_NOTICIA_0-5.jpg\" \/>\n\t<meta property=\"og:image:width\" content=\"850\" \/>\n\t<meta property=\"og:image:height\" content=\"400\" \/>\n\t<meta property=\"og:image:type\" content=\"image\/jpeg\" \/>\n<meta name=\"author\" content=\"Reda\u00e7\u00e3o\" \/>\n<meta name=\"twitter:card\" content=\"summary_large_image\" \/>\n<meta name=\"twitter:label1\" content=\"Escrito por\" \/>\n\t<meta name=\"twitter:data1\" content=\"Reda\u00e7\u00e3o\" \/>\n\t<meta name=\"twitter:label2\" content=\"Tempo estimado de leitura\" \/>\n\t<meta name=\"twitter:data2\" content=\"1 minuto\" \/>\n<script type=\"application\/ld+json\" class=\"yoast-schema-graph\">{\"@context\":\"https:\/\/schema.org\",\"@graph\":[{\"@type\":\"Article\",\"@id\":\"https:\/\/brasilnoticias.org\/site\/deputada-que-quer-barrar-moraes-e-reeleita-nos-eua\/#article\",\"isPartOf\":{\"@id\":\"https:\/\/brasilnoticias.org\/site\/deputada-que-quer-barrar-moraes-e-reeleita-nos-eua\/\"},\"author\":{\"name\":\"Reda\u00e7\u00e3o\",\"@id\":\"https:\/\/brasilnoticias.org\/site\/#\/schema\/person\/03bbbfe6c7634ad18c26444ea39049fa\"},\"headline\":\"Deputada que quer barrar Moraes \u00e9 reeleita nos EUA\",\"datePublished\":\"2024-11-07T17:56:27+00:00\",\"mainEntityOfPage\":{\"@id\":\"https:\/\/brasilnoticias.org\/site\/deputada-que-quer-barrar-moraes-e-reeleita-nos-eua\/\"},\"wordCount\":296,\"commentCount\":0,\"publisher\":{\"@id\":\"https:\/\/brasilnoticias.org\/site\/#organization\"},\"image\":{\"@id\":\"https:\/\/brasilnoticias.org\/site\/deputada-que-quer-barrar-moraes-e-reeleita-nos-eua\/#primaryimage\"},\"thumbnailUrl\":\"https:\/\/brasilnoticias.org\/site\/wp-content\/uploads\/2024\/11\/IMAGEM_NOTICIA_0-5.jpg\",\"articleSection\":[\"Pol\u00edtica\",\"\u00daltimas\"],\"inLanguage\":\"pt-PT\",\"potentialAction\":[{\"@type\":\"CommentAction\",\"name\":\"Comment\",\"target\":[\"https:\/\/brasilnoticias.org\/site\/deputada-que-quer-barrar-moraes-e-reeleita-nos-eua\/#respond\"]}]},{\"@type\":\"WebPage\",\"@id\":\"https:\/\/brasilnoticias.org\/site\/deputada-que-quer-barrar-moraes-e-reeleita-nos-eua\/\",\"url\":\"https:\/\/brasilnoticias.org\/site\/deputada-que-quer-barrar-moraes-e-reeleita-nos-eua\/\",\"name\":\"Deputada que quer barrar Moraes \u00e9 reeleita nos EUA - Brasil not\u00edcias\",\"isPartOf\":{\"@id\":\"https:\/\/brasilnoticias.org\/site\/#website\"},\"primaryImageOfPage\":{\"@id\":\"https:\/\/brasilnoticias.org\/site\/deputada-que-quer-barrar-moraes-e-reeleita-nos-eua\/#primaryimage\"},\"image\":{\"@id\":\"https:\/\/brasilnoticias.org\/site\/deputada-que-quer-barrar-moraes-e-reeleita-nos-eua\/#primaryimage\"},\"thumbnailUrl\":\"https:\/\/brasilnoticias.org\/site\/wp-content\/uploads\/2024\/11\/IMAGEM_NOTICIA_0-5.jpg\",\"datePublished\":\"2024-11-07T17:56:27+00:00\",\"breadcrumb\":{\"@id\":\"https:\/\/brasilnoticias.org\/site\/deputada-que-quer-barrar-moraes-e-reeleita-nos-eua\/#breadcrumb\"},\"inLanguage\":\"pt-PT\",\"potentialAction\":[{\"@type\":\"ReadAction\",\"target\":[\"https:\/\/brasilnoticias.org\/site\/deputada-que-quer-barrar-moraes-e-reeleita-nos-eua\/\"]}]},{\"@type\":\"ImageObject\",\"inLanguage\":\"pt-PT\",\"@id\":\"https:\/\/brasilnoticias.org\/site\/deputada-que-quer-barrar-moraes-e-reeleita-nos-eua\/#primaryimage\",\"url\":\"https:\/\/brasilnoticias.org\/site\/wp-content\/uploads\/2024\/11\/IMAGEM_NOTICIA_0-5.jpg\",\"contentUrl\":\"https:\/\/brasilnoticias.org\/site\/wp-content\/uploads\/2024\/11\/IMAGEM_NOTICIA_0-5.jpg\",\"width\":850,\"height\":400},{\"@type\":\"BreadcrumbList\",\"@id\":\"https:\/\/brasilnoticias.org\/site\/deputada-que-quer-barrar-moraes-e-reeleita-nos-eua\/#breadcrumb\",\"itemListElement\":[{\"@type\":\"ListItem\",\"position\":1,\"name\":\"In\u00edcio\",\"item\":\"https:\/\/brasilnoticias.org\/site\/\"},{\"@type\":\"ListItem\",\"position\":2,\"name\":\"Deputada que quer barrar Moraes \u00e9 reeleita nos EUA\"}]},{\"@type\":\"WebSite\",\"@id\":\"https:\/\/brasilnoticias.org\/site\/#website\",\"url\":\"https:\/\/brasilnoticias.org\/site\/\",\"name\":\"Brasil not\u00edcias\",\"description\":\"Brasil not\u00edcias\",\"publisher\":{\"@id\":\"https:\/\/brasilnoticias.org\/site\/#organization\"},\"potentialAction\":[{\"@type\":\"SearchAction\",\"target\":{\"@type\":\"EntryPoint\",\"urlTemplate\":\"https:\/\/brasilnoticias.org\/site\/?s={search_term_string}\"},\"query-input\":{\"@type\":\"PropertyValueSpecification\",\"valueRequired\":true,\"valueName\":\"search_term_string\"}}],\"inLanguage\":\"pt-PT\"},{\"@type\":\"Organization\",\"@id\":\"https:\/\/brasilnoticias.org\/site\/#organization\",\"name\":\"Brasil not\u00edcias\",\"url\":\"https:\/\/brasilnoticias.org\/site\/\",\"logo\":{\"@type\":\"ImageObject\",\"inLanguage\":\"pt-PT\",\"@id\":\"https:\/\/brasilnoticias.org\/site\/#\/schema\/logo\/image\/\",\"url\":\"https:\/\/brasilnoticias.org\/site\/wp-content\/uploads\/2022\/05\/cropped-brasilnoticias-mini.jpg\",\"contentUrl\":\"https:\/\/brasilnoticias.org\/site\/wp-content\/uploads\/2022\/05\/cropped-brasilnoticias-mini.jpg\",\"width\":314,\"height\":86,\"caption\":\"Brasil not\u00edcias\"},\"image\":{\"@id\":\"https:\/\/brasilnoticias.org\/site\/#\/schema\/logo\/image\/\"}},{\"@type\":\"Person\",\"@id\":\"https:\/\/brasilnoticias.org\/site\/#\/schema\/person\/03bbbfe6c7634ad18c26444ea39049fa\",\"name\":\"Reda\u00e7\u00e3o\",\"image\":{\"@type\":\"ImageObject\",\"inLanguage\":\"pt-PT\",\"@id\":\"https:\/\/brasilnoticias.org\/site\/#\/schema\/person\/image\/\",\"url\":\"https:\/\/secure.gravatar.com\/avatar\/9ecaf7327a696cb23ad926fedded5f1f04d7049de9e445375d55b48c001a6e42?s=96&d=mm&r=g\",\"contentUrl\":\"https:\/\/secure.gravatar.com\/avatar\/9ecaf7327a696cb23ad926fedded5f1f04d7049de9e445375d55b48c001a6e42?s=96&d=mm&r=g\",\"caption\":\"Reda\u00e7\u00e3o\"},\"url\":\"https:\/\/brasilnoticias.org\/site\/author\/henrique\/\"}]}<\/script>\n<!-- \/ Yoast SEO plugin. -->","yoast_head_json":{"title":"Deputada que quer barrar Moraes \u00e9 reeleita nos EUA - Brasil not\u00edcias","robots":{"index":"index","follow":"follow","max-snippet":"max-snippet:-1","max-image-preview":"max-image-preview:large","max-video-preview":"max-video-preview:-1"},"canonical":"https:\/\/brasilnoticias.org\/site\/deputada-que-quer-barrar-moraes-e-reeleita-nos-eua\/","og_locale":"pt_PT","og_type":"article","og_title":"Deputada que quer barrar Moraes \u00e9 reeleita nos EUA - Brasil not\u00edcias","og_description":"A deputada republicana Mar\u00eda Elvira Salazar, da Fl\u00f3rida, foi reeleita para o terceiro mandato na C\u00e2mara dos Estados Unidos. A","og_url":"https:\/\/brasilnoticias.org\/site\/deputada-que-quer-barrar-moraes-e-reeleita-nos-eua\/","og_site_name":"Brasil not\u00edcias","article_published_time":"2024-11-07T17:56:27+00:00","og_image":[{"width":850,"height":400,"url":"https:\/\/brasilnoticias.org\/site\/wp-content\/uploads\/2024\/11\/IMAGEM_NOTICIA_0-5.jpg","type":"image\/jpeg"}],"author":"Reda\u00e7\u00e3o","twitter_card":"summary_large_image","twitter_misc":{"Escrito por":"Reda\u00e7\u00e3o","Tempo estimado de leitura":"1 minuto"},"schema":{"@context":"https:\/\/schema.org","@graph":[{"@type":"Article","@id":"https:\/\/brasilnoticias.org\/site\/deputada-que-quer-barrar-moraes-e-reeleita-nos-eua\/#article","isPartOf":{"@id":"https:\/\/brasilnoticias.org\/site\/deputada-que-quer-barrar-moraes-e-reeleita-nos-eua\/"},"author":{"name":"Reda\u00e7\u00e3o","@id":"https:\/\/brasilnoticias.org\/site\/#\/schema\/person\/03bbbfe6c7634ad18c26444ea39049fa"},"headline":"Deputada que quer barrar Moraes \u00e9 reeleita nos EUA","datePublished":"2024-11-07T17:56:27+00:00","mainEntityOfPage":{"@id":"https:\/\/brasilnoticias.org\/site\/deputada-que-quer-barrar-moraes-e-reeleita-nos-eua\/"},"wordCount":296,"commentCount":0,"publisher":{"@id":"https:\/\/brasilnoticias.org\/site\/#organization"},"image":{"@id":"https:\/\/brasilnoticias.org\/site\/deputada-que-quer-barrar-moraes-e-reeleita-nos-eua\/#primaryimage"},"thumbnailUrl":"https:\/\/brasilnoticias.org\/site\/wp-content\/uploads\/2024\/11\/IMAGEM_NOTICIA_0-5.jpg","articleSection":["Pol\u00edtica","\u00daltimas"],"inLanguage":"pt-PT","potentialAction":[{"@type":"CommentAction","name":"Comment","target":["https:\/\/brasilnoticias.org\/site\/deputada-que-quer-barrar-moraes-e-reeleita-nos-eua\/#respond"]}]},{"@type":"WebPage","@id":"https:\/\/brasilnoticias.org\/site\/deputada-que-quer-barrar-moraes-e-reeleita-nos-eua\/","url":"https:\/\/brasilnoticias.org\/site\/deputada-que-quer-barrar-moraes-e-reeleita-nos-eua\/","name":"Deputada que quer barrar Moraes \u00e9 reeleita nos EUA - Brasil not\u00edcias","isPartOf":{"@id":"https:\/\/brasilnoticias.org\/site\/#website"},"primaryImageOfPage":{"@id":"https:\/\/brasilnoticias.org\/site\/deputada-que-quer-barrar-moraes-e-reeleita-nos-eua\/#primaryimage"},"image":{"@id":"https:\/\/brasilnoticias.org\/site\/deputada-que-quer-barrar-moraes-e-reeleita-nos-eua\/#primaryimage"},"thumbnailUrl":"https:\/\/brasilnoticias.org\/site\/wp-content\/uploads\/2024\/11\/IMAGEM_NOTICIA_0-5.jpg","datePublished":"2024-11-07T17:56:27+00:00","breadcrumb":{"@id":"https:\/\/brasilnoticias.org\/site\/deputada-que-quer-barrar-moraes-e-reeleita-nos-eua\/#breadcrumb"},"inLanguage":"pt-PT","potentialAction":[{"@type":"ReadAction","target":["https:\/\/brasilnoticias.org\/site\/deputada-que-quer-barrar-moraes-e-reeleita-nos-eua\/"]}]},{"@type":"ImageObject","inLanguage":"pt-PT","@id":"https:\/\/brasilnoticias.org\/site\/deputada-que-quer-barrar-moraes-e-reeleita-nos-eua\/#primaryimage","url":"https:\/\/brasilnoticias.org\/site\/wp-content\/uploads\/2024\/11\/IMAGEM_NOTICIA_0-5.jpg","contentUrl":"https:\/\/brasilnoticias.org\/site\/wp-content\/uploads\/2024\/11\/IMAGEM_NOTICIA_0-5.jpg","width":850,"height":400},{"@type":"BreadcrumbList","@id":"https:\/\/brasilnoticias.org\/site\/deputada-que-quer-barrar-moraes-e-reeleita-nos-eua\/#breadcrumb","itemListElement":[{"@type":"ListItem","position":1,"name":"In\u00edcio","item":"https:\/\/brasilnoticias.org\/site\/"},{"@type":"ListItem","position":2,"name":"Deputada que quer barrar Moraes \u00e9 reeleita nos EUA"}]},{"@type":"WebSite","@id":"https:\/\/brasilnoticias.org\/site\/#website","url":"https:\/\/brasilnoticias.org\/site\/","name":"Brasil not\u00edcias","description":"Brasil not\u00edcias","publisher":{"@id":"https:\/\/brasilnoticias.org\/site\/#organization"},"potentialAction":[{"@type":"SearchAction","target":{"@type":"EntryPoint","urlTemplate":"https:\/\/brasilnoticias.org\/site\/?s={search_term_string}"},"query-input":{"@type":"PropertyValueSpecification","valueRequired":true,"valueName":"search_term_string"}}],"inLanguage":"pt-PT"},{"@type":"Organization","@id":"https:\/\/brasilnoticias.org\/site\/#organization","name":"Brasil not\u00edcias","url":"https:\/\/brasilnoticias.org\/site\/","logo":{"@type":"ImageObject","inLanguage":"pt-PT","@id":"https:\/\/brasilnoticias.org\/site\/#\/schema\/logo\/image\/","url":"https:\/\/brasilnoticias.org\/site\/wp-content\/uploads\/2022\/05\/cropped-brasilnoticias-mini.jpg","contentUrl":"https:\/\/brasilnoticias.org\/site\/wp-content\/uploads\/2022\/05\/cropped-brasilnoticias-mini.jpg","width":314,"height":86,"caption":"Brasil not\u00edcias"},"image":{"@id":"https:\/\/brasilnoticias.org\/site\/#\/schema\/logo\/image\/"}},{"@type":"Person","@id":"https:\/\/brasilnoticias.org\/site\/#\/schema\/person\/03bbbfe6c7634ad18c26444ea39049fa","name":"Reda\u00e7\u00e3o","image":{"@type":"ImageObject","inLanguage":"pt-PT","@id":"https:\/\/brasilnoticias.org\/site\/#\/schema\/person\/image\/","url":"https:\/\/secure.gravatar.com\/avatar\/9ecaf7327a696cb23ad926fedded5f1f04d7049de9e445375d55b48c001a6e42?s=96&d=mm&r=g","contentUrl":"https:\/\/secure.gravatar.com\/avatar\/9ecaf7327a696cb23ad926fedded5f1f04d7049de9e445375d55b48c001a6e42?s=96&d=mm&r=g","caption":"Reda\u00e7\u00e3o"},"url":"https:\/\/brasilnoticias.org\/site\/author\/henrique\/"}]}},"_links":{"self":[{"href":"https:\/\/brasilnoticias.org\/site\/wp-json\/wp\/v2\/posts\/16319","targetHints":{"allow":["GET"]}}],"collection":[{"href":"https:\/\/brasilnoticias.org\/site\/wp-json\/wp\/v2\/posts"}],"about":[{"href":"https:\/\/brasilnoticias.org\/site\/wp-json\/wp\/v2\/types\/post"}],"author":[{"embeddable":true,"href":"https:\/\/brasilnoticias.org\/site\/wp-json\/wp\/v2\/users\/4"}],"replies":[{"embeddable":true,"href":"https:\/\/brasilnoticias.org\/site\/wp-json\/wp\/v2\/comments?post=16319"}],"version-history":[{"count":1,"href":"https:\/\/brasilnoticias.org\/site\/wp-json\/wp\/v2\/posts\/16319\/revisions"}],"predecessor-version":[{"id":16321,"href":"https:\/\/brasilnoticias.org\/site\/wp-json\/wp\/v2\/posts\/16319\/revisions\/16321"}],"wp:featuredmedia":[{"embeddable":true,"href":"https:\/\/brasilnoticias.org\/site\/wp-json\/wp\/v2\/media\/16320"}],"wp:attachment":[{"href":"https:\/\/brasilnoticias.org\/site\/wp-json\/wp\/v2\/media?parent=16319"}],"wp:term":[{"taxonomy":"category","embeddable":true,"href":"https:\/\/brasilnoticias.org\/site\/wp-json\/wp\/v2\/categories?post=16319"},{"taxonomy":"post_tag","embeddable":true,"href":"https:\/\/brasilnoticias.org\/site\/wp-json\/wp\/v2\/tags?post=16319"}],"curies":[{"name":"wp","href":"https:\/\/api.w.org\/{rel}","templated":true}]}}