{"id":16328,"date":"2024-11-07T15:00:55","date_gmt":"2024-11-07T18:00:55","guid":{"rendered":"https:\/\/brasilnoticias.org\/site\/?p=16328"},"modified":"2024-11-07T15:00:55","modified_gmt":"2024-11-07T18:00:55","slug":"stf-valida-mudanca-constitucional-para-servidores-publicos-sem-estabilidade-e-aplica-regime-clt","status":"publish","type":"post","link":"https:\/\/brasilnoticias.org\/site\/stf-valida-mudanca-constitucional-para-servidores-publicos-sem-estabilidade-e-aplica-regime-clt\/","title":{"rendered":"STF valida mudan\u00e7a constitucional para servidores p\u00fablicos sem estabilidade e aplica regime CLT"},"content":{"rendered":"<p>A vota\u00e7\u00e3o considerou uma mudan\u00e7a que o Congresso Nacional aprovou na Constitui\u00e7\u00e3o em 1998<\/p>\n<p>Ap\u00f3s longo processo judicial, o Supremo Tribunal Federal (STF) validou nesta quarta-feira (6) uma mudan\u00e7a na Constitui\u00e7\u00e3o que flexibiliza o regime jur\u00eddico \u00fanico dos servidores p\u00fablicos, ampliando as possibilidades de modelo de trabalho para o funcionalismo p\u00fablico. <\/p>\n<p>A mudan\u00e7a possibilita a contrata\u00e7\u00e3o de servidores p\u00fablicos pela Consolida\u00e7\u00e3o das Leis do Trabalho (CLT), sem a estabilidade de cargo que os servidores atualmente possuem no regime jur\u00eddico \u00fanico. A proposta estava suspensa desde 2007, ap\u00f3s questionamento jur\u00eddico. <\/p>\n<p>O ministro Gilmar Mendes deu o voto que prevaleceu, divergindo da ministra Carm\u00e9n L\u00facia, que foi relatora do caso, entendendo que a mudan\u00e7a foi v\u00e1lida. Votaram de maneira similar os ministros Nunes Marques, Flavio Dino, Cristiano Zanin, Andr\u00e9 Mendon\u00e7a, Alexandre de Moraes, Dias Toffoli e o presidente Lu\u00eds Roberto Barroso. Os ministros Edson Fachin e Luiz Fux acompanharam a relatora e votaram por considerar a mudan\u00e7a inconstitucional. <\/p>\n<p>Constitui\u00e7\u00e3o alterada<\/p>\n<p>A vota\u00e7\u00e3o considerou uma mudan\u00e7a que o Congresso Nacional aprovou na Constitui\u00e7\u00e3o em 1998. A reforma administrativa feita no governo Fernando Henrique Cardoso desobrigava a Uni\u00e3o, estados, Distrito Federal e munic\u00edpios de criarem um regime jur\u00eddico \u00fanico e plano de carreira para os servidores.<\/p>\n<p>Isso permitia na pr\u00e1tica uma flexibiliza\u00e7\u00e3o nos v\u00ednculos dos trabalhadores com a Administra\u00e7\u00e3o P\u00fablica. O regime jur\u00eddico \u00fanico da Uni\u00e3o prev\u00ea admiss\u00e3o por meio de concurso e a estabilidade. Nesse caso, o servidor s\u00f3 perde o cargo ap\u00f3s processo administrativo disciplinar ou decis\u00e3o judicial nesse sentido. <\/p>\n<p>O STF suspendeu a flexibiliza\u00e7\u00e3o em 2007, decis\u00e3o revista agora. Apesar disso, alguns regimes ainda usam essa flexibiliza\u00e7\u00e3o do regime jur\u00eddico \u00fanico porque o usavam desde antes da decis\u00e3o. Os magistrados deixaram claro que a decis\u00e3o ter\u00e1 aplica\u00e7\u00e3o futura, ou seja, n\u00e3o haver\u00e1 mudan\u00e7as para os servidores atuais. <\/p>\n<p>Foto: Divulga\u00e7\u00e3o\/Roseinei Coutinho\/STF<br \/>\nPor: Metro1<\/p>\n","protected":false},"excerpt":{"rendered":"<p>A vota\u00e7\u00e3o considerou uma mudan\u00e7a que o Congresso Nacional aprovou na Constitui\u00e7\u00e3o em 1998 Ap\u00f3s longo processo judicial, o Supremo<\/p>\n","protected":false},"author":4,"featured_media":16329,"comment_status":"open","ping_status":"open","sticky":false,"template":"","format":"standard","meta":{"colormag_page_container_layout":"default_layout","colormag_page_sidebar_layout":"default_layout","_FSMCFIC_featured_image_caption":"","_FSMCFIC_featured_image_nocaption":"","_FSMCFIC_featured_image_hide":"","footnotes":""},"categories":[2,1],"tags":[],"class_list":["post-16328","post","type-post","status-publish","format-standard","has-post-thumbnail","hentry","category-noticias","category-ultimas"],"yoast_head":"<!-- This site is optimized with the Yoast SEO plugin v27.1.1 - https:\/\/yoast.com\/product\/yoast-seo-wordpress\/ -->\n<title>STF valida mudan\u00e7a constitucional para servidores p\u00fablicos sem estabilidade e aplica regime CLT - Brasil not\u00edcias<\/title>\n<meta name=\"robots\" content=\"index, follow, max-snippet:-1, max-image-preview:large, max-video-preview:-1\" \/>\n<link rel=\"canonical\" href=\"https:\/\/brasilnoticias.org\/site\/stf-valida-mudanca-constitucional-para-servidores-publicos-sem-estabilidade-e-aplica-regime-clt\/\" \/>\n<meta property=\"og:locale\" content=\"pt_PT\" \/>\n<meta property=\"og:type\" content=\"article\" \/>\n<meta property=\"og:title\" content=\"STF valida mudan\u00e7a constitucional para servidores p\u00fablicos sem estabilidade e aplica regime CLT - Brasil not\u00edcias\" \/>\n<meta property=\"og:description\" content=\"A vota\u00e7\u00e3o considerou uma mudan\u00e7a que o Congresso Nacional aprovou na Constitui\u00e7\u00e3o em 1998 Ap\u00f3s longo processo judicial, o Supremo\" \/>\n<meta property=\"og:url\" content=\"https:\/\/brasilnoticias.org\/site\/stf-valida-mudanca-constitucional-para-servidores-publicos-sem-estabilidade-e-aplica-regime-clt\/\" \/>\n<meta property=\"og:site_name\" content=\"Brasil not\u00edcias\" \/>\n<meta property=\"article:published_time\" content=\"2024-11-07T18:00:55+00:00\" \/>\n<meta property=\"og:image\" content=\"https:\/\/brasilnoticias.org\/site\/wp-content\/uploads\/2024\/11\/157524stf-valida-mudanca-constitucional-para-servidores-publicos-sem-estabilidade-e-aplica-regime-clt-3.jpg\" \/>\n\t<meta property=\"og:image:width\" content=\"1600\" \/>\n\t<meta property=\"og:image:height\" content=\"752\" \/>\n\t<meta property=\"og:image:type\" content=\"image\/jpeg\" \/>\n<meta name=\"author\" content=\"Reda\u00e7\u00e3o\" \/>\n<meta name=\"twitter:card\" content=\"summary_large_image\" \/>\n<meta name=\"twitter:label1\" content=\"Escrito por\" \/>\n\t<meta name=\"twitter:data1\" content=\"Reda\u00e7\u00e3o\" \/>\n<script type=\"application\/ld+json\" class=\"yoast-schema-graph\">{\"@context\":\"https:\/\/schema.org\",\"@graph\":[{\"@type\":\"Article\",\"@id\":\"https:\/\/brasilnoticias.org\/site\/stf-valida-mudanca-constitucional-para-servidores-publicos-sem-estabilidade-e-aplica-regime-clt\/#article\",\"isPartOf\":{\"@id\":\"https:\/\/brasilnoticias.org\/site\/stf-valida-mudanca-constitucional-para-servidores-publicos-sem-estabilidade-e-aplica-regime-clt\/\"},\"author\":{\"name\":\"Reda\u00e7\u00e3o\",\"@id\":\"https:\/\/brasilnoticias.org\/site\/#\/schema\/person\/03bbbfe6c7634ad18c26444ea39049fa\"},\"headline\":\"STF valida mudan\u00e7a constitucional para servidores p\u00fablicos sem estabilidade e aplica regime CLT\",\"datePublished\":\"2024-11-07T18:00:55+00:00\",\"mainEntityOfPage\":{\"@id\":\"https:\/\/brasilnoticias.org\/site\/stf-valida-mudanca-constitucional-para-servidores-publicos-sem-estabilidade-e-aplica-regime-clt\/\"},\"wordCount\":363,\"commentCount\":0,\"publisher\":{\"@id\":\"https:\/\/brasilnoticias.org\/site\/#organization\"},\"image\":{\"@id\":\"https:\/\/brasilnoticias.org\/site\/stf-valida-mudanca-constitucional-para-servidores-publicos-sem-estabilidade-e-aplica-regime-clt\/#primaryimage\"},\"thumbnailUrl\":\"https:\/\/brasilnoticias.org\/site\/wp-content\/uploads\/2024\/11\/157524stf-valida-mudanca-constitucional-para-servidores-publicos-sem-estabilidade-e-aplica-regime-clt-3.jpg\",\"articleSection\":[\"Not\u00edcias\",\"\u00daltimas\"],\"inLanguage\":\"pt-PT\",\"potentialAction\":[{\"@type\":\"CommentAction\",\"name\":\"Comment\",\"target\":[\"https:\/\/brasilnoticias.org\/site\/stf-valida-mudanca-constitucional-para-servidores-publicos-sem-estabilidade-e-aplica-regime-clt\/#respond\"]}]},{\"@type\":\"WebPage\",\"@id\":\"https:\/\/brasilnoticias.org\/site\/stf-valida-mudanca-constitucional-para-servidores-publicos-sem-estabilidade-e-aplica-regime-clt\/\",\"url\":\"https:\/\/brasilnoticias.org\/site\/stf-valida-mudanca-constitucional-para-servidores-publicos-sem-estabilidade-e-aplica-regime-clt\/\",\"name\":\"STF valida mudan\u00e7a constitucional para servidores p\u00fablicos sem estabilidade e aplica regime CLT - Brasil not\u00edcias\",\"isPartOf\":{\"@id\":\"https:\/\/brasilnoticias.org\/site\/#website\"},\"primaryImageOfPage\":{\"@id\":\"https:\/\/brasilnoticias.org\/site\/stf-valida-mudanca-constitucional-para-servidores-publicos-sem-estabilidade-e-aplica-regime-clt\/#primaryimage\"},\"image\":{\"@id\":\"https:\/\/brasilnoticias.org\/site\/stf-valida-mudanca-constitucional-para-servidores-publicos-sem-estabilidade-e-aplica-regime-clt\/#primaryimage\"},\"thumbnailUrl\":\"https:\/\/brasilnoticias.org\/site\/wp-content\/uploads\/2024\/11\/157524stf-valida-mudanca-constitucional-para-servidores-publicos-sem-estabilidade-e-aplica-regime-clt-3.jpg\",\"datePublished\":\"2024-11-07T18:00:55+00:00\",\"breadcrumb\":{\"@id\":\"https:\/\/brasilnoticias.org\/site\/stf-valida-mudanca-constitucional-para-servidores-publicos-sem-estabilidade-e-aplica-regime-clt\/#breadcrumb\"},\"inLanguage\":\"pt-PT\",\"potentialAction\":[{\"@type\":\"ReadAction\",\"target\":[\"https:\/\/brasilnoticias.org\/site\/stf-valida-mudanca-constitucional-para-servidores-publicos-sem-estabilidade-e-aplica-regime-clt\/\"]}]},{\"@type\":\"ImageObject\",\"inLanguage\":\"pt-PT\",\"@id\":\"https:\/\/brasilnoticias.org\/site\/stf-valida-mudanca-constitucional-para-servidores-publicos-sem-estabilidade-e-aplica-regime-clt\/#primaryimage\",\"url\":\"https:\/\/brasilnoticias.org\/site\/wp-content\/uploads\/2024\/11\/157524stf-valida-mudanca-constitucional-para-servidores-publicos-sem-estabilidade-e-aplica-regime-clt-3.jpg\",\"contentUrl\":\"https:\/\/brasilnoticias.org\/site\/wp-content\/uploads\/2024\/11\/157524stf-valida-mudanca-constitucional-para-servidores-publicos-sem-estabilidade-e-aplica-regime-clt-3.jpg\",\"width\":1600,\"height\":752},{\"@type\":\"BreadcrumbList\",\"@id\":\"https:\/\/brasilnoticias.org\/site\/stf-valida-mudanca-constitucional-para-servidores-publicos-sem-estabilidade-e-aplica-regime-clt\/#breadcrumb\",\"itemListElement\":[{\"@type\":\"ListItem\",\"position\":1,\"name\":\"In\u00edcio\",\"item\":\"https:\/\/brasilnoticias.org\/site\/\"},{\"@type\":\"ListItem\",\"position\":2,\"name\":\"STF valida mudan\u00e7a constitucional para servidores p\u00fablicos sem estabilidade e aplica regime CLT\"}]},{\"@type\":\"WebSite\",\"@id\":\"https:\/\/brasilnoticias.org\/site\/#website\",\"url\":\"https:\/\/brasilnoticias.org\/site\/\",\"name\":\"Brasil not\u00edcias\",\"description\":\"Brasil not\u00edcias\",\"publisher\":{\"@id\":\"https:\/\/brasilnoticias.org\/site\/#organization\"},\"potentialAction\":[{\"@type\":\"SearchAction\",\"target\":{\"@type\":\"EntryPoint\",\"urlTemplate\":\"https:\/\/brasilnoticias.org\/site\/?s={search_term_string}\"},\"query-input\":{\"@type\":\"PropertyValueSpecification\",\"valueRequired\":true,\"valueName\":\"search_term_string\"}}],\"inLanguage\":\"pt-PT\"},{\"@type\":\"Organization\",\"@id\":\"https:\/\/brasilnoticias.org\/site\/#organization\",\"name\":\"Brasil not\u00edcias\",\"url\":\"https:\/\/brasilnoticias.org\/site\/\",\"logo\":{\"@type\":\"ImageObject\",\"inLanguage\":\"pt-PT\",\"@id\":\"https:\/\/brasilnoticias.org\/site\/#\/schema\/logo\/image\/\",\"url\":\"https:\/\/brasilnoticias.org\/site\/wp-content\/uploads\/2022\/05\/cropped-brasilnoticias-mini.jpg\",\"contentUrl\":\"https:\/\/brasilnoticias.org\/site\/wp-content\/uploads\/2022\/05\/cropped-brasilnoticias-mini.jpg\",\"width\":314,\"height\":86,\"caption\":\"Brasil not\u00edcias\"},\"image\":{\"@id\":\"https:\/\/brasilnoticias.org\/site\/#\/schema\/logo\/image\/\"}},{\"@type\":\"Person\",\"@id\":\"https:\/\/brasilnoticias.org\/site\/#\/schema\/person\/03bbbfe6c7634ad18c26444ea39049fa\",\"name\":\"Reda\u00e7\u00e3o\",\"image\":{\"@type\":\"ImageObject\",\"inLanguage\":\"pt-PT\",\"@id\":\"https:\/\/brasilnoticias.org\/site\/#\/schema\/person\/image\/\",\"url\":\"https:\/\/secure.gravatar.com\/avatar\/9ecaf7327a696cb23ad926fedded5f1f04d7049de9e445375d55b48c001a6e42?s=96&d=mm&r=g\",\"contentUrl\":\"https:\/\/secure.gravatar.com\/avatar\/9ecaf7327a696cb23ad926fedded5f1f04d7049de9e445375d55b48c001a6e42?s=96&d=mm&r=g\",\"caption\":\"Reda\u00e7\u00e3o\"},\"url\":\"https:\/\/brasilnoticias.org\/site\/author\/henrique\/\"}]}<\/script>\n<!-- \/ Yoast SEO plugin. -->","yoast_head_json":{"title":"STF valida mudan\u00e7a constitucional para servidores p\u00fablicos sem estabilidade e aplica regime CLT - Brasil not\u00edcias","robots":{"index":"index","follow":"follow","max-snippet":"max-snippet:-1","max-image-preview":"max-image-preview:large","max-video-preview":"max-video-preview:-1"},"canonical":"https:\/\/brasilnoticias.org\/site\/stf-valida-mudanca-constitucional-para-servidores-publicos-sem-estabilidade-e-aplica-regime-clt\/","og_locale":"pt_PT","og_type":"article","og_title":"STF valida mudan\u00e7a constitucional para servidores p\u00fablicos sem estabilidade e aplica regime CLT - Brasil not\u00edcias","og_description":"A vota\u00e7\u00e3o considerou uma mudan\u00e7a que o Congresso Nacional aprovou na Constitui\u00e7\u00e3o em 1998 Ap\u00f3s longo processo judicial, o Supremo","og_url":"https:\/\/brasilnoticias.org\/site\/stf-valida-mudanca-constitucional-para-servidores-publicos-sem-estabilidade-e-aplica-regime-clt\/","og_site_name":"Brasil not\u00edcias","article_published_time":"2024-11-07T18:00:55+00:00","og_image":[{"width":1600,"height":752,"url":"https:\/\/brasilnoticias.org\/site\/wp-content\/uploads\/2024\/11\/157524stf-valida-mudanca-constitucional-para-servidores-publicos-sem-estabilidade-e-aplica-regime-clt-3.jpg","type":"image\/jpeg"}],"author":"Reda\u00e7\u00e3o","twitter_card":"summary_large_image","twitter_misc":{"Escrito por":"Reda\u00e7\u00e3o"},"schema":{"@context":"https:\/\/schema.org","@graph":[{"@type":"Article","@id":"https:\/\/brasilnoticias.org\/site\/stf-valida-mudanca-constitucional-para-servidores-publicos-sem-estabilidade-e-aplica-regime-clt\/#article","isPartOf":{"@id":"https:\/\/brasilnoticias.org\/site\/stf-valida-mudanca-constitucional-para-servidores-publicos-sem-estabilidade-e-aplica-regime-clt\/"},"author":{"name":"Reda\u00e7\u00e3o","@id":"https:\/\/brasilnoticias.org\/site\/#\/schema\/person\/03bbbfe6c7634ad18c26444ea39049fa"},"headline":"STF valida mudan\u00e7a constitucional para servidores p\u00fablicos sem estabilidade e aplica regime CLT","datePublished":"2024-11-07T18:00:55+00:00","mainEntityOfPage":{"@id":"https:\/\/brasilnoticias.org\/site\/stf-valida-mudanca-constitucional-para-servidores-publicos-sem-estabilidade-e-aplica-regime-clt\/"},"wordCount":363,"commentCount":0,"publisher":{"@id":"https:\/\/brasilnoticias.org\/site\/#organization"},"image":{"@id":"https:\/\/brasilnoticias.org\/site\/stf-valida-mudanca-constitucional-para-servidores-publicos-sem-estabilidade-e-aplica-regime-clt\/#primaryimage"},"thumbnailUrl":"https:\/\/brasilnoticias.org\/site\/wp-content\/uploads\/2024\/11\/157524stf-valida-mudanca-constitucional-para-servidores-publicos-sem-estabilidade-e-aplica-regime-clt-3.jpg","articleSection":["Not\u00edcias","\u00daltimas"],"inLanguage":"pt-PT","potentialAction":[{"@type":"CommentAction","name":"Comment","target":["https:\/\/brasilnoticias.org\/site\/stf-valida-mudanca-constitucional-para-servidores-publicos-sem-estabilidade-e-aplica-regime-clt\/#respond"]}]},{"@type":"WebPage","@id":"https:\/\/brasilnoticias.org\/site\/stf-valida-mudanca-constitucional-para-servidores-publicos-sem-estabilidade-e-aplica-regime-clt\/","url":"https:\/\/brasilnoticias.org\/site\/stf-valida-mudanca-constitucional-para-servidores-publicos-sem-estabilidade-e-aplica-regime-clt\/","name":"STF valida mudan\u00e7a constitucional para servidores p\u00fablicos sem estabilidade e aplica regime CLT - Brasil not\u00edcias","isPartOf":{"@id":"https:\/\/brasilnoticias.org\/site\/#website"},"primaryImageOfPage":{"@id":"https:\/\/brasilnoticias.org\/site\/stf-valida-mudanca-constitucional-para-servidores-publicos-sem-estabilidade-e-aplica-regime-clt\/#primaryimage"},"image":{"@id":"https:\/\/brasilnoticias.org\/site\/stf-valida-mudanca-constitucional-para-servidores-publicos-sem-estabilidade-e-aplica-regime-clt\/#primaryimage"},"thumbnailUrl":"https:\/\/brasilnoticias.org\/site\/wp-content\/uploads\/2024\/11\/157524stf-valida-mudanca-constitucional-para-servidores-publicos-sem-estabilidade-e-aplica-regime-clt-3.jpg","datePublished":"2024-11-07T18:00:55+00:00","breadcrumb":{"@id":"https:\/\/brasilnoticias.org\/site\/stf-valida-mudanca-constitucional-para-servidores-publicos-sem-estabilidade-e-aplica-regime-clt\/#breadcrumb"},"inLanguage":"pt-PT","potentialAction":[{"@type":"ReadAction","target":["https:\/\/brasilnoticias.org\/site\/stf-valida-mudanca-constitucional-para-servidores-publicos-sem-estabilidade-e-aplica-regime-clt\/"]}]},{"@type":"ImageObject","inLanguage":"pt-PT","@id":"https:\/\/brasilnoticias.org\/site\/stf-valida-mudanca-constitucional-para-servidores-publicos-sem-estabilidade-e-aplica-regime-clt\/#primaryimage","url":"https:\/\/brasilnoticias.org\/site\/wp-content\/uploads\/2024\/11\/157524stf-valida-mudanca-constitucional-para-servidores-publicos-sem-estabilidade-e-aplica-regime-clt-3.jpg","contentUrl":"https:\/\/brasilnoticias.org\/site\/wp-content\/uploads\/2024\/11\/157524stf-valida-mudanca-constitucional-para-servidores-publicos-sem-estabilidade-e-aplica-regime-clt-3.jpg","width":1600,"height":752},{"@type":"BreadcrumbList","@id":"https:\/\/brasilnoticias.org\/site\/stf-valida-mudanca-constitucional-para-servidores-publicos-sem-estabilidade-e-aplica-regime-clt\/#breadcrumb","itemListElement":[{"@type":"ListItem","position":1,"name":"In\u00edcio","item":"https:\/\/brasilnoticias.org\/site\/"},{"@type":"ListItem","position":2,"name":"STF valida mudan\u00e7a constitucional para servidores p\u00fablicos sem estabilidade e aplica regime CLT"}]},{"@type":"WebSite","@id":"https:\/\/brasilnoticias.org\/site\/#website","url":"https:\/\/brasilnoticias.org\/site\/","name":"Brasil not\u00edcias","description":"Brasil not\u00edcias","publisher":{"@id":"https:\/\/brasilnoticias.org\/site\/#organization"},"potentialAction":[{"@type":"SearchAction","target":{"@type":"EntryPoint","urlTemplate":"https:\/\/brasilnoticias.org\/site\/?s={search_term_string}"},"query-input":{"@type":"PropertyValueSpecification","valueRequired":true,"valueName":"search_term_string"}}],"inLanguage":"pt-PT"},{"@type":"Organization","@id":"https:\/\/brasilnoticias.org\/site\/#organization","name":"Brasil not\u00edcias","url":"https:\/\/brasilnoticias.org\/site\/","logo":{"@type":"ImageObject","inLanguage":"pt-PT","@id":"https:\/\/brasilnoticias.org\/site\/#\/schema\/logo\/image\/","url":"https:\/\/brasilnoticias.org\/site\/wp-content\/uploads\/2022\/05\/cropped-brasilnoticias-mini.jpg","contentUrl":"https:\/\/brasilnoticias.org\/site\/wp-content\/uploads\/2022\/05\/cropped-brasilnoticias-mini.jpg","width":314,"height":86,"caption":"Brasil not\u00edcias"},"image":{"@id":"https:\/\/brasilnoticias.org\/site\/#\/schema\/logo\/image\/"}},{"@type":"Person","@id":"https:\/\/brasilnoticias.org\/site\/#\/schema\/person\/03bbbfe6c7634ad18c26444ea39049fa","name":"Reda\u00e7\u00e3o","image":{"@type":"ImageObject","inLanguage":"pt-PT","@id":"https:\/\/brasilnoticias.org\/site\/#\/schema\/person\/image\/","url":"https:\/\/secure.gravatar.com\/avatar\/9ecaf7327a696cb23ad926fedded5f1f04d7049de9e445375d55b48c001a6e42?s=96&d=mm&r=g","contentUrl":"https:\/\/secure.gravatar.com\/avatar\/9ecaf7327a696cb23ad926fedded5f1f04d7049de9e445375d55b48c001a6e42?s=96&d=mm&r=g","caption":"Reda\u00e7\u00e3o"},"url":"https:\/\/brasilnoticias.org\/site\/author\/henrique\/"}]}},"_links":{"self":[{"href":"https:\/\/brasilnoticias.org\/site\/wp-json\/wp\/v2\/posts\/16328","targetHints":{"allow":["GET"]}}],"collection":[{"href":"https:\/\/brasilnoticias.org\/site\/wp-json\/wp\/v2\/posts"}],"about":[{"href":"https:\/\/brasilnoticias.org\/site\/wp-json\/wp\/v2\/types\/post"}],"author":[{"embeddable":true,"href":"https:\/\/brasilnoticias.org\/site\/wp-json\/wp\/v2\/users\/4"}],"replies":[{"embeddable":true,"href":"https:\/\/brasilnoticias.org\/site\/wp-json\/wp\/v2\/comments?post=16328"}],"version-history":[{"count":1,"href":"https:\/\/brasilnoticias.org\/site\/wp-json\/wp\/v2\/posts\/16328\/revisions"}],"predecessor-version":[{"id":16330,"href":"https:\/\/brasilnoticias.org\/site\/wp-json\/wp\/v2\/posts\/16328\/revisions\/16330"}],"wp:featuredmedia":[{"embeddable":true,"href":"https:\/\/brasilnoticias.org\/site\/wp-json\/wp\/v2\/media\/16329"}],"wp:attachment":[{"href":"https:\/\/brasilnoticias.org\/site\/wp-json\/wp\/v2\/media?parent=16328"}],"wp:term":[{"taxonomy":"category","embeddable":true,"href":"https:\/\/brasilnoticias.org\/site\/wp-json\/wp\/v2\/categories?post=16328"},{"taxonomy":"post_tag","embeddable":true,"href":"https:\/\/brasilnoticias.org\/site\/wp-json\/wp\/v2\/tags?post=16328"}],"curies":[{"name":"wp","href":"https:\/\/api.w.org\/{rel}","templated":true}]}}