{"id":16363,"date":"2024-11-21T18:51:28","date_gmt":"2024-11-21T21:51:28","guid":{"rendered":"https:\/\/brasilnoticias.org\/site\/?p=16363"},"modified":"2024-11-21T18:51:28","modified_gmt":"2024-11-21T21:51:28","slug":"associacao-brasileira-de-imprensa-exige-punicao-de-golpistas","status":"publish","type":"post","link":"https:\/\/brasilnoticias.org\/site\/associacao-brasileira-de-imprensa-exige-punicao-de-golpistas\/","title":{"rendered":"Associa\u00e7\u00e3o Brasileira de Imprensa exige puni\u00e7\u00e3o de golpistas"},"content":{"rendered":"<p>Em documento, ABI aponta que todos os envolvidos no plano de assassinado de Lula, Alckimin e Moraes devem ser punidos<\/p>\n<p>Em um comunicado denominado \u201cEm defesa da democracia: ABI exige a pris\u00e3o de todos os golpistas\u201d, a Associa\u00e7\u00e3o Brasileira de Imprensa (ABI) reivindicou a puni\u00e7\u00e3o severa dos militares das For\u00e7as Armadas que t\u00eam rela\u00e7\u00e3o com o plano de assassinar o presidente Luiz In\u00e1cio Lula da Silva, o vice-presidente Geraldo Alckmin e Alexandre de Moraes, ministro do Supremo Tribunal Federal (STF). <\/p>\n<p>A nota da ABI revela, basicamente, que a tentativa de assassinato \u00e9 uma amea\u00e7a ao Estado Democr\u00e1tico de Direito, por isso, a pris\u00e3o daqueles que tem envolvimento com ela deve ser realizada. A nota ainda ressalta que todos devem ser punidos, seja qual for o cargo que tenham. O documento menciona as revela\u00e7\u00f5es que vieram a partir de mensagens do tenente-coronel Mauro Cid, bem como v\u00eddeos vazados com declara\u00e7\u00f5es \u201cinequ\u00edvocas\u201d de generais e almirantes que eram leais ao presidente do per\u00edodo, Jair Bolsonaro. A nota tamb\u00e9m afirma que o evento de 8 de janeiro de 2023 \u201cfoi apenas a parte vis\u00edvel de um projeto de se perpetuar no poder a qualquer custo\u201d.<\/p>\n<p>Al\u00e9m disso, o comunicado critica a postura do senador Fl\u00e1vio Bolsonaro, que declarou que n\u00e3o h\u00e1 crime se um plano de assassinato n\u00e3o chega a ser realizado. A nota ainda ressalta que, na realidade, \u00e9 crime planejar assassinatos e golpes de Estado contra institui\u00e7\u00f5es republicanas.<\/p>\n<p>\u201c\u00c9 neste contexto que a Associa\u00e7\u00e3o Brasileira de Imprensa (ABI), entidade que teve marcante participa\u00e7\u00e3o na resist\u00eancia ao regime ditatorial surgido do golpe de 1964 contra o governo Jo\u00e3o Goulart, vem se somar \u00e0s manifesta\u00e7\u00f5es pelo fim da leni\u00eancia com que vem sendo tratada essa fac\u00e7\u00e3o criminosa das For\u00e7as Armadas, de seus financiadores e apoiadores na sociedade civil. As puni\u00e7\u00f5es j\u00e1 aplicadas aos que participaram dos atos de vandalismo no 8 de janeiro t\u00eam que ser estendidas aos verdadeiros mandantes desses atos. Diante da amea\u00e7a ao Estado Democr\u00e1tico de Direito, a Na\u00e7\u00e3o exige a pris\u00e3o de todos os envolvidos na conspira\u00e7\u00e3o palaciana, seja qual for a patente ou cargo. Sem anistia para golpistas! Democracia sempre!\u201d, conclui o comunicado assinado por Oct\u00e1vio Costa, presidente da ABI.<\/p>\n<p>Foto: Marcelo Camargo\/Ag\u00eancia Brasil<br \/>\nPor: Metro1<\/p>\n","protected":false},"excerpt":{"rendered":"<p>Em documento, ABI aponta que todos os envolvidos no plano de assassinado de Lula, Alckimin e Moraes devem ser punidos<\/p>\n","protected":false},"author":4,"featured_media":16364,"comment_status":"open","ping_status":"open","sticky":false,"template":"","format":"standard","meta":{"colormag_page_container_layout":"default_layout","colormag_page_sidebar_layout":"default_layout","_FSMCFIC_featured_image_caption":"","_FSMCFIC_featured_image_nocaption":"","_FSMCFIC_featured_image_hide":"","footnotes":""},"categories":[7,1],"tags":[],"class_list":["post-16363","post","type-post","status-publish","format-standard","has-post-thumbnail","hentry","category-justica","category-ultimas"],"yoast_head":"<!-- This site is optimized with the Yoast SEO plugin v27.1.1 - https:\/\/yoast.com\/product\/yoast-seo-wordpress\/ -->\n<title>Associa\u00e7\u00e3o Brasileira de Imprensa exige puni\u00e7\u00e3o de golpistas - Brasil not\u00edcias<\/title>\n<meta name=\"robots\" content=\"index, follow, max-snippet:-1, max-image-preview:large, max-video-preview:-1\" \/>\n<link rel=\"canonical\" href=\"https:\/\/brasilnoticias.org\/site\/associacao-brasileira-de-imprensa-exige-punicao-de-golpistas\/\" \/>\n<meta property=\"og:locale\" content=\"pt_PT\" \/>\n<meta property=\"og:type\" content=\"article\" \/>\n<meta property=\"og:title\" content=\"Associa\u00e7\u00e3o Brasileira de Imprensa exige puni\u00e7\u00e3o de golpistas - Brasil not\u00edcias\" \/>\n<meta property=\"og:description\" content=\"Em documento, ABI aponta que todos os envolvidos no plano de assassinado de Lula, Alckimin e Moraes devem ser punidos\" \/>\n<meta property=\"og:url\" content=\"https:\/\/brasilnoticias.org\/site\/associacao-brasileira-de-imprensa-exige-punicao-de-golpistas\/\" \/>\n<meta property=\"og:site_name\" content=\"Brasil not\u00edcias\" \/>\n<meta property=\"article:published_time\" content=\"2024-11-21T21:51:28+00:00\" \/>\n<meta property=\"og:image\" content=\"https:\/\/brasilnoticias.org\/site\/wp-content\/uploads\/2024\/11\/158037associacao-brasileira-de-imprensa-exige-punicao-de-golpistas-3.jpg\" \/>\n\t<meta property=\"og:image:width\" content=\"1600\" \/>\n\t<meta property=\"og:image:height\" content=\"752\" \/>\n\t<meta property=\"og:image:type\" content=\"image\/jpeg\" \/>\n<meta name=\"author\" content=\"Reda\u00e7\u00e3o\" \/>\n<meta name=\"twitter:card\" content=\"summary_large_image\" \/>\n<meta name=\"twitter:label1\" content=\"Escrito por\" \/>\n\t<meta name=\"twitter:data1\" content=\"Reda\u00e7\u00e3o\" \/>\n<script type=\"application\/ld+json\" class=\"yoast-schema-graph\">{\"@context\":\"https:\/\/schema.org\",\"@graph\":[{\"@type\":\"Article\",\"@id\":\"https:\/\/brasilnoticias.org\/site\/associacao-brasileira-de-imprensa-exige-punicao-de-golpistas\/#article\",\"isPartOf\":{\"@id\":\"https:\/\/brasilnoticias.org\/site\/associacao-brasileira-de-imprensa-exige-punicao-de-golpistas\/\"},\"author\":{\"name\":\"Reda\u00e7\u00e3o\",\"@id\":\"https:\/\/brasilnoticias.org\/site\/#\/schema\/person\/03bbbfe6c7634ad18c26444ea39049fa\"},\"headline\":\"Associa\u00e7\u00e3o Brasileira de Imprensa exige puni\u00e7\u00e3o de golpistas\",\"datePublished\":\"2024-11-21T21:51:28+00:00\",\"mainEntityOfPage\":{\"@id\":\"https:\/\/brasilnoticias.org\/site\/associacao-brasileira-de-imprensa-exige-punicao-de-golpistas\/\"},\"wordCount\":411,\"commentCount\":0,\"publisher\":{\"@id\":\"https:\/\/brasilnoticias.org\/site\/#organization\"},\"image\":{\"@id\":\"https:\/\/brasilnoticias.org\/site\/associacao-brasileira-de-imprensa-exige-punicao-de-golpistas\/#primaryimage\"},\"thumbnailUrl\":\"https:\/\/brasilnoticias.org\/site\/wp-content\/uploads\/2024\/11\/158037associacao-brasileira-de-imprensa-exige-punicao-de-golpistas-3.jpg\",\"articleSection\":[\"Justi\u00e7a\",\"\u00daltimas\"],\"inLanguage\":\"pt-PT\",\"potentialAction\":[{\"@type\":\"CommentAction\",\"name\":\"Comment\",\"target\":[\"https:\/\/brasilnoticias.org\/site\/associacao-brasileira-de-imprensa-exige-punicao-de-golpistas\/#respond\"]}]},{\"@type\":\"WebPage\",\"@id\":\"https:\/\/brasilnoticias.org\/site\/associacao-brasileira-de-imprensa-exige-punicao-de-golpistas\/\",\"url\":\"https:\/\/brasilnoticias.org\/site\/associacao-brasileira-de-imprensa-exige-punicao-de-golpistas\/\",\"name\":\"Associa\u00e7\u00e3o Brasileira de Imprensa exige puni\u00e7\u00e3o de golpistas - Brasil not\u00edcias\",\"isPartOf\":{\"@id\":\"https:\/\/brasilnoticias.org\/site\/#website\"},\"primaryImageOfPage\":{\"@id\":\"https:\/\/brasilnoticias.org\/site\/associacao-brasileira-de-imprensa-exige-punicao-de-golpistas\/#primaryimage\"},\"image\":{\"@id\":\"https:\/\/brasilnoticias.org\/site\/associacao-brasileira-de-imprensa-exige-punicao-de-golpistas\/#primaryimage\"},\"thumbnailUrl\":\"https:\/\/brasilnoticias.org\/site\/wp-content\/uploads\/2024\/11\/158037associacao-brasileira-de-imprensa-exige-punicao-de-golpistas-3.jpg\",\"datePublished\":\"2024-11-21T21:51:28+00:00\",\"breadcrumb\":{\"@id\":\"https:\/\/brasilnoticias.org\/site\/associacao-brasileira-de-imprensa-exige-punicao-de-golpistas\/#breadcrumb\"},\"inLanguage\":\"pt-PT\",\"potentialAction\":[{\"@type\":\"ReadAction\",\"target\":[\"https:\/\/brasilnoticias.org\/site\/associacao-brasileira-de-imprensa-exige-punicao-de-golpistas\/\"]}]},{\"@type\":\"ImageObject\",\"inLanguage\":\"pt-PT\",\"@id\":\"https:\/\/brasilnoticias.org\/site\/associacao-brasileira-de-imprensa-exige-punicao-de-golpistas\/#primaryimage\",\"url\":\"https:\/\/brasilnoticias.org\/site\/wp-content\/uploads\/2024\/11\/158037associacao-brasileira-de-imprensa-exige-punicao-de-golpistas-3.jpg\",\"contentUrl\":\"https:\/\/brasilnoticias.org\/site\/wp-content\/uploads\/2024\/11\/158037associacao-brasileira-de-imprensa-exige-punicao-de-golpistas-3.jpg\",\"width\":1600,\"height\":752},{\"@type\":\"BreadcrumbList\",\"@id\":\"https:\/\/brasilnoticias.org\/site\/associacao-brasileira-de-imprensa-exige-punicao-de-golpistas\/#breadcrumb\",\"itemListElement\":[{\"@type\":\"ListItem\",\"position\":1,\"name\":\"In\u00edcio\",\"item\":\"https:\/\/brasilnoticias.org\/site\/\"},{\"@type\":\"ListItem\",\"position\":2,\"name\":\"Associa\u00e7\u00e3o Brasileira de Imprensa exige puni\u00e7\u00e3o de golpistas\"}]},{\"@type\":\"WebSite\",\"@id\":\"https:\/\/brasilnoticias.org\/site\/#website\",\"url\":\"https:\/\/brasilnoticias.org\/site\/\",\"name\":\"Brasil not\u00edcias\",\"description\":\"Brasil not\u00edcias\",\"publisher\":{\"@id\":\"https:\/\/brasilnoticias.org\/site\/#organization\"},\"potentialAction\":[{\"@type\":\"SearchAction\",\"target\":{\"@type\":\"EntryPoint\",\"urlTemplate\":\"https:\/\/brasilnoticias.org\/site\/?s={search_term_string}\"},\"query-input\":{\"@type\":\"PropertyValueSpecification\",\"valueRequired\":true,\"valueName\":\"search_term_string\"}}],\"inLanguage\":\"pt-PT\"},{\"@type\":\"Organization\",\"@id\":\"https:\/\/brasilnoticias.org\/site\/#organization\",\"name\":\"Brasil not\u00edcias\",\"url\":\"https:\/\/brasilnoticias.org\/site\/\",\"logo\":{\"@type\":\"ImageObject\",\"inLanguage\":\"pt-PT\",\"@id\":\"https:\/\/brasilnoticias.org\/site\/#\/schema\/logo\/image\/\",\"url\":\"https:\/\/brasilnoticias.org\/site\/wp-content\/uploads\/2022\/05\/cropped-brasilnoticias-mini.jpg\",\"contentUrl\":\"https:\/\/brasilnoticias.org\/site\/wp-content\/uploads\/2022\/05\/cropped-brasilnoticias-mini.jpg\",\"width\":314,\"height\":86,\"caption\":\"Brasil not\u00edcias\"},\"image\":{\"@id\":\"https:\/\/brasilnoticias.org\/site\/#\/schema\/logo\/image\/\"}},{\"@type\":\"Person\",\"@id\":\"https:\/\/brasilnoticias.org\/site\/#\/schema\/person\/03bbbfe6c7634ad18c26444ea39049fa\",\"name\":\"Reda\u00e7\u00e3o\",\"image\":{\"@type\":\"ImageObject\",\"inLanguage\":\"pt-PT\",\"@id\":\"https:\/\/brasilnoticias.org\/site\/#\/schema\/person\/image\/\",\"url\":\"https:\/\/secure.gravatar.com\/avatar\/9ecaf7327a696cb23ad926fedded5f1f04d7049de9e445375d55b48c001a6e42?s=96&d=mm&r=g\",\"contentUrl\":\"https:\/\/secure.gravatar.com\/avatar\/9ecaf7327a696cb23ad926fedded5f1f04d7049de9e445375d55b48c001a6e42?s=96&d=mm&r=g\",\"caption\":\"Reda\u00e7\u00e3o\"},\"url\":\"https:\/\/brasilnoticias.org\/site\/author\/henrique\/\"}]}<\/script>\n<!-- \/ Yoast SEO plugin. -->","yoast_head_json":{"title":"Associa\u00e7\u00e3o Brasileira de Imprensa exige puni\u00e7\u00e3o de golpistas - Brasil not\u00edcias","robots":{"index":"index","follow":"follow","max-snippet":"max-snippet:-1","max-image-preview":"max-image-preview:large","max-video-preview":"max-video-preview:-1"},"canonical":"https:\/\/brasilnoticias.org\/site\/associacao-brasileira-de-imprensa-exige-punicao-de-golpistas\/","og_locale":"pt_PT","og_type":"article","og_title":"Associa\u00e7\u00e3o Brasileira de Imprensa exige puni\u00e7\u00e3o de golpistas - Brasil not\u00edcias","og_description":"Em documento, ABI aponta que todos os envolvidos no plano de assassinado de Lula, Alckimin e Moraes devem ser punidos","og_url":"https:\/\/brasilnoticias.org\/site\/associacao-brasileira-de-imprensa-exige-punicao-de-golpistas\/","og_site_name":"Brasil not\u00edcias","article_published_time":"2024-11-21T21:51:28+00:00","og_image":[{"width":1600,"height":752,"url":"https:\/\/brasilnoticias.org\/site\/wp-content\/uploads\/2024\/11\/158037associacao-brasileira-de-imprensa-exige-punicao-de-golpistas-3.jpg","type":"image\/jpeg"}],"author":"Reda\u00e7\u00e3o","twitter_card":"summary_large_image","twitter_misc":{"Escrito por":"Reda\u00e7\u00e3o"},"schema":{"@context":"https:\/\/schema.org","@graph":[{"@type":"Article","@id":"https:\/\/brasilnoticias.org\/site\/associacao-brasileira-de-imprensa-exige-punicao-de-golpistas\/#article","isPartOf":{"@id":"https:\/\/brasilnoticias.org\/site\/associacao-brasileira-de-imprensa-exige-punicao-de-golpistas\/"},"author":{"name":"Reda\u00e7\u00e3o","@id":"https:\/\/brasilnoticias.org\/site\/#\/schema\/person\/03bbbfe6c7634ad18c26444ea39049fa"},"headline":"Associa\u00e7\u00e3o Brasileira de Imprensa exige puni\u00e7\u00e3o de golpistas","datePublished":"2024-11-21T21:51:28+00:00","mainEntityOfPage":{"@id":"https:\/\/brasilnoticias.org\/site\/associacao-brasileira-de-imprensa-exige-punicao-de-golpistas\/"},"wordCount":411,"commentCount":0,"publisher":{"@id":"https:\/\/brasilnoticias.org\/site\/#organization"},"image":{"@id":"https:\/\/brasilnoticias.org\/site\/associacao-brasileira-de-imprensa-exige-punicao-de-golpistas\/#primaryimage"},"thumbnailUrl":"https:\/\/brasilnoticias.org\/site\/wp-content\/uploads\/2024\/11\/158037associacao-brasileira-de-imprensa-exige-punicao-de-golpistas-3.jpg","articleSection":["Justi\u00e7a","\u00daltimas"],"inLanguage":"pt-PT","potentialAction":[{"@type":"CommentAction","name":"Comment","target":["https:\/\/brasilnoticias.org\/site\/associacao-brasileira-de-imprensa-exige-punicao-de-golpistas\/#respond"]}]},{"@type":"WebPage","@id":"https:\/\/brasilnoticias.org\/site\/associacao-brasileira-de-imprensa-exige-punicao-de-golpistas\/","url":"https:\/\/brasilnoticias.org\/site\/associacao-brasileira-de-imprensa-exige-punicao-de-golpistas\/","name":"Associa\u00e7\u00e3o Brasileira de Imprensa exige puni\u00e7\u00e3o de golpistas - Brasil not\u00edcias","isPartOf":{"@id":"https:\/\/brasilnoticias.org\/site\/#website"},"primaryImageOfPage":{"@id":"https:\/\/brasilnoticias.org\/site\/associacao-brasileira-de-imprensa-exige-punicao-de-golpistas\/#primaryimage"},"image":{"@id":"https:\/\/brasilnoticias.org\/site\/associacao-brasileira-de-imprensa-exige-punicao-de-golpistas\/#primaryimage"},"thumbnailUrl":"https:\/\/brasilnoticias.org\/site\/wp-content\/uploads\/2024\/11\/158037associacao-brasileira-de-imprensa-exige-punicao-de-golpistas-3.jpg","datePublished":"2024-11-21T21:51:28+00:00","breadcrumb":{"@id":"https:\/\/brasilnoticias.org\/site\/associacao-brasileira-de-imprensa-exige-punicao-de-golpistas\/#breadcrumb"},"inLanguage":"pt-PT","potentialAction":[{"@type":"ReadAction","target":["https:\/\/brasilnoticias.org\/site\/associacao-brasileira-de-imprensa-exige-punicao-de-golpistas\/"]}]},{"@type":"ImageObject","inLanguage":"pt-PT","@id":"https:\/\/brasilnoticias.org\/site\/associacao-brasileira-de-imprensa-exige-punicao-de-golpistas\/#primaryimage","url":"https:\/\/brasilnoticias.org\/site\/wp-content\/uploads\/2024\/11\/158037associacao-brasileira-de-imprensa-exige-punicao-de-golpistas-3.jpg","contentUrl":"https:\/\/brasilnoticias.org\/site\/wp-content\/uploads\/2024\/11\/158037associacao-brasileira-de-imprensa-exige-punicao-de-golpistas-3.jpg","width":1600,"height":752},{"@type":"BreadcrumbList","@id":"https:\/\/brasilnoticias.org\/site\/associacao-brasileira-de-imprensa-exige-punicao-de-golpistas\/#breadcrumb","itemListElement":[{"@type":"ListItem","position":1,"name":"In\u00edcio","item":"https:\/\/brasilnoticias.org\/site\/"},{"@type":"ListItem","position":2,"name":"Associa\u00e7\u00e3o Brasileira de Imprensa exige puni\u00e7\u00e3o de golpistas"}]},{"@type":"WebSite","@id":"https:\/\/brasilnoticias.org\/site\/#website","url":"https:\/\/brasilnoticias.org\/site\/","name":"Brasil not\u00edcias","description":"Brasil not\u00edcias","publisher":{"@id":"https:\/\/brasilnoticias.org\/site\/#organization"},"potentialAction":[{"@type":"SearchAction","target":{"@type":"EntryPoint","urlTemplate":"https:\/\/brasilnoticias.org\/site\/?s={search_term_string}"},"query-input":{"@type":"PropertyValueSpecification","valueRequired":true,"valueName":"search_term_string"}}],"inLanguage":"pt-PT"},{"@type":"Organization","@id":"https:\/\/brasilnoticias.org\/site\/#organization","name":"Brasil not\u00edcias","url":"https:\/\/brasilnoticias.org\/site\/","logo":{"@type":"ImageObject","inLanguage":"pt-PT","@id":"https:\/\/brasilnoticias.org\/site\/#\/schema\/logo\/image\/","url":"https:\/\/brasilnoticias.org\/site\/wp-content\/uploads\/2022\/05\/cropped-brasilnoticias-mini.jpg","contentUrl":"https:\/\/brasilnoticias.org\/site\/wp-content\/uploads\/2022\/05\/cropped-brasilnoticias-mini.jpg","width":314,"height":86,"caption":"Brasil not\u00edcias"},"image":{"@id":"https:\/\/brasilnoticias.org\/site\/#\/schema\/logo\/image\/"}},{"@type":"Person","@id":"https:\/\/brasilnoticias.org\/site\/#\/schema\/person\/03bbbfe6c7634ad18c26444ea39049fa","name":"Reda\u00e7\u00e3o","image":{"@type":"ImageObject","inLanguage":"pt-PT","@id":"https:\/\/brasilnoticias.org\/site\/#\/schema\/person\/image\/","url":"https:\/\/secure.gravatar.com\/avatar\/9ecaf7327a696cb23ad926fedded5f1f04d7049de9e445375d55b48c001a6e42?s=96&d=mm&r=g","contentUrl":"https:\/\/secure.gravatar.com\/avatar\/9ecaf7327a696cb23ad926fedded5f1f04d7049de9e445375d55b48c001a6e42?s=96&d=mm&r=g","caption":"Reda\u00e7\u00e3o"},"url":"https:\/\/brasilnoticias.org\/site\/author\/henrique\/"}]}},"_links":{"self":[{"href":"https:\/\/brasilnoticias.org\/site\/wp-json\/wp\/v2\/posts\/16363","targetHints":{"allow":["GET"]}}],"collection":[{"href":"https:\/\/brasilnoticias.org\/site\/wp-json\/wp\/v2\/posts"}],"about":[{"href":"https:\/\/brasilnoticias.org\/site\/wp-json\/wp\/v2\/types\/post"}],"author":[{"embeddable":true,"href":"https:\/\/brasilnoticias.org\/site\/wp-json\/wp\/v2\/users\/4"}],"replies":[{"embeddable":true,"href":"https:\/\/brasilnoticias.org\/site\/wp-json\/wp\/v2\/comments?post=16363"}],"version-history":[{"count":1,"href":"https:\/\/brasilnoticias.org\/site\/wp-json\/wp\/v2\/posts\/16363\/revisions"}],"predecessor-version":[{"id":16365,"href":"https:\/\/brasilnoticias.org\/site\/wp-json\/wp\/v2\/posts\/16363\/revisions\/16365"}],"wp:featuredmedia":[{"embeddable":true,"href":"https:\/\/brasilnoticias.org\/site\/wp-json\/wp\/v2\/media\/16364"}],"wp:attachment":[{"href":"https:\/\/brasilnoticias.org\/site\/wp-json\/wp\/v2\/media?parent=16363"}],"wp:term":[{"taxonomy":"category","embeddable":true,"href":"https:\/\/brasilnoticias.org\/site\/wp-json\/wp\/v2\/categories?post=16363"},{"taxonomy":"post_tag","embeddable":true,"href":"https:\/\/brasilnoticias.org\/site\/wp-json\/wp\/v2\/tags?post=16363"}],"curies":[{"name":"wp","href":"https:\/\/api.w.org\/{rel}","templated":true}]}}