{"id":16374,"date":"2024-11-25T15:54:16","date_gmt":"2024-11-25T18:54:16","guid":{"rendered":"https:\/\/brasilnoticias.org\/site\/?p=16374"},"modified":"2024-11-25T15:54:16","modified_gmt":"2024-11-25T18:54:16","slug":"utinga-e-destaque-e-recebera-r-325-milhoes-para-construcao-de-casas-pelo-programa-minha-casa-minha-vida","status":"publish","type":"post","link":"https:\/\/brasilnoticias.org\/site\/utinga-e-destaque-e-recebera-r-325-milhoes-para-construcao-de-casas-pelo-programa-minha-casa-minha-vida\/","title":{"rendered":"Utinga \u00e9 destaque e receber\u00e1 R$ 3,25 milh\u00f5es para constru\u00e7\u00e3o de casas pelo Programa Minha Casa, Minha Vida"},"content":{"rendered":"<p>Utinga foi pr\u00e9-selecionada para receber um investimento significativo do Governo Federal, no valor de R$ 3.250.000,00, destinado \u00e0 constru\u00e7\u00e3o de moradias pelo Programa Minha Casa, Minha Vida. A informa\u00e7\u00e3o foi divulgada pela Portaria MCID n\u00ba 1.310, publicada no Di\u00e1rio Oficial da Uni\u00e3o em 19 de novembro.<\/p>\n<p>O valor, que promete transformar a vida de diversas fam\u00edlias, \u00e9 fruto de um trabalho estrat\u00e9gico da atual gest\u00e3o municipal, liderada pelo prefeito Joyuson Vieira. Ele destacou o esfor\u00e7o conjunto da equipe de governo: \u201cToda a nossa equipe est\u00e1 de parab\u00e9ns pelo empenho e efici\u00eancia ao longo do mandato. Estamos honrados com essa conquista e seguiremos trabalhando para que mais recursos cheguem a Utinga, sempre buscando melhorar a vida da nossa gente!\u201d<\/p>\n<p>*Avan\u00e7o na Habita\u00e7\u00e3o e Qualidade de Vida*<\/p>\n<p>A pr\u00e9-sele\u00e7\u00e3o \u00e9 um marco para Utinga, refor\u00e7ando os esfor\u00e7os da gest\u00e3o em reduzir o d\u00e9ficit habitacional e oferecer moradia digna \u00e0s fam\u00edlias em situa\u00e7\u00e3o de vulnerabilidade. Al\u00e9m disso, o investimento deve aquecer a economia local, gerando empregos diretos e indiretos durante as obras.<\/p>\n<p>O Programa Minha Casa, Minha Vida \u00e9 uma das principais iniciativas do Governo Federal, priorizando fam\u00edlias de baixa renda em todo o Brasil com acesso \u00e0 habita\u00e7\u00e3o de qualidade e condi\u00e7\u00f5es acess\u00edveis.<\/p>\n<p>*Pr\u00f3ximos Passos*<\/p>\n<p>Com a publica\u00e7\u00e3o da portaria, o pr\u00f3ximo passo ser\u00e1 a formaliza\u00e7\u00e3o do processo e o detalhamento das etapas do projeto. A prefeitura j\u00e1 se organiza para acompanhar o andamento de forma eficiente e transparente, garantindo que os recursos beneficiem diretamente a popula\u00e7\u00e3o.<\/p>\n<p>*Reconhecimento pelo Trabalho*<\/p>\n<p>O an\u00fancio reflete a gest\u00e3o de Joyuson Vieira, que prioriza investimentos estrat\u00e9gicos em sa\u00fade, educa\u00e7\u00e3o e infraestrutura. A conquista reafirma o compromisso com o desenvolvimento sustent\u00e1vel e a qualidade de vida dos cidad\u00e3os.<\/p>\n<p>\u201cEstamos escrevendo um novo cap\u00edtulo para Utinga, com mais dignidade e oportunidades para nossa popula\u00e7\u00e3o\u201d, concluiu o prefeito.<\/p>\n<p>Utinga avan\u00e7a com mais essa conquista, mostrando que \u00e9 poss\u00edvel transformar a realidade com gest\u00e3o eficiente e comprometida.<\/p>\n","protected":false},"excerpt":{"rendered":"<p>Utinga foi pr\u00e9-selecionada para receber um investimento significativo do Governo Federal, no valor de R$ 3.250.000,00, destinado \u00e0 constru\u00e7\u00e3o de<\/p>\n","protected":false},"author":4,"featured_media":16375,"comment_status":"open","ping_status":"open","sticky":false,"template":"","format":"standard","meta":{"colormag_page_container_layout":"default_layout","colormag_page_sidebar_layout":"default_layout","_FSMCFIC_featured_image_caption":"","_FSMCFIC_featured_image_nocaption":"","_FSMCFIC_featured_image_hide":"","footnotes":""},"categories":[2,1],"tags":[],"class_list":["post-16374","post","type-post","status-publish","format-standard","has-post-thumbnail","hentry","category-noticias","category-ultimas"],"yoast_head":"<!-- This site is optimized with the Yoast SEO plugin v27.1.1 - https:\/\/yoast.com\/product\/yoast-seo-wordpress\/ -->\n<title>Utinga \u00e9 destaque e receber\u00e1 R$ 3,25 milh\u00f5es para constru\u00e7\u00e3o de casas pelo Programa Minha Casa, Minha Vida - Brasil not\u00edcias<\/title>\n<meta name=\"robots\" content=\"index, follow, max-snippet:-1, max-image-preview:large, max-video-preview:-1\" \/>\n<link rel=\"canonical\" href=\"https:\/\/brasilnoticias.org\/site\/utinga-e-destaque-e-recebera-r-325-milhoes-para-construcao-de-casas-pelo-programa-minha-casa-minha-vida\/\" \/>\n<meta property=\"og:locale\" content=\"pt_PT\" \/>\n<meta property=\"og:type\" content=\"article\" \/>\n<meta property=\"og:title\" content=\"Utinga \u00e9 destaque e receber\u00e1 R$ 3,25 milh\u00f5es para constru\u00e7\u00e3o de casas pelo Programa Minha Casa, Minha Vida - Brasil not\u00edcias\" \/>\n<meta property=\"og:description\" content=\"Utinga foi pr\u00e9-selecionada para receber um investimento significativo do Governo Federal, no valor de R$ 3.250.000,00, destinado \u00e0 constru\u00e7\u00e3o de\" \/>\n<meta property=\"og:url\" content=\"https:\/\/brasilnoticias.org\/site\/utinga-e-destaque-e-recebera-r-325-milhoes-para-construcao-de-casas-pelo-programa-minha-casa-minha-vida\/\" \/>\n<meta property=\"og:site_name\" content=\"Brasil not\u00edcias\" \/>\n<meta property=\"article:published_time\" content=\"2024-11-25T18:54:16+00:00\" \/>\n<meta property=\"og:image\" content=\"https:\/\/brasilnoticias.org\/site\/wp-content\/uploads\/2024\/11\/IMAGEM_NOTICIA_0-8.jpg\" \/>\n\t<meta property=\"og:image:width\" content=\"850\" \/>\n\t<meta property=\"og:image:height\" content=\"400\" \/>\n\t<meta property=\"og:image:type\" content=\"image\/jpeg\" \/>\n<meta name=\"author\" content=\"Reda\u00e7\u00e3o\" \/>\n<meta name=\"twitter:card\" content=\"summary_large_image\" \/>\n<meta name=\"twitter:label1\" content=\"Escrito por\" \/>\n\t<meta name=\"twitter:data1\" content=\"Reda\u00e7\u00e3o\" \/>\n\t<meta name=\"twitter:label2\" content=\"Tempo estimado de leitura\" \/>\n\t<meta name=\"twitter:data2\" content=\"1 minuto\" \/>\n<script type=\"application\/ld+json\" class=\"yoast-schema-graph\">{\"@context\":\"https:\/\/schema.org\",\"@graph\":[{\"@type\":\"Article\",\"@id\":\"https:\/\/brasilnoticias.org\/site\/utinga-e-destaque-e-recebera-r-325-milhoes-para-construcao-de-casas-pelo-programa-minha-casa-minha-vida\/#article\",\"isPartOf\":{\"@id\":\"https:\/\/brasilnoticias.org\/site\/utinga-e-destaque-e-recebera-r-325-milhoes-para-construcao-de-casas-pelo-programa-minha-casa-minha-vida\/\"},\"author\":{\"name\":\"Reda\u00e7\u00e3o\",\"@id\":\"https:\/\/brasilnoticias.org\/site\/#\/schema\/person\/03bbbfe6c7634ad18c26444ea39049fa\"},\"headline\":\"Utinga \u00e9 destaque e receber\u00e1 R$ 3,25 milh\u00f5es para constru\u00e7\u00e3o de casas pelo Programa Minha Casa, Minha Vida\",\"datePublished\":\"2024-11-25T18:54:16+00:00\",\"mainEntityOfPage\":{\"@id\":\"https:\/\/brasilnoticias.org\/site\/utinga-e-destaque-e-recebera-r-325-milhoes-para-construcao-de-casas-pelo-programa-minha-casa-minha-vida\/\"},\"wordCount\":369,\"commentCount\":0,\"publisher\":{\"@id\":\"https:\/\/brasilnoticias.org\/site\/#organization\"},\"image\":{\"@id\":\"https:\/\/brasilnoticias.org\/site\/utinga-e-destaque-e-recebera-r-325-milhoes-para-construcao-de-casas-pelo-programa-minha-casa-minha-vida\/#primaryimage\"},\"thumbnailUrl\":\"https:\/\/brasilnoticias.org\/site\/wp-content\/uploads\/2024\/11\/IMAGEM_NOTICIA_0-8.jpg\",\"articleSection\":[\"Not\u00edcias\",\"\u00daltimas\"],\"inLanguage\":\"pt-PT\",\"potentialAction\":[{\"@type\":\"CommentAction\",\"name\":\"Comment\",\"target\":[\"https:\/\/brasilnoticias.org\/site\/utinga-e-destaque-e-recebera-r-325-milhoes-para-construcao-de-casas-pelo-programa-minha-casa-minha-vida\/#respond\"]}]},{\"@type\":\"WebPage\",\"@id\":\"https:\/\/brasilnoticias.org\/site\/utinga-e-destaque-e-recebera-r-325-milhoes-para-construcao-de-casas-pelo-programa-minha-casa-minha-vida\/\",\"url\":\"https:\/\/brasilnoticias.org\/site\/utinga-e-destaque-e-recebera-r-325-milhoes-para-construcao-de-casas-pelo-programa-minha-casa-minha-vida\/\",\"name\":\"Utinga \u00e9 destaque e receber\u00e1 R$ 3,25 milh\u00f5es para constru\u00e7\u00e3o de casas pelo Programa Minha Casa, Minha Vida - Brasil not\u00edcias\",\"isPartOf\":{\"@id\":\"https:\/\/brasilnoticias.org\/site\/#website\"},\"primaryImageOfPage\":{\"@id\":\"https:\/\/brasilnoticias.org\/site\/utinga-e-destaque-e-recebera-r-325-milhoes-para-construcao-de-casas-pelo-programa-minha-casa-minha-vida\/#primaryimage\"},\"image\":{\"@id\":\"https:\/\/brasilnoticias.org\/site\/utinga-e-destaque-e-recebera-r-325-milhoes-para-construcao-de-casas-pelo-programa-minha-casa-minha-vida\/#primaryimage\"},\"thumbnailUrl\":\"https:\/\/brasilnoticias.org\/site\/wp-content\/uploads\/2024\/11\/IMAGEM_NOTICIA_0-8.jpg\",\"datePublished\":\"2024-11-25T18:54:16+00:00\",\"breadcrumb\":{\"@id\":\"https:\/\/brasilnoticias.org\/site\/utinga-e-destaque-e-recebera-r-325-milhoes-para-construcao-de-casas-pelo-programa-minha-casa-minha-vida\/#breadcrumb\"},\"inLanguage\":\"pt-PT\",\"potentialAction\":[{\"@type\":\"ReadAction\",\"target\":[\"https:\/\/brasilnoticias.org\/site\/utinga-e-destaque-e-recebera-r-325-milhoes-para-construcao-de-casas-pelo-programa-minha-casa-minha-vida\/\"]}]},{\"@type\":\"ImageObject\",\"inLanguage\":\"pt-PT\",\"@id\":\"https:\/\/brasilnoticias.org\/site\/utinga-e-destaque-e-recebera-r-325-milhoes-para-construcao-de-casas-pelo-programa-minha-casa-minha-vida\/#primaryimage\",\"url\":\"https:\/\/brasilnoticias.org\/site\/wp-content\/uploads\/2024\/11\/IMAGEM_NOTICIA_0-8.jpg\",\"contentUrl\":\"https:\/\/brasilnoticias.org\/site\/wp-content\/uploads\/2024\/11\/IMAGEM_NOTICIA_0-8.jpg\",\"width\":850,\"height\":400},{\"@type\":\"BreadcrumbList\",\"@id\":\"https:\/\/brasilnoticias.org\/site\/utinga-e-destaque-e-recebera-r-325-milhoes-para-construcao-de-casas-pelo-programa-minha-casa-minha-vida\/#breadcrumb\",\"itemListElement\":[{\"@type\":\"ListItem\",\"position\":1,\"name\":\"In\u00edcio\",\"item\":\"https:\/\/brasilnoticias.org\/site\/\"},{\"@type\":\"ListItem\",\"position\":2,\"name\":\"Utinga \u00e9 destaque e receber\u00e1 R$ 3,25 milh\u00f5es para constru\u00e7\u00e3o de casas pelo Programa Minha Casa, Minha Vida\"}]},{\"@type\":\"WebSite\",\"@id\":\"https:\/\/brasilnoticias.org\/site\/#website\",\"url\":\"https:\/\/brasilnoticias.org\/site\/\",\"name\":\"Brasil not\u00edcias\",\"description\":\"Brasil not\u00edcias\",\"publisher\":{\"@id\":\"https:\/\/brasilnoticias.org\/site\/#organization\"},\"potentialAction\":[{\"@type\":\"SearchAction\",\"target\":{\"@type\":\"EntryPoint\",\"urlTemplate\":\"https:\/\/brasilnoticias.org\/site\/?s={search_term_string}\"},\"query-input\":{\"@type\":\"PropertyValueSpecification\",\"valueRequired\":true,\"valueName\":\"search_term_string\"}}],\"inLanguage\":\"pt-PT\"},{\"@type\":\"Organization\",\"@id\":\"https:\/\/brasilnoticias.org\/site\/#organization\",\"name\":\"Brasil not\u00edcias\",\"url\":\"https:\/\/brasilnoticias.org\/site\/\",\"logo\":{\"@type\":\"ImageObject\",\"inLanguage\":\"pt-PT\",\"@id\":\"https:\/\/brasilnoticias.org\/site\/#\/schema\/logo\/image\/\",\"url\":\"https:\/\/brasilnoticias.org\/site\/wp-content\/uploads\/2022\/05\/cropped-brasilnoticias-mini.jpg\",\"contentUrl\":\"https:\/\/brasilnoticias.org\/site\/wp-content\/uploads\/2022\/05\/cropped-brasilnoticias-mini.jpg\",\"width\":314,\"height\":86,\"caption\":\"Brasil not\u00edcias\"},\"image\":{\"@id\":\"https:\/\/brasilnoticias.org\/site\/#\/schema\/logo\/image\/\"}},{\"@type\":\"Person\",\"@id\":\"https:\/\/brasilnoticias.org\/site\/#\/schema\/person\/03bbbfe6c7634ad18c26444ea39049fa\",\"name\":\"Reda\u00e7\u00e3o\",\"image\":{\"@type\":\"ImageObject\",\"inLanguage\":\"pt-PT\",\"@id\":\"https:\/\/brasilnoticias.org\/site\/#\/schema\/person\/image\/\",\"url\":\"https:\/\/secure.gravatar.com\/avatar\/9ecaf7327a696cb23ad926fedded5f1f04d7049de9e445375d55b48c001a6e42?s=96&d=mm&r=g\",\"contentUrl\":\"https:\/\/secure.gravatar.com\/avatar\/9ecaf7327a696cb23ad926fedded5f1f04d7049de9e445375d55b48c001a6e42?s=96&d=mm&r=g\",\"caption\":\"Reda\u00e7\u00e3o\"},\"url\":\"https:\/\/brasilnoticias.org\/site\/author\/henrique\/\"}]}<\/script>\n<!-- \/ Yoast SEO plugin. -->","yoast_head_json":{"title":"Utinga \u00e9 destaque e receber\u00e1 R$ 3,25 milh\u00f5es para constru\u00e7\u00e3o de casas pelo Programa Minha Casa, Minha Vida - Brasil not\u00edcias","robots":{"index":"index","follow":"follow","max-snippet":"max-snippet:-1","max-image-preview":"max-image-preview:large","max-video-preview":"max-video-preview:-1"},"canonical":"https:\/\/brasilnoticias.org\/site\/utinga-e-destaque-e-recebera-r-325-milhoes-para-construcao-de-casas-pelo-programa-minha-casa-minha-vida\/","og_locale":"pt_PT","og_type":"article","og_title":"Utinga \u00e9 destaque e receber\u00e1 R$ 3,25 milh\u00f5es para constru\u00e7\u00e3o de casas pelo Programa Minha Casa, Minha Vida - Brasil not\u00edcias","og_description":"Utinga foi pr\u00e9-selecionada para receber um investimento significativo do Governo Federal, no valor de R$ 3.250.000,00, destinado \u00e0 constru\u00e7\u00e3o de","og_url":"https:\/\/brasilnoticias.org\/site\/utinga-e-destaque-e-recebera-r-325-milhoes-para-construcao-de-casas-pelo-programa-minha-casa-minha-vida\/","og_site_name":"Brasil not\u00edcias","article_published_time":"2024-11-25T18:54:16+00:00","og_image":[{"width":850,"height":400,"url":"https:\/\/brasilnoticias.org\/site\/wp-content\/uploads\/2024\/11\/IMAGEM_NOTICIA_0-8.jpg","type":"image\/jpeg"}],"author":"Reda\u00e7\u00e3o","twitter_card":"summary_large_image","twitter_misc":{"Escrito por":"Reda\u00e7\u00e3o","Tempo estimado de leitura":"1 minuto"},"schema":{"@context":"https:\/\/schema.org","@graph":[{"@type":"Article","@id":"https:\/\/brasilnoticias.org\/site\/utinga-e-destaque-e-recebera-r-325-milhoes-para-construcao-de-casas-pelo-programa-minha-casa-minha-vida\/#article","isPartOf":{"@id":"https:\/\/brasilnoticias.org\/site\/utinga-e-destaque-e-recebera-r-325-milhoes-para-construcao-de-casas-pelo-programa-minha-casa-minha-vida\/"},"author":{"name":"Reda\u00e7\u00e3o","@id":"https:\/\/brasilnoticias.org\/site\/#\/schema\/person\/03bbbfe6c7634ad18c26444ea39049fa"},"headline":"Utinga \u00e9 destaque e receber\u00e1 R$ 3,25 milh\u00f5es para constru\u00e7\u00e3o de casas pelo Programa Minha Casa, Minha Vida","datePublished":"2024-11-25T18:54:16+00:00","mainEntityOfPage":{"@id":"https:\/\/brasilnoticias.org\/site\/utinga-e-destaque-e-recebera-r-325-milhoes-para-construcao-de-casas-pelo-programa-minha-casa-minha-vida\/"},"wordCount":369,"commentCount":0,"publisher":{"@id":"https:\/\/brasilnoticias.org\/site\/#organization"},"image":{"@id":"https:\/\/brasilnoticias.org\/site\/utinga-e-destaque-e-recebera-r-325-milhoes-para-construcao-de-casas-pelo-programa-minha-casa-minha-vida\/#primaryimage"},"thumbnailUrl":"https:\/\/brasilnoticias.org\/site\/wp-content\/uploads\/2024\/11\/IMAGEM_NOTICIA_0-8.jpg","articleSection":["Not\u00edcias","\u00daltimas"],"inLanguage":"pt-PT","potentialAction":[{"@type":"CommentAction","name":"Comment","target":["https:\/\/brasilnoticias.org\/site\/utinga-e-destaque-e-recebera-r-325-milhoes-para-construcao-de-casas-pelo-programa-minha-casa-minha-vida\/#respond"]}]},{"@type":"WebPage","@id":"https:\/\/brasilnoticias.org\/site\/utinga-e-destaque-e-recebera-r-325-milhoes-para-construcao-de-casas-pelo-programa-minha-casa-minha-vida\/","url":"https:\/\/brasilnoticias.org\/site\/utinga-e-destaque-e-recebera-r-325-milhoes-para-construcao-de-casas-pelo-programa-minha-casa-minha-vida\/","name":"Utinga \u00e9 destaque e receber\u00e1 R$ 3,25 milh\u00f5es para constru\u00e7\u00e3o de casas pelo Programa Minha Casa, Minha Vida - Brasil not\u00edcias","isPartOf":{"@id":"https:\/\/brasilnoticias.org\/site\/#website"},"primaryImageOfPage":{"@id":"https:\/\/brasilnoticias.org\/site\/utinga-e-destaque-e-recebera-r-325-milhoes-para-construcao-de-casas-pelo-programa-minha-casa-minha-vida\/#primaryimage"},"image":{"@id":"https:\/\/brasilnoticias.org\/site\/utinga-e-destaque-e-recebera-r-325-milhoes-para-construcao-de-casas-pelo-programa-minha-casa-minha-vida\/#primaryimage"},"thumbnailUrl":"https:\/\/brasilnoticias.org\/site\/wp-content\/uploads\/2024\/11\/IMAGEM_NOTICIA_0-8.jpg","datePublished":"2024-11-25T18:54:16+00:00","breadcrumb":{"@id":"https:\/\/brasilnoticias.org\/site\/utinga-e-destaque-e-recebera-r-325-milhoes-para-construcao-de-casas-pelo-programa-minha-casa-minha-vida\/#breadcrumb"},"inLanguage":"pt-PT","potentialAction":[{"@type":"ReadAction","target":["https:\/\/brasilnoticias.org\/site\/utinga-e-destaque-e-recebera-r-325-milhoes-para-construcao-de-casas-pelo-programa-minha-casa-minha-vida\/"]}]},{"@type":"ImageObject","inLanguage":"pt-PT","@id":"https:\/\/brasilnoticias.org\/site\/utinga-e-destaque-e-recebera-r-325-milhoes-para-construcao-de-casas-pelo-programa-minha-casa-minha-vida\/#primaryimage","url":"https:\/\/brasilnoticias.org\/site\/wp-content\/uploads\/2024\/11\/IMAGEM_NOTICIA_0-8.jpg","contentUrl":"https:\/\/brasilnoticias.org\/site\/wp-content\/uploads\/2024\/11\/IMAGEM_NOTICIA_0-8.jpg","width":850,"height":400},{"@type":"BreadcrumbList","@id":"https:\/\/brasilnoticias.org\/site\/utinga-e-destaque-e-recebera-r-325-milhoes-para-construcao-de-casas-pelo-programa-minha-casa-minha-vida\/#breadcrumb","itemListElement":[{"@type":"ListItem","position":1,"name":"In\u00edcio","item":"https:\/\/brasilnoticias.org\/site\/"},{"@type":"ListItem","position":2,"name":"Utinga \u00e9 destaque e receber\u00e1 R$ 3,25 milh\u00f5es para constru\u00e7\u00e3o de casas pelo Programa Minha Casa, Minha Vida"}]},{"@type":"WebSite","@id":"https:\/\/brasilnoticias.org\/site\/#website","url":"https:\/\/brasilnoticias.org\/site\/","name":"Brasil not\u00edcias","description":"Brasil not\u00edcias","publisher":{"@id":"https:\/\/brasilnoticias.org\/site\/#organization"},"potentialAction":[{"@type":"SearchAction","target":{"@type":"EntryPoint","urlTemplate":"https:\/\/brasilnoticias.org\/site\/?s={search_term_string}"},"query-input":{"@type":"PropertyValueSpecification","valueRequired":true,"valueName":"search_term_string"}}],"inLanguage":"pt-PT"},{"@type":"Organization","@id":"https:\/\/brasilnoticias.org\/site\/#organization","name":"Brasil not\u00edcias","url":"https:\/\/brasilnoticias.org\/site\/","logo":{"@type":"ImageObject","inLanguage":"pt-PT","@id":"https:\/\/brasilnoticias.org\/site\/#\/schema\/logo\/image\/","url":"https:\/\/brasilnoticias.org\/site\/wp-content\/uploads\/2022\/05\/cropped-brasilnoticias-mini.jpg","contentUrl":"https:\/\/brasilnoticias.org\/site\/wp-content\/uploads\/2022\/05\/cropped-brasilnoticias-mini.jpg","width":314,"height":86,"caption":"Brasil not\u00edcias"},"image":{"@id":"https:\/\/brasilnoticias.org\/site\/#\/schema\/logo\/image\/"}},{"@type":"Person","@id":"https:\/\/brasilnoticias.org\/site\/#\/schema\/person\/03bbbfe6c7634ad18c26444ea39049fa","name":"Reda\u00e7\u00e3o","image":{"@type":"ImageObject","inLanguage":"pt-PT","@id":"https:\/\/brasilnoticias.org\/site\/#\/schema\/person\/image\/","url":"https:\/\/secure.gravatar.com\/avatar\/9ecaf7327a696cb23ad926fedded5f1f04d7049de9e445375d55b48c001a6e42?s=96&d=mm&r=g","contentUrl":"https:\/\/secure.gravatar.com\/avatar\/9ecaf7327a696cb23ad926fedded5f1f04d7049de9e445375d55b48c001a6e42?s=96&d=mm&r=g","caption":"Reda\u00e7\u00e3o"},"url":"https:\/\/brasilnoticias.org\/site\/author\/henrique\/"}]}},"_links":{"self":[{"href":"https:\/\/brasilnoticias.org\/site\/wp-json\/wp\/v2\/posts\/16374","targetHints":{"allow":["GET"]}}],"collection":[{"href":"https:\/\/brasilnoticias.org\/site\/wp-json\/wp\/v2\/posts"}],"about":[{"href":"https:\/\/brasilnoticias.org\/site\/wp-json\/wp\/v2\/types\/post"}],"author":[{"embeddable":true,"href":"https:\/\/brasilnoticias.org\/site\/wp-json\/wp\/v2\/users\/4"}],"replies":[{"embeddable":true,"href":"https:\/\/brasilnoticias.org\/site\/wp-json\/wp\/v2\/comments?post=16374"}],"version-history":[{"count":1,"href":"https:\/\/brasilnoticias.org\/site\/wp-json\/wp\/v2\/posts\/16374\/revisions"}],"predecessor-version":[{"id":16376,"href":"https:\/\/brasilnoticias.org\/site\/wp-json\/wp\/v2\/posts\/16374\/revisions\/16376"}],"wp:featuredmedia":[{"embeddable":true,"href":"https:\/\/brasilnoticias.org\/site\/wp-json\/wp\/v2\/media\/16375"}],"wp:attachment":[{"href":"https:\/\/brasilnoticias.org\/site\/wp-json\/wp\/v2\/media?parent=16374"}],"wp:term":[{"taxonomy":"category","embeddable":true,"href":"https:\/\/brasilnoticias.org\/site\/wp-json\/wp\/v2\/categories?post=16374"},{"taxonomy":"post_tag","embeddable":true,"href":"https:\/\/brasilnoticias.org\/site\/wp-json\/wp\/v2\/tags?post=16374"}],"curies":[{"name":"wp","href":"https:\/\/api.w.org\/{rel}","templated":true}]}}