{"id":16386,"date":"2024-11-25T16:08:06","date_gmt":"2024-11-25T19:08:06","guid":{"rendered":"https:\/\/brasilnoticias.org\/site\/?p=16386"},"modified":"2024-11-25T16:08:06","modified_gmt":"2024-11-25T19:08:06","slug":"yamandu-orsi-aliado-de-mujica-vence-eleicoes-presidenciais-e-esquerda-volta-ao-poder-no-uruguai","status":"publish","type":"post","link":"https:\/\/brasilnoticias.org\/site\/yamandu-orsi-aliado-de-mujica-vence-eleicoes-presidenciais-e-esquerda-volta-ao-poder-no-uruguai\/","title":{"rendered":"Yamand\u00fa Orsi, aliado de Mujica, vence elei\u00e7\u00f5es presidenciais e esquerda volta ao poder no Uruguai"},"content":{"rendered":"<p>O esquerdista Yamand\u00fa Orsi, da oposi\u00e7\u00e3o Frente Ampla e aliado do ex-presidente Jos\u00e9 \u201cPepe\u201d Mujica, venceu as elei\u00e7\u00f5es presidenciais do Uruguai, disputada neste domingo (24). Com 94,4% dos circuitos eleitorais apurados, Orsi obteve 1.123.420 votos, contra 1.042.001 de \u00c1lvaro Delgado, informou o Tribunal Eleitoral. Buzinas e gritos de euforia eclodiram na capital Montevid\u00e9u, reduto da Frente Ampla no pa\u00eds, quando as proje\u00e7\u00f5es foram divulgadas. O candidato de centro-direita Delgado, j\u00e1 reconheceu a derrota. Hoje os uruguaios definiram quem exercer\u00e1 a Presid\u00eancia da Rep\u00fablica. E quero enviar aqui, com todos esses atores da coaliz\u00e3o, um grande abra\u00e7o e sauda\u00e7\u00f5es a Yamand\u00fa Orsi\u201d, disse Delgado, cercado pelos parceiros da alian\u00e7a governante que o apoiou no segundo turno. O presidente Luis Lacalle Pou, parabenizou Orsi pelo resultado. \u201cChamei Orsi para parabeniz\u00e1-lo como presidente eleito do nosso pa\u00eds e me colocar \u00e0 disposi\u00e7\u00e3o para come\u00e7ar a transa\u00e7\u00e3o\u201d, escreveu o atual mandat\u00e1rio em suas redes sociais. O presidente do Brasil, Luiz In\u00e1cio Lula da Silva (PT), tamb\u00e9m mandou uma mensagem para o eleito.<\/p>\n<p>\u201cQuero congratular o povo uruguaio pela realiza\u00e7\u00e3o de elei\u00e7\u00f5es democr\u00e1ticas e pac\u00edficas e, em especial, o presidente eleito Orsi\u201d, escreveu. \u201cA Frente Ampla e meu amigo Pepe Mujica pela vit\u00f3ria no pleito de hoje\u201d, acrescentou. \u201cEssa \u00e9 uma vit\u00f3ria de toda a Am\u00e9rica Latina e do Caribe. Brasil e Uruguai seguir\u00e3o trabalhando juntos no Mercosul e em outros f\u00f3runs pelo desenvolvimento justo e sustent\u00e1vel, pela paz e em prol da integra\u00e7\u00e3o regional\u201d, finalizou. Pesquisas de boca de urna apontavam Orsi com 49,0% dos votos e Delgado 46,6%, segundo o Canal 10, com base em dados da Equipos Consultores. Para o Canal 12, que citou a pesquisa Cifra, Orsi obt\u00e9m 49,5% dos votos, contra 45,9% de Delgado. Com Orsi, a Frente Ampla volta ao governo, perdido em 2020 ap\u00f3s tr\u00eas mandatos consecutivos, um deles com Mujica (2010-2015). O ex-guerrilheiro de 89 anos, que se recupera de um c\u00e2ncer no es\u00f4fago, votou cedo em Montevid\u00e9u. \u201cMeu futuro mais pr\u00f3ximo \u00e9 o cemit\u00e9rio, mas me interessa o destino dos jovens, que quando tiverem a minha idade v\u00e3o viver em um mundo muito diferente\u201d, disse, cercado por jornalistas.<\/p>\n<p>Yamand\u00fa Orsi, um professor de hist\u00f3ria de 57 anos, aparecia como favorito nas pesquisas que antecederam \u00e0s elei\u00e7\u00f5es. Ele assumir\u00e1 o poder em 1\u00ba de mar\u00e7o, e suceder\u00e1 o presidente Luis Lacalle Pou, com um n\u00edvel de aprova\u00e7\u00e3o perto de 50%, mas impedido constitucionalmente de disputar a reelei\u00e7\u00e3o. No primeiro turno, em 27 de outubro, Orsi teve 17,2 pontos percentuais a mais que Delgado, que no segundo turno contou com o apoio de todos os partidos da coaliz\u00e3o governista, que juntos obtiveram 47,7%. Assim como seu advers\u00e1rio, Orsi disse estar aberto a negociar com o outro bloco, algo que parece inevit\u00e1vel j\u00e1 que nenhum deles ter\u00e1 maioria parlamentar. Ap\u00f3s as elei\u00e7\u00f5es de outubro, a Frente Ampla ficou com 16 das 30 cadeiras no Senado, e a coaliz\u00e3o governante, com 49 das 99 cadeiras na C\u00e2mara dos Deputados.<\/p>\n<p>O esquerdista prometeu \u201cuma mudan\u00e7a segura que n\u00e3o ser\u00e1 radical\u201d. Entre sua propostas de governo est\u00e1 impulsionar o crescimento econ\u00f4mico, em recupera\u00e7\u00e3o ap\u00f3s a desacelera\u00e7\u00e3o devido \u00e0 pandemia e a uma seca hist\u00f3rica. Al\u00e9m disso, est\u00e3o empenhados em reduzir o d\u00e9ficit fiscal e em combater o aumento da criminalidade vinculada ao tr\u00e1fico de drogas. O Uruguai \u00e9 a democracia mais s\u00f3lida da Am\u00e9rica Latina, com alta renda per capita e menores n\u00edveis de pobreza e desigualdade frente ao resto da regi\u00e3o. A situa\u00e7\u00e3o econ\u00f4mica e a criminalidade dominam as preocupa\u00e7\u00f5es dos eleitores deste pa\u00eds agropecu\u00e1rio, com 3,4 milh\u00f5es de habitantes e 12 milh\u00f5es de cabe\u00e7as de gado.<\/p>\n<p>Informa\u00e7\u00f5es da Jovem Pan \/ Foto: Reprodu\u00e7\u00e3o<\/p>\n","protected":false},"excerpt":{"rendered":"<p>O esquerdista Yamand\u00fa Orsi, da oposi\u00e7\u00e3o Frente Ampla e aliado do ex-presidente Jos\u00e9 \u201cPepe\u201d Mujica, venceu as elei\u00e7\u00f5es presidenciais do<\/p>\n","protected":false},"author":4,"featured_media":16387,"comment_status":"open","ping_status":"open","sticky":false,"template":"","format":"standard","meta":{"colormag_page_container_layout":"default_layout","colormag_page_sidebar_layout":"default_layout","_FSMCFIC_featured_image_caption":"","_FSMCFIC_featured_image_nocaption":"","_FSMCFIC_featured_image_hide":"","footnotes":""},"categories":[5,1],"tags":[],"class_list":["post-16386","post","type-post","status-publish","format-standard","has-post-thumbnail","hentry","category-politica","category-ultimas"],"yoast_head":"<!-- This site is optimized with the Yoast SEO plugin v27.1.1 - https:\/\/yoast.com\/product\/yoast-seo-wordpress\/ -->\n<title>Yamand\u00fa Orsi, aliado de Mujica, vence elei\u00e7\u00f5es presidenciais e esquerda volta ao poder no Uruguai - Brasil not\u00edcias<\/title>\n<meta name=\"robots\" content=\"index, follow, max-snippet:-1, max-image-preview:large, max-video-preview:-1\" \/>\n<link rel=\"canonical\" href=\"https:\/\/brasilnoticias.org\/site\/yamandu-orsi-aliado-de-mujica-vence-eleicoes-presidenciais-e-esquerda-volta-ao-poder-no-uruguai\/\" \/>\n<meta property=\"og:locale\" content=\"pt_PT\" \/>\n<meta property=\"og:type\" content=\"article\" \/>\n<meta property=\"og:title\" content=\"Yamand\u00fa Orsi, aliado de Mujica, vence elei\u00e7\u00f5es presidenciais e esquerda volta ao poder no Uruguai - Brasil not\u00edcias\" \/>\n<meta property=\"og:description\" content=\"O esquerdista Yamand\u00fa Orsi, da oposi\u00e7\u00e3o Frente Ampla e aliado do ex-presidente Jos\u00e9 \u201cPepe\u201d Mujica, venceu as elei\u00e7\u00f5es presidenciais do\" \/>\n<meta property=\"og:url\" content=\"https:\/\/brasilnoticias.org\/site\/yamandu-orsi-aliado-de-mujica-vence-eleicoes-presidenciais-e-esquerda-volta-ao-poder-no-uruguai\/\" \/>\n<meta property=\"og:site_name\" content=\"Brasil not\u00edcias\" \/>\n<meta property=\"article:published_time\" content=\"2024-11-25T19:08:06+00:00\" \/>\n<meta property=\"og:image\" content=\"https:\/\/brasilnoticias.org\/site\/wp-content\/uploads\/2024\/11\/IMAGEM_NOTICIA_1-1-2.jpg\" \/>\n\t<meta property=\"og:image:width\" content=\"600\" \/>\n\t<meta property=\"og:image:height\" content=\"430\" \/>\n\t<meta property=\"og:image:type\" content=\"image\/jpeg\" \/>\n<meta name=\"author\" content=\"Reda\u00e7\u00e3o\" \/>\n<meta name=\"twitter:card\" content=\"summary_large_image\" \/>\n<meta name=\"twitter:label1\" content=\"Escrito por\" \/>\n\t<meta name=\"twitter:data1\" content=\"Reda\u00e7\u00e3o\" \/>\n\t<meta name=\"twitter:label2\" content=\"Tempo estimado de leitura\" \/>\n\t<meta name=\"twitter:data2\" content=\"1 minuto\" \/>\n<script type=\"application\/ld+json\" class=\"yoast-schema-graph\">{\"@context\":\"https:\/\/schema.org\",\"@graph\":[{\"@type\":\"Article\",\"@id\":\"https:\/\/brasilnoticias.org\/site\/yamandu-orsi-aliado-de-mujica-vence-eleicoes-presidenciais-e-esquerda-volta-ao-poder-no-uruguai\/#article\",\"isPartOf\":{\"@id\":\"https:\/\/brasilnoticias.org\/site\/yamandu-orsi-aliado-de-mujica-vence-eleicoes-presidenciais-e-esquerda-volta-ao-poder-no-uruguai\/\"},\"author\":{\"name\":\"Reda\u00e7\u00e3o\",\"@id\":\"https:\/\/brasilnoticias.org\/site\/#\/schema\/person\/03bbbfe6c7634ad18c26444ea39049fa\"},\"headline\":\"Yamand\u00fa Orsi, aliado de Mujica, vence elei\u00e7\u00f5es presidenciais e esquerda volta ao poder no Uruguai\",\"datePublished\":\"2024-11-25T19:08:06+00:00\",\"mainEntityOfPage\":{\"@id\":\"https:\/\/brasilnoticias.org\/site\/yamandu-orsi-aliado-de-mujica-vence-eleicoes-presidenciais-e-esquerda-volta-ao-poder-no-uruguai\/\"},\"wordCount\":666,\"commentCount\":0,\"publisher\":{\"@id\":\"https:\/\/brasilnoticias.org\/site\/#organization\"},\"image\":{\"@id\":\"https:\/\/brasilnoticias.org\/site\/yamandu-orsi-aliado-de-mujica-vence-eleicoes-presidenciais-e-esquerda-volta-ao-poder-no-uruguai\/#primaryimage\"},\"thumbnailUrl\":\"https:\/\/brasilnoticias.org\/site\/wp-content\/uploads\/2024\/11\/IMAGEM_NOTICIA_1-1-2.jpg\",\"articleSection\":[\"Pol\u00edtica\",\"\u00daltimas\"],\"inLanguage\":\"pt-PT\",\"potentialAction\":[{\"@type\":\"CommentAction\",\"name\":\"Comment\",\"target\":[\"https:\/\/brasilnoticias.org\/site\/yamandu-orsi-aliado-de-mujica-vence-eleicoes-presidenciais-e-esquerda-volta-ao-poder-no-uruguai\/#respond\"]}]},{\"@type\":\"WebPage\",\"@id\":\"https:\/\/brasilnoticias.org\/site\/yamandu-orsi-aliado-de-mujica-vence-eleicoes-presidenciais-e-esquerda-volta-ao-poder-no-uruguai\/\",\"url\":\"https:\/\/brasilnoticias.org\/site\/yamandu-orsi-aliado-de-mujica-vence-eleicoes-presidenciais-e-esquerda-volta-ao-poder-no-uruguai\/\",\"name\":\"Yamand\u00fa Orsi, aliado de Mujica, vence elei\u00e7\u00f5es presidenciais e esquerda volta ao poder no Uruguai - Brasil not\u00edcias\",\"isPartOf\":{\"@id\":\"https:\/\/brasilnoticias.org\/site\/#website\"},\"primaryImageOfPage\":{\"@id\":\"https:\/\/brasilnoticias.org\/site\/yamandu-orsi-aliado-de-mujica-vence-eleicoes-presidenciais-e-esquerda-volta-ao-poder-no-uruguai\/#primaryimage\"},\"image\":{\"@id\":\"https:\/\/brasilnoticias.org\/site\/yamandu-orsi-aliado-de-mujica-vence-eleicoes-presidenciais-e-esquerda-volta-ao-poder-no-uruguai\/#primaryimage\"},\"thumbnailUrl\":\"https:\/\/brasilnoticias.org\/site\/wp-content\/uploads\/2024\/11\/IMAGEM_NOTICIA_1-1-2.jpg\",\"datePublished\":\"2024-11-25T19:08:06+00:00\",\"breadcrumb\":{\"@id\":\"https:\/\/brasilnoticias.org\/site\/yamandu-orsi-aliado-de-mujica-vence-eleicoes-presidenciais-e-esquerda-volta-ao-poder-no-uruguai\/#breadcrumb\"},\"inLanguage\":\"pt-PT\",\"potentialAction\":[{\"@type\":\"ReadAction\",\"target\":[\"https:\/\/brasilnoticias.org\/site\/yamandu-orsi-aliado-de-mujica-vence-eleicoes-presidenciais-e-esquerda-volta-ao-poder-no-uruguai\/\"]}]},{\"@type\":\"ImageObject\",\"inLanguage\":\"pt-PT\",\"@id\":\"https:\/\/brasilnoticias.org\/site\/yamandu-orsi-aliado-de-mujica-vence-eleicoes-presidenciais-e-esquerda-volta-ao-poder-no-uruguai\/#primaryimage\",\"url\":\"https:\/\/brasilnoticias.org\/site\/wp-content\/uploads\/2024\/11\/IMAGEM_NOTICIA_1-1-2.jpg\",\"contentUrl\":\"https:\/\/brasilnoticias.org\/site\/wp-content\/uploads\/2024\/11\/IMAGEM_NOTICIA_1-1-2.jpg\",\"width\":600,\"height\":430},{\"@type\":\"BreadcrumbList\",\"@id\":\"https:\/\/brasilnoticias.org\/site\/yamandu-orsi-aliado-de-mujica-vence-eleicoes-presidenciais-e-esquerda-volta-ao-poder-no-uruguai\/#breadcrumb\",\"itemListElement\":[{\"@type\":\"ListItem\",\"position\":1,\"name\":\"In\u00edcio\",\"item\":\"https:\/\/brasilnoticias.org\/site\/\"},{\"@type\":\"ListItem\",\"position\":2,\"name\":\"Yamand\u00fa Orsi, aliado de Mujica, vence elei\u00e7\u00f5es presidenciais e esquerda volta ao poder no Uruguai\"}]},{\"@type\":\"WebSite\",\"@id\":\"https:\/\/brasilnoticias.org\/site\/#website\",\"url\":\"https:\/\/brasilnoticias.org\/site\/\",\"name\":\"Brasil not\u00edcias\",\"description\":\"Brasil not\u00edcias\",\"publisher\":{\"@id\":\"https:\/\/brasilnoticias.org\/site\/#organization\"},\"potentialAction\":[{\"@type\":\"SearchAction\",\"target\":{\"@type\":\"EntryPoint\",\"urlTemplate\":\"https:\/\/brasilnoticias.org\/site\/?s={search_term_string}\"},\"query-input\":{\"@type\":\"PropertyValueSpecification\",\"valueRequired\":true,\"valueName\":\"search_term_string\"}}],\"inLanguage\":\"pt-PT\"},{\"@type\":\"Organization\",\"@id\":\"https:\/\/brasilnoticias.org\/site\/#organization\",\"name\":\"Brasil not\u00edcias\",\"url\":\"https:\/\/brasilnoticias.org\/site\/\",\"logo\":{\"@type\":\"ImageObject\",\"inLanguage\":\"pt-PT\",\"@id\":\"https:\/\/brasilnoticias.org\/site\/#\/schema\/logo\/image\/\",\"url\":\"https:\/\/brasilnoticias.org\/site\/wp-content\/uploads\/2022\/05\/cropped-brasilnoticias-mini.jpg\",\"contentUrl\":\"https:\/\/brasilnoticias.org\/site\/wp-content\/uploads\/2022\/05\/cropped-brasilnoticias-mini.jpg\",\"width\":314,\"height\":86,\"caption\":\"Brasil not\u00edcias\"},\"image\":{\"@id\":\"https:\/\/brasilnoticias.org\/site\/#\/schema\/logo\/image\/\"}},{\"@type\":\"Person\",\"@id\":\"https:\/\/brasilnoticias.org\/site\/#\/schema\/person\/03bbbfe6c7634ad18c26444ea39049fa\",\"name\":\"Reda\u00e7\u00e3o\",\"image\":{\"@type\":\"ImageObject\",\"inLanguage\":\"pt-PT\",\"@id\":\"https:\/\/brasilnoticias.org\/site\/#\/schema\/person\/image\/\",\"url\":\"https:\/\/secure.gravatar.com\/avatar\/9ecaf7327a696cb23ad926fedded5f1f04d7049de9e445375d55b48c001a6e42?s=96&d=mm&r=g\",\"contentUrl\":\"https:\/\/secure.gravatar.com\/avatar\/9ecaf7327a696cb23ad926fedded5f1f04d7049de9e445375d55b48c001a6e42?s=96&d=mm&r=g\",\"caption\":\"Reda\u00e7\u00e3o\"},\"url\":\"https:\/\/brasilnoticias.org\/site\/author\/henrique\/\"}]}<\/script>\n<!-- \/ Yoast SEO plugin. -->","yoast_head_json":{"title":"Yamand\u00fa Orsi, aliado de Mujica, vence elei\u00e7\u00f5es presidenciais e esquerda volta ao poder no Uruguai - Brasil not\u00edcias","robots":{"index":"index","follow":"follow","max-snippet":"max-snippet:-1","max-image-preview":"max-image-preview:large","max-video-preview":"max-video-preview:-1"},"canonical":"https:\/\/brasilnoticias.org\/site\/yamandu-orsi-aliado-de-mujica-vence-eleicoes-presidenciais-e-esquerda-volta-ao-poder-no-uruguai\/","og_locale":"pt_PT","og_type":"article","og_title":"Yamand\u00fa Orsi, aliado de Mujica, vence elei\u00e7\u00f5es presidenciais e esquerda volta ao poder no Uruguai - Brasil not\u00edcias","og_description":"O esquerdista Yamand\u00fa Orsi, da oposi\u00e7\u00e3o Frente Ampla e aliado do ex-presidente Jos\u00e9 \u201cPepe\u201d Mujica, venceu as elei\u00e7\u00f5es presidenciais do","og_url":"https:\/\/brasilnoticias.org\/site\/yamandu-orsi-aliado-de-mujica-vence-eleicoes-presidenciais-e-esquerda-volta-ao-poder-no-uruguai\/","og_site_name":"Brasil not\u00edcias","article_published_time":"2024-11-25T19:08:06+00:00","og_image":[{"width":600,"height":430,"url":"https:\/\/brasilnoticias.org\/site\/wp-content\/uploads\/2024\/11\/IMAGEM_NOTICIA_1-1-2.jpg","type":"image\/jpeg"}],"author":"Reda\u00e7\u00e3o","twitter_card":"summary_large_image","twitter_misc":{"Escrito por":"Reda\u00e7\u00e3o","Tempo estimado de leitura":"1 minuto"},"schema":{"@context":"https:\/\/schema.org","@graph":[{"@type":"Article","@id":"https:\/\/brasilnoticias.org\/site\/yamandu-orsi-aliado-de-mujica-vence-eleicoes-presidenciais-e-esquerda-volta-ao-poder-no-uruguai\/#article","isPartOf":{"@id":"https:\/\/brasilnoticias.org\/site\/yamandu-orsi-aliado-de-mujica-vence-eleicoes-presidenciais-e-esquerda-volta-ao-poder-no-uruguai\/"},"author":{"name":"Reda\u00e7\u00e3o","@id":"https:\/\/brasilnoticias.org\/site\/#\/schema\/person\/03bbbfe6c7634ad18c26444ea39049fa"},"headline":"Yamand\u00fa Orsi, aliado de Mujica, vence elei\u00e7\u00f5es presidenciais e esquerda volta ao poder no Uruguai","datePublished":"2024-11-25T19:08:06+00:00","mainEntityOfPage":{"@id":"https:\/\/brasilnoticias.org\/site\/yamandu-orsi-aliado-de-mujica-vence-eleicoes-presidenciais-e-esquerda-volta-ao-poder-no-uruguai\/"},"wordCount":666,"commentCount":0,"publisher":{"@id":"https:\/\/brasilnoticias.org\/site\/#organization"},"image":{"@id":"https:\/\/brasilnoticias.org\/site\/yamandu-orsi-aliado-de-mujica-vence-eleicoes-presidenciais-e-esquerda-volta-ao-poder-no-uruguai\/#primaryimage"},"thumbnailUrl":"https:\/\/brasilnoticias.org\/site\/wp-content\/uploads\/2024\/11\/IMAGEM_NOTICIA_1-1-2.jpg","articleSection":["Pol\u00edtica","\u00daltimas"],"inLanguage":"pt-PT","potentialAction":[{"@type":"CommentAction","name":"Comment","target":["https:\/\/brasilnoticias.org\/site\/yamandu-orsi-aliado-de-mujica-vence-eleicoes-presidenciais-e-esquerda-volta-ao-poder-no-uruguai\/#respond"]}]},{"@type":"WebPage","@id":"https:\/\/brasilnoticias.org\/site\/yamandu-orsi-aliado-de-mujica-vence-eleicoes-presidenciais-e-esquerda-volta-ao-poder-no-uruguai\/","url":"https:\/\/brasilnoticias.org\/site\/yamandu-orsi-aliado-de-mujica-vence-eleicoes-presidenciais-e-esquerda-volta-ao-poder-no-uruguai\/","name":"Yamand\u00fa Orsi, aliado de Mujica, vence elei\u00e7\u00f5es presidenciais e esquerda volta ao poder no Uruguai - Brasil not\u00edcias","isPartOf":{"@id":"https:\/\/brasilnoticias.org\/site\/#website"},"primaryImageOfPage":{"@id":"https:\/\/brasilnoticias.org\/site\/yamandu-orsi-aliado-de-mujica-vence-eleicoes-presidenciais-e-esquerda-volta-ao-poder-no-uruguai\/#primaryimage"},"image":{"@id":"https:\/\/brasilnoticias.org\/site\/yamandu-orsi-aliado-de-mujica-vence-eleicoes-presidenciais-e-esquerda-volta-ao-poder-no-uruguai\/#primaryimage"},"thumbnailUrl":"https:\/\/brasilnoticias.org\/site\/wp-content\/uploads\/2024\/11\/IMAGEM_NOTICIA_1-1-2.jpg","datePublished":"2024-11-25T19:08:06+00:00","breadcrumb":{"@id":"https:\/\/brasilnoticias.org\/site\/yamandu-orsi-aliado-de-mujica-vence-eleicoes-presidenciais-e-esquerda-volta-ao-poder-no-uruguai\/#breadcrumb"},"inLanguage":"pt-PT","potentialAction":[{"@type":"ReadAction","target":["https:\/\/brasilnoticias.org\/site\/yamandu-orsi-aliado-de-mujica-vence-eleicoes-presidenciais-e-esquerda-volta-ao-poder-no-uruguai\/"]}]},{"@type":"ImageObject","inLanguage":"pt-PT","@id":"https:\/\/brasilnoticias.org\/site\/yamandu-orsi-aliado-de-mujica-vence-eleicoes-presidenciais-e-esquerda-volta-ao-poder-no-uruguai\/#primaryimage","url":"https:\/\/brasilnoticias.org\/site\/wp-content\/uploads\/2024\/11\/IMAGEM_NOTICIA_1-1-2.jpg","contentUrl":"https:\/\/brasilnoticias.org\/site\/wp-content\/uploads\/2024\/11\/IMAGEM_NOTICIA_1-1-2.jpg","width":600,"height":430},{"@type":"BreadcrumbList","@id":"https:\/\/brasilnoticias.org\/site\/yamandu-orsi-aliado-de-mujica-vence-eleicoes-presidenciais-e-esquerda-volta-ao-poder-no-uruguai\/#breadcrumb","itemListElement":[{"@type":"ListItem","position":1,"name":"In\u00edcio","item":"https:\/\/brasilnoticias.org\/site\/"},{"@type":"ListItem","position":2,"name":"Yamand\u00fa Orsi, aliado de Mujica, vence elei\u00e7\u00f5es presidenciais e esquerda volta ao poder no Uruguai"}]},{"@type":"WebSite","@id":"https:\/\/brasilnoticias.org\/site\/#website","url":"https:\/\/brasilnoticias.org\/site\/","name":"Brasil not\u00edcias","description":"Brasil not\u00edcias","publisher":{"@id":"https:\/\/brasilnoticias.org\/site\/#organization"},"potentialAction":[{"@type":"SearchAction","target":{"@type":"EntryPoint","urlTemplate":"https:\/\/brasilnoticias.org\/site\/?s={search_term_string}"},"query-input":{"@type":"PropertyValueSpecification","valueRequired":true,"valueName":"search_term_string"}}],"inLanguage":"pt-PT"},{"@type":"Organization","@id":"https:\/\/brasilnoticias.org\/site\/#organization","name":"Brasil not\u00edcias","url":"https:\/\/brasilnoticias.org\/site\/","logo":{"@type":"ImageObject","inLanguage":"pt-PT","@id":"https:\/\/brasilnoticias.org\/site\/#\/schema\/logo\/image\/","url":"https:\/\/brasilnoticias.org\/site\/wp-content\/uploads\/2022\/05\/cropped-brasilnoticias-mini.jpg","contentUrl":"https:\/\/brasilnoticias.org\/site\/wp-content\/uploads\/2022\/05\/cropped-brasilnoticias-mini.jpg","width":314,"height":86,"caption":"Brasil not\u00edcias"},"image":{"@id":"https:\/\/brasilnoticias.org\/site\/#\/schema\/logo\/image\/"}},{"@type":"Person","@id":"https:\/\/brasilnoticias.org\/site\/#\/schema\/person\/03bbbfe6c7634ad18c26444ea39049fa","name":"Reda\u00e7\u00e3o","image":{"@type":"ImageObject","inLanguage":"pt-PT","@id":"https:\/\/brasilnoticias.org\/site\/#\/schema\/person\/image\/","url":"https:\/\/secure.gravatar.com\/avatar\/9ecaf7327a696cb23ad926fedded5f1f04d7049de9e445375d55b48c001a6e42?s=96&d=mm&r=g","contentUrl":"https:\/\/secure.gravatar.com\/avatar\/9ecaf7327a696cb23ad926fedded5f1f04d7049de9e445375d55b48c001a6e42?s=96&d=mm&r=g","caption":"Reda\u00e7\u00e3o"},"url":"https:\/\/brasilnoticias.org\/site\/author\/henrique\/"}]}},"_links":{"self":[{"href":"https:\/\/brasilnoticias.org\/site\/wp-json\/wp\/v2\/posts\/16386","targetHints":{"allow":["GET"]}}],"collection":[{"href":"https:\/\/brasilnoticias.org\/site\/wp-json\/wp\/v2\/posts"}],"about":[{"href":"https:\/\/brasilnoticias.org\/site\/wp-json\/wp\/v2\/types\/post"}],"author":[{"embeddable":true,"href":"https:\/\/brasilnoticias.org\/site\/wp-json\/wp\/v2\/users\/4"}],"replies":[{"embeddable":true,"href":"https:\/\/brasilnoticias.org\/site\/wp-json\/wp\/v2\/comments?post=16386"}],"version-history":[{"count":1,"href":"https:\/\/brasilnoticias.org\/site\/wp-json\/wp\/v2\/posts\/16386\/revisions"}],"predecessor-version":[{"id":16388,"href":"https:\/\/brasilnoticias.org\/site\/wp-json\/wp\/v2\/posts\/16386\/revisions\/16388"}],"wp:featuredmedia":[{"embeddable":true,"href":"https:\/\/brasilnoticias.org\/site\/wp-json\/wp\/v2\/media\/16387"}],"wp:attachment":[{"href":"https:\/\/brasilnoticias.org\/site\/wp-json\/wp\/v2\/media?parent=16386"}],"wp:term":[{"taxonomy":"category","embeddable":true,"href":"https:\/\/brasilnoticias.org\/site\/wp-json\/wp\/v2\/categories?post=16386"},{"taxonomy":"post_tag","embeddable":true,"href":"https:\/\/brasilnoticias.org\/site\/wp-json\/wp\/v2\/tags?post=16386"}],"curies":[{"name":"wp","href":"https:\/\/api.w.org\/{rel}","templated":true}]}}