{"id":1639,"date":"2022-10-05T09:39:04","date_gmt":"2022-10-05T12:39:04","guid":{"rendered":"https:\/\/brasilnoticias.org\/site\/?p=1639"},"modified":"2022-10-05T09:39:04","modified_gmt":"2022-10-05T12:39:04","slug":"saiba-quem-sao-os-jovens-mortos-por-traficantes-em-salvador-apos-entrarem-em-rua-errada","status":"publish","type":"post","link":"https:\/\/brasilnoticias.org\/site\/saiba-quem-sao-os-jovens-mortos-por-traficantes-em-salvador-apos-entrarem-em-rua-errada\/","title":{"rendered":"Saiba quem s\u00e3o os jovens mortos por traficantes em Salvador ap\u00f3s entrarem em &#8216;rua errada&#8217;"},"content":{"rendered":"<p>Dois jovens foram encontrados mortos na segunda-feira (3)\u00a0<a href=\"https:\/\/www.bnews.com.br\/noticias\/policia\/video-dois-corpos-sao-encontrados-em-porta-malas-de-carro-proximo-ao-aeroporto-de-salvador.html\" target=\"_blank\" rel=\"noopener\">dentro do porta-malas de um carro<\/a>, na rotat\u00f3ria do Aeroporto Internacional de Salvador. As v\u00edtimas s\u00e3o o motorista por aplicativo Iuri Vin\u00edcius Ribeiro, de 24 anos, e o estudante Israel Oliveira, de 16. Os dois supostamente foram mortos por traficantes no domingo (2), na localidade conhecida como Planeta dos Macacos, em S\u00e3o Crist\u00f3v\u00e3o, por terem entrado em uma rua denominada pelo tr\u00e1fico de drogas.<\/p>\n<p>A fam\u00edlia de Iuri acredita que ele pode ter errado a rota enquanto tentava chegar ao destino final do adolescente, que havia solicitado uma corrida em Lauro de Freitas, na Regi\u00e3o Metropolitana.<\/p>\n<p>Os jovens foram abordados pelos criminosos, que chegaram a tirar uma foto deles. Na imagem, que foi compartilhada pelos suspeitos em um aplicativo de troca de mensagens, \u00e9 poss\u00edvel ver o semblante de preocupa\u00e7\u00e3o de Iuri e Israel. Eles foram assassinados a tiros minutos depois do registro. Os corpos foram encontrados com ferimentos na regi\u00e3o da cabe\u00e7a.<\/p>\n<p><strong>Sonhos<\/strong><\/p>\n<p>De acordo com familiares, Iuri tinha o sonho de morar em Portugal e j\u00e1 havia tirado o passaporte para cruzar o Atl\u00e2ntico. Ele trabalhava como motorista para juntar dinheiro e dar in\u00edcio \u00e0 nova vida como imigrante em terras lusitanas.<\/p>\n<p>\u00c9 uma dor, a nossa fam\u00edlia \u00e9 muito unida, os familiares est\u00e3o presentes nas vidas uns dos outros. Iuri era uma pessoa sensacional, de bem e querida por todos. N\u00e3o tinha envolvimento com nada errado\u201d, disse um dos primos do motorista, Michel Valadares, em entrevista \u00e0 TV Record Itapoan.<\/p>\n<p>Assim como Iuri, Israel n\u00e3o tinha envolvimento com o tr\u00e1fico de drogas, como garante sua fam\u00edlia. O adolescente fazia parte de um clube de futebol e atuava como zagueiro. Ele seria analisado por um olheiro do Gr\u00eamio e a expectativa era grande por parte dos seus treinadores.<\/p>\n<p>\u201cN\u00f3s t\u00ednhamos organizado agora depois das elei\u00e7\u00f5es para que um olheiro do Gr\u00eamio vinhesse ver ele aqui. N\u00f3s t\u00ednhamos tantos sonhos para esse cara. \u00c9 muito triste\u201d, disse o professor Luiz Santos.<\/p>\n<p><strong>Outro crime<\/strong><\/p>\n<p>No ano passado, tamb\u00e9m em S\u00e3o Crist\u00f3v\u00e3o, a estudante Jamile Sanches Ara\u00fajo Miranda, de 18 anos,\u00a0<a href=\"https:\/\/www.bnews.com.br\/noticias\/salvador\/328365-passageira-morre-apos-ser-baleada-dentro-do-carro-da-familia-em-sao-cristovao.html\" target=\"_blank\" rel=\"noopener\">morreu ap\u00f3s ser baleada por traficantes dentro do carro da fam\u00edlia<\/a>. O crime aconteceu ap\u00f3s o pai dela entrar na localidade Yolanda Pires. Eles haviam acabado de sair do Salvador Norte Shopping e estavam a caminho da casa de uma amiga da v\u00edtima.<\/p>\n<p>Quando foi morta, a jovem estava concluindo o ensino m\u00e9dio e tinha planos de fazer o Exame Nacional do Ensino M\u00e9dio (Enem) para cursar Medicina Veterin\u00e1ria. Um homem de 23 anos, suspeito de ter participado do assassinato dela foi\u00a0<a href=\"https:\/\/www.bnews.com.br\/noticias\/policia\/caso-sao-cristovao-ultimo-envolvido-no-homicidio-de-garota-e-preso.html\" target=\"_blank\" rel=\"noopener\">morto durante confronto com a pol\u00edcia neste ano.<\/a><\/p>\n<p>&nbsp;<\/p>\n<p>&nbsp;<\/p>\n<p>&nbsp;<\/p>\n<p>&nbsp;<\/p>\n<p>Bnews<\/p>\n","protected":false},"excerpt":{"rendered":"<p>Dois jovens foram encontrados mortos na segunda-feira (3)\u00a0dentro do porta-malas de um carro, na rotat\u00f3ria do Aeroporto Internacional de Salvador.<\/p>\n","protected":false},"author":2,"featured_media":1641,"comment_status":"open","ping_status":"open","sticky":false,"template":"","format":"standard","meta":{"colormag_page_container_layout":"default_layout","colormag_page_sidebar_layout":"default_layout","_FSMCFIC_featured_image_caption":"","_FSMCFIC_featured_image_nocaption":"","_FSMCFIC_featured_image_hide":"","footnotes":""},"categories":[3,1],"tags":[],"class_list":["post-1639","post","type-post","status-publish","format-standard","has-post-thumbnail","hentry","category-policia","category-ultimas"],"yoast_head":"<!-- This site is optimized with the Yoast SEO plugin v27.1.1 - https:\/\/yoast.com\/product\/yoast-seo-wordpress\/ -->\n<title>Saiba quem s\u00e3o os jovens mortos por traficantes em Salvador ap\u00f3s entrarem em &#039;rua errada&#039; - Brasil not\u00edcias<\/title>\n<meta name=\"robots\" content=\"index, follow, max-snippet:-1, max-image-preview:large, max-video-preview:-1\" \/>\n<link rel=\"canonical\" href=\"https:\/\/brasilnoticias.org\/site\/saiba-quem-sao-os-jovens-mortos-por-traficantes-em-salvador-apos-entrarem-em-rua-errada\/\" \/>\n<meta property=\"og:locale\" content=\"pt_PT\" \/>\n<meta property=\"og:type\" content=\"article\" \/>\n<meta property=\"og:title\" content=\"Saiba quem s\u00e3o os jovens mortos por traficantes em Salvador ap\u00f3s entrarem em &#039;rua errada&#039; - Brasil not\u00edcias\" \/>\n<meta property=\"og:description\" content=\"Dois jovens foram encontrados mortos na segunda-feira (3)\u00a0dentro do porta-malas de um carro, na rotat\u00f3ria do Aeroporto Internacional de Salvador.\" \/>\n<meta property=\"og:url\" content=\"https:\/\/brasilnoticias.org\/site\/saiba-quem-sao-os-jovens-mortos-por-traficantes-em-salvador-apos-entrarem-em-rua-errada\/\" \/>\n<meta property=\"og:site_name\" content=\"Brasil not\u00edcias\" \/>\n<meta property=\"article:published_time\" content=\"2022-10-05T12:39:04+00:00\" \/>\n<meta property=\"og:image\" content=\"https:\/\/brasilnoticias.org\/site\/wp-content\/uploads\/2022\/10\/jovens_mortos_traficantes_salvador_planeta_dos_macacos_salvador_widelg-1.jpg\" \/>\n\t<meta property=\"og:image:width\" content=\"800\" \/>\n\t<meta property=\"og:image:height\" content=\"400\" \/>\n\t<meta property=\"og:image:type\" content=\"image\/jpeg\" \/>\n<meta name=\"author\" content=\"Reda\u00e7\u00e3o\" \/>\n<meta name=\"twitter:card\" content=\"summary_large_image\" \/>\n<meta name=\"twitter:label1\" content=\"Escrito por\" \/>\n\t<meta name=\"twitter:data1\" content=\"Reda\u00e7\u00e3o\" \/>\n\t<meta name=\"twitter:label2\" content=\"Tempo estimado de leitura\" \/>\n\t<meta name=\"twitter:data2\" content=\"2 minutos\" \/>\n<script type=\"application\/ld+json\" class=\"yoast-schema-graph\">{\"@context\":\"https:\/\/schema.org\",\"@graph\":[{\"@type\":\"Article\",\"@id\":\"https:\/\/brasilnoticias.org\/site\/saiba-quem-sao-os-jovens-mortos-por-traficantes-em-salvador-apos-entrarem-em-rua-errada\/#article\",\"isPartOf\":{\"@id\":\"https:\/\/brasilnoticias.org\/site\/saiba-quem-sao-os-jovens-mortos-por-traficantes-em-salvador-apos-entrarem-em-rua-errada\/\"},\"author\":{\"name\":\"Reda\u00e7\u00e3o\",\"@id\":\"https:\/\/brasilnoticias.org\/site\/#\/schema\/person\/f609fa847b5314f1c8b983342f34c798\"},\"headline\":\"Saiba quem s\u00e3o os jovens mortos por traficantes em Salvador ap\u00f3s entrarem em &#8216;rua errada&#8217;\",\"datePublished\":\"2022-10-05T12:39:04+00:00\",\"mainEntityOfPage\":{\"@id\":\"https:\/\/brasilnoticias.org\/site\/saiba-quem-sao-os-jovens-mortos-por-traficantes-em-salvador-apos-entrarem-em-rua-errada\/\"},\"wordCount\":490,\"commentCount\":0,\"publisher\":{\"@id\":\"https:\/\/brasilnoticias.org\/site\/#organization\"},\"image\":{\"@id\":\"https:\/\/brasilnoticias.org\/site\/saiba-quem-sao-os-jovens-mortos-por-traficantes-em-salvador-apos-entrarem-em-rua-errada\/#primaryimage\"},\"thumbnailUrl\":\"https:\/\/brasilnoticias.org\/site\/wp-content\/uploads\/2022\/10\/jovens_mortos_traficantes_salvador_planeta_dos_macacos_salvador_widelg-1.jpg\",\"articleSection\":[\"Pol\u00edcia\",\"\u00daltimas\"],\"inLanguage\":\"pt-PT\",\"potentialAction\":[{\"@type\":\"CommentAction\",\"name\":\"Comment\",\"target\":[\"https:\/\/brasilnoticias.org\/site\/saiba-quem-sao-os-jovens-mortos-por-traficantes-em-salvador-apos-entrarem-em-rua-errada\/#respond\"]}]},{\"@type\":\"WebPage\",\"@id\":\"https:\/\/brasilnoticias.org\/site\/saiba-quem-sao-os-jovens-mortos-por-traficantes-em-salvador-apos-entrarem-em-rua-errada\/\",\"url\":\"https:\/\/brasilnoticias.org\/site\/saiba-quem-sao-os-jovens-mortos-por-traficantes-em-salvador-apos-entrarem-em-rua-errada\/\",\"name\":\"Saiba quem s\u00e3o os jovens mortos por traficantes em Salvador ap\u00f3s entrarem em 'rua errada' - Brasil not\u00edcias\",\"isPartOf\":{\"@id\":\"https:\/\/brasilnoticias.org\/site\/#website\"},\"primaryImageOfPage\":{\"@id\":\"https:\/\/brasilnoticias.org\/site\/saiba-quem-sao-os-jovens-mortos-por-traficantes-em-salvador-apos-entrarem-em-rua-errada\/#primaryimage\"},\"image\":{\"@id\":\"https:\/\/brasilnoticias.org\/site\/saiba-quem-sao-os-jovens-mortos-por-traficantes-em-salvador-apos-entrarem-em-rua-errada\/#primaryimage\"},\"thumbnailUrl\":\"https:\/\/brasilnoticias.org\/site\/wp-content\/uploads\/2022\/10\/jovens_mortos_traficantes_salvador_planeta_dos_macacos_salvador_widelg-1.jpg\",\"datePublished\":\"2022-10-05T12:39:04+00:00\",\"breadcrumb\":{\"@id\":\"https:\/\/brasilnoticias.org\/site\/saiba-quem-sao-os-jovens-mortos-por-traficantes-em-salvador-apos-entrarem-em-rua-errada\/#breadcrumb\"},\"inLanguage\":\"pt-PT\",\"potentialAction\":[{\"@type\":\"ReadAction\",\"target\":[\"https:\/\/brasilnoticias.org\/site\/saiba-quem-sao-os-jovens-mortos-por-traficantes-em-salvador-apos-entrarem-em-rua-errada\/\"]}]},{\"@type\":\"ImageObject\",\"inLanguage\":\"pt-PT\",\"@id\":\"https:\/\/brasilnoticias.org\/site\/saiba-quem-sao-os-jovens-mortos-por-traficantes-em-salvador-apos-entrarem-em-rua-errada\/#primaryimage\",\"url\":\"https:\/\/brasilnoticias.org\/site\/wp-content\/uploads\/2022\/10\/jovens_mortos_traficantes_salvador_planeta_dos_macacos_salvador_widelg-1.jpg\",\"contentUrl\":\"https:\/\/brasilnoticias.org\/site\/wp-content\/uploads\/2022\/10\/jovens_mortos_traficantes_salvador_planeta_dos_macacos_salvador_widelg-1.jpg\",\"width\":800,\"height\":400},{\"@type\":\"BreadcrumbList\",\"@id\":\"https:\/\/brasilnoticias.org\/site\/saiba-quem-sao-os-jovens-mortos-por-traficantes-em-salvador-apos-entrarem-em-rua-errada\/#breadcrumb\",\"itemListElement\":[{\"@type\":\"ListItem\",\"position\":1,\"name\":\"In\u00edcio\",\"item\":\"https:\/\/brasilnoticias.org\/site\/\"},{\"@type\":\"ListItem\",\"position\":2,\"name\":\"Saiba quem s\u00e3o os jovens mortos por traficantes em Salvador ap\u00f3s entrarem em &#8216;rua errada&#8217;\"}]},{\"@type\":\"WebSite\",\"@id\":\"https:\/\/brasilnoticias.org\/site\/#website\",\"url\":\"https:\/\/brasilnoticias.org\/site\/\",\"name\":\"Brasil not\u00edcias\",\"description\":\"Brasil not\u00edcias\",\"publisher\":{\"@id\":\"https:\/\/brasilnoticias.org\/site\/#organization\"},\"potentialAction\":[{\"@type\":\"SearchAction\",\"target\":{\"@type\":\"EntryPoint\",\"urlTemplate\":\"https:\/\/brasilnoticias.org\/site\/?s={search_term_string}\"},\"query-input\":{\"@type\":\"PropertyValueSpecification\",\"valueRequired\":true,\"valueName\":\"search_term_string\"}}],\"inLanguage\":\"pt-PT\"},{\"@type\":\"Organization\",\"@id\":\"https:\/\/brasilnoticias.org\/site\/#organization\",\"name\":\"Brasil not\u00edcias\",\"url\":\"https:\/\/brasilnoticias.org\/site\/\",\"logo\":{\"@type\":\"ImageObject\",\"inLanguage\":\"pt-PT\",\"@id\":\"https:\/\/brasilnoticias.org\/site\/#\/schema\/logo\/image\/\",\"url\":\"https:\/\/brasilnoticias.org\/site\/wp-content\/uploads\/2022\/05\/cropped-brasilnoticias-mini.jpg\",\"contentUrl\":\"https:\/\/brasilnoticias.org\/site\/wp-content\/uploads\/2022\/05\/cropped-brasilnoticias-mini.jpg\",\"width\":314,\"height\":86,\"caption\":\"Brasil not\u00edcias\"},\"image\":{\"@id\":\"https:\/\/brasilnoticias.org\/site\/#\/schema\/logo\/image\/\"}},{\"@type\":\"Person\",\"@id\":\"https:\/\/brasilnoticias.org\/site\/#\/schema\/person\/f609fa847b5314f1c8b983342f34c798\",\"name\":\"Reda\u00e7\u00e3o\",\"image\":{\"@type\":\"ImageObject\",\"inLanguage\":\"pt-PT\",\"@id\":\"https:\/\/brasilnoticias.org\/site\/#\/schema\/person\/image\/\",\"url\":\"https:\/\/secure.gravatar.com\/avatar\/447284c06c1ad8b46465a36de9cd0d8326b73387a22799b8b1ffb1fbcff2ed0c?s=96&d=mm&r=g\",\"contentUrl\":\"https:\/\/secure.gravatar.com\/avatar\/447284c06c1ad8b46465a36de9cd0d8326b73387a22799b8b1ffb1fbcff2ed0c?s=96&d=mm&r=g\",\"caption\":\"Reda\u00e7\u00e3o\"},\"url\":\"https:\/\/brasilnoticias.org\/site\/author\/redacao\/\"}]}<\/script>\n<!-- \/ Yoast SEO plugin. -->","yoast_head_json":{"title":"Saiba quem s\u00e3o os jovens mortos por traficantes em Salvador ap\u00f3s entrarem em 'rua errada' - Brasil not\u00edcias","robots":{"index":"index","follow":"follow","max-snippet":"max-snippet:-1","max-image-preview":"max-image-preview:large","max-video-preview":"max-video-preview:-1"},"canonical":"https:\/\/brasilnoticias.org\/site\/saiba-quem-sao-os-jovens-mortos-por-traficantes-em-salvador-apos-entrarem-em-rua-errada\/","og_locale":"pt_PT","og_type":"article","og_title":"Saiba quem s\u00e3o os jovens mortos por traficantes em Salvador ap\u00f3s entrarem em 'rua errada' - Brasil not\u00edcias","og_description":"Dois jovens foram encontrados mortos na segunda-feira (3)\u00a0dentro do porta-malas de um carro, na rotat\u00f3ria do Aeroporto Internacional de Salvador.","og_url":"https:\/\/brasilnoticias.org\/site\/saiba-quem-sao-os-jovens-mortos-por-traficantes-em-salvador-apos-entrarem-em-rua-errada\/","og_site_name":"Brasil not\u00edcias","article_published_time":"2022-10-05T12:39:04+00:00","og_image":[{"width":800,"height":400,"url":"https:\/\/brasilnoticias.org\/site\/wp-content\/uploads\/2022\/10\/jovens_mortos_traficantes_salvador_planeta_dos_macacos_salvador_widelg-1.jpg","type":"image\/jpeg"}],"author":"Reda\u00e7\u00e3o","twitter_card":"summary_large_image","twitter_misc":{"Escrito por":"Reda\u00e7\u00e3o","Tempo estimado de leitura":"2 minutos"},"schema":{"@context":"https:\/\/schema.org","@graph":[{"@type":"Article","@id":"https:\/\/brasilnoticias.org\/site\/saiba-quem-sao-os-jovens-mortos-por-traficantes-em-salvador-apos-entrarem-em-rua-errada\/#article","isPartOf":{"@id":"https:\/\/brasilnoticias.org\/site\/saiba-quem-sao-os-jovens-mortos-por-traficantes-em-salvador-apos-entrarem-em-rua-errada\/"},"author":{"name":"Reda\u00e7\u00e3o","@id":"https:\/\/brasilnoticias.org\/site\/#\/schema\/person\/f609fa847b5314f1c8b983342f34c798"},"headline":"Saiba quem s\u00e3o os jovens mortos por traficantes em Salvador ap\u00f3s entrarem em &#8216;rua errada&#8217;","datePublished":"2022-10-05T12:39:04+00:00","mainEntityOfPage":{"@id":"https:\/\/brasilnoticias.org\/site\/saiba-quem-sao-os-jovens-mortos-por-traficantes-em-salvador-apos-entrarem-em-rua-errada\/"},"wordCount":490,"commentCount":0,"publisher":{"@id":"https:\/\/brasilnoticias.org\/site\/#organization"},"image":{"@id":"https:\/\/brasilnoticias.org\/site\/saiba-quem-sao-os-jovens-mortos-por-traficantes-em-salvador-apos-entrarem-em-rua-errada\/#primaryimage"},"thumbnailUrl":"https:\/\/brasilnoticias.org\/site\/wp-content\/uploads\/2022\/10\/jovens_mortos_traficantes_salvador_planeta_dos_macacos_salvador_widelg-1.jpg","articleSection":["Pol\u00edcia","\u00daltimas"],"inLanguage":"pt-PT","potentialAction":[{"@type":"CommentAction","name":"Comment","target":["https:\/\/brasilnoticias.org\/site\/saiba-quem-sao-os-jovens-mortos-por-traficantes-em-salvador-apos-entrarem-em-rua-errada\/#respond"]}]},{"@type":"WebPage","@id":"https:\/\/brasilnoticias.org\/site\/saiba-quem-sao-os-jovens-mortos-por-traficantes-em-salvador-apos-entrarem-em-rua-errada\/","url":"https:\/\/brasilnoticias.org\/site\/saiba-quem-sao-os-jovens-mortos-por-traficantes-em-salvador-apos-entrarem-em-rua-errada\/","name":"Saiba quem s\u00e3o os jovens mortos por traficantes em Salvador ap\u00f3s entrarem em 'rua errada' - Brasil not\u00edcias","isPartOf":{"@id":"https:\/\/brasilnoticias.org\/site\/#website"},"primaryImageOfPage":{"@id":"https:\/\/brasilnoticias.org\/site\/saiba-quem-sao-os-jovens-mortos-por-traficantes-em-salvador-apos-entrarem-em-rua-errada\/#primaryimage"},"image":{"@id":"https:\/\/brasilnoticias.org\/site\/saiba-quem-sao-os-jovens-mortos-por-traficantes-em-salvador-apos-entrarem-em-rua-errada\/#primaryimage"},"thumbnailUrl":"https:\/\/brasilnoticias.org\/site\/wp-content\/uploads\/2022\/10\/jovens_mortos_traficantes_salvador_planeta_dos_macacos_salvador_widelg-1.jpg","datePublished":"2022-10-05T12:39:04+00:00","breadcrumb":{"@id":"https:\/\/brasilnoticias.org\/site\/saiba-quem-sao-os-jovens-mortos-por-traficantes-em-salvador-apos-entrarem-em-rua-errada\/#breadcrumb"},"inLanguage":"pt-PT","potentialAction":[{"@type":"ReadAction","target":["https:\/\/brasilnoticias.org\/site\/saiba-quem-sao-os-jovens-mortos-por-traficantes-em-salvador-apos-entrarem-em-rua-errada\/"]}]},{"@type":"ImageObject","inLanguage":"pt-PT","@id":"https:\/\/brasilnoticias.org\/site\/saiba-quem-sao-os-jovens-mortos-por-traficantes-em-salvador-apos-entrarem-em-rua-errada\/#primaryimage","url":"https:\/\/brasilnoticias.org\/site\/wp-content\/uploads\/2022\/10\/jovens_mortos_traficantes_salvador_planeta_dos_macacos_salvador_widelg-1.jpg","contentUrl":"https:\/\/brasilnoticias.org\/site\/wp-content\/uploads\/2022\/10\/jovens_mortos_traficantes_salvador_planeta_dos_macacos_salvador_widelg-1.jpg","width":800,"height":400},{"@type":"BreadcrumbList","@id":"https:\/\/brasilnoticias.org\/site\/saiba-quem-sao-os-jovens-mortos-por-traficantes-em-salvador-apos-entrarem-em-rua-errada\/#breadcrumb","itemListElement":[{"@type":"ListItem","position":1,"name":"In\u00edcio","item":"https:\/\/brasilnoticias.org\/site\/"},{"@type":"ListItem","position":2,"name":"Saiba quem s\u00e3o os jovens mortos por traficantes em Salvador ap\u00f3s entrarem em &#8216;rua errada&#8217;"}]},{"@type":"WebSite","@id":"https:\/\/brasilnoticias.org\/site\/#website","url":"https:\/\/brasilnoticias.org\/site\/","name":"Brasil not\u00edcias","description":"Brasil not\u00edcias","publisher":{"@id":"https:\/\/brasilnoticias.org\/site\/#organization"},"potentialAction":[{"@type":"SearchAction","target":{"@type":"EntryPoint","urlTemplate":"https:\/\/brasilnoticias.org\/site\/?s={search_term_string}"},"query-input":{"@type":"PropertyValueSpecification","valueRequired":true,"valueName":"search_term_string"}}],"inLanguage":"pt-PT"},{"@type":"Organization","@id":"https:\/\/brasilnoticias.org\/site\/#organization","name":"Brasil not\u00edcias","url":"https:\/\/brasilnoticias.org\/site\/","logo":{"@type":"ImageObject","inLanguage":"pt-PT","@id":"https:\/\/brasilnoticias.org\/site\/#\/schema\/logo\/image\/","url":"https:\/\/brasilnoticias.org\/site\/wp-content\/uploads\/2022\/05\/cropped-brasilnoticias-mini.jpg","contentUrl":"https:\/\/brasilnoticias.org\/site\/wp-content\/uploads\/2022\/05\/cropped-brasilnoticias-mini.jpg","width":314,"height":86,"caption":"Brasil not\u00edcias"},"image":{"@id":"https:\/\/brasilnoticias.org\/site\/#\/schema\/logo\/image\/"}},{"@type":"Person","@id":"https:\/\/brasilnoticias.org\/site\/#\/schema\/person\/f609fa847b5314f1c8b983342f34c798","name":"Reda\u00e7\u00e3o","image":{"@type":"ImageObject","inLanguage":"pt-PT","@id":"https:\/\/brasilnoticias.org\/site\/#\/schema\/person\/image\/","url":"https:\/\/secure.gravatar.com\/avatar\/447284c06c1ad8b46465a36de9cd0d8326b73387a22799b8b1ffb1fbcff2ed0c?s=96&d=mm&r=g","contentUrl":"https:\/\/secure.gravatar.com\/avatar\/447284c06c1ad8b46465a36de9cd0d8326b73387a22799b8b1ffb1fbcff2ed0c?s=96&d=mm&r=g","caption":"Reda\u00e7\u00e3o"},"url":"https:\/\/brasilnoticias.org\/site\/author\/redacao\/"}]}},"_links":{"self":[{"href":"https:\/\/brasilnoticias.org\/site\/wp-json\/wp\/v2\/posts\/1639","targetHints":{"allow":["GET"]}}],"collection":[{"href":"https:\/\/brasilnoticias.org\/site\/wp-json\/wp\/v2\/posts"}],"about":[{"href":"https:\/\/brasilnoticias.org\/site\/wp-json\/wp\/v2\/types\/post"}],"author":[{"embeddable":true,"href":"https:\/\/brasilnoticias.org\/site\/wp-json\/wp\/v2\/users\/2"}],"replies":[{"embeddable":true,"href":"https:\/\/brasilnoticias.org\/site\/wp-json\/wp\/v2\/comments?post=1639"}],"version-history":[{"count":1,"href":"https:\/\/brasilnoticias.org\/site\/wp-json\/wp\/v2\/posts\/1639\/revisions"}],"predecessor-version":[{"id":1642,"href":"https:\/\/brasilnoticias.org\/site\/wp-json\/wp\/v2\/posts\/1639\/revisions\/1642"}],"wp:featuredmedia":[{"embeddable":true,"href":"https:\/\/brasilnoticias.org\/site\/wp-json\/wp\/v2\/media\/1641"}],"wp:attachment":[{"href":"https:\/\/brasilnoticias.org\/site\/wp-json\/wp\/v2\/media?parent=1639"}],"wp:term":[{"taxonomy":"category","embeddable":true,"href":"https:\/\/brasilnoticias.org\/site\/wp-json\/wp\/v2\/categories?post=1639"},{"taxonomy":"post_tag","embeddable":true,"href":"https:\/\/brasilnoticias.org\/site\/wp-json\/wp\/v2\/tags?post=1639"}],"curies":[{"name":"wp","href":"https:\/\/api.w.org\/{rel}","templated":true}]}}