{"id":16411,"date":"2024-11-26T13:45:28","date_gmt":"2024-11-26T16:45:28","guid":{"rendered":"https:\/\/brasilnoticias.org\/site\/?p=16411"},"modified":"2024-11-26T13:45:28","modified_gmt":"2024-11-26T16:45:28","slug":"faculdade-de-arquitetura-da-ufba-reabre-modulo-iansa","status":"publish","type":"post","link":"https:\/\/brasilnoticias.org\/site\/faculdade-de-arquitetura-da-ufba-reabre-modulo-iansa\/","title":{"rendered":"Faculdade de Arquitetura da UFBA reabre M\u00f3dulo Ians\u00e3"},"content":{"rendered":"<p>A programa\u00e7\u00e3o especial contar\u00e1 com uma s\u00e9rie de atividades sobre o legado de Lel\u00e9<\/p>\n<p>O M\u00f3dulo Ians\u00e3, novo Laborat\u00f3rio de Constru\u00e7\u00e3o da Faculdade de Arquitetura da Ufba (Universidade Federal da Bahia), ser\u00e1 reaberto no pr\u00f3ximo dia 4 de dezembro. A reinaugura\u00e7\u00e3o faz parte das comemora\u00e7\u00f5es dos 65 anos da escola, que \u00e9 um projeto do arquiteto Jo\u00e3o Filgueiras Lima, o Lel\u00e9.<\/p>\n<p>A programa\u00e7\u00e3o especial ser\u00e1 iniciada \u00e0s 11h, com a cerim\u00f4nia de abertura e um caruru no Ateli\u00ea E. \u00c0 tarde, al\u00e9m da apresenta\u00e7\u00e3o do projeto do Ians\u00e3 com os professores Fernando Minho, Edson Fernandes, Sergio Ekerman, Ceila Cardoso, haver\u00e1 uma s\u00e9rie de atividades sobre o legado de Lel\u00e9.<\/p>\n<p>Constru\u00eddo em 1988 para sediar a p\u00f3s-gradua\u00e7\u00e3o da Faculdade de Arquitetura, o m\u00f3dulo foi constru\u00eddo com o sistema da \u201cescola de dois pisos\u201d em argamassa armada. A recupera\u00e7\u00e3o, que substituiu parte da cobertura e das instala\u00e7\u00f5es el\u00e9tricas, foi iniciada no ano passado.<\/p>\n<p>Confira a programa\u00e7\u00e3o da reabertura:<\/p>\n<p>11:00h &#8211; cerim\u00f4nia de reabertura \u2013 M\u00f3dulo Ians\u00e3<\/p>\n<p>12:45h \u2013 caruru \u2013 Ateli\u00ea E<\/p>\n<p>14:00h \u00e0s 17:30h &#8211; mesa redonda \u2013 Audit\u00f3rio Am\u00e9rico Simas Filho<\/p>\n<p>M\u00f3dulo Ians\u00e3: experi\u00eancias construtivas na FAUFBA e a preserva\u00e7\u00e3o do legado de Jo\u00e3o Filgueiras Lima.<\/p>\n<p>14:00 \u00e0s 14:20h &#8211; Apresenta\u00e7\u00e3o do projeto\/processo de recupera\u00e7\u00e3o do Ians\u00e3<br \/>\nFernando Minho, Edson Fernandes, Sergio Ekerman, Ceila Cardoso;<\/p>\n<p>\u206014:25 \u00e0s 14:45h &#8211; Apresenta\u00e7\u00e3o do Projeto do Laborat\u00f3rio de Constru\u00e7\u00e3o e Canteiro experimental da FAUFBA<br \/>\nAkemi Tahara, Daniel Marostegan, Marcus Bernardo, Cl\u00e9ber Marinho, Gei Rios;<\/p>\n<p>14:50 \u00e0s 15:10h &#8211; Apresenta\u00e7\u00e3o do projeto do Centro de Inova\u00e7\u00e3o em Tecnologia<br \/>\nF\u00e1bio Velame, Fernando Minho e demais professores;<\/p>\n<p>15:10 \u00e0s 15:30 \u2013 intervalo<\/p>\n<p>15:30 \u00e0s 15:50h &#8211; O legado de Lel\u00e9 em pesquisas internacionais<br \/>\nPatricia Guaita \u2013 EPFL (online) e Sergio Ekerman;<\/p>\n<p>16:00 \u00e0s 16:40h &#8211; O legado de Lel\u00e9 em pesquisas no Brasil<br \/>\nGrupo FABER e convidados<br \/>\nDivulga\u00e7\u00e3o de publica\u00e7\u00f5es;<\/p>\n<p>16:45 \u00e0s 17:30h &#8211; Pela preserva\u00e7\u00e3o da obra de Jo\u00e3o Filgueiras Lima<br \/>\nMesa institucional.<\/p>\n<p>Foto: Reprodu\u00e7\u00e3o\/UFBA<br \/>\nPor: Metro1<\/p>\n","protected":false},"excerpt":{"rendered":"<p>A programa\u00e7\u00e3o especial contar\u00e1 com uma s\u00e9rie de atividades sobre o legado de Lel\u00e9 O M\u00f3dulo Ians\u00e3, novo Laborat\u00f3rio de<\/p>\n","protected":false},"author":4,"featured_media":16412,"comment_status":"open","ping_status":"open","sticky":false,"template":"","format":"standard","meta":{"colormag_page_container_layout":"default_layout","colormag_page_sidebar_layout":"default_layout","_FSMCFIC_featured_image_caption":"","_FSMCFIC_featured_image_nocaption":"","_FSMCFIC_featured_image_hide":"","footnotes":""},"categories":[2,1],"tags":[],"class_list":["post-16411","post","type-post","status-publish","format-standard","has-post-thumbnail","hentry","category-noticias","category-ultimas"],"yoast_head":"<!-- This site is optimized with the Yoast SEO plugin v27.1.1 - https:\/\/yoast.com\/product\/yoast-seo-wordpress\/ -->\n<title>Faculdade de Arquitetura da UFBA reabre M\u00f3dulo Ians\u00e3 - Brasil not\u00edcias<\/title>\n<meta name=\"robots\" content=\"index, follow, max-snippet:-1, max-image-preview:large, max-video-preview:-1\" \/>\n<link rel=\"canonical\" href=\"https:\/\/brasilnoticias.org\/site\/faculdade-de-arquitetura-da-ufba-reabre-modulo-iansa\/\" \/>\n<meta property=\"og:locale\" content=\"pt_PT\" \/>\n<meta property=\"og:type\" content=\"article\" \/>\n<meta property=\"og:title\" content=\"Faculdade de Arquitetura da UFBA reabre M\u00f3dulo Ians\u00e3 - Brasil not\u00edcias\" \/>\n<meta property=\"og:description\" content=\"A programa\u00e7\u00e3o especial contar\u00e1 com uma s\u00e9rie de atividades sobre o legado de Lel\u00e9 O M\u00f3dulo Ians\u00e3, novo Laborat\u00f3rio de\" \/>\n<meta property=\"og:url\" content=\"https:\/\/brasilnoticias.org\/site\/faculdade-de-arquitetura-da-ufba-reabre-modulo-iansa\/\" \/>\n<meta property=\"og:site_name\" content=\"Brasil not\u00edcias\" \/>\n<meta property=\"article:published_time\" content=\"2024-11-26T16:45:28+00:00\" \/>\n<meta property=\"og:image\" content=\"https:\/\/brasilnoticias.org\/site\/wp-content\/uploads\/2024\/11\/158230faculdade-de-arquitetura-da-ufba-reabre-modulo-iansa-3.jpg\" \/>\n\t<meta property=\"og:image:width\" content=\"1600\" \/>\n\t<meta property=\"og:image:height\" content=\"752\" \/>\n\t<meta property=\"og:image:type\" content=\"image\/jpeg\" \/>\n<meta name=\"author\" content=\"Reda\u00e7\u00e3o\" \/>\n<meta name=\"twitter:card\" content=\"summary_large_image\" \/>\n<meta name=\"twitter:label1\" content=\"Escrito por\" \/>\n\t<meta name=\"twitter:data1\" content=\"Reda\u00e7\u00e3o\" \/>\n\t<meta name=\"twitter:label2\" content=\"Tempo estimado de leitura\" \/>\n\t<meta name=\"twitter:data2\" content=\"1 minuto\" \/>\n<script type=\"application\/ld+json\" class=\"yoast-schema-graph\">{\"@context\":\"https:\/\/schema.org\",\"@graph\":[{\"@type\":\"Article\",\"@id\":\"https:\/\/brasilnoticias.org\/site\/faculdade-de-arquitetura-da-ufba-reabre-modulo-iansa\/#article\",\"isPartOf\":{\"@id\":\"https:\/\/brasilnoticias.org\/site\/faculdade-de-arquitetura-da-ufba-reabre-modulo-iansa\/\"},\"author\":{\"name\":\"Reda\u00e7\u00e3o\",\"@id\":\"https:\/\/brasilnoticias.org\/site\/#\/schema\/person\/03bbbfe6c7634ad18c26444ea39049fa\"},\"headline\":\"Faculdade de Arquitetura da UFBA reabre M\u00f3dulo Ians\u00e3\",\"datePublished\":\"2024-11-26T16:45:28+00:00\",\"mainEntityOfPage\":{\"@id\":\"https:\/\/brasilnoticias.org\/site\/faculdade-de-arquitetura-da-ufba-reabre-modulo-iansa\/\"},\"wordCount\":359,\"commentCount\":0,\"publisher\":{\"@id\":\"https:\/\/brasilnoticias.org\/site\/#organization\"},\"image\":{\"@id\":\"https:\/\/brasilnoticias.org\/site\/faculdade-de-arquitetura-da-ufba-reabre-modulo-iansa\/#primaryimage\"},\"thumbnailUrl\":\"https:\/\/brasilnoticias.org\/site\/wp-content\/uploads\/2024\/11\/158230faculdade-de-arquitetura-da-ufba-reabre-modulo-iansa-3.jpg\",\"articleSection\":[\"Not\u00edcias\",\"\u00daltimas\"],\"inLanguage\":\"pt-PT\",\"potentialAction\":[{\"@type\":\"CommentAction\",\"name\":\"Comment\",\"target\":[\"https:\/\/brasilnoticias.org\/site\/faculdade-de-arquitetura-da-ufba-reabre-modulo-iansa\/#respond\"]}]},{\"@type\":\"WebPage\",\"@id\":\"https:\/\/brasilnoticias.org\/site\/faculdade-de-arquitetura-da-ufba-reabre-modulo-iansa\/\",\"url\":\"https:\/\/brasilnoticias.org\/site\/faculdade-de-arquitetura-da-ufba-reabre-modulo-iansa\/\",\"name\":\"Faculdade de Arquitetura da UFBA reabre M\u00f3dulo Ians\u00e3 - Brasil not\u00edcias\",\"isPartOf\":{\"@id\":\"https:\/\/brasilnoticias.org\/site\/#website\"},\"primaryImageOfPage\":{\"@id\":\"https:\/\/brasilnoticias.org\/site\/faculdade-de-arquitetura-da-ufba-reabre-modulo-iansa\/#primaryimage\"},\"image\":{\"@id\":\"https:\/\/brasilnoticias.org\/site\/faculdade-de-arquitetura-da-ufba-reabre-modulo-iansa\/#primaryimage\"},\"thumbnailUrl\":\"https:\/\/brasilnoticias.org\/site\/wp-content\/uploads\/2024\/11\/158230faculdade-de-arquitetura-da-ufba-reabre-modulo-iansa-3.jpg\",\"datePublished\":\"2024-11-26T16:45:28+00:00\",\"breadcrumb\":{\"@id\":\"https:\/\/brasilnoticias.org\/site\/faculdade-de-arquitetura-da-ufba-reabre-modulo-iansa\/#breadcrumb\"},\"inLanguage\":\"pt-PT\",\"potentialAction\":[{\"@type\":\"ReadAction\",\"target\":[\"https:\/\/brasilnoticias.org\/site\/faculdade-de-arquitetura-da-ufba-reabre-modulo-iansa\/\"]}]},{\"@type\":\"ImageObject\",\"inLanguage\":\"pt-PT\",\"@id\":\"https:\/\/brasilnoticias.org\/site\/faculdade-de-arquitetura-da-ufba-reabre-modulo-iansa\/#primaryimage\",\"url\":\"https:\/\/brasilnoticias.org\/site\/wp-content\/uploads\/2024\/11\/158230faculdade-de-arquitetura-da-ufba-reabre-modulo-iansa-3.jpg\",\"contentUrl\":\"https:\/\/brasilnoticias.org\/site\/wp-content\/uploads\/2024\/11\/158230faculdade-de-arquitetura-da-ufba-reabre-modulo-iansa-3.jpg\",\"width\":1600,\"height\":752},{\"@type\":\"BreadcrumbList\",\"@id\":\"https:\/\/brasilnoticias.org\/site\/faculdade-de-arquitetura-da-ufba-reabre-modulo-iansa\/#breadcrumb\",\"itemListElement\":[{\"@type\":\"ListItem\",\"position\":1,\"name\":\"In\u00edcio\",\"item\":\"https:\/\/brasilnoticias.org\/site\/\"},{\"@type\":\"ListItem\",\"position\":2,\"name\":\"Faculdade de Arquitetura da UFBA reabre M\u00f3dulo Ians\u00e3\"}]},{\"@type\":\"WebSite\",\"@id\":\"https:\/\/brasilnoticias.org\/site\/#website\",\"url\":\"https:\/\/brasilnoticias.org\/site\/\",\"name\":\"Brasil not\u00edcias\",\"description\":\"Brasil not\u00edcias\",\"publisher\":{\"@id\":\"https:\/\/brasilnoticias.org\/site\/#organization\"},\"potentialAction\":[{\"@type\":\"SearchAction\",\"target\":{\"@type\":\"EntryPoint\",\"urlTemplate\":\"https:\/\/brasilnoticias.org\/site\/?s={search_term_string}\"},\"query-input\":{\"@type\":\"PropertyValueSpecification\",\"valueRequired\":true,\"valueName\":\"search_term_string\"}}],\"inLanguage\":\"pt-PT\"},{\"@type\":\"Organization\",\"@id\":\"https:\/\/brasilnoticias.org\/site\/#organization\",\"name\":\"Brasil not\u00edcias\",\"url\":\"https:\/\/brasilnoticias.org\/site\/\",\"logo\":{\"@type\":\"ImageObject\",\"inLanguage\":\"pt-PT\",\"@id\":\"https:\/\/brasilnoticias.org\/site\/#\/schema\/logo\/image\/\",\"url\":\"https:\/\/brasilnoticias.org\/site\/wp-content\/uploads\/2022\/05\/cropped-brasilnoticias-mini.jpg\",\"contentUrl\":\"https:\/\/brasilnoticias.org\/site\/wp-content\/uploads\/2022\/05\/cropped-brasilnoticias-mini.jpg\",\"width\":314,\"height\":86,\"caption\":\"Brasil not\u00edcias\"},\"image\":{\"@id\":\"https:\/\/brasilnoticias.org\/site\/#\/schema\/logo\/image\/\"}},{\"@type\":\"Person\",\"@id\":\"https:\/\/brasilnoticias.org\/site\/#\/schema\/person\/03bbbfe6c7634ad18c26444ea39049fa\",\"name\":\"Reda\u00e7\u00e3o\",\"image\":{\"@type\":\"ImageObject\",\"inLanguage\":\"pt-PT\",\"@id\":\"https:\/\/brasilnoticias.org\/site\/#\/schema\/person\/image\/\",\"url\":\"https:\/\/secure.gravatar.com\/avatar\/9ecaf7327a696cb23ad926fedded5f1f04d7049de9e445375d55b48c001a6e42?s=96&d=mm&r=g\",\"contentUrl\":\"https:\/\/secure.gravatar.com\/avatar\/9ecaf7327a696cb23ad926fedded5f1f04d7049de9e445375d55b48c001a6e42?s=96&d=mm&r=g\",\"caption\":\"Reda\u00e7\u00e3o\"},\"url\":\"https:\/\/brasilnoticias.org\/site\/author\/henrique\/\"}]}<\/script>\n<!-- \/ Yoast SEO plugin. -->","yoast_head_json":{"title":"Faculdade de Arquitetura da UFBA reabre M\u00f3dulo Ians\u00e3 - Brasil not\u00edcias","robots":{"index":"index","follow":"follow","max-snippet":"max-snippet:-1","max-image-preview":"max-image-preview:large","max-video-preview":"max-video-preview:-1"},"canonical":"https:\/\/brasilnoticias.org\/site\/faculdade-de-arquitetura-da-ufba-reabre-modulo-iansa\/","og_locale":"pt_PT","og_type":"article","og_title":"Faculdade de Arquitetura da UFBA reabre M\u00f3dulo Ians\u00e3 - Brasil not\u00edcias","og_description":"A programa\u00e7\u00e3o especial contar\u00e1 com uma s\u00e9rie de atividades sobre o legado de Lel\u00e9 O M\u00f3dulo Ians\u00e3, novo Laborat\u00f3rio de","og_url":"https:\/\/brasilnoticias.org\/site\/faculdade-de-arquitetura-da-ufba-reabre-modulo-iansa\/","og_site_name":"Brasil not\u00edcias","article_published_time":"2024-11-26T16:45:28+00:00","og_image":[{"width":1600,"height":752,"url":"https:\/\/brasilnoticias.org\/site\/wp-content\/uploads\/2024\/11\/158230faculdade-de-arquitetura-da-ufba-reabre-modulo-iansa-3.jpg","type":"image\/jpeg"}],"author":"Reda\u00e7\u00e3o","twitter_card":"summary_large_image","twitter_misc":{"Escrito por":"Reda\u00e7\u00e3o","Tempo estimado de leitura":"1 minuto"},"schema":{"@context":"https:\/\/schema.org","@graph":[{"@type":"Article","@id":"https:\/\/brasilnoticias.org\/site\/faculdade-de-arquitetura-da-ufba-reabre-modulo-iansa\/#article","isPartOf":{"@id":"https:\/\/brasilnoticias.org\/site\/faculdade-de-arquitetura-da-ufba-reabre-modulo-iansa\/"},"author":{"name":"Reda\u00e7\u00e3o","@id":"https:\/\/brasilnoticias.org\/site\/#\/schema\/person\/03bbbfe6c7634ad18c26444ea39049fa"},"headline":"Faculdade de Arquitetura da UFBA reabre M\u00f3dulo Ians\u00e3","datePublished":"2024-11-26T16:45:28+00:00","mainEntityOfPage":{"@id":"https:\/\/brasilnoticias.org\/site\/faculdade-de-arquitetura-da-ufba-reabre-modulo-iansa\/"},"wordCount":359,"commentCount":0,"publisher":{"@id":"https:\/\/brasilnoticias.org\/site\/#organization"},"image":{"@id":"https:\/\/brasilnoticias.org\/site\/faculdade-de-arquitetura-da-ufba-reabre-modulo-iansa\/#primaryimage"},"thumbnailUrl":"https:\/\/brasilnoticias.org\/site\/wp-content\/uploads\/2024\/11\/158230faculdade-de-arquitetura-da-ufba-reabre-modulo-iansa-3.jpg","articleSection":["Not\u00edcias","\u00daltimas"],"inLanguage":"pt-PT","potentialAction":[{"@type":"CommentAction","name":"Comment","target":["https:\/\/brasilnoticias.org\/site\/faculdade-de-arquitetura-da-ufba-reabre-modulo-iansa\/#respond"]}]},{"@type":"WebPage","@id":"https:\/\/brasilnoticias.org\/site\/faculdade-de-arquitetura-da-ufba-reabre-modulo-iansa\/","url":"https:\/\/brasilnoticias.org\/site\/faculdade-de-arquitetura-da-ufba-reabre-modulo-iansa\/","name":"Faculdade de Arquitetura da UFBA reabre M\u00f3dulo Ians\u00e3 - Brasil not\u00edcias","isPartOf":{"@id":"https:\/\/brasilnoticias.org\/site\/#website"},"primaryImageOfPage":{"@id":"https:\/\/brasilnoticias.org\/site\/faculdade-de-arquitetura-da-ufba-reabre-modulo-iansa\/#primaryimage"},"image":{"@id":"https:\/\/brasilnoticias.org\/site\/faculdade-de-arquitetura-da-ufba-reabre-modulo-iansa\/#primaryimage"},"thumbnailUrl":"https:\/\/brasilnoticias.org\/site\/wp-content\/uploads\/2024\/11\/158230faculdade-de-arquitetura-da-ufba-reabre-modulo-iansa-3.jpg","datePublished":"2024-11-26T16:45:28+00:00","breadcrumb":{"@id":"https:\/\/brasilnoticias.org\/site\/faculdade-de-arquitetura-da-ufba-reabre-modulo-iansa\/#breadcrumb"},"inLanguage":"pt-PT","potentialAction":[{"@type":"ReadAction","target":["https:\/\/brasilnoticias.org\/site\/faculdade-de-arquitetura-da-ufba-reabre-modulo-iansa\/"]}]},{"@type":"ImageObject","inLanguage":"pt-PT","@id":"https:\/\/brasilnoticias.org\/site\/faculdade-de-arquitetura-da-ufba-reabre-modulo-iansa\/#primaryimage","url":"https:\/\/brasilnoticias.org\/site\/wp-content\/uploads\/2024\/11\/158230faculdade-de-arquitetura-da-ufba-reabre-modulo-iansa-3.jpg","contentUrl":"https:\/\/brasilnoticias.org\/site\/wp-content\/uploads\/2024\/11\/158230faculdade-de-arquitetura-da-ufba-reabre-modulo-iansa-3.jpg","width":1600,"height":752},{"@type":"BreadcrumbList","@id":"https:\/\/brasilnoticias.org\/site\/faculdade-de-arquitetura-da-ufba-reabre-modulo-iansa\/#breadcrumb","itemListElement":[{"@type":"ListItem","position":1,"name":"In\u00edcio","item":"https:\/\/brasilnoticias.org\/site\/"},{"@type":"ListItem","position":2,"name":"Faculdade de Arquitetura da UFBA reabre M\u00f3dulo Ians\u00e3"}]},{"@type":"WebSite","@id":"https:\/\/brasilnoticias.org\/site\/#website","url":"https:\/\/brasilnoticias.org\/site\/","name":"Brasil not\u00edcias","description":"Brasil not\u00edcias","publisher":{"@id":"https:\/\/brasilnoticias.org\/site\/#organization"},"potentialAction":[{"@type":"SearchAction","target":{"@type":"EntryPoint","urlTemplate":"https:\/\/brasilnoticias.org\/site\/?s={search_term_string}"},"query-input":{"@type":"PropertyValueSpecification","valueRequired":true,"valueName":"search_term_string"}}],"inLanguage":"pt-PT"},{"@type":"Organization","@id":"https:\/\/brasilnoticias.org\/site\/#organization","name":"Brasil not\u00edcias","url":"https:\/\/brasilnoticias.org\/site\/","logo":{"@type":"ImageObject","inLanguage":"pt-PT","@id":"https:\/\/brasilnoticias.org\/site\/#\/schema\/logo\/image\/","url":"https:\/\/brasilnoticias.org\/site\/wp-content\/uploads\/2022\/05\/cropped-brasilnoticias-mini.jpg","contentUrl":"https:\/\/brasilnoticias.org\/site\/wp-content\/uploads\/2022\/05\/cropped-brasilnoticias-mini.jpg","width":314,"height":86,"caption":"Brasil not\u00edcias"},"image":{"@id":"https:\/\/brasilnoticias.org\/site\/#\/schema\/logo\/image\/"}},{"@type":"Person","@id":"https:\/\/brasilnoticias.org\/site\/#\/schema\/person\/03bbbfe6c7634ad18c26444ea39049fa","name":"Reda\u00e7\u00e3o","image":{"@type":"ImageObject","inLanguage":"pt-PT","@id":"https:\/\/brasilnoticias.org\/site\/#\/schema\/person\/image\/","url":"https:\/\/secure.gravatar.com\/avatar\/9ecaf7327a696cb23ad926fedded5f1f04d7049de9e445375d55b48c001a6e42?s=96&d=mm&r=g","contentUrl":"https:\/\/secure.gravatar.com\/avatar\/9ecaf7327a696cb23ad926fedded5f1f04d7049de9e445375d55b48c001a6e42?s=96&d=mm&r=g","caption":"Reda\u00e7\u00e3o"},"url":"https:\/\/brasilnoticias.org\/site\/author\/henrique\/"}]}},"_links":{"self":[{"href":"https:\/\/brasilnoticias.org\/site\/wp-json\/wp\/v2\/posts\/16411","targetHints":{"allow":["GET"]}}],"collection":[{"href":"https:\/\/brasilnoticias.org\/site\/wp-json\/wp\/v2\/posts"}],"about":[{"href":"https:\/\/brasilnoticias.org\/site\/wp-json\/wp\/v2\/types\/post"}],"author":[{"embeddable":true,"href":"https:\/\/brasilnoticias.org\/site\/wp-json\/wp\/v2\/users\/4"}],"replies":[{"embeddable":true,"href":"https:\/\/brasilnoticias.org\/site\/wp-json\/wp\/v2\/comments?post=16411"}],"version-history":[{"count":1,"href":"https:\/\/brasilnoticias.org\/site\/wp-json\/wp\/v2\/posts\/16411\/revisions"}],"predecessor-version":[{"id":16413,"href":"https:\/\/brasilnoticias.org\/site\/wp-json\/wp\/v2\/posts\/16411\/revisions\/16413"}],"wp:featuredmedia":[{"embeddable":true,"href":"https:\/\/brasilnoticias.org\/site\/wp-json\/wp\/v2\/media\/16412"}],"wp:attachment":[{"href":"https:\/\/brasilnoticias.org\/site\/wp-json\/wp\/v2\/media?parent=16411"}],"wp:term":[{"taxonomy":"category","embeddable":true,"href":"https:\/\/brasilnoticias.org\/site\/wp-json\/wp\/v2\/categories?post=16411"},{"taxonomy":"post_tag","embeddable":true,"href":"https:\/\/brasilnoticias.org\/site\/wp-json\/wp\/v2\/tags?post=16411"}],"curies":[{"name":"wp","href":"https:\/\/api.w.org\/{rel}","templated":true}]}}