{"id":16421,"date":"2024-11-30T17:53:34","date_gmt":"2024-11-30T20:53:34","guid":{"rendered":"https:\/\/brasilnoticias.org\/site\/?p=16421"},"modified":"2024-11-30T17:53:34","modified_gmt":"2024-11-30T20:53:34","slug":"milei-diz-nao-precisar-ser-amigo-de-lula-para-fazer-acordos-com-brasil","status":"publish","type":"post","link":"https:\/\/brasilnoticias.org\/site\/milei-diz-nao-precisar-ser-amigo-de-lula-para-fazer-acordos-com-brasil\/","title":{"rendered":"Milei diz n\u00e3o precisar ser &#8216;amigo&#8217; de Lula para fazer acordos com Brasil"},"content":{"rendered":"<p>Presidente argentino concedeu entrevista para a revista brit\u00e2nica The Economist; rela\u00e7\u00e3o com o Brasil foi um dos temas abordados<\/p>\n<p>O presidente da Argentina, Javier Milei, disse em entrevista ao The Economist que n\u00e3o precisa ser amigo do presidente Lula (PT) para que o Brasil e a Argentina fa\u00e7am acordos comerciais. Durante o G20, o governo brasileiro assinou um memorando de entendimento para viabilizar a chegada de g\u00e1s argentino dos campos de Vaca Muerta ao mercado brasileiro. A assinatura ocorreu durante a c\u00fapula.<\/p>\n<p>&#8220;Meu ministro da Economia e o ministro da Economia do Brasil assinaram um acordo para ajudar a Argentina a exportar. Ent\u00e3o, quem se importa? Em outras palavras, eu n\u00e3o tenho que ser amigo do Lula&#8221;, afirmou.<\/p>\n<p>Ele ainda argumentou que &#8220;\u00e9 \u00f3timo para mim vender g\u00e1s para o Brasil&#8221;. &#8220;Quer dizer, n\u00e3o, eu n\u00e3o vou ser amigo do Lula, mas eu tenho uma responsabilidade institucional. Eu estou encarregado de defender os interesses da Argentina&#8221;, completou.<\/p>\n<p>Foto: Marcelo Camargo\/Ag\u00eancia Brasil\/Reprodu\u00e7\u00e3o\/Redes sociais<br \/>\nPor: Metro1<\/p>\n","protected":false},"excerpt":{"rendered":"<p>Presidente argentino concedeu entrevista para a revista brit\u00e2nica The Economist; rela\u00e7\u00e3o com o Brasil foi um dos temas abordados O<\/p>\n","protected":false},"author":4,"featured_media":16422,"comment_status":"open","ping_status":"open","sticky":false,"template":"","format":"standard","meta":{"colormag_page_container_layout":"default_layout","colormag_page_sidebar_layout":"default_layout","_FSMCFIC_featured_image_caption":"","_FSMCFIC_featured_image_nocaption":"","_FSMCFIC_featured_image_hide":"","footnotes":""},"categories":[5,1],"tags":[],"class_list":["post-16421","post","type-post","status-publish","format-standard","has-post-thumbnail","hentry","category-politica","category-ultimas"],"yoast_head":"<!-- This site is optimized with the Yoast SEO plugin v27.1.1 - https:\/\/yoast.com\/product\/yoast-seo-wordpress\/ -->\n<title>Milei diz n\u00e3o precisar ser &#039;amigo&#039; de Lula para fazer acordos com Brasil - Brasil not\u00edcias<\/title>\n<meta name=\"robots\" content=\"index, follow, max-snippet:-1, max-image-preview:large, max-video-preview:-1\" \/>\n<link rel=\"canonical\" href=\"https:\/\/brasilnoticias.org\/site\/milei-diz-nao-precisar-ser-amigo-de-lula-para-fazer-acordos-com-brasil\/\" \/>\n<meta property=\"og:locale\" content=\"pt_PT\" \/>\n<meta property=\"og:type\" content=\"article\" \/>\n<meta property=\"og:title\" content=\"Milei diz n\u00e3o precisar ser &#039;amigo&#039; de Lula para fazer acordos com Brasil - Brasil not\u00edcias\" \/>\n<meta property=\"og:description\" content=\"Presidente argentino concedeu entrevista para a revista brit\u00e2nica The Economist; rela\u00e7\u00e3o com o Brasil foi um dos temas abordados O\" \/>\n<meta property=\"og:url\" content=\"https:\/\/brasilnoticias.org\/site\/milei-diz-nao-precisar-ser-amigo-de-lula-para-fazer-acordos-com-brasil\/\" \/>\n<meta property=\"og:site_name\" content=\"Brasil not\u00edcias\" \/>\n<meta property=\"article:published_time\" content=\"2024-11-30T20:53:34+00:00\" \/>\n<meta property=\"og:image\" content=\"https:\/\/brasilnoticias.org\/site\/wp-content\/uploads\/2024\/11\/158407milei-diz-nao-precisar-ser-amigo-de-lula-para-fazer-acordos-com-brasil-3.jpg\" \/>\n\t<meta property=\"og:image:width\" content=\"1600\" \/>\n\t<meta property=\"og:image:height\" content=\"752\" \/>\n\t<meta property=\"og:image:type\" content=\"image\/jpeg\" \/>\n<meta name=\"author\" content=\"Reda\u00e7\u00e3o\" \/>\n<meta name=\"twitter:card\" content=\"summary_large_image\" \/>\n<meta name=\"twitter:label1\" content=\"Escrito por\" \/>\n\t<meta name=\"twitter:data1\" content=\"Reda\u00e7\u00e3o\" \/>\n<script type=\"application\/ld+json\" class=\"yoast-schema-graph\">{\"@context\":\"https:\/\/schema.org\",\"@graph\":[{\"@type\":\"Article\",\"@id\":\"https:\/\/brasilnoticias.org\/site\/milei-diz-nao-precisar-ser-amigo-de-lula-para-fazer-acordos-com-brasil\/#article\",\"isPartOf\":{\"@id\":\"https:\/\/brasilnoticias.org\/site\/milei-diz-nao-precisar-ser-amigo-de-lula-para-fazer-acordos-com-brasil\/\"},\"author\":{\"name\":\"Reda\u00e7\u00e3o\",\"@id\":\"https:\/\/brasilnoticias.org\/site\/#\/schema\/person\/03bbbfe6c7634ad18c26444ea39049fa\"},\"headline\":\"Milei diz n\u00e3o precisar ser &#8216;amigo&#8217; de Lula para fazer acordos com Brasil\",\"datePublished\":\"2024-11-30T20:53:34+00:00\",\"mainEntityOfPage\":{\"@id\":\"https:\/\/brasilnoticias.org\/site\/milei-diz-nao-precisar-ser-amigo-de-lula-para-fazer-acordos-com-brasil\/\"},\"wordCount\":193,\"commentCount\":0,\"publisher\":{\"@id\":\"https:\/\/brasilnoticias.org\/site\/#organization\"},\"image\":{\"@id\":\"https:\/\/brasilnoticias.org\/site\/milei-diz-nao-precisar-ser-amigo-de-lula-para-fazer-acordos-com-brasil\/#primaryimage\"},\"thumbnailUrl\":\"https:\/\/brasilnoticias.org\/site\/wp-content\/uploads\/2024\/11\/158407milei-diz-nao-precisar-ser-amigo-de-lula-para-fazer-acordos-com-brasil-3.jpg\",\"articleSection\":[\"Pol\u00edtica\",\"\u00daltimas\"],\"inLanguage\":\"pt-PT\",\"potentialAction\":[{\"@type\":\"CommentAction\",\"name\":\"Comment\",\"target\":[\"https:\/\/brasilnoticias.org\/site\/milei-diz-nao-precisar-ser-amigo-de-lula-para-fazer-acordos-com-brasil\/#respond\"]}]},{\"@type\":\"WebPage\",\"@id\":\"https:\/\/brasilnoticias.org\/site\/milei-diz-nao-precisar-ser-amigo-de-lula-para-fazer-acordos-com-brasil\/\",\"url\":\"https:\/\/brasilnoticias.org\/site\/milei-diz-nao-precisar-ser-amigo-de-lula-para-fazer-acordos-com-brasil\/\",\"name\":\"Milei diz n\u00e3o precisar ser 'amigo' de Lula para fazer acordos com Brasil - Brasil not\u00edcias\",\"isPartOf\":{\"@id\":\"https:\/\/brasilnoticias.org\/site\/#website\"},\"primaryImageOfPage\":{\"@id\":\"https:\/\/brasilnoticias.org\/site\/milei-diz-nao-precisar-ser-amigo-de-lula-para-fazer-acordos-com-brasil\/#primaryimage\"},\"image\":{\"@id\":\"https:\/\/brasilnoticias.org\/site\/milei-diz-nao-precisar-ser-amigo-de-lula-para-fazer-acordos-com-brasil\/#primaryimage\"},\"thumbnailUrl\":\"https:\/\/brasilnoticias.org\/site\/wp-content\/uploads\/2024\/11\/158407milei-diz-nao-precisar-ser-amigo-de-lula-para-fazer-acordos-com-brasil-3.jpg\",\"datePublished\":\"2024-11-30T20:53:34+00:00\",\"breadcrumb\":{\"@id\":\"https:\/\/brasilnoticias.org\/site\/milei-diz-nao-precisar-ser-amigo-de-lula-para-fazer-acordos-com-brasil\/#breadcrumb\"},\"inLanguage\":\"pt-PT\",\"potentialAction\":[{\"@type\":\"ReadAction\",\"target\":[\"https:\/\/brasilnoticias.org\/site\/milei-diz-nao-precisar-ser-amigo-de-lula-para-fazer-acordos-com-brasil\/\"]}]},{\"@type\":\"ImageObject\",\"inLanguage\":\"pt-PT\",\"@id\":\"https:\/\/brasilnoticias.org\/site\/milei-diz-nao-precisar-ser-amigo-de-lula-para-fazer-acordos-com-brasil\/#primaryimage\",\"url\":\"https:\/\/brasilnoticias.org\/site\/wp-content\/uploads\/2024\/11\/158407milei-diz-nao-precisar-ser-amigo-de-lula-para-fazer-acordos-com-brasil-3.jpg\",\"contentUrl\":\"https:\/\/brasilnoticias.org\/site\/wp-content\/uploads\/2024\/11\/158407milei-diz-nao-precisar-ser-amigo-de-lula-para-fazer-acordos-com-brasil-3.jpg\",\"width\":1600,\"height\":752},{\"@type\":\"BreadcrumbList\",\"@id\":\"https:\/\/brasilnoticias.org\/site\/milei-diz-nao-precisar-ser-amigo-de-lula-para-fazer-acordos-com-brasil\/#breadcrumb\",\"itemListElement\":[{\"@type\":\"ListItem\",\"position\":1,\"name\":\"In\u00edcio\",\"item\":\"https:\/\/brasilnoticias.org\/site\/\"},{\"@type\":\"ListItem\",\"position\":2,\"name\":\"Milei diz n\u00e3o precisar ser &#8216;amigo&#8217; de Lula para fazer acordos com Brasil\"}]},{\"@type\":\"WebSite\",\"@id\":\"https:\/\/brasilnoticias.org\/site\/#website\",\"url\":\"https:\/\/brasilnoticias.org\/site\/\",\"name\":\"Brasil not\u00edcias\",\"description\":\"Brasil not\u00edcias\",\"publisher\":{\"@id\":\"https:\/\/brasilnoticias.org\/site\/#organization\"},\"potentialAction\":[{\"@type\":\"SearchAction\",\"target\":{\"@type\":\"EntryPoint\",\"urlTemplate\":\"https:\/\/brasilnoticias.org\/site\/?s={search_term_string}\"},\"query-input\":{\"@type\":\"PropertyValueSpecification\",\"valueRequired\":true,\"valueName\":\"search_term_string\"}}],\"inLanguage\":\"pt-PT\"},{\"@type\":\"Organization\",\"@id\":\"https:\/\/brasilnoticias.org\/site\/#organization\",\"name\":\"Brasil not\u00edcias\",\"url\":\"https:\/\/brasilnoticias.org\/site\/\",\"logo\":{\"@type\":\"ImageObject\",\"inLanguage\":\"pt-PT\",\"@id\":\"https:\/\/brasilnoticias.org\/site\/#\/schema\/logo\/image\/\",\"url\":\"https:\/\/brasilnoticias.org\/site\/wp-content\/uploads\/2022\/05\/cropped-brasilnoticias-mini.jpg\",\"contentUrl\":\"https:\/\/brasilnoticias.org\/site\/wp-content\/uploads\/2022\/05\/cropped-brasilnoticias-mini.jpg\",\"width\":314,\"height\":86,\"caption\":\"Brasil not\u00edcias\"},\"image\":{\"@id\":\"https:\/\/brasilnoticias.org\/site\/#\/schema\/logo\/image\/\"}},{\"@type\":\"Person\",\"@id\":\"https:\/\/brasilnoticias.org\/site\/#\/schema\/person\/03bbbfe6c7634ad18c26444ea39049fa\",\"name\":\"Reda\u00e7\u00e3o\",\"image\":{\"@type\":\"ImageObject\",\"inLanguage\":\"pt-PT\",\"@id\":\"https:\/\/brasilnoticias.org\/site\/#\/schema\/person\/image\/\",\"url\":\"https:\/\/secure.gravatar.com\/avatar\/9ecaf7327a696cb23ad926fedded5f1f04d7049de9e445375d55b48c001a6e42?s=96&d=mm&r=g\",\"contentUrl\":\"https:\/\/secure.gravatar.com\/avatar\/9ecaf7327a696cb23ad926fedded5f1f04d7049de9e445375d55b48c001a6e42?s=96&d=mm&r=g\",\"caption\":\"Reda\u00e7\u00e3o\"},\"url\":\"https:\/\/brasilnoticias.org\/site\/author\/henrique\/\"}]}<\/script>\n<!-- \/ Yoast SEO plugin. -->","yoast_head_json":{"title":"Milei diz n\u00e3o precisar ser 'amigo' de Lula para fazer acordos com Brasil - Brasil not\u00edcias","robots":{"index":"index","follow":"follow","max-snippet":"max-snippet:-1","max-image-preview":"max-image-preview:large","max-video-preview":"max-video-preview:-1"},"canonical":"https:\/\/brasilnoticias.org\/site\/milei-diz-nao-precisar-ser-amigo-de-lula-para-fazer-acordos-com-brasil\/","og_locale":"pt_PT","og_type":"article","og_title":"Milei diz n\u00e3o precisar ser 'amigo' de Lula para fazer acordos com Brasil - Brasil not\u00edcias","og_description":"Presidente argentino concedeu entrevista para a revista brit\u00e2nica The Economist; rela\u00e7\u00e3o com o Brasil foi um dos temas abordados O","og_url":"https:\/\/brasilnoticias.org\/site\/milei-diz-nao-precisar-ser-amigo-de-lula-para-fazer-acordos-com-brasil\/","og_site_name":"Brasil not\u00edcias","article_published_time":"2024-11-30T20:53:34+00:00","og_image":[{"width":1600,"height":752,"url":"https:\/\/brasilnoticias.org\/site\/wp-content\/uploads\/2024\/11\/158407milei-diz-nao-precisar-ser-amigo-de-lula-para-fazer-acordos-com-brasil-3.jpg","type":"image\/jpeg"}],"author":"Reda\u00e7\u00e3o","twitter_card":"summary_large_image","twitter_misc":{"Escrito por":"Reda\u00e7\u00e3o"},"schema":{"@context":"https:\/\/schema.org","@graph":[{"@type":"Article","@id":"https:\/\/brasilnoticias.org\/site\/milei-diz-nao-precisar-ser-amigo-de-lula-para-fazer-acordos-com-brasil\/#article","isPartOf":{"@id":"https:\/\/brasilnoticias.org\/site\/milei-diz-nao-precisar-ser-amigo-de-lula-para-fazer-acordos-com-brasil\/"},"author":{"name":"Reda\u00e7\u00e3o","@id":"https:\/\/brasilnoticias.org\/site\/#\/schema\/person\/03bbbfe6c7634ad18c26444ea39049fa"},"headline":"Milei diz n\u00e3o precisar ser &#8216;amigo&#8217; de Lula para fazer acordos com Brasil","datePublished":"2024-11-30T20:53:34+00:00","mainEntityOfPage":{"@id":"https:\/\/brasilnoticias.org\/site\/milei-diz-nao-precisar-ser-amigo-de-lula-para-fazer-acordos-com-brasil\/"},"wordCount":193,"commentCount":0,"publisher":{"@id":"https:\/\/brasilnoticias.org\/site\/#organization"},"image":{"@id":"https:\/\/brasilnoticias.org\/site\/milei-diz-nao-precisar-ser-amigo-de-lula-para-fazer-acordos-com-brasil\/#primaryimage"},"thumbnailUrl":"https:\/\/brasilnoticias.org\/site\/wp-content\/uploads\/2024\/11\/158407milei-diz-nao-precisar-ser-amigo-de-lula-para-fazer-acordos-com-brasil-3.jpg","articleSection":["Pol\u00edtica","\u00daltimas"],"inLanguage":"pt-PT","potentialAction":[{"@type":"CommentAction","name":"Comment","target":["https:\/\/brasilnoticias.org\/site\/milei-diz-nao-precisar-ser-amigo-de-lula-para-fazer-acordos-com-brasil\/#respond"]}]},{"@type":"WebPage","@id":"https:\/\/brasilnoticias.org\/site\/milei-diz-nao-precisar-ser-amigo-de-lula-para-fazer-acordos-com-brasil\/","url":"https:\/\/brasilnoticias.org\/site\/milei-diz-nao-precisar-ser-amigo-de-lula-para-fazer-acordos-com-brasil\/","name":"Milei diz n\u00e3o precisar ser 'amigo' de Lula para fazer acordos com Brasil - Brasil not\u00edcias","isPartOf":{"@id":"https:\/\/brasilnoticias.org\/site\/#website"},"primaryImageOfPage":{"@id":"https:\/\/brasilnoticias.org\/site\/milei-diz-nao-precisar-ser-amigo-de-lula-para-fazer-acordos-com-brasil\/#primaryimage"},"image":{"@id":"https:\/\/brasilnoticias.org\/site\/milei-diz-nao-precisar-ser-amigo-de-lula-para-fazer-acordos-com-brasil\/#primaryimage"},"thumbnailUrl":"https:\/\/brasilnoticias.org\/site\/wp-content\/uploads\/2024\/11\/158407milei-diz-nao-precisar-ser-amigo-de-lula-para-fazer-acordos-com-brasil-3.jpg","datePublished":"2024-11-30T20:53:34+00:00","breadcrumb":{"@id":"https:\/\/brasilnoticias.org\/site\/milei-diz-nao-precisar-ser-amigo-de-lula-para-fazer-acordos-com-brasil\/#breadcrumb"},"inLanguage":"pt-PT","potentialAction":[{"@type":"ReadAction","target":["https:\/\/brasilnoticias.org\/site\/milei-diz-nao-precisar-ser-amigo-de-lula-para-fazer-acordos-com-brasil\/"]}]},{"@type":"ImageObject","inLanguage":"pt-PT","@id":"https:\/\/brasilnoticias.org\/site\/milei-diz-nao-precisar-ser-amigo-de-lula-para-fazer-acordos-com-brasil\/#primaryimage","url":"https:\/\/brasilnoticias.org\/site\/wp-content\/uploads\/2024\/11\/158407milei-diz-nao-precisar-ser-amigo-de-lula-para-fazer-acordos-com-brasil-3.jpg","contentUrl":"https:\/\/brasilnoticias.org\/site\/wp-content\/uploads\/2024\/11\/158407milei-diz-nao-precisar-ser-amigo-de-lula-para-fazer-acordos-com-brasil-3.jpg","width":1600,"height":752},{"@type":"BreadcrumbList","@id":"https:\/\/brasilnoticias.org\/site\/milei-diz-nao-precisar-ser-amigo-de-lula-para-fazer-acordos-com-brasil\/#breadcrumb","itemListElement":[{"@type":"ListItem","position":1,"name":"In\u00edcio","item":"https:\/\/brasilnoticias.org\/site\/"},{"@type":"ListItem","position":2,"name":"Milei diz n\u00e3o precisar ser &#8216;amigo&#8217; de Lula para fazer acordos com Brasil"}]},{"@type":"WebSite","@id":"https:\/\/brasilnoticias.org\/site\/#website","url":"https:\/\/brasilnoticias.org\/site\/","name":"Brasil not\u00edcias","description":"Brasil not\u00edcias","publisher":{"@id":"https:\/\/brasilnoticias.org\/site\/#organization"},"potentialAction":[{"@type":"SearchAction","target":{"@type":"EntryPoint","urlTemplate":"https:\/\/brasilnoticias.org\/site\/?s={search_term_string}"},"query-input":{"@type":"PropertyValueSpecification","valueRequired":true,"valueName":"search_term_string"}}],"inLanguage":"pt-PT"},{"@type":"Organization","@id":"https:\/\/brasilnoticias.org\/site\/#organization","name":"Brasil not\u00edcias","url":"https:\/\/brasilnoticias.org\/site\/","logo":{"@type":"ImageObject","inLanguage":"pt-PT","@id":"https:\/\/brasilnoticias.org\/site\/#\/schema\/logo\/image\/","url":"https:\/\/brasilnoticias.org\/site\/wp-content\/uploads\/2022\/05\/cropped-brasilnoticias-mini.jpg","contentUrl":"https:\/\/brasilnoticias.org\/site\/wp-content\/uploads\/2022\/05\/cropped-brasilnoticias-mini.jpg","width":314,"height":86,"caption":"Brasil not\u00edcias"},"image":{"@id":"https:\/\/brasilnoticias.org\/site\/#\/schema\/logo\/image\/"}},{"@type":"Person","@id":"https:\/\/brasilnoticias.org\/site\/#\/schema\/person\/03bbbfe6c7634ad18c26444ea39049fa","name":"Reda\u00e7\u00e3o","image":{"@type":"ImageObject","inLanguage":"pt-PT","@id":"https:\/\/brasilnoticias.org\/site\/#\/schema\/person\/image\/","url":"https:\/\/secure.gravatar.com\/avatar\/9ecaf7327a696cb23ad926fedded5f1f04d7049de9e445375d55b48c001a6e42?s=96&d=mm&r=g","contentUrl":"https:\/\/secure.gravatar.com\/avatar\/9ecaf7327a696cb23ad926fedded5f1f04d7049de9e445375d55b48c001a6e42?s=96&d=mm&r=g","caption":"Reda\u00e7\u00e3o"},"url":"https:\/\/brasilnoticias.org\/site\/author\/henrique\/"}]}},"_links":{"self":[{"href":"https:\/\/brasilnoticias.org\/site\/wp-json\/wp\/v2\/posts\/16421","targetHints":{"allow":["GET"]}}],"collection":[{"href":"https:\/\/brasilnoticias.org\/site\/wp-json\/wp\/v2\/posts"}],"about":[{"href":"https:\/\/brasilnoticias.org\/site\/wp-json\/wp\/v2\/types\/post"}],"author":[{"embeddable":true,"href":"https:\/\/brasilnoticias.org\/site\/wp-json\/wp\/v2\/users\/4"}],"replies":[{"embeddable":true,"href":"https:\/\/brasilnoticias.org\/site\/wp-json\/wp\/v2\/comments?post=16421"}],"version-history":[{"count":1,"href":"https:\/\/brasilnoticias.org\/site\/wp-json\/wp\/v2\/posts\/16421\/revisions"}],"predecessor-version":[{"id":16423,"href":"https:\/\/brasilnoticias.org\/site\/wp-json\/wp\/v2\/posts\/16421\/revisions\/16423"}],"wp:featuredmedia":[{"embeddable":true,"href":"https:\/\/brasilnoticias.org\/site\/wp-json\/wp\/v2\/media\/16422"}],"wp:attachment":[{"href":"https:\/\/brasilnoticias.org\/site\/wp-json\/wp\/v2\/media?parent=16421"}],"wp:term":[{"taxonomy":"category","embeddable":true,"href":"https:\/\/brasilnoticias.org\/site\/wp-json\/wp\/v2\/categories?post=16421"},{"taxonomy":"post_tag","embeddable":true,"href":"https:\/\/brasilnoticias.org\/site\/wp-json\/wp\/v2\/tags?post=16421"}],"curies":[{"name":"wp","href":"https:\/\/api.w.org\/{rel}","templated":true}]}}