{"id":16424,"date":"2024-11-30T17:55:23","date_gmt":"2024-11-30T20:55:23","guid":{"rendered":"https:\/\/brasilnoticias.org\/site\/?p=16424"},"modified":"2024-11-30T17:55:32","modified_gmt":"2024-11-30T20:55:32","slug":"presidente-da-laliga-acusa-vini-jr-de-pirataria-e-notifica-real-madrid","status":"publish","type":"post","link":"https:\/\/brasilnoticias.org\/site\/presidente-da-laliga-acusa-vini-jr-de-pirataria-e-notifica-real-madrid\/","title":{"rendered":"Presidente da LaLiga acusa Vini Jr. de pirataria e notifica Real Madrid"},"content":{"rendered":"<p>Javier e Vini Jr. j\u00e1 tiveram desentendimentos anteriores, incluindo em 2023, quando o jogador foi alvo de racismo nas partidas do campeonato espanhol. Na ocasi\u00e3o, Tebas criticou Vini, sugerindo que ele exagerava nas reclama\u00e7\u00f5es<\/p>\n<p>O presidente da La Liga, Javier Tebas, acusou Vini Jr de pirataria ap\u00f3s o jogador compartilhar um story no Instagram assistindo ao jogo entre Real Madrid e Liverpool, pela Champions League. A transmiss\u00e3o, proveniente de uma emissora brasileira, foi assistida enquanto Vini estava na Espanha. Segundo Tebas, essa a\u00e7\u00e3o configura uma viola\u00e7\u00e3o das leis de transmiss\u00e3o e \u00e9 considerada ilegal.<\/p>\n<p>\u201cSe estava em Madri, e creio que estava em Madri, \u00e9 pirataria. O acesso ao conte\u00fado da Champions na Espanha tem que ser atrav\u00e9s da Movistar Television. Para ver este conte\u00fado, teria que usar uma VPN ou uma parab\u00f3lica dirigida a outro lugar\u201d, declarou Tebas ao portal espanhol Relevo.<\/p>\n<p>Tebas afirmou ter notificado o Real Madrid sobre o caso. \u201cComunicamos para que na pr\u00f3xima vez n\u00e3o pirateiem o jogo\u201d, completou.<br \/>\nJavier e Vini Jr. j\u00e1 tiveram desentendimentos anteriores, incluindo em 2023, quando o jogador foi alvo de racismo nas partidas do campeonato espanhol. Na ocasi\u00e3o, Tebas criticou Vini, sugerindo que ele exagerava nas reclama\u00e7\u00f5es.<\/p>\n<p>Foto: Reprodu\u00e7\u00e3o\/Redes Sociais<br \/>\nPor: Metro1<\/p>\n","protected":false},"excerpt":{"rendered":"<p>Javier e Vini Jr. j\u00e1 tiveram desentendimentos anteriores, incluindo em 2023, quando o jogador foi alvo de racismo nas partidas<\/p>\n","protected":false},"author":4,"featured_media":16425,"comment_status":"open","ping_status":"open","sticky":false,"template":"","format":"standard","meta":{"colormag_page_container_layout":"default_layout","colormag_page_sidebar_layout":"default_layout","_FSMCFIC_featured_image_caption":"","_FSMCFIC_featured_image_nocaption":"","_FSMCFIC_featured_image_hide":"","footnotes":""},"categories":[4,1],"tags":[],"class_list":["post-16424","post","type-post","status-publish","format-standard","has-post-thumbnail","hentry","category-esporte","category-ultimas"],"yoast_head":"<!-- This site is optimized with the Yoast SEO plugin v27.1.1 - https:\/\/yoast.com\/product\/yoast-seo-wordpress\/ -->\n<title>Presidente da LaLiga acusa Vini Jr. de pirataria e notifica Real Madrid - Brasil not\u00edcias<\/title>\n<meta name=\"robots\" content=\"index, follow, max-snippet:-1, max-image-preview:large, max-video-preview:-1\" \/>\n<link rel=\"canonical\" href=\"https:\/\/brasilnoticias.org\/site\/presidente-da-laliga-acusa-vini-jr-de-pirataria-e-notifica-real-madrid\/\" \/>\n<meta property=\"og:locale\" content=\"pt_PT\" \/>\n<meta property=\"og:type\" content=\"article\" \/>\n<meta property=\"og:title\" content=\"Presidente da LaLiga acusa Vini Jr. de pirataria e notifica Real Madrid - Brasil not\u00edcias\" \/>\n<meta property=\"og:description\" content=\"Javier e Vini Jr. j\u00e1 tiveram desentendimentos anteriores, incluindo em 2023, quando o jogador foi alvo de racismo nas partidas\" \/>\n<meta property=\"og:url\" content=\"https:\/\/brasilnoticias.org\/site\/presidente-da-laliga-acusa-vini-jr-de-pirataria-e-notifica-real-madrid\/\" \/>\n<meta property=\"og:site_name\" content=\"Brasil not\u00edcias\" \/>\n<meta property=\"article:published_time\" content=\"2024-11-30T20:55:23+00:00\" \/>\n<meta property=\"article:modified_time\" content=\"2024-11-30T20:55:32+00:00\" \/>\n<meta property=\"og:image\" content=\"https:\/\/brasilnoticias.org\/site\/wp-content\/uploads\/2024\/11\/158420presidente-da-laliga-acusa-vini-jr-de-pirataria-e-notifica-real-madrid-3.jpg\" \/>\n\t<meta property=\"og:image:width\" content=\"1600\" \/>\n\t<meta property=\"og:image:height\" content=\"752\" \/>\n\t<meta property=\"og:image:type\" content=\"image\/jpeg\" \/>\n<meta name=\"author\" content=\"Reda\u00e7\u00e3o\" \/>\n<meta name=\"twitter:card\" content=\"summary_large_image\" \/>\n<meta name=\"twitter:label1\" content=\"Escrito por\" \/>\n\t<meta name=\"twitter:data1\" content=\"Reda\u00e7\u00e3o\" \/>\n\t<meta name=\"twitter:label2\" content=\"Tempo estimado de leitura\" \/>\n\t<meta name=\"twitter:data2\" content=\"2 minutos\" \/>\n<script type=\"application\/ld+json\" class=\"yoast-schema-graph\">{\"@context\":\"https:\/\/schema.org\",\"@graph\":[{\"@type\":\"Article\",\"@id\":\"https:\/\/brasilnoticias.org\/site\/presidente-da-laliga-acusa-vini-jr-de-pirataria-e-notifica-real-madrid\/#article\",\"isPartOf\":{\"@id\":\"https:\/\/brasilnoticias.org\/site\/presidente-da-laliga-acusa-vini-jr-de-pirataria-e-notifica-real-madrid\/\"},\"author\":{\"name\":\"Reda\u00e7\u00e3o\",\"@id\":\"https:\/\/brasilnoticias.org\/site\/#\/schema\/person\/03bbbfe6c7634ad18c26444ea39049fa\"},\"headline\":\"Presidente da LaLiga acusa Vini Jr. de pirataria e notifica Real Madrid\",\"datePublished\":\"2024-11-30T20:55:23+00:00\",\"dateModified\":\"2024-11-30T20:55:32+00:00\",\"mainEntityOfPage\":{\"@id\":\"https:\/\/brasilnoticias.org\/site\/presidente-da-laliga-acusa-vini-jr-de-pirataria-e-notifica-real-madrid\/\"},\"wordCount\":228,\"commentCount\":0,\"publisher\":{\"@id\":\"https:\/\/brasilnoticias.org\/site\/#organization\"},\"image\":{\"@id\":\"https:\/\/brasilnoticias.org\/site\/presidente-da-laliga-acusa-vini-jr-de-pirataria-e-notifica-real-madrid\/#primaryimage\"},\"thumbnailUrl\":\"https:\/\/brasilnoticias.org\/site\/wp-content\/uploads\/2024\/11\/158420presidente-da-laliga-acusa-vini-jr-de-pirataria-e-notifica-real-madrid-3.jpg\",\"articleSection\":[\"Esporte\",\"\u00daltimas\"],\"inLanguage\":\"pt-PT\",\"potentialAction\":[{\"@type\":\"CommentAction\",\"name\":\"Comment\",\"target\":[\"https:\/\/brasilnoticias.org\/site\/presidente-da-laliga-acusa-vini-jr-de-pirataria-e-notifica-real-madrid\/#respond\"]}]},{\"@type\":\"WebPage\",\"@id\":\"https:\/\/brasilnoticias.org\/site\/presidente-da-laliga-acusa-vini-jr-de-pirataria-e-notifica-real-madrid\/\",\"url\":\"https:\/\/brasilnoticias.org\/site\/presidente-da-laliga-acusa-vini-jr-de-pirataria-e-notifica-real-madrid\/\",\"name\":\"Presidente da LaLiga acusa Vini Jr. de pirataria e notifica Real Madrid - Brasil not\u00edcias\",\"isPartOf\":{\"@id\":\"https:\/\/brasilnoticias.org\/site\/#website\"},\"primaryImageOfPage\":{\"@id\":\"https:\/\/brasilnoticias.org\/site\/presidente-da-laliga-acusa-vini-jr-de-pirataria-e-notifica-real-madrid\/#primaryimage\"},\"image\":{\"@id\":\"https:\/\/brasilnoticias.org\/site\/presidente-da-laliga-acusa-vini-jr-de-pirataria-e-notifica-real-madrid\/#primaryimage\"},\"thumbnailUrl\":\"https:\/\/brasilnoticias.org\/site\/wp-content\/uploads\/2024\/11\/158420presidente-da-laliga-acusa-vini-jr-de-pirataria-e-notifica-real-madrid-3.jpg\",\"datePublished\":\"2024-11-30T20:55:23+00:00\",\"dateModified\":\"2024-11-30T20:55:32+00:00\",\"breadcrumb\":{\"@id\":\"https:\/\/brasilnoticias.org\/site\/presidente-da-laliga-acusa-vini-jr-de-pirataria-e-notifica-real-madrid\/#breadcrumb\"},\"inLanguage\":\"pt-PT\",\"potentialAction\":[{\"@type\":\"ReadAction\",\"target\":[\"https:\/\/brasilnoticias.org\/site\/presidente-da-laliga-acusa-vini-jr-de-pirataria-e-notifica-real-madrid\/\"]}]},{\"@type\":\"ImageObject\",\"inLanguage\":\"pt-PT\",\"@id\":\"https:\/\/brasilnoticias.org\/site\/presidente-da-laliga-acusa-vini-jr-de-pirataria-e-notifica-real-madrid\/#primaryimage\",\"url\":\"https:\/\/brasilnoticias.org\/site\/wp-content\/uploads\/2024\/11\/158420presidente-da-laliga-acusa-vini-jr-de-pirataria-e-notifica-real-madrid-3.jpg\",\"contentUrl\":\"https:\/\/brasilnoticias.org\/site\/wp-content\/uploads\/2024\/11\/158420presidente-da-laliga-acusa-vini-jr-de-pirataria-e-notifica-real-madrid-3.jpg\",\"width\":1600,\"height\":752},{\"@type\":\"BreadcrumbList\",\"@id\":\"https:\/\/brasilnoticias.org\/site\/presidente-da-laliga-acusa-vini-jr-de-pirataria-e-notifica-real-madrid\/#breadcrumb\",\"itemListElement\":[{\"@type\":\"ListItem\",\"position\":1,\"name\":\"In\u00edcio\",\"item\":\"https:\/\/brasilnoticias.org\/site\/\"},{\"@type\":\"ListItem\",\"position\":2,\"name\":\"Presidente da LaLiga acusa Vini Jr. de pirataria e notifica Real Madrid\"}]},{\"@type\":\"WebSite\",\"@id\":\"https:\/\/brasilnoticias.org\/site\/#website\",\"url\":\"https:\/\/brasilnoticias.org\/site\/\",\"name\":\"Brasil not\u00edcias\",\"description\":\"Brasil not\u00edcias\",\"publisher\":{\"@id\":\"https:\/\/brasilnoticias.org\/site\/#organization\"},\"potentialAction\":[{\"@type\":\"SearchAction\",\"target\":{\"@type\":\"EntryPoint\",\"urlTemplate\":\"https:\/\/brasilnoticias.org\/site\/?s={search_term_string}\"},\"query-input\":{\"@type\":\"PropertyValueSpecification\",\"valueRequired\":true,\"valueName\":\"search_term_string\"}}],\"inLanguage\":\"pt-PT\"},{\"@type\":\"Organization\",\"@id\":\"https:\/\/brasilnoticias.org\/site\/#organization\",\"name\":\"Brasil not\u00edcias\",\"url\":\"https:\/\/brasilnoticias.org\/site\/\",\"logo\":{\"@type\":\"ImageObject\",\"inLanguage\":\"pt-PT\",\"@id\":\"https:\/\/brasilnoticias.org\/site\/#\/schema\/logo\/image\/\",\"url\":\"https:\/\/brasilnoticias.org\/site\/wp-content\/uploads\/2022\/05\/cropped-brasilnoticias-mini.jpg\",\"contentUrl\":\"https:\/\/brasilnoticias.org\/site\/wp-content\/uploads\/2022\/05\/cropped-brasilnoticias-mini.jpg\",\"width\":314,\"height\":86,\"caption\":\"Brasil not\u00edcias\"},\"image\":{\"@id\":\"https:\/\/brasilnoticias.org\/site\/#\/schema\/logo\/image\/\"}},{\"@type\":\"Person\",\"@id\":\"https:\/\/brasilnoticias.org\/site\/#\/schema\/person\/03bbbfe6c7634ad18c26444ea39049fa\",\"name\":\"Reda\u00e7\u00e3o\",\"image\":{\"@type\":\"ImageObject\",\"inLanguage\":\"pt-PT\",\"@id\":\"https:\/\/brasilnoticias.org\/site\/#\/schema\/person\/image\/\",\"url\":\"https:\/\/secure.gravatar.com\/avatar\/9ecaf7327a696cb23ad926fedded5f1f04d7049de9e445375d55b48c001a6e42?s=96&d=mm&r=g\",\"contentUrl\":\"https:\/\/secure.gravatar.com\/avatar\/9ecaf7327a696cb23ad926fedded5f1f04d7049de9e445375d55b48c001a6e42?s=96&d=mm&r=g\",\"caption\":\"Reda\u00e7\u00e3o\"},\"url\":\"https:\/\/brasilnoticias.org\/site\/author\/henrique\/\"}]}<\/script>\n<!-- \/ Yoast SEO plugin. -->","yoast_head_json":{"title":"Presidente da LaLiga acusa Vini Jr. de pirataria e notifica Real Madrid - Brasil not\u00edcias","robots":{"index":"index","follow":"follow","max-snippet":"max-snippet:-1","max-image-preview":"max-image-preview:large","max-video-preview":"max-video-preview:-1"},"canonical":"https:\/\/brasilnoticias.org\/site\/presidente-da-laliga-acusa-vini-jr-de-pirataria-e-notifica-real-madrid\/","og_locale":"pt_PT","og_type":"article","og_title":"Presidente da LaLiga acusa Vini Jr. de pirataria e notifica Real Madrid - Brasil not\u00edcias","og_description":"Javier e Vini Jr. j\u00e1 tiveram desentendimentos anteriores, incluindo em 2023, quando o jogador foi alvo de racismo nas partidas","og_url":"https:\/\/brasilnoticias.org\/site\/presidente-da-laliga-acusa-vini-jr-de-pirataria-e-notifica-real-madrid\/","og_site_name":"Brasil not\u00edcias","article_published_time":"2024-11-30T20:55:23+00:00","article_modified_time":"2024-11-30T20:55:32+00:00","og_image":[{"width":1600,"height":752,"url":"https:\/\/brasilnoticias.org\/site\/wp-content\/uploads\/2024\/11\/158420presidente-da-laliga-acusa-vini-jr-de-pirataria-e-notifica-real-madrid-3.jpg","type":"image\/jpeg"}],"author":"Reda\u00e7\u00e3o","twitter_card":"summary_large_image","twitter_misc":{"Escrito por":"Reda\u00e7\u00e3o","Tempo estimado de leitura":"2 minutos"},"schema":{"@context":"https:\/\/schema.org","@graph":[{"@type":"Article","@id":"https:\/\/brasilnoticias.org\/site\/presidente-da-laliga-acusa-vini-jr-de-pirataria-e-notifica-real-madrid\/#article","isPartOf":{"@id":"https:\/\/brasilnoticias.org\/site\/presidente-da-laliga-acusa-vini-jr-de-pirataria-e-notifica-real-madrid\/"},"author":{"name":"Reda\u00e7\u00e3o","@id":"https:\/\/brasilnoticias.org\/site\/#\/schema\/person\/03bbbfe6c7634ad18c26444ea39049fa"},"headline":"Presidente da LaLiga acusa Vini Jr. de pirataria e notifica Real Madrid","datePublished":"2024-11-30T20:55:23+00:00","dateModified":"2024-11-30T20:55:32+00:00","mainEntityOfPage":{"@id":"https:\/\/brasilnoticias.org\/site\/presidente-da-laliga-acusa-vini-jr-de-pirataria-e-notifica-real-madrid\/"},"wordCount":228,"commentCount":0,"publisher":{"@id":"https:\/\/brasilnoticias.org\/site\/#organization"},"image":{"@id":"https:\/\/brasilnoticias.org\/site\/presidente-da-laliga-acusa-vini-jr-de-pirataria-e-notifica-real-madrid\/#primaryimage"},"thumbnailUrl":"https:\/\/brasilnoticias.org\/site\/wp-content\/uploads\/2024\/11\/158420presidente-da-laliga-acusa-vini-jr-de-pirataria-e-notifica-real-madrid-3.jpg","articleSection":["Esporte","\u00daltimas"],"inLanguage":"pt-PT","potentialAction":[{"@type":"CommentAction","name":"Comment","target":["https:\/\/brasilnoticias.org\/site\/presidente-da-laliga-acusa-vini-jr-de-pirataria-e-notifica-real-madrid\/#respond"]}]},{"@type":"WebPage","@id":"https:\/\/brasilnoticias.org\/site\/presidente-da-laliga-acusa-vini-jr-de-pirataria-e-notifica-real-madrid\/","url":"https:\/\/brasilnoticias.org\/site\/presidente-da-laliga-acusa-vini-jr-de-pirataria-e-notifica-real-madrid\/","name":"Presidente da LaLiga acusa Vini Jr. de pirataria e notifica Real Madrid - Brasil not\u00edcias","isPartOf":{"@id":"https:\/\/brasilnoticias.org\/site\/#website"},"primaryImageOfPage":{"@id":"https:\/\/brasilnoticias.org\/site\/presidente-da-laliga-acusa-vini-jr-de-pirataria-e-notifica-real-madrid\/#primaryimage"},"image":{"@id":"https:\/\/brasilnoticias.org\/site\/presidente-da-laliga-acusa-vini-jr-de-pirataria-e-notifica-real-madrid\/#primaryimage"},"thumbnailUrl":"https:\/\/brasilnoticias.org\/site\/wp-content\/uploads\/2024\/11\/158420presidente-da-laliga-acusa-vini-jr-de-pirataria-e-notifica-real-madrid-3.jpg","datePublished":"2024-11-30T20:55:23+00:00","dateModified":"2024-11-30T20:55:32+00:00","breadcrumb":{"@id":"https:\/\/brasilnoticias.org\/site\/presidente-da-laliga-acusa-vini-jr-de-pirataria-e-notifica-real-madrid\/#breadcrumb"},"inLanguage":"pt-PT","potentialAction":[{"@type":"ReadAction","target":["https:\/\/brasilnoticias.org\/site\/presidente-da-laliga-acusa-vini-jr-de-pirataria-e-notifica-real-madrid\/"]}]},{"@type":"ImageObject","inLanguage":"pt-PT","@id":"https:\/\/brasilnoticias.org\/site\/presidente-da-laliga-acusa-vini-jr-de-pirataria-e-notifica-real-madrid\/#primaryimage","url":"https:\/\/brasilnoticias.org\/site\/wp-content\/uploads\/2024\/11\/158420presidente-da-laliga-acusa-vini-jr-de-pirataria-e-notifica-real-madrid-3.jpg","contentUrl":"https:\/\/brasilnoticias.org\/site\/wp-content\/uploads\/2024\/11\/158420presidente-da-laliga-acusa-vini-jr-de-pirataria-e-notifica-real-madrid-3.jpg","width":1600,"height":752},{"@type":"BreadcrumbList","@id":"https:\/\/brasilnoticias.org\/site\/presidente-da-laliga-acusa-vini-jr-de-pirataria-e-notifica-real-madrid\/#breadcrumb","itemListElement":[{"@type":"ListItem","position":1,"name":"In\u00edcio","item":"https:\/\/brasilnoticias.org\/site\/"},{"@type":"ListItem","position":2,"name":"Presidente da LaLiga acusa Vini Jr. de pirataria e notifica Real Madrid"}]},{"@type":"WebSite","@id":"https:\/\/brasilnoticias.org\/site\/#website","url":"https:\/\/brasilnoticias.org\/site\/","name":"Brasil not\u00edcias","description":"Brasil not\u00edcias","publisher":{"@id":"https:\/\/brasilnoticias.org\/site\/#organization"},"potentialAction":[{"@type":"SearchAction","target":{"@type":"EntryPoint","urlTemplate":"https:\/\/brasilnoticias.org\/site\/?s={search_term_string}"},"query-input":{"@type":"PropertyValueSpecification","valueRequired":true,"valueName":"search_term_string"}}],"inLanguage":"pt-PT"},{"@type":"Organization","@id":"https:\/\/brasilnoticias.org\/site\/#organization","name":"Brasil not\u00edcias","url":"https:\/\/brasilnoticias.org\/site\/","logo":{"@type":"ImageObject","inLanguage":"pt-PT","@id":"https:\/\/brasilnoticias.org\/site\/#\/schema\/logo\/image\/","url":"https:\/\/brasilnoticias.org\/site\/wp-content\/uploads\/2022\/05\/cropped-brasilnoticias-mini.jpg","contentUrl":"https:\/\/brasilnoticias.org\/site\/wp-content\/uploads\/2022\/05\/cropped-brasilnoticias-mini.jpg","width":314,"height":86,"caption":"Brasil not\u00edcias"},"image":{"@id":"https:\/\/brasilnoticias.org\/site\/#\/schema\/logo\/image\/"}},{"@type":"Person","@id":"https:\/\/brasilnoticias.org\/site\/#\/schema\/person\/03bbbfe6c7634ad18c26444ea39049fa","name":"Reda\u00e7\u00e3o","image":{"@type":"ImageObject","inLanguage":"pt-PT","@id":"https:\/\/brasilnoticias.org\/site\/#\/schema\/person\/image\/","url":"https:\/\/secure.gravatar.com\/avatar\/9ecaf7327a696cb23ad926fedded5f1f04d7049de9e445375d55b48c001a6e42?s=96&d=mm&r=g","contentUrl":"https:\/\/secure.gravatar.com\/avatar\/9ecaf7327a696cb23ad926fedded5f1f04d7049de9e445375d55b48c001a6e42?s=96&d=mm&r=g","caption":"Reda\u00e7\u00e3o"},"url":"https:\/\/brasilnoticias.org\/site\/author\/henrique\/"}]}},"_links":{"self":[{"href":"https:\/\/brasilnoticias.org\/site\/wp-json\/wp\/v2\/posts\/16424","targetHints":{"allow":["GET"]}}],"collection":[{"href":"https:\/\/brasilnoticias.org\/site\/wp-json\/wp\/v2\/posts"}],"about":[{"href":"https:\/\/brasilnoticias.org\/site\/wp-json\/wp\/v2\/types\/post"}],"author":[{"embeddable":true,"href":"https:\/\/brasilnoticias.org\/site\/wp-json\/wp\/v2\/users\/4"}],"replies":[{"embeddable":true,"href":"https:\/\/brasilnoticias.org\/site\/wp-json\/wp\/v2\/comments?post=16424"}],"version-history":[{"count":1,"href":"https:\/\/brasilnoticias.org\/site\/wp-json\/wp\/v2\/posts\/16424\/revisions"}],"predecessor-version":[{"id":16426,"href":"https:\/\/brasilnoticias.org\/site\/wp-json\/wp\/v2\/posts\/16424\/revisions\/16426"}],"wp:featuredmedia":[{"embeddable":true,"href":"https:\/\/brasilnoticias.org\/site\/wp-json\/wp\/v2\/media\/16425"}],"wp:attachment":[{"href":"https:\/\/brasilnoticias.org\/site\/wp-json\/wp\/v2\/media?parent=16424"}],"wp:term":[{"taxonomy":"category","embeddable":true,"href":"https:\/\/brasilnoticias.org\/site\/wp-json\/wp\/v2\/categories?post=16424"},{"taxonomy":"post_tag","embeddable":true,"href":"https:\/\/brasilnoticias.org\/site\/wp-json\/wp\/v2\/tags?post=16424"}],"curies":[{"name":"wp","href":"https:\/\/api.w.org\/{rel}","templated":true}]}}