{"id":1643,"date":"2022-10-05T10:03:55","date_gmt":"2022-10-05T13:03:55","guid":{"rendered":"https:\/\/brasilnoticias.org\/site\/?p=1643"},"modified":"2022-10-05T10:03:55","modified_gmt":"2022-10-05T13:03:55","slug":"governistas-se-movimentam-para-instalacao-da-cpi-das-pesquisas","status":"publish","type":"post","link":"https:\/\/brasilnoticias.org\/site\/governistas-se-movimentam-para-instalacao-da-cpi-das-pesquisas\/","title":{"rendered":"Governistas se movimentam para instala\u00e7\u00e3o da CPI das Pesquisas"},"content":{"rendered":"<div class=\"container mb-4\">\n<div class=\"row\">\n<div class=\"col-content\">\n<div class=\"artigo_texto\">\n<p>Cerca de 16 assinaturas j\u00e1 constam no requerimento para abertura da Comiss\u00e3o Parlamentar de Inqu\u00e9rito (CPI) dos Institutos de pesquisas seja instalada no\u00a0<a href=\"https:\/\/www.bnews.com.br\/tags\/senado?page=18\" target=\"_blank\" rel=\"noopener\">Senado<\/a>. O senador Fl\u00e1vio Bolsonaro, filho do presidente Jair Bolsonaro (PL), assinou o documento na tarde desta ter\u00e7a-feira (04).<\/p>\n<p>O pedido de CPI foi protocolado pelo senador Marcos do Val (Podemos) com o objetivo de investigar\u00a0\u201cos sistemas de realiza\u00e7\u00e3o de pesquisas eleitorais de inten\u00e7\u00e3o de voto pelas principais empresas e institutos do pa\u00eds\u201d.<\/p>\n<p>Al\u00e9m de Fl\u00e1vio e do Val, assinaram o requerimento os senadores Mecias de Jesus (Republicanos), Eduardo Gir\u00e3o (Podemos), Telm\u00e1rio Mota (PROS), Marcos Rog\u00e9rio (PL), Carlos Portinho (PL), Jorge Kajuru (Podemos), Pl\u00ednio Val\u00e9rio (PSDB), Lucas Barreto (PSD), Eliane Nogueira (PP), Guaracy Silveira (PP), Zequinha Marinho (PL), Luiz Carlos do Carmo (PSC), Styvenson Valentim (Podemos) e Lasier Martins (Podemos).<\/p>\n<p>Para que o documento possa ser apresentado ao presidente da casa, Rodrigo Pacheco (PSD), ser\u00e1 preciso angariar um total de 27 assinaturas.<\/p>\n<\/div>\n<\/div>\n<\/div>\n<\/div>\n<p>&nbsp;<\/p>\n<p>&nbsp;<\/p>\n<p>&nbsp;<\/p>\n<p>&nbsp;<\/p>\n<p>&nbsp;<\/p>\n<p>Bnews<\/p>\n","protected":false},"excerpt":{"rendered":"<p>Cerca de 16 assinaturas j\u00e1 constam no requerimento para abertura da Comiss\u00e3o Parlamentar de Inqu\u00e9rito (CPI) dos Institutos de pesquisas<\/p>\n","protected":false},"author":2,"featured_media":1645,"comment_status":"open","ping_status":"open","sticky":false,"template":"","format":"standard","meta":{"colormag_page_container_layout":"default_layout","colormag_page_sidebar_layout":"default_layout","_FSMCFIC_featured_image_caption":"","_FSMCFIC_featured_image_nocaption":"","_FSMCFIC_featured_image_hide":"","footnotes":""},"categories":[2,1],"tags":[],"class_list":["post-1643","post","type-post","status-publish","format-standard","has-post-thumbnail","hentry","category-noticias","category-ultimas"],"yoast_head":"<!-- This site is optimized with the Yoast SEO plugin v27.1.1 - https:\/\/yoast.com\/product\/yoast-seo-wordpress\/ -->\n<title>Governistas se movimentam para instala\u00e7\u00e3o da CPI das Pesquisas - Brasil not\u00edcias<\/title>\n<meta name=\"robots\" content=\"index, follow, max-snippet:-1, max-image-preview:large, max-video-preview:-1\" \/>\n<link rel=\"canonical\" href=\"https:\/\/brasilnoticias.org\/site\/governistas-se-movimentam-para-instalacao-da-cpi-das-pesquisas\/\" \/>\n<meta property=\"og:locale\" content=\"pt_PT\" \/>\n<meta property=\"og:type\" content=\"article\" \/>\n<meta property=\"og:title\" content=\"Governistas se movimentam para instala\u00e7\u00e3o da CPI das Pesquisas - Brasil not\u00edcias\" \/>\n<meta property=\"og:description\" content=\"Cerca de 16 assinaturas j\u00e1 constam no requerimento para abertura da Comiss\u00e3o Parlamentar de Inqu\u00e9rito (CPI) dos Institutos de pesquisas\" \/>\n<meta property=\"og:url\" content=\"https:\/\/brasilnoticias.org\/site\/governistas-se-movimentam-para-instalacao-da-cpi-das-pesquisas\/\" \/>\n<meta property=\"og:site_name\" content=\"Brasil not\u00edcias\" \/>\n<meta property=\"article:published_time\" content=\"2022-10-05T13:03:55+00:00\" \/>\n<meta property=\"og:image\" content=\"https:\/\/brasilnoticias.org\/site\/wp-content\/uploads\/2022\/10\/308456_widelg_widelg.jpg\" \/>\n\t<meta property=\"og:image:width\" content=\"598\" \/>\n\t<meta property=\"og:image:height\" content=\"409\" \/>\n\t<meta property=\"og:image:type\" content=\"image\/jpeg\" \/>\n<meta name=\"author\" content=\"Reda\u00e7\u00e3o\" \/>\n<meta name=\"twitter:card\" content=\"summary_large_image\" \/>\n<meta name=\"twitter:label1\" content=\"Escrito por\" \/>\n\t<meta name=\"twitter:data1\" content=\"Reda\u00e7\u00e3o\" \/>\n\t<meta name=\"twitter:label2\" content=\"Tempo estimado de leitura\" \/>\n\t<meta name=\"twitter:data2\" content=\"1 minuto\" \/>\n<script type=\"application\/ld+json\" class=\"yoast-schema-graph\">{\"@context\":\"https:\/\/schema.org\",\"@graph\":[{\"@type\":\"Article\",\"@id\":\"https:\/\/brasilnoticias.org\/site\/governistas-se-movimentam-para-instalacao-da-cpi-das-pesquisas\/#article\",\"isPartOf\":{\"@id\":\"https:\/\/brasilnoticias.org\/site\/governistas-se-movimentam-para-instalacao-da-cpi-das-pesquisas\/\"},\"author\":{\"name\":\"Reda\u00e7\u00e3o\",\"@id\":\"https:\/\/brasilnoticias.org\/site\/#\/schema\/person\/f609fa847b5314f1c8b983342f34c798\"},\"headline\":\"Governistas se movimentam para instala\u00e7\u00e3o da CPI das Pesquisas\",\"datePublished\":\"2022-10-05T13:03:55+00:00\",\"mainEntityOfPage\":{\"@id\":\"https:\/\/brasilnoticias.org\/site\/governistas-se-movimentam-para-instalacao-da-cpi-das-pesquisas\/\"},\"wordCount\":183,\"commentCount\":0,\"publisher\":{\"@id\":\"https:\/\/brasilnoticias.org\/site\/#organization\"},\"image\":{\"@id\":\"https:\/\/brasilnoticias.org\/site\/governistas-se-movimentam-para-instalacao-da-cpi-das-pesquisas\/#primaryimage\"},\"thumbnailUrl\":\"https:\/\/brasilnoticias.org\/site\/wp-content\/uploads\/2022\/10\/308456_widelg_widelg.jpg\",\"articleSection\":[\"Not\u00edcias\",\"\u00daltimas\"],\"inLanguage\":\"pt-PT\",\"potentialAction\":[{\"@type\":\"CommentAction\",\"name\":\"Comment\",\"target\":[\"https:\/\/brasilnoticias.org\/site\/governistas-se-movimentam-para-instalacao-da-cpi-das-pesquisas\/#respond\"]}]},{\"@type\":\"WebPage\",\"@id\":\"https:\/\/brasilnoticias.org\/site\/governistas-se-movimentam-para-instalacao-da-cpi-das-pesquisas\/\",\"url\":\"https:\/\/brasilnoticias.org\/site\/governistas-se-movimentam-para-instalacao-da-cpi-das-pesquisas\/\",\"name\":\"Governistas se movimentam para instala\u00e7\u00e3o da CPI das Pesquisas - Brasil not\u00edcias\",\"isPartOf\":{\"@id\":\"https:\/\/brasilnoticias.org\/site\/#website\"},\"primaryImageOfPage\":{\"@id\":\"https:\/\/brasilnoticias.org\/site\/governistas-se-movimentam-para-instalacao-da-cpi-das-pesquisas\/#primaryimage\"},\"image\":{\"@id\":\"https:\/\/brasilnoticias.org\/site\/governistas-se-movimentam-para-instalacao-da-cpi-das-pesquisas\/#primaryimage\"},\"thumbnailUrl\":\"https:\/\/brasilnoticias.org\/site\/wp-content\/uploads\/2022\/10\/308456_widelg_widelg.jpg\",\"datePublished\":\"2022-10-05T13:03:55+00:00\",\"breadcrumb\":{\"@id\":\"https:\/\/brasilnoticias.org\/site\/governistas-se-movimentam-para-instalacao-da-cpi-das-pesquisas\/#breadcrumb\"},\"inLanguage\":\"pt-PT\",\"potentialAction\":[{\"@type\":\"ReadAction\",\"target\":[\"https:\/\/brasilnoticias.org\/site\/governistas-se-movimentam-para-instalacao-da-cpi-das-pesquisas\/\"]}]},{\"@type\":\"ImageObject\",\"inLanguage\":\"pt-PT\",\"@id\":\"https:\/\/brasilnoticias.org\/site\/governistas-se-movimentam-para-instalacao-da-cpi-das-pesquisas\/#primaryimage\",\"url\":\"https:\/\/brasilnoticias.org\/site\/wp-content\/uploads\/2022\/10\/308456_widelg_widelg.jpg\",\"contentUrl\":\"https:\/\/brasilnoticias.org\/site\/wp-content\/uploads\/2022\/10\/308456_widelg_widelg.jpg\",\"width\":598,\"height\":409},{\"@type\":\"BreadcrumbList\",\"@id\":\"https:\/\/brasilnoticias.org\/site\/governistas-se-movimentam-para-instalacao-da-cpi-das-pesquisas\/#breadcrumb\",\"itemListElement\":[{\"@type\":\"ListItem\",\"position\":1,\"name\":\"In\u00edcio\",\"item\":\"https:\/\/brasilnoticias.org\/site\/\"},{\"@type\":\"ListItem\",\"position\":2,\"name\":\"Governistas se movimentam para instala\u00e7\u00e3o da CPI das Pesquisas\"}]},{\"@type\":\"WebSite\",\"@id\":\"https:\/\/brasilnoticias.org\/site\/#website\",\"url\":\"https:\/\/brasilnoticias.org\/site\/\",\"name\":\"Brasil not\u00edcias\",\"description\":\"Brasil not\u00edcias\",\"publisher\":{\"@id\":\"https:\/\/brasilnoticias.org\/site\/#organization\"},\"potentialAction\":[{\"@type\":\"SearchAction\",\"target\":{\"@type\":\"EntryPoint\",\"urlTemplate\":\"https:\/\/brasilnoticias.org\/site\/?s={search_term_string}\"},\"query-input\":{\"@type\":\"PropertyValueSpecification\",\"valueRequired\":true,\"valueName\":\"search_term_string\"}}],\"inLanguage\":\"pt-PT\"},{\"@type\":\"Organization\",\"@id\":\"https:\/\/brasilnoticias.org\/site\/#organization\",\"name\":\"Brasil not\u00edcias\",\"url\":\"https:\/\/brasilnoticias.org\/site\/\",\"logo\":{\"@type\":\"ImageObject\",\"inLanguage\":\"pt-PT\",\"@id\":\"https:\/\/brasilnoticias.org\/site\/#\/schema\/logo\/image\/\",\"url\":\"https:\/\/brasilnoticias.org\/site\/wp-content\/uploads\/2022\/05\/cropped-brasilnoticias-mini.jpg\",\"contentUrl\":\"https:\/\/brasilnoticias.org\/site\/wp-content\/uploads\/2022\/05\/cropped-brasilnoticias-mini.jpg\",\"width\":314,\"height\":86,\"caption\":\"Brasil not\u00edcias\"},\"image\":{\"@id\":\"https:\/\/brasilnoticias.org\/site\/#\/schema\/logo\/image\/\"}},{\"@type\":\"Person\",\"@id\":\"https:\/\/brasilnoticias.org\/site\/#\/schema\/person\/f609fa847b5314f1c8b983342f34c798\",\"name\":\"Reda\u00e7\u00e3o\",\"image\":{\"@type\":\"ImageObject\",\"inLanguage\":\"pt-PT\",\"@id\":\"https:\/\/brasilnoticias.org\/site\/#\/schema\/person\/image\/\",\"url\":\"https:\/\/secure.gravatar.com\/avatar\/447284c06c1ad8b46465a36de9cd0d8326b73387a22799b8b1ffb1fbcff2ed0c?s=96&d=mm&r=g\",\"contentUrl\":\"https:\/\/secure.gravatar.com\/avatar\/447284c06c1ad8b46465a36de9cd0d8326b73387a22799b8b1ffb1fbcff2ed0c?s=96&d=mm&r=g\",\"caption\":\"Reda\u00e7\u00e3o\"},\"url\":\"https:\/\/brasilnoticias.org\/site\/author\/redacao\/\"}]}<\/script>\n<!-- \/ Yoast SEO plugin. -->","yoast_head_json":{"title":"Governistas se movimentam para instala\u00e7\u00e3o da CPI das Pesquisas - Brasil not\u00edcias","robots":{"index":"index","follow":"follow","max-snippet":"max-snippet:-1","max-image-preview":"max-image-preview:large","max-video-preview":"max-video-preview:-1"},"canonical":"https:\/\/brasilnoticias.org\/site\/governistas-se-movimentam-para-instalacao-da-cpi-das-pesquisas\/","og_locale":"pt_PT","og_type":"article","og_title":"Governistas se movimentam para instala\u00e7\u00e3o da CPI das Pesquisas - Brasil not\u00edcias","og_description":"Cerca de 16 assinaturas j\u00e1 constam no requerimento para abertura da Comiss\u00e3o Parlamentar de Inqu\u00e9rito (CPI) dos Institutos de pesquisas","og_url":"https:\/\/brasilnoticias.org\/site\/governistas-se-movimentam-para-instalacao-da-cpi-das-pesquisas\/","og_site_name":"Brasil not\u00edcias","article_published_time":"2022-10-05T13:03:55+00:00","og_image":[{"width":598,"height":409,"url":"https:\/\/brasilnoticias.org\/site\/wp-content\/uploads\/2022\/10\/308456_widelg_widelg.jpg","type":"image\/jpeg"}],"author":"Reda\u00e7\u00e3o","twitter_card":"summary_large_image","twitter_misc":{"Escrito por":"Reda\u00e7\u00e3o","Tempo estimado de leitura":"1 minuto"},"schema":{"@context":"https:\/\/schema.org","@graph":[{"@type":"Article","@id":"https:\/\/brasilnoticias.org\/site\/governistas-se-movimentam-para-instalacao-da-cpi-das-pesquisas\/#article","isPartOf":{"@id":"https:\/\/brasilnoticias.org\/site\/governistas-se-movimentam-para-instalacao-da-cpi-das-pesquisas\/"},"author":{"name":"Reda\u00e7\u00e3o","@id":"https:\/\/brasilnoticias.org\/site\/#\/schema\/person\/f609fa847b5314f1c8b983342f34c798"},"headline":"Governistas se movimentam para instala\u00e7\u00e3o da CPI das Pesquisas","datePublished":"2022-10-05T13:03:55+00:00","mainEntityOfPage":{"@id":"https:\/\/brasilnoticias.org\/site\/governistas-se-movimentam-para-instalacao-da-cpi-das-pesquisas\/"},"wordCount":183,"commentCount":0,"publisher":{"@id":"https:\/\/brasilnoticias.org\/site\/#organization"},"image":{"@id":"https:\/\/brasilnoticias.org\/site\/governistas-se-movimentam-para-instalacao-da-cpi-das-pesquisas\/#primaryimage"},"thumbnailUrl":"https:\/\/brasilnoticias.org\/site\/wp-content\/uploads\/2022\/10\/308456_widelg_widelg.jpg","articleSection":["Not\u00edcias","\u00daltimas"],"inLanguage":"pt-PT","potentialAction":[{"@type":"CommentAction","name":"Comment","target":["https:\/\/brasilnoticias.org\/site\/governistas-se-movimentam-para-instalacao-da-cpi-das-pesquisas\/#respond"]}]},{"@type":"WebPage","@id":"https:\/\/brasilnoticias.org\/site\/governistas-se-movimentam-para-instalacao-da-cpi-das-pesquisas\/","url":"https:\/\/brasilnoticias.org\/site\/governistas-se-movimentam-para-instalacao-da-cpi-das-pesquisas\/","name":"Governistas se movimentam para instala\u00e7\u00e3o da CPI das Pesquisas - Brasil not\u00edcias","isPartOf":{"@id":"https:\/\/brasilnoticias.org\/site\/#website"},"primaryImageOfPage":{"@id":"https:\/\/brasilnoticias.org\/site\/governistas-se-movimentam-para-instalacao-da-cpi-das-pesquisas\/#primaryimage"},"image":{"@id":"https:\/\/brasilnoticias.org\/site\/governistas-se-movimentam-para-instalacao-da-cpi-das-pesquisas\/#primaryimage"},"thumbnailUrl":"https:\/\/brasilnoticias.org\/site\/wp-content\/uploads\/2022\/10\/308456_widelg_widelg.jpg","datePublished":"2022-10-05T13:03:55+00:00","breadcrumb":{"@id":"https:\/\/brasilnoticias.org\/site\/governistas-se-movimentam-para-instalacao-da-cpi-das-pesquisas\/#breadcrumb"},"inLanguage":"pt-PT","potentialAction":[{"@type":"ReadAction","target":["https:\/\/brasilnoticias.org\/site\/governistas-se-movimentam-para-instalacao-da-cpi-das-pesquisas\/"]}]},{"@type":"ImageObject","inLanguage":"pt-PT","@id":"https:\/\/brasilnoticias.org\/site\/governistas-se-movimentam-para-instalacao-da-cpi-das-pesquisas\/#primaryimage","url":"https:\/\/brasilnoticias.org\/site\/wp-content\/uploads\/2022\/10\/308456_widelg_widelg.jpg","contentUrl":"https:\/\/brasilnoticias.org\/site\/wp-content\/uploads\/2022\/10\/308456_widelg_widelg.jpg","width":598,"height":409},{"@type":"BreadcrumbList","@id":"https:\/\/brasilnoticias.org\/site\/governistas-se-movimentam-para-instalacao-da-cpi-das-pesquisas\/#breadcrumb","itemListElement":[{"@type":"ListItem","position":1,"name":"In\u00edcio","item":"https:\/\/brasilnoticias.org\/site\/"},{"@type":"ListItem","position":2,"name":"Governistas se movimentam para instala\u00e7\u00e3o da CPI das Pesquisas"}]},{"@type":"WebSite","@id":"https:\/\/brasilnoticias.org\/site\/#website","url":"https:\/\/brasilnoticias.org\/site\/","name":"Brasil not\u00edcias","description":"Brasil not\u00edcias","publisher":{"@id":"https:\/\/brasilnoticias.org\/site\/#organization"},"potentialAction":[{"@type":"SearchAction","target":{"@type":"EntryPoint","urlTemplate":"https:\/\/brasilnoticias.org\/site\/?s={search_term_string}"},"query-input":{"@type":"PropertyValueSpecification","valueRequired":true,"valueName":"search_term_string"}}],"inLanguage":"pt-PT"},{"@type":"Organization","@id":"https:\/\/brasilnoticias.org\/site\/#organization","name":"Brasil not\u00edcias","url":"https:\/\/brasilnoticias.org\/site\/","logo":{"@type":"ImageObject","inLanguage":"pt-PT","@id":"https:\/\/brasilnoticias.org\/site\/#\/schema\/logo\/image\/","url":"https:\/\/brasilnoticias.org\/site\/wp-content\/uploads\/2022\/05\/cropped-brasilnoticias-mini.jpg","contentUrl":"https:\/\/brasilnoticias.org\/site\/wp-content\/uploads\/2022\/05\/cropped-brasilnoticias-mini.jpg","width":314,"height":86,"caption":"Brasil not\u00edcias"},"image":{"@id":"https:\/\/brasilnoticias.org\/site\/#\/schema\/logo\/image\/"}},{"@type":"Person","@id":"https:\/\/brasilnoticias.org\/site\/#\/schema\/person\/f609fa847b5314f1c8b983342f34c798","name":"Reda\u00e7\u00e3o","image":{"@type":"ImageObject","inLanguage":"pt-PT","@id":"https:\/\/brasilnoticias.org\/site\/#\/schema\/person\/image\/","url":"https:\/\/secure.gravatar.com\/avatar\/447284c06c1ad8b46465a36de9cd0d8326b73387a22799b8b1ffb1fbcff2ed0c?s=96&d=mm&r=g","contentUrl":"https:\/\/secure.gravatar.com\/avatar\/447284c06c1ad8b46465a36de9cd0d8326b73387a22799b8b1ffb1fbcff2ed0c?s=96&d=mm&r=g","caption":"Reda\u00e7\u00e3o"},"url":"https:\/\/brasilnoticias.org\/site\/author\/redacao\/"}]}},"_links":{"self":[{"href":"https:\/\/brasilnoticias.org\/site\/wp-json\/wp\/v2\/posts\/1643","targetHints":{"allow":["GET"]}}],"collection":[{"href":"https:\/\/brasilnoticias.org\/site\/wp-json\/wp\/v2\/posts"}],"about":[{"href":"https:\/\/brasilnoticias.org\/site\/wp-json\/wp\/v2\/types\/post"}],"author":[{"embeddable":true,"href":"https:\/\/brasilnoticias.org\/site\/wp-json\/wp\/v2\/users\/2"}],"replies":[{"embeddable":true,"href":"https:\/\/brasilnoticias.org\/site\/wp-json\/wp\/v2\/comments?post=1643"}],"version-history":[{"count":1,"href":"https:\/\/brasilnoticias.org\/site\/wp-json\/wp\/v2\/posts\/1643\/revisions"}],"predecessor-version":[{"id":1646,"href":"https:\/\/brasilnoticias.org\/site\/wp-json\/wp\/v2\/posts\/1643\/revisions\/1646"}],"wp:featuredmedia":[{"embeddable":true,"href":"https:\/\/brasilnoticias.org\/site\/wp-json\/wp\/v2\/media\/1645"}],"wp:attachment":[{"href":"https:\/\/brasilnoticias.org\/site\/wp-json\/wp\/v2\/media?parent=1643"}],"wp:term":[{"taxonomy":"category","embeddable":true,"href":"https:\/\/brasilnoticias.org\/site\/wp-json\/wp\/v2\/categories?post=1643"},{"taxonomy":"post_tag","embeddable":true,"href":"https:\/\/brasilnoticias.org\/site\/wp-json\/wp\/v2\/tags?post=1643"}],"curies":[{"name":"wp","href":"https:\/\/api.w.org\/{rel}","templated":true}]}}