{"id":16465,"date":"2024-12-05T12:44:12","date_gmt":"2024-12-05T15:44:12","guid":{"rendered":"https:\/\/brasilnoticias.org\/site\/?p=16465"},"modified":"2024-12-05T12:44:12","modified_gmt":"2024-12-05T15:44:12","slug":"camara-dos-deputados-aprova-regime-de-urgencia-para-duas-propostas-do-pacote-de-ajuste-fiscal","status":"publish","type":"post","link":"https:\/\/brasilnoticias.org\/site\/camara-dos-deputados-aprova-regime-de-urgencia-para-duas-propostas-do-pacote-de-ajuste-fiscal\/","title":{"rendered":"C\u00e2mara dos Deputados aprova regime de urg\u00eancia para duas propostas do pacote de ajuste fiscal"},"content":{"rendered":"<p>A C\u00e2mara dos Deputados aprovou na noite desta quarta-feira (4) o regime de urg\u00eancia para a tramita\u00e7\u00e3o de um projeto de lei complementar que inclui gatilhos fiscais e permite o bloqueio de emendas parlamentares. A proposta faz parte do pacote de corte de gastos modificado pelo ministro da Fazenda, Fernando Haddad. Al\u00e9m disso, os deputados aprovaram a urg\u00eancia de outro projeto do mesmo pacote, que altera as regras de reajuste do sal\u00e1rio m\u00ednimo e prev\u00ea uma revis\u00e3o detalhada no programa Bolsa Fam\u00edlia. Esse projeto limita o aumento real do sal\u00e1rio m\u00ednimo ao teto de 2,5% ao ano, conforme previsto no arcabou\u00e7o fiscal.<\/p>\n<p>Os projetos com urg\u00eancia podem ser votados diretamente no Plen\u00e1rio, sem passar antes pelas comiss\u00f5es da C\u00e2mara. Apesar do acordo para a urg\u00eancia, uma reuni\u00e3o de l\u00edderes realizada no in\u00edcio da noite n\u00e3o resultou na nomea\u00e7\u00e3o de um relator nem no compromisso com o m\u00e9rito dos projetos.<\/p>\n<p>O projeto de lei complementar retoma a possibilidade de bloquear emendas parlamentares na mesma propor\u00e7\u00e3o aplicada a outras despesas discricion\u00e1rias do Poder Executivo. Essa medida j\u00e1 havia sido inclu\u00edda anteriormente pelo governo em um projeto de lei que ampliava a rastreabilidade de verbas parlamentares, mas foi retirada durante a vota\u00e7\u00e3o final na C\u00e2mara. Agora, o Minist\u00e9rio da Fazenda voltou a incluir a express\u00e3o \u201cbloqueio de emendas\u201d na nova proposta,<\/p>\n<p>Outra medida prevista no texto \u00e9 a concess\u00e3o, amplia\u00e7\u00e3o ou prorroga\u00e7\u00e3o de incentivos ou benef\u00edcios tribut\u00e1rios em caso de d\u00e9ficit p\u00fablico. O projeto tamb\u00e9m restringe o aumento de despesas com pessoal a um m\u00e1ximo de 0,6% real ao ano, caso haja redu\u00e7\u00e3o nominal nas despesas n\u00e3o obrigat\u00f3rias de um ano para o outro.<\/p>\n<p>Al\u00e9m disso, o texto permite o uso de recursos excedentes de oito fundos nacionais para reduzir a d\u00edvida p\u00fablica at\u00e9 2030. De acordo com dados do Tesouro Nacional de 2023, esses fundos encerraram o ano com um super\u00e1vit total de R$ 45 bilh\u00f5es.<\/p>\n<p>Informa\u00e7\u00f5s da Jovem Pan \/ Foto: Vinicius Loures\/C\u00e2mara dos Deputados<\/p>\n","protected":false},"excerpt":{"rendered":"<p>A C\u00e2mara dos Deputados aprovou na noite desta quarta-feira (4) o regime de urg\u00eancia para a tramita\u00e7\u00e3o de um projeto<\/p>\n","protected":false},"author":4,"featured_media":16466,"comment_status":"open","ping_status":"open","sticky":false,"template":"","format":"standard","meta":{"colormag_page_container_layout":"default_layout","colormag_page_sidebar_layout":"default_layout","_FSMCFIC_featured_image_caption":"","_FSMCFIC_featured_image_nocaption":"","_FSMCFIC_featured_image_hide":"","footnotes":""},"categories":[7,1],"tags":[],"class_list":["post-16465","post","type-post","status-publish","format-standard","has-post-thumbnail","hentry","category-justica","category-ultimas"],"yoast_head":"<!-- This site is optimized with the Yoast SEO plugin v27.1.1 - https:\/\/yoast.com\/product\/yoast-seo-wordpress\/ -->\n<title>C\u00e2mara dos Deputados aprova regime de urg\u00eancia para duas propostas do pacote de ajuste fiscal - Brasil not\u00edcias<\/title>\n<meta name=\"robots\" content=\"index, follow, max-snippet:-1, max-image-preview:large, max-video-preview:-1\" \/>\n<link rel=\"canonical\" href=\"https:\/\/brasilnoticias.org\/site\/camara-dos-deputados-aprova-regime-de-urgencia-para-duas-propostas-do-pacote-de-ajuste-fiscal\/\" \/>\n<meta property=\"og:locale\" content=\"pt_PT\" \/>\n<meta property=\"og:type\" content=\"article\" \/>\n<meta property=\"og:title\" content=\"C\u00e2mara dos Deputados aprova regime de urg\u00eancia para duas propostas do pacote de ajuste fiscal - Brasil not\u00edcias\" \/>\n<meta property=\"og:description\" content=\"A C\u00e2mara dos Deputados aprovou na noite desta quarta-feira (4) o regime de urg\u00eancia para a tramita\u00e7\u00e3o de um projeto\" \/>\n<meta property=\"og:url\" content=\"https:\/\/brasilnoticias.org\/site\/camara-dos-deputados-aprova-regime-de-urgencia-para-duas-propostas-do-pacote-de-ajuste-fiscal\/\" \/>\n<meta property=\"og:site_name\" content=\"Brasil not\u00edcias\" \/>\n<meta property=\"article:published_time\" content=\"2024-12-05T15:44:12+00:00\" \/>\n<meta property=\"og:image\" content=\"https:\/\/brasilnoticias.org\/site\/wp-content\/uploads\/2024\/12\/IMAGEM_NOTICIA_1.jpg\" \/>\n\t<meta property=\"og:image:width\" content=\"600\" \/>\n\t<meta property=\"og:image:height\" content=\"430\" \/>\n\t<meta property=\"og:image:type\" content=\"image\/jpeg\" \/>\n<meta name=\"author\" content=\"Reda\u00e7\u00e3o\" \/>\n<meta name=\"twitter:card\" content=\"summary_large_image\" \/>\n<meta name=\"twitter:label1\" content=\"Escrito por\" \/>\n\t<meta name=\"twitter:data1\" content=\"Reda\u00e7\u00e3o\" \/>\n\t<meta name=\"twitter:label2\" content=\"Tempo estimado de leitura\" \/>\n\t<meta name=\"twitter:data2\" content=\"1 minuto\" \/>\n<script type=\"application\/ld+json\" class=\"yoast-schema-graph\">{\"@context\":\"https:\/\/schema.org\",\"@graph\":[{\"@type\":\"Article\",\"@id\":\"https:\/\/brasilnoticias.org\/site\/camara-dos-deputados-aprova-regime-de-urgencia-para-duas-propostas-do-pacote-de-ajuste-fiscal\/#article\",\"isPartOf\":{\"@id\":\"https:\/\/brasilnoticias.org\/site\/camara-dos-deputados-aprova-regime-de-urgencia-para-duas-propostas-do-pacote-de-ajuste-fiscal\/\"},\"author\":{\"name\":\"Reda\u00e7\u00e3o\",\"@id\":\"https:\/\/brasilnoticias.org\/site\/#\/schema\/person\/03bbbfe6c7634ad18c26444ea39049fa\"},\"headline\":\"C\u00e2mara dos Deputados aprova regime de urg\u00eancia para duas propostas do pacote de ajuste fiscal\",\"datePublished\":\"2024-12-05T15:44:12+00:00\",\"mainEntityOfPage\":{\"@id\":\"https:\/\/brasilnoticias.org\/site\/camara-dos-deputados-aprova-regime-de-urgencia-para-duas-propostas-do-pacote-de-ajuste-fiscal\/\"},\"wordCount\":383,\"commentCount\":0,\"publisher\":{\"@id\":\"https:\/\/brasilnoticias.org\/site\/#organization\"},\"image\":{\"@id\":\"https:\/\/brasilnoticias.org\/site\/camara-dos-deputados-aprova-regime-de-urgencia-para-duas-propostas-do-pacote-de-ajuste-fiscal\/#primaryimage\"},\"thumbnailUrl\":\"https:\/\/brasilnoticias.org\/site\/wp-content\/uploads\/2024\/12\/IMAGEM_NOTICIA_1.jpg\",\"articleSection\":[\"Justi\u00e7a\",\"\u00daltimas\"],\"inLanguage\":\"pt-PT\",\"potentialAction\":[{\"@type\":\"CommentAction\",\"name\":\"Comment\",\"target\":[\"https:\/\/brasilnoticias.org\/site\/camara-dos-deputados-aprova-regime-de-urgencia-para-duas-propostas-do-pacote-de-ajuste-fiscal\/#respond\"]}]},{\"@type\":\"WebPage\",\"@id\":\"https:\/\/brasilnoticias.org\/site\/camara-dos-deputados-aprova-regime-de-urgencia-para-duas-propostas-do-pacote-de-ajuste-fiscal\/\",\"url\":\"https:\/\/brasilnoticias.org\/site\/camara-dos-deputados-aprova-regime-de-urgencia-para-duas-propostas-do-pacote-de-ajuste-fiscal\/\",\"name\":\"C\u00e2mara dos Deputados aprova regime de urg\u00eancia para duas propostas do pacote de ajuste fiscal - Brasil not\u00edcias\",\"isPartOf\":{\"@id\":\"https:\/\/brasilnoticias.org\/site\/#website\"},\"primaryImageOfPage\":{\"@id\":\"https:\/\/brasilnoticias.org\/site\/camara-dos-deputados-aprova-regime-de-urgencia-para-duas-propostas-do-pacote-de-ajuste-fiscal\/#primaryimage\"},\"image\":{\"@id\":\"https:\/\/brasilnoticias.org\/site\/camara-dos-deputados-aprova-regime-de-urgencia-para-duas-propostas-do-pacote-de-ajuste-fiscal\/#primaryimage\"},\"thumbnailUrl\":\"https:\/\/brasilnoticias.org\/site\/wp-content\/uploads\/2024\/12\/IMAGEM_NOTICIA_1.jpg\",\"datePublished\":\"2024-12-05T15:44:12+00:00\",\"breadcrumb\":{\"@id\":\"https:\/\/brasilnoticias.org\/site\/camara-dos-deputados-aprova-regime-de-urgencia-para-duas-propostas-do-pacote-de-ajuste-fiscal\/#breadcrumb\"},\"inLanguage\":\"pt-PT\",\"potentialAction\":[{\"@type\":\"ReadAction\",\"target\":[\"https:\/\/brasilnoticias.org\/site\/camara-dos-deputados-aprova-regime-de-urgencia-para-duas-propostas-do-pacote-de-ajuste-fiscal\/\"]}]},{\"@type\":\"ImageObject\",\"inLanguage\":\"pt-PT\",\"@id\":\"https:\/\/brasilnoticias.org\/site\/camara-dos-deputados-aprova-regime-de-urgencia-para-duas-propostas-do-pacote-de-ajuste-fiscal\/#primaryimage\",\"url\":\"https:\/\/brasilnoticias.org\/site\/wp-content\/uploads\/2024\/12\/IMAGEM_NOTICIA_1.jpg\",\"contentUrl\":\"https:\/\/brasilnoticias.org\/site\/wp-content\/uploads\/2024\/12\/IMAGEM_NOTICIA_1.jpg\",\"width\":600,\"height\":430},{\"@type\":\"BreadcrumbList\",\"@id\":\"https:\/\/brasilnoticias.org\/site\/camara-dos-deputados-aprova-regime-de-urgencia-para-duas-propostas-do-pacote-de-ajuste-fiscal\/#breadcrumb\",\"itemListElement\":[{\"@type\":\"ListItem\",\"position\":1,\"name\":\"In\u00edcio\",\"item\":\"https:\/\/brasilnoticias.org\/site\/\"},{\"@type\":\"ListItem\",\"position\":2,\"name\":\"C\u00e2mara dos Deputados aprova regime de urg\u00eancia para duas propostas do pacote de ajuste fiscal\"}]},{\"@type\":\"WebSite\",\"@id\":\"https:\/\/brasilnoticias.org\/site\/#website\",\"url\":\"https:\/\/brasilnoticias.org\/site\/\",\"name\":\"Brasil not\u00edcias\",\"description\":\"Brasil not\u00edcias\",\"publisher\":{\"@id\":\"https:\/\/brasilnoticias.org\/site\/#organization\"},\"potentialAction\":[{\"@type\":\"SearchAction\",\"target\":{\"@type\":\"EntryPoint\",\"urlTemplate\":\"https:\/\/brasilnoticias.org\/site\/?s={search_term_string}\"},\"query-input\":{\"@type\":\"PropertyValueSpecification\",\"valueRequired\":true,\"valueName\":\"search_term_string\"}}],\"inLanguage\":\"pt-PT\"},{\"@type\":\"Organization\",\"@id\":\"https:\/\/brasilnoticias.org\/site\/#organization\",\"name\":\"Brasil not\u00edcias\",\"url\":\"https:\/\/brasilnoticias.org\/site\/\",\"logo\":{\"@type\":\"ImageObject\",\"inLanguage\":\"pt-PT\",\"@id\":\"https:\/\/brasilnoticias.org\/site\/#\/schema\/logo\/image\/\",\"url\":\"https:\/\/brasilnoticias.org\/site\/wp-content\/uploads\/2022\/05\/cropped-brasilnoticias-mini.jpg\",\"contentUrl\":\"https:\/\/brasilnoticias.org\/site\/wp-content\/uploads\/2022\/05\/cropped-brasilnoticias-mini.jpg\",\"width\":314,\"height\":86,\"caption\":\"Brasil not\u00edcias\"},\"image\":{\"@id\":\"https:\/\/brasilnoticias.org\/site\/#\/schema\/logo\/image\/\"}},{\"@type\":\"Person\",\"@id\":\"https:\/\/brasilnoticias.org\/site\/#\/schema\/person\/03bbbfe6c7634ad18c26444ea39049fa\",\"name\":\"Reda\u00e7\u00e3o\",\"image\":{\"@type\":\"ImageObject\",\"inLanguage\":\"pt-PT\",\"@id\":\"https:\/\/brasilnoticias.org\/site\/#\/schema\/person\/image\/\",\"url\":\"https:\/\/secure.gravatar.com\/avatar\/9ecaf7327a696cb23ad926fedded5f1f04d7049de9e445375d55b48c001a6e42?s=96&d=mm&r=g\",\"contentUrl\":\"https:\/\/secure.gravatar.com\/avatar\/9ecaf7327a696cb23ad926fedded5f1f04d7049de9e445375d55b48c001a6e42?s=96&d=mm&r=g\",\"caption\":\"Reda\u00e7\u00e3o\"},\"url\":\"https:\/\/brasilnoticias.org\/site\/author\/henrique\/\"}]}<\/script>\n<!-- \/ Yoast SEO plugin. -->","yoast_head_json":{"title":"C\u00e2mara dos Deputados aprova regime de urg\u00eancia para duas propostas do pacote de ajuste fiscal - Brasil not\u00edcias","robots":{"index":"index","follow":"follow","max-snippet":"max-snippet:-1","max-image-preview":"max-image-preview:large","max-video-preview":"max-video-preview:-1"},"canonical":"https:\/\/brasilnoticias.org\/site\/camara-dos-deputados-aprova-regime-de-urgencia-para-duas-propostas-do-pacote-de-ajuste-fiscal\/","og_locale":"pt_PT","og_type":"article","og_title":"C\u00e2mara dos Deputados aprova regime de urg\u00eancia para duas propostas do pacote de ajuste fiscal - Brasil not\u00edcias","og_description":"A C\u00e2mara dos Deputados aprovou na noite desta quarta-feira (4) o regime de urg\u00eancia para a tramita\u00e7\u00e3o de um projeto","og_url":"https:\/\/brasilnoticias.org\/site\/camara-dos-deputados-aprova-regime-de-urgencia-para-duas-propostas-do-pacote-de-ajuste-fiscal\/","og_site_name":"Brasil not\u00edcias","article_published_time":"2024-12-05T15:44:12+00:00","og_image":[{"width":600,"height":430,"url":"https:\/\/brasilnoticias.org\/site\/wp-content\/uploads\/2024\/12\/IMAGEM_NOTICIA_1.jpg","type":"image\/jpeg"}],"author":"Reda\u00e7\u00e3o","twitter_card":"summary_large_image","twitter_misc":{"Escrito por":"Reda\u00e7\u00e3o","Tempo estimado de leitura":"1 minuto"},"schema":{"@context":"https:\/\/schema.org","@graph":[{"@type":"Article","@id":"https:\/\/brasilnoticias.org\/site\/camara-dos-deputados-aprova-regime-de-urgencia-para-duas-propostas-do-pacote-de-ajuste-fiscal\/#article","isPartOf":{"@id":"https:\/\/brasilnoticias.org\/site\/camara-dos-deputados-aprova-regime-de-urgencia-para-duas-propostas-do-pacote-de-ajuste-fiscal\/"},"author":{"name":"Reda\u00e7\u00e3o","@id":"https:\/\/brasilnoticias.org\/site\/#\/schema\/person\/03bbbfe6c7634ad18c26444ea39049fa"},"headline":"C\u00e2mara dos Deputados aprova regime de urg\u00eancia para duas propostas do pacote de ajuste fiscal","datePublished":"2024-12-05T15:44:12+00:00","mainEntityOfPage":{"@id":"https:\/\/brasilnoticias.org\/site\/camara-dos-deputados-aprova-regime-de-urgencia-para-duas-propostas-do-pacote-de-ajuste-fiscal\/"},"wordCount":383,"commentCount":0,"publisher":{"@id":"https:\/\/brasilnoticias.org\/site\/#organization"},"image":{"@id":"https:\/\/brasilnoticias.org\/site\/camara-dos-deputados-aprova-regime-de-urgencia-para-duas-propostas-do-pacote-de-ajuste-fiscal\/#primaryimage"},"thumbnailUrl":"https:\/\/brasilnoticias.org\/site\/wp-content\/uploads\/2024\/12\/IMAGEM_NOTICIA_1.jpg","articleSection":["Justi\u00e7a","\u00daltimas"],"inLanguage":"pt-PT","potentialAction":[{"@type":"CommentAction","name":"Comment","target":["https:\/\/brasilnoticias.org\/site\/camara-dos-deputados-aprova-regime-de-urgencia-para-duas-propostas-do-pacote-de-ajuste-fiscal\/#respond"]}]},{"@type":"WebPage","@id":"https:\/\/brasilnoticias.org\/site\/camara-dos-deputados-aprova-regime-de-urgencia-para-duas-propostas-do-pacote-de-ajuste-fiscal\/","url":"https:\/\/brasilnoticias.org\/site\/camara-dos-deputados-aprova-regime-de-urgencia-para-duas-propostas-do-pacote-de-ajuste-fiscal\/","name":"C\u00e2mara dos Deputados aprova regime de urg\u00eancia para duas propostas do pacote de ajuste fiscal - Brasil not\u00edcias","isPartOf":{"@id":"https:\/\/brasilnoticias.org\/site\/#website"},"primaryImageOfPage":{"@id":"https:\/\/brasilnoticias.org\/site\/camara-dos-deputados-aprova-regime-de-urgencia-para-duas-propostas-do-pacote-de-ajuste-fiscal\/#primaryimage"},"image":{"@id":"https:\/\/brasilnoticias.org\/site\/camara-dos-deputados-aprova-regime-de-urgencia-para-duas-propostas-do-pacote-de-ajuste-fiscal\/#primaryimage"},"thumbnailUrl":"https:\/\/brasilnoticias.org\/site\/wp-content\/uploads\/2024\/12\/IMAGEM_NOTICIA_1.jpg","datePublished":"2024-12-05T15:44:12+00:00","breadcrumb":{"@id":"https:\/\/brasilnoticias.org\/site\/camara-dos-deputados-aprova-regime-de-urgencia-para-duas-propostas-do-pacote-de-ajuste-fiscal\/#breadcrumb"},"inLanguage":"pt-PT","potentialAction":[{"@type":"ReadAction","target":["https:\/\/brasilnoticias.org\/site\/camara-dos-deputados-aprova-regime-de-urgencia-para-duas-propostas-do-pacote-de-ajuste-fiscal\/"]}]},{"@type":"ImageObject","inLanguage":"pt-PT","@id":"https:\/\/brasilnoticias.org\/site\/camara-dos-deputados-aprova-regime-de-urgencia-para-duas-propostas-do-pacote-de-ajuste-fiscal\/#primaryimage","url":"https:\/\/brasilnoticias.org\/site\/wp-content\/uploads\/2024\/12\/IMAGEM_NOTICIA_1.jpg","contentUrl":"https:\/\/brasilnoticias.org\/site\/wp-content\/uploads\/2024\/12\/IMAGEM_NOTICIA_1.jpg","width":600,"height":430},{"@type":"BreadcrumbList","@id":"https:\/\/brasilnoticias.org\/site\/camara-dos-deputados-aprova-regime-de-urgencia-para-duas-propostas-do-pacote-de-ajuste-fiscal\/#breadcrumb","itemListElement":[{"@type":"ListItem","position":1,"name":"In\u00edcio","item":"https:\/\/brasilnoticias.org\/site\/"},{"@type":"ListItem","position":2,"name":"C\u00e2mara dos Deputados aprova regime de urg\u00eancia para duas propostas do pacote de ajuste fiscal"}]},{"@type":"WebSite","@id":"https:\/\/brasilnoticias.org\/site\/#website","url":"https:\/\/brasilnoticias.org\/site\/","name":"Brasil not\u00edcias","description":"Brasil not\u00edcias","publisher":{"@id":"https:\/\/brasilnoticias.org\/site\/#organization"},"potentialAction":[{"@type":"SearchAction","target":{"@type":"EntryPoint","urlTemplate":"https:\/\/brasilnoticias.org\/site\/?s={search_term_string}"},"query-input":{"@type":"PropertyValueSpecification","valueRequired":true,"valueName":"search_term_string"}}],"inLanguage":"pt-PT"},{"@type":"Organization","@id":"https:\/\/brasilnoticias.org\/site\/#organization","name":"Brasil not\u00edcias","url":"https:\/\/brasilnoticias.org\/site\/","logo":{"@type":"ImageObject","inLanguage":"pt-PT","@id":"https:\/\/brasilnoticias.org\/site\/#\/schema\/logo\/image\/","url":"https:\/\/brasilnoticias.org\/site\/wp-content\/uploads\/2022\/05\/cropped-brasilnoticias-mini.jpg","contentUrl":"https:\/\/brasilnoticias.org\/site\/wp-content\/uploads\/2022\/05\/cropped-brasilnoticias-mini.jpg","width":314,"height":86,"caption":"Brasil not\u00edcias"},"image":{"@id":"https:\/\/brasilnoticias.org\/site\/#\/schema\/logo\/image\/"}},{"@type":"Person","@id":"https:\/\/brasilnoticias.org\/site\/#\/schema\/person\/03bbbfe6c7634ad18c26444ea39049fa","name":"Reda\u00e7\u00e3o","image":{"@type":"ImageObject","inLanguage":"pt-PT","@id":"https:\/\/brasilnoticias.org\/site\/#\/schema\/person\/image\/","url":"https:\/\/secure.gravatar.com\/avatar\/9ecaf7327a696cb23ad926fedded5f1f04d7049de9e445375d55b48c001a6e42?s=96&d=mm&r=g","contentUrl":"https:\/\/secure.gravatar.com\/avatar\/9ecaf7327a696cb23ad926fedded5f1f04d7049de9e445375d55b48c001a6e42?s=96&d=mm&r=g","caption":"Reda\u00e7\u00e3o"},"url":"https:\/\/brasilnoticias.org\/site\/author\/henrique\/"}]}},"_links":{"self":[{"href":"https:\/\/brasilnoticias.org\/site\/wp-json\/wp\/v2\/posts\/16465","targetHints":{"allow":["GET"]}}],"collection":[{"href":"https:\/\/brasilnoticias.org\/site\/wp-json\/wp\/v2\/posts"}],"about":[{"href":"https:\/\/brasilnoticias.org\/site\/wp-json\/wp\/v2\/types\/post"}],"author":[{"embeddable":true,"href":"https:\/\/brasilnoticias.org\/site\/wp-json\/wp\/v2\/users\/4"}],"replies":[{"embeddable":true,"href":"https:\/\/brasilnoticias.org\/site\/wp-json\/wp\/v2\/comments?post=16465"}],"version-history":[{"count":1,"href":"https:\/\/brasilnoticias.org\/site\/wp-json\/wp\/v2\/posts\/16465\/revisions"}],"predecessor-version":[{"id":16467,"href":"https:\/\/brasilnoticias.org\/site\/wp-json\/wp\/v2\/posts\/16465\/revisions\/16467"}],"wp:featuredmedia":[{"embeddable":true,"href":"https:\/\/brasilnoticias.org\/site\/wp-json\/wp\/v2\/media\/16466"}],"wp:attachment":[{"href":"https:\/\/brasilnoticias.org\/site\/wp-json\/wp\/v2\/media?parent=16465"}],"wp:term":[{"taxonomy":"category","embeddable":true,"href":"https:\/\/brasilnoticias.org\/site\/wp-json\/wp\/v2\/categories?post=16465"},{"taxonomy":"post_tag","embeddable":true,"href":"https:\/\/brasilnoticias.org\/site\/wp-json\/wp\/v2\/tags?post=16465"}],"curies":[{"name":"wp","href":"https:\/\/api.w.org\/{rel}","templated":true}]}}