{"id":16471,"date":"2024-12-05T12:46:15","date_gmt":"2024-12-05T15:46:15","guid":{"rendered":"https:\/\/brasilnoticias.org\/site\/?p=16471"},"modified":"2024-12-05T12:46:15","modified_gmt":"2024-12-05T15:46:15","slug":"onibus-que-transportava-mais-de-40-estudantes-pega-fogo-em-jequie","status":"publish","type":"post","link":"https:\/\/brasilnoticias.org\/site\/onibus-que-transportava-mais-de-40-estudantes-pega-fogo-em-jequie\/","title":{"rendered":"\u00d4nibus que transportava mais de 40 estudantes pega fogo em Jequi\u00e9"},"content":{"rendered":"<p>Causas do inc\u00eandio ainda s\u00e3o desconhecidas<\/p>\n<p>Um \u00f4nibus que levava 46 estudantes universit\u00e1rios foi consumido por um inc\u00eandio enquanto circulava pelo semi-anel rodovi\u00e1rio de Jequi\u00e9 na noite da \u00faltima quarta-feira (4), nas proximidades da Santa Casa e do Hospital S\u00e3o Judas, na Bahia. Os estudantes estavam sendo levados de Marac\u00e1s para Jequi\u00e9.<\/p>\n<p>Segundo informa\u00e7\u00f5es iniciais, as chamas iniciaram nos pneus de tr\u00e1s do \u00f4nibus. Imagens que est\u00e3o sendo compartilhadas nas redes sociais mostram o ve\u00edculo totalmente tomado pelo fogo. O condutor e os estudantes conseguiram sair do \u00f4nibus assim que notaram os primeiros sinais de fogo. At\u00e9 a publica\u00e7\u00e3o desta mat\u00e9ria, n\u00e3o h\u00e1 relatos de pessoas feridas. <\/p>\n<p>O 8\u00ba Grupamento do Batalh\u00e3o de Bombeiros Militar foi chamado e conseguiu controlar o inc\u00eandio em cerca de uma hora e meia. A Pol\u00edcia Rodovi\u00e1ria Estadual est\u00e1 investigando para conseguir mais informa\u00e7\u00f5es sobre as causas do incidente.<\/p>\n<p>Foto: 8\u00ba Batalh\u00e3o de Bombeiros<br \/>\nPor: Metro1<\/p>\n","protected":false},"excerpt":{"rendered":"<p>Causas do inc\u00eandio ainda s\u00e3o desconhecidas Um \u00f4nibus que levava 46 estudantes universit\u00e1rios foi consumido por um inc\u00eandio enquanto circulava<\/p>\n","protected":false},"author":4,"featured_media":16472,"comment_status":"open","ping_status":"open","sticky":false,"template":"","format":"standard","meta":{"colormag_page_container_layout":"default_layout","colormag_page_sidebar_layout":"default_layout","_FSMCFIC_featured_image_caption":"","_FSMCFIC_featured_image_nocaption":"","_FSMCFIC_featured_image_hide":"","footnotes":""},"categories":[2,1],"tags":[],"class_list":["post-16471","post","type-post","status-publish","format-standard","has-post-thumbnail","hentry","category-noticias","category-ultimas"],"yoast_head":"<!-- This site is optimized with the Yoast SEO plugin v27.1.1 - https:\/\/yoast.com\/product\/yoast-seo-wordpress\/ -->\n<title>\u00d4nibus que transportava mais de 40 estudantes pega fogo em Jequi\u00e9 - Brasil not\u00edcias<\/title>\n<meta name=\"robots\" content=\"index, follow, max-snippet:-1, max-image-preview:large, max-video-preview:-1\" \/>\n<link rel=\"canonical\" href=\"https:\/\/brasilnoticias.org\/site\/onibus-que-transportava-mais-de-40-estudantes-pega-fogo-em-jequie\/\" \/>\n<meta property=\"og:locale\" content=\"pt_PT\" \/>\n<meta property=\"og:type\" content=\"article\" \/>\n<meta property=\"og:title\" content=\"\u00d4nibus que transportava mais de 40 estudantes pega fogo em Jequi\u00e9 - Brasil not\u00edcias\" \/>\n<meta property=\"og:description\" content=\"Causas do inc\u00eandio ainda s\u00e3o desconhecidas Um \u00f4nibus que levava 46 estudantes universit\u00e1rios foi consumido por um inc\u00eandio enquanto circulava\" \/>\n<meta property=\"og:url\" content=\"https:\/\/brasilnoticias.org\/site\/onibus-que-transportava-mais-de-40-estudantes-pega-fogo-em-jequie\/\" \/>\n<meta property=\"og:site_name\" content=\"Brasil not\u00edcias\" \/>\n<meta property=\"article:published_time\" content=\"2024-12-05T15:46:15+00:00\" \/>\n<meta property=\"og:image\" content=\"https:\/\/brasilnoticias.org\/site\/wp-content\/uploads\/2024\/12\/158608onibus-que-transportava-mais-de-40-estudantes-pega-fogo-em-jequie-3.jpg\" \/>\n\t<meta property=\"og:image:width\" content=\"1600\" \/>\n\t<meta property=\"og:image:height\" content=\"752\" \/>\n\t<meta property=\"og:image:type\" content=\"image\/jpeg\" \/>\n<meta name=\"author\" content=\"Reda\u00e7\u00e3o\" \/>\n<meta name=\"twitter:card\" content=\"summary_large_image\" \/>\n<meta name=\"twitter:label1\" content=\"Escrito por\" \/>\n\t<meta name=\"twitter:data1\" content=\"Reda\u00e7\u00e3o\" \/>\n\t<meta name=\"twitter:label2\" content=\"Tempo estimado de leitura\" \/>\n\t<meta name=\"twitter:data2\" content=\"1 minuto\" \/>\n<script type=\"application\/ld+json\" class=\"yoast-schema-graph\">{\"@context\":\"https:\/\/schema.org\",\"@graph\":[{\"@type\":\"Article\",\"@id\":\"https:\/\/brasilnoticias.org\/site\/onibus-que-transportava-mais-de-40-estudantes-pega-fogo-em-jequie\/#article\",\"isPartOf\":{\"@id\":\"https:\/\/brasilnoticias.org\/site\/onibus-que-transportava-mais-de-40-estudantes-pega-fogo-em-jequie\/\"},\"author\":{\"name\":\"Reda\u00e7\u00e3o\",\"@id\":\"https:\/\/brasilnoticias.org\/site\/#\/schema\/person\/03bbbfe6c7634ad18c26444ea39049fa\"},\"headline\":\"\u00d4nibus que transportava mais de 40 estudantes pega fogo em Jequi\u00e9\",\"datePublished\":\"2024-12-05T15:46:15+00:00\",\"mainEntityOfPage\":{\"@id\":\"https:\/\/brasilnoticias.org\/site\/onibus-que-transportava-mais-de-40-estudantes-pega-fogo-em-jequie\/\"},\"wordCount\":177,\"commentCount\":0,\"publisher\":{\"@id\":\"https:\/\/brasilnoticias.org\/site\/#organization\"},\"image\":{\"@id\":\"https:\/\/brasilnoticias.org\/site\/onibus-que-transportava-mais-de-40-estudantes-pega-fogo-em-jequie\/#primaryimage\"},\"thumbnailUrl\":\"https:\/\/brasilnoticias.org\/site\/wp-content\/uploads\/2024\/12\/158608onibus-que-transportava-mais-de-40-estudantes-pega-fogo-em-jequie-3.jpg\",\"articleSection\":[\"Not\u00edcias\",\"\u00daltimas\"],\"inLanguage\":\"pt-PT\",\"potentialAction\":[{\"@type\":\"CommentAction\",\"name\":\"Comment\",\"target\":[\"https:\/\/brasilnoticias.org\/site\/onibus-que-transportava-mais-de-40-estudantes-pega-fogo-em-jequie\/#respond\"]}]},{\"@type\":\"WebPage\",\"@id\":\"https:\/\/brasilnoticias.org\/site\/onibus-que-transportava-mais-de-40-estudantes-pega-fogo-em-jequie\/\",\"url\":\"https:\/\/brasilnoticias.org\/site\/onibus-que-transportava-mais-de-40-estudantes-pega-fogo-em-jequie\/\",\"name\":\"\u00d4nibus que transportava mais de 40 estudantes pega fogo em Jequi\u00e9 - Brasil not\u00edcias\",\"isPartOf\":{\"@id\":\"https:\/\/brasilnoticias.org\/site\/#website\"},\"primaryImageOfPage\":{\"@id\":\"https:\/\/brasilnoticias.org\/site\/onibus-que-transportava-mais-de-40-estudantes-pega-fogo-em-jequie\/#primaryimage\"},\"image\":{\"@id\":\"https:\/\/brasilnoticias.org\/site\/onibus-que-transportava-mais-de-40-estudantes-pega-fogo-em-jequie\/#primaryimage\"},\"thumbnailUrl\":\"https:\/\/brasilnoticias.org\/site\/wp-content\/uploads\/2024\/12\/158608onibus-que-transportava-mais-de-40-estudantes-pega-fogo-em-jequie-3.jpg\",\"datePublished\":\"2024-12-05T15:46:15+00:00\",\"breadcrumb\":{\"@id\":\"https:\/\/brasilnoticias.org\/site\/onibus-que-transportava-mais-de-40-estudantes-pega-fogo-em-jequie\/#breadcrumb\"},\"inLanguage\":\"pt-PT\",\"potentialAction\":[{\"@type\":\"ReadAction\",\"target\":[\"https:\/\/brasilnoticias.org\/site\/onibus-que-transportava-mais-de-40-estudantes-pega-fogo-em-jequie\/\"]}]},{\"@type\":\"ImageObject\",\"inLanguage\":\"pt-PT\",\"@id\":\"https:\/\/brasilnoticias.org\/site\/onibus-que-transportava-mais-de-40-estudantes-pega-fogo-em-jequie\/#primaryimage\",\"url\":\"https:\/\/brasilnoticias.org\/site\/wp-content\/uploads\/2024\/12\/158608onibus-que-transportava-mais-de-40-estudantes-pega-fogo-em-jequie-3.jpg\",\"contentUrl\":\"https:\/\/brasilnoticias.org\/site\/wp-content\/uploads\/2024\/12\/158608onibus-que-transportava-mais-de-40-estudantes-pega-fogo-em-jequie-3.jpg\",\"width\":1600,\"height\":752},{\"@type\":\"BreadcrumbList\",\"@id\":\"https:\/\/brasilnoticias.org\/site\/onibus-que-transportava-mais-de-40-estudantes-pega-fogo-em-jequie\/#breadcrumb\",\"itemListElement\":[{\"@type\":\"ListItem\",\"position\":1,\"name\":\"In\u00edcio\",\"item\":\"https:\/\/brasilnoticias.org\/site\/\"},{\"@type\":\"ListItem\",\"position\":2,\"name\":\"\u00d4nibus que transportava mais de 40 estudantes pega fogo em Jequi\u00e9\"}]},{\"@type\":\"WebSite\",\"@id\":\"https:\/\/brasilnoticias.org\/site\/#website\",\"url\":\"https:\/\/brasilnoticias.org\/site\/\",\"name\":\"Brasil not\u00edcias\",\"description\":\"Brasil not\u00edcias\",\"publisher\":{\"@id\":\"https:\/\/brasilnoticias.org\/site\/#organization\"},\"potentialAction\":[{\"@type\":\"SearchAction\",\"target\":{\"@type\":\"EntryPoint\",\"urlTemplate\":\"https:\/\/brasilnoticias.org\/site\/?s={search_term_string}\"},\"query-input\":{\"@type\":\"PropertyValueSpecification\",\"valueRequired\":true,\"valueName\":\"search_term_string\"}}],\"inLanguage\":\"pt-PT\"},{\"@type\":\"Organization\",\"@id\":\"https:\/\/brasilnoticias.org\/site\/#organization\",\"name\":\"Brasil not\u00edcias\",\"url\":\"https:\/\/brasilnoticias.org\/site\/\",\"logo\":{\"@type\":\"ImageObject\",\"inLanguage\":\"pt-PT\",\"@id\":\"https:\/\/brasilnoticias.org\/site\/#\/schema\/logo\/image\/\",\"url\":\"https:\/\/brasilnoticias.org\/site\/wp-content\/uploads\/2022\/05\/cropped-brasilnoticias-mini.jpg\",\"contentUrl\":\"https:\/\/brasilnoticias.org\/site\/wp-content\/uploads\/2022\/05\/cropped-brasilnoticias-mini.jpg\",\"width\":314,\"height\":86,\"caption\":\"Brasil not\u00edcias\"},\"image\":{\"@id\":\"https:\/\/brasilnoticias.org\/site\/#\/schema\/logo\/image\/\"}},{\"@type\":\"Person\",\"@id\":\"https:\/\/brasilnoticias.org\/site\/#\/schema\/person\/03bbbfe6c7634ad18c26444ea39049fa\",\"name\":\"Reda\u00e7\u00e3o\",\"image\":{\"@type\":\"ImageObject\",\"inLanguage\":\"pt-PT\",\"@id\":\"https:\/\/brasilnoticias.org\/site\/#\/schema\/person\/image\/\",\"url\":\"https:\/\/secure.gravatar.com\/avatar\/9ecaf7327a696cb23ad926fedded5f1f04d7049de9e445375d55b48c001a6e42?s=96&d=mm&r=g\",\"contentUrl\":\"https:\/\/secure.gravatar.com\/avatar\/9ecaf7327a696cb23ad926fedded5f1f04d7049de9e445375d55b48c001a6e42?s=96&d=mm&r=g\",\"caption\":\"Reda\u00e7\u00e3o\"},\"url\":\"https:\/\/brasilnoticias.org\/site\/author\/henrique\/\"}]}<\/script>\n<!-- \/ Yoast SEO plugin. -->","yoast_head_json":{"title":"\u00d4nibus que transportava mais de 40 estudantes pega fogo em Jequi\u00e9 - Brasil not\u00edcias","robots":{"index":"index","follow":"follow","max-snippet":"max-snippet:-1","max-image-preview":"max-image-preview:large","max-video-preview":"max-video-preview:-1"},"canonical":"https:\/\/brasilnoticias.org\/site\/onibus-que-transportava-mais-de-40-estudantes-pega-fogo-em-jequie\/","og_locale":"pt_PT","og_type":"article","og_title":"\u00d4nibus que transportava mais de 40 estudantes pega fogo em Jequi\u00e9 - Brasil not\u00edcias","og_description":"Causas do inc\u00eandio ainda s\u00e3o desconhecidas Um \u00f4nibus que levava 46 estudantes universit\u00e1rios foi consumido por um inc\u00eandio enquanto circulava","og_url":"https:\/\/brasilnoticias.org\/site\/onibus-que-transportava-mais-de-40-estudantes-pega-fogo-em-jequie\/","og_site_name":"Brasil not\u00edcias","article_published_time":"2024-12-05T15:46:15+00:00","og_image":[{"width":1600,"height":752,"url":"https:\/\/brasilnoticias.org\/site\/wp-content\/uploads\/2024\/12\/158608onibus-que-transportava-mais-de-40-estudantes-pega-fogo-em-jequie-3.jpg","type":"image\/jpeg"}],"author":"Reda\u00e7\u00e3o","twitter_card":"summary_large_image","twitter_misc":{"Escrito por":"Reda\u00e7\u00e3o","Tempo estimado de leitura":"1 minuto"},"schema":{"@context":"https:\/\/schema.org","@graph":[{"@type":"Article","@id":"https:\/\/brasilnoticias.org\/site\/onibus-que-transportava-mais-de-40-estudantes-pega-fogo-em-jequie\/#article","isPartOf":{"@id":"https:\/\/brasilnoticias.org\/site\/onibus-que-transportava-mais-de-40-estudantes-pega-fogo-em-jequie\/"},"author":{"name":"Reda\u00e7\u00e3o","@id":"https:\/\/brasilnoticias.org\/site\/#\/schema\/person\/03bbbfe6c7634ad18c26444ea39049fa"},"headline":"\u00d4nibus que transportava mais de 40 estudantes pega fogo em Jequi\u00e9","datePublished":"2024-12-05T15:46:15+00:00","mainEntityOfPage":{"@id":"https:\/\/brasilnoticias.org\/site\/onibus-que-transportava-mais-de-40-estudantes-pega-fogo-em-jequie\/"},"wordCount":177,"commentCount":0,"publisher":{"@id":"https:\/\/brasilnoticias.org\/site\/#organization"},"image":{"@id":"https:\/\/brasilnoticias.org\/site\/onibus-que-transportava-mais-de-40-estudantes-pega-fogo-em-jequie\/#primaryimage"},"thumbnailUrl":"https:\/\/brasilnoticias.org\/site\/wp-content\/uploads\/2024\/12\/158608onibus-que-transportava-mais-de-40-estudantes-pega-fogo-em-jequie-3.jpg","articleSection":["Not\u00edcias","\u00daltimas"],"inLanguage":"pt-PT","potentialAction":[{"@type":"CommentAction","name":"Comment","target":["https:\/\/brasilnoticias.org\/site\/onibus-que-transportava-mais-de-40-estudantes-pega-fogo-em-jequie\/#respond"]}]},{"@type":"WebPage","@id":"https:\/\/brasilnoticias.org\/site\/onibus-que-transportava-mais-de-40-estudantes-pega-fogo-em-jequie\/","url":"https:\/\/brasilnoticias.org\/site\/onibus-que-transportava-mais-de-40-estudantes-pega-fogo-em-jequie\/","name":"\u00d4nibus que transportava mais de 40 estudantes pega fogo em Jequi\u00e9 - Brasil not\u00edcias","isPartOf":{"@id":"https:\/\/brasilnoticias.org\/site\/#website"},"primaryImageOfPage":{"@id":"https:\/\/brasilnoticias.org\/site\/onibus-que-transportava-mais-de-40-estudantes-pega-fogo-em-jequie\/#primaryimage"},"image":{"@id":"https:\/\/brasilnoticias.org\/site\/onibus-que-transportava-mais-de-40-estudantes-pega-fogo-em-jequie\/#primaryimage"},"thumbnailUrl":"https:\/\/brasilnoticias.org\/site\/wp-content\/uploads\/2024\/12\/158608onibus-que-transportava-mais-de-40-estudantes-pega-fogo-em-jequie-3.jpg","datePublished":"2024-12-05T15:46:15+00:00","breadcrumb":{"@id":"https:\/\/brasilnoticias.org\/site\/onibus-que-transportava-mais-de-40-estudantes-pega-fogo-em-jequie\/#breadcrumb"},"inLanguage":"pt-PT","potentialAction":[{"@type":"ReadAction","target":["https:\/\/brasilnoticias.org\/site\/onibus-que-transportava-mais-de-40-estudantes-pega-fogo-em-jequie\/"]}]},{"@type":"ImageObject","inLanguage":"pt-PT","@id":"https:\/\/brasilnoticias.org\/site\/onibus-que-transportava-mais-de-40-estudantes-pega-fogo-em-jequie\/#primaryimage","url":"https:\/\/brasilnoticias.org\/site\/wp-content\/uploads\/2024\/12\/158608onibus-que-transportava-mais-de-40-estudantes-pega-fogo-em-jequie-3.jpg","contentUrl":"https:\/\/brasilnoticias.org\/site\/wp-content\/uploads\/2024\/12\/158608onibus-que-transportava-mais-de-40-estudantes-pega-fogo-em-jequie-3.jpg","width":1600,"height":752},{"@type":"BreadcrumbList","@id":"https:\/\/brasilnoticias.org\/site\/onibus-que-transportava-mais-de-40-estudantes-pega-fogo-em-jequie\/#breadcrumb","itemListElement":[{"@type":"ListItem","position":1,"name":"In\u00edcio","item":"https:\/\/brasilnoticias.org\/site\/"},{"@type":"ListItem","position":2,"name":"\u00d4nibus que transportava mais de 40 estudantes pega fogo em Jequi\u00e9"}]},{"@type":"WebSite","@id":"https:\/\/brasilnoticias.org\/site\/#website","url":"https:\/\/brasilnoticias.org\/site\/","name":"Brasil not\u00edcias","description":"Brasil not\u00edcias","publisher":{"@id":"https:\/\/brasilnoticias.org\/site\/#organization"},"potentialAction":[{"@type":"SearchAction","target":{"@type":"EntryPoint","urlTemplate":"https:\/\/brasilnoticias.org\/site\/?s={search_term_string}"},"query-input":{"@type":"PropertyValueSpecification","valueRequired":true,"valueName":"search_term_string"}}],"inLanguage":"pt-PT"},{"@type":"Organization","@id":"https:\/\/brasilnoticias.org\/site\/#organization","name":"Brasil not\u00edcias","url":"https:\/\/brasilnoticias.org\/site\/","logo":{"@type":"ImageObject","inLanguage":"pt-PT","@id":"https:\/\/brasilnoticias.org\/site\/#\/schema\/logo\/image\/","url":"https:\/\/brasilnoticias.org\/site\/wp-content\/uploads\/2022\/05\/cropped-brasilnoticias-mini.jpg","contentUrl":"https:\/\/brasilnoticias.org\/site\/wp-content\/uploads\/2022\/05\/cropped-brasilnoticias-mini.jpg","width":314,"height":86,"caption":"Brasil not\u00edcias"},"image":{"@id":"https:\/\/brasilnoticias.org\/site\/#\/schema\/logo\/image\/"}},{"@type":"Person","@id":"https:\/\/brasilnoticias.org\/site\/#\/schema\/person\/03bbbfe6c7634ad18c26444ea39049fa","name":"Reda\u00e7\u00e3o","image":{"@type":"ImageObject","inLanguage":"pt-PT","@id":"https:\/\/brasilnoticias.org\/site\/#\/schema\/person\/image\/","url":"https:\/\/secure.gravatar.com\/avatar\/9ecaf7327a696cb23ad926fedded5f1f04d7049de9e445375d55b48c001a6e42?s=96&d=mm&r=g","contentUrl":"https:\/\/secure.gravatar.com\/avatar\/9ecaf7327a696cb23ad926fedded5f1f04d7049de9e445375d55b48c001a6e42?s=96&d=mm&r=g","caption":"Reda\u00e7\u00e3o"},"url":"https:\/\/brasilnoticias.org\/site\/author\/henrique\/"}]}},"_links":{"self":[{"href":"https:\/\/brasilnoticias.org\/site\/wp-json\/wp\/v2\/posts\/16471","targetHints":{"allow":["GET"]}}],"collection":[{"href":"https:\/\/brasilnoticias.org\/site\/wp-json\/wp\/v2\/posts"}],"about":[{"href":"https:\/\/brasilnoticias.org\/site\/wp-json\/wp\/v2\/types\/post"}],"author":[{"embeddable":true,"href":"https:\/\/brasilnoticias.org\/site\/wp-json\/wp\/v2\/users\/4"}],"replies":[{"embeddable":true,"href":"https:\/\/brasilnoticias.org\/site\/wp-json\/wp\/v2\/comments?post=16471"}],"version-history":[{"count":1,"href":"https:\/\/brasilnoticias.org\/site\/wp-json\/wp\/v2\/posts\/16471\/revisions"}],"predecessor-version":[{"id":16473,"href":"https:\/\/brasilnoticias.org\/site\/wp-json\/wp\/v2\/posts\/16471\/revisions\/16473"}],"wp:featuredmedia":[{"embeddable":true,"href":"https:\/\/brasilnoticias.org\/site\/wp-json\/wp\/v2\/media\/16472"}],"wp:attachment":[{"href":"https:\/\/brasilnoticias.org\/site\/wp-json\/wp\/v2\/media?parent=16471"}],"wp:term":[{"taxonomy":"category","embeddable":true,"href":"https:\/\/brasilnoticias.org\/site\/wp-json\/wp\/v2\/categories?post=16471"},{"taxonomy":"post_tag","embeddable":true,"href":"https:\/\/brasilnoticias.org\/site\/wp-json\/wp\/v2\/tags?post=16471"}],"curies":[{"name":"wp","href":"https:\/\/api.w.org\/{rel}","templated":true}]}}