{"id":16474,"date":"2024-12-05T12:47:56","date_gmt":"2024-12-05T15:47:56","guid":{"rendered":"https:\/\/brasilnoticias.org\/site\/?p=16474"},"modified":"2024-12-05T12:47:56","modified_gmt":"2024-12-05T15:47:56","slug":"salvador-inicia-temporada-de-festas-populares-confira-datas","status":"publish","type":"post","link":"https:\/\/brasilnoticias.org\/site\/salvador-inicia-temporada-de-festas-populares-confira-datas\/","title":{"rendered":"Salvador inicia temporada de festas populares; confira datas"},"content":{"rendered":"<p>Temporada de festas promete transformar Salvador em um cen\u00e1rio de f\u00e9, m\u00fasica e celebra\u00e7\u00e3o<\/p>\n<p>Come\u00e7ou a temporada de festas em Salvador com a comemora\u00e7\u00e3o da tradicional Festa de Santa B\u00e1rbara e da Orix\u00e1 Ians\u00e3, que aconteceu nesta quarta-feira (4). A padroeira dos bombeiros \u00e9 figura central do sincretismo das religi\u00f5es de matrizes africanas. A celebra\u00e7\u00e3o, realizada no Centro Hist\u00f3rico, contou com missas, prociss\u00e3o e manifesta\u00e7\u00f5es culturais, marcando o in\u00edcio de um calend\u00e1rio repleto de eventos tradicionais.<\/p>\n<p>Com uma programa\u00e7\u00e3o que reflete a diversidade cultural e religiosa da Bahia, a temporada de festas promete transformar Salvador em um cen\u00e1rio de f\u00e9, m\u00fasica e celebra\u00e7\u00e3o, com destaque para eventos de grande import\u00e2ncia para os moradores e visitantes. Confira:<\/p>\n<p>Dezembro<\/p>\n<p>8 de dezembro &#8211; Dia de Nossa Senhora da Concei\u00e7\u00e3o da Praia<br \/>\n13 de dezembro &#8211; Festa de Santa Luzia<br \/>\n31 de dezembro &#8211; Festa em homenagem a Nossa Senhora da Boa Viagem<\/p>\n<p>Janeiro<\/p>\n<p>1\u00ba de janeiro &#8211; Festa de Bom Jesus dos Navegantes<br \/>\n6 de janeiro &#8211; Festa Folia de Reis<br \/>\n16 de janeiro &#8211; Lavagem do Bonfim<br \/>\n31 de janeiro &#8211; Festa de S\u00e3o L\u00e1zaro<\/p>\n<p>Fevereiro<\/p>\n<p>2 de fevereiro &#8211; Festa de Iemanj\u00e1<br \/>\n21 de fevereiro &#8211; Lavagem de Itapu\u00e3<br \/>\n27 de fevereiro &#8211; Carnaval<\/p>\n<p>Foto: Reprodu\u00e7\u00e3o\/Ipac<br \/>\nPor: Metro1<\/p>\n","protected":false},"excerpt":{"rendered":"<p>Temporada de festas promete transformar Salvador em um cen\u00e1rio de f\u00e9, m\u00fasica e celebra\u00e7\u00e3o Come\u00e7ou a temporada de festas em<\/p>\n","protected":false},"author":4,"featured_media":16475,"comment_status":"open","ping_status":"open","sticky":false,"template":"","format":"standard","meta":{"colormag_page_container_layout":"default_layout","colormag_page_sidebar_layout":"default_layout","_FSMCFIC_featured_image_caption":"","_FSMCFIC_featured_image_nocaption":"","_FSMCFIC_featured_image_hide":"","footnotes":""},"categories":[8,1],"tags":[],"class_list":["post-16474","post","type-post","status-publish","format-standard","has-post-thumbnail","hentry","category-entretenimento","category-ultimas"],"yoast_head":"<!-- This site is optimized with the Yoast SEO plugin v27.1.1 - https:\/\/yoast.com\/product\/yoast-seo-wordpress\/ -->\n<title>Salvador inicia temporada de festas populares; confira datas - Brasil not\u00edcias<\/title>\n<meta name=\"robots\" content=\"index, follow, max-snippet:-1, max-image-preview:large, max-video-preview:-1\" \/>\n<link rel=\"canonical\" href=\"https:\/\/brasilnoticias.org\/site\/salvador-inicia-temporada-de-festas-populares-confira-datas\/\" \/>\n<meta property=\"og:locale\" content=\"pt_PT\" \/>\n<meta property=\"og:type\" content=\"article\" \/>\n<meta property=\"og:title\" content=\"Salvador inicia temporada de festas populares; confira datas - Brasil not\u00edcias\" \/>\n<meta property=\"og:description\" content=\"Temporada de festas promete transformar Salvador em um cen\u00e1rio de f\u00e9, m\u00fasica e celebra\u00e7\u00e3o Come\u00e7ou a temporada de festas em\" \/>\n<meta property=\"og:url\" content=\"https:\/\/brasilnoticias.org\/site\/salvador-inicia-temporada-de-festas-populares-confira-datas\/\" \/>\n<meta property=\"og:site_name\" content=\"Brasil not\u00edcias\" \/>\n<meta property=\"article:published_time\" content=\"2024-12-05T15:47:56+00:00\" \/>\n<meta property=\"og:image\" content=\"https:\/\/brasilnoticias.org\/site\/wp-content\/uploads\/2024\/12\/158602salvador-inicia-temporada-de-festas-populares-confira-datas-3.jpg\" \/>\n\t<meta property=\"og:image:width\" content=\"1600\" \/>\n\t<meta property=\"og:image:height\" content=\"752\" \/>\n\t<meta property=\"og:image:type\" content=\"image\/jpeg\" \/>\n<meta name=\"author\" content=\"Reda\u00e7\u00e3o\" \/>\n<meta name=\"twitter:card\" content=\"summary_large_image\" \/>\n<meta name=\"twitter:label1\" content=\"Escrito por\" \/>\n\t<meta name=\"twitter:data1\" content=\"Reda\u00e7\u00e3o\" \/>\n\t<meta name=\"twitter:label2\" content=\"Tempo estimado de leitura\" \/>\n\t<meta name=\"twitter:data2\" content=\"1 minuto\" \/>\n<script type=\"application\/ld+json\" class=\"yoast-schema-graph\">{\"@context\":\"https:\/\/schema.org\",\"@graph\":[{\"@type\":\"Article\",\"@id\":\"https:\/\/brasilnoticias.org\/site\/salvador-inicia-temporada-de-festas-populares-confira-datas\/#article\",\"isPartOf\":{\"@id\":\"https:\/\/brasilnoticias.org\/site\/salvador-inicia-temporada-de-festas-populares-confira-datas\/\"},\"author\":{\"name\":\"Reda\u00e7\u00e3o\",\"@id\":\"https:\/\/brasilnoticias.org\/site\/#\/schema\/person\/03bbbfe6c7634ad18c26444ea39049fa\"},\"headline\":\"Salvador inicia temporada de festas populares; confira datas\",\"datePublished\":\"2024-12-05T15:47:56+00:00\",\"mainEntityOfPage\":{\"@id\":\"https:\/\/brasilnoticias.org\/site\/salvador-inicia-temporada-de-festas-populares-confira-datas\/\"},\"wordCount\":227,\"commentCount\":0,\"publisher\":{\"@id\":\"https:\/\/brasilnoticias.org\/site\/#organization\"},\"image\":{\"@id\":\"https:\/\/brasilnoticias.org\/site\/salvador-inicia-temporada-de-festas-populares-confira-datas\/#primaryimage\"},\"thumbnailUrl\":\"https:\/\/brasilnoticias.org\/site\/wp-content\/uploads\/2024\/12\/158602salvador-inicia-temporada-de-festas-populares-confira-datas-3.jpg\",\"articleSection\":[\"Entretenimento\",\"\u00daltimas\"],\"inLanguage\":\"pt-PT\",\"potentialAction\":[{\"@type\":\"CommentAction\",\"name\":\"Comment\",\"target\":[\"https:\/\/brasilnoticias.org\/site\/salvador-inicia-temporada-de-festas-populares-confira-datas\/#respond\"]}]},{\"@type\":\"WebPage\",\"@id\":\"https:\/\/brasilnoticias.org\/site\/salvador-inicia-temporada-de-festas-populares-confira-datas\/\",\"url\":\"https:\/\/brasilnoticias.org\/site\/salvador-inicia-temporada-de-festas-populares-confira-datas\/\",\"name\":\"Salvador inicia temporada de festas populares; confira datas - Brasil not\u00edcias\",\"isPartOf\":{\"@id\":\"https:\/\/brasilnoticias.org\/site\/#website\"},\"primaryImageOfPage\":{\"@id\":\"https:\/\/brasilnoticias.org\/site\/salvador-inicia-temporada-de-festas-populares-confira-datas\/#primaryimage\"},\"image\":{\"@id\":\"https:\/\/brasilnoticias.org\/site\/salvador-inicia-temporada-de-festas-populares-confira-datas\/#primaryimage\"},\"thumbnailUrl\":\"https:\/\/brasilnoticias.org\/site\/wp-content\/uploads\/2024\/12\/158602salvador-inicia-temporada-de-festas-populares-confira-datas-3.jpg\",\"datePublished\":\"2024-12-05T15:47:56+00:00\",\"breadcrumb\":{\"@id\":\"https:\/\/brasilnoticias.org\/site\/salvador-inicia-temporada-de-festas-populares-confira-datas\/#breadcrumb\"},\"inLanguage\":\"pt-PT\",\"potentialAction\":[{\"@type\":\"ReadAction\",\"target\":[\"https:\/\/brasilnoticias.org\/site\/salvador-inicia-temporada-de-festas-populares-confira-datas\/\"]}]},{\"@type\":\"ImageObject\",\"inLanguage\":\"pt-PT\",\"@id\":\"https:\/\/brasilnoticias.org\/site\/salvador-inicia-temporada-de-festas-populares-confira-datas\/#primaryimage\",\"url\":\"https:\/\/brasilnoticias.org\/site\/wp-content\/uploads\/2024\/12\/158602salvador-inicia-temporada-de-festas-populares-confira-datas-3.jpg\",\"contentUrl\":\"https:\/\/brasilnoticias.org\/site\/wp-content\/uploads\/2024\/12\/158602salvador-inicia-temporada-de-festas-populares-confira-datas-3.jpg\",\"width\":1600,\"height\":752},{\"@type\":\"BreadcrumbList\",\"@id\":\"https:\/\/brasilnoticias.org\/site\/salvador-inicia-temporada-de-festas-populares-confira-datas\/#breadcrumb\",\"itemListElement\":[{\"@type\":\"ListItem\",\"position\":1,\"name\":\"In\u00edcio\",\"item\":\"https:\/\/brasilnoticias.org\/site\/\"},{\"@type\":\"ListItem\",\"position\":2,\"name\":\"Salvador inicia temporada de festas populares; confira datas\"}]},{\"@type\":\"WebSite\",\"@id\":\"https:\/\/brasilnoticias.org\/site\/#website\",\"url\":\"https:\/\/brasilnoticias.org\/site\/\",\"name\":\"Brasil not\u00edcias\",\"description\":\"Brasil not\u00edcias\",\"publisher\":{\"@id\":\"https:\/\/brasilnoticias.org\/site\/#organization\"},\"potentialAction\":[{\"@type\":\"SearchAction\",\"target\":{\"@type\":\"EntryPoint\",\"urlTemplate\":\"https:\/\/brasilnoticias.org\/site\/?s={search_term_string}\"},\"query-input\":{\"@type\":\"PropertyValueSpecification\",\"valueRequired\":true,\"valueName\":\"search_term_string\"}}],\"inLanguage\":\"pt-PT\"},{\"@type\":\"Organization\",\"@id\":\"https:\/\/brasilnoticias.org\/site\/#organization\",\"name\":\"Brasil not\u00edcias\",\"url\":\"https:\/\/brasilnoticias.org\/site\/\",\"logo\":{\"@type\":\"ImageObject\",\"inLanguage\":\"pt-PT\",\"@id\":\"https:\/\/brasilnoticias.org\/site\/#\/schema\/logo\/image\/\",\"url\":\"https:\/\/brasilnoticias.org\/site\/wp-content\/uploads\/2022\/05\/cropped-brasilnoticias-mini.jpg\",\"contentUrl\":\"https:\/\/brasilnoticias.org\/site\/wp-content\/uploads\/2022\/05\/cropped-brasilnoticias-mini.jpg\",\"width\":314,\"height\":86,\"caption\":\"Brasil not\u00edcias\"},\"image\":{\"@id\":\"https:\/\/brasilnoticias.org\/site\/#\/schema\/logo\/image\/\"}},{\"@type\":\"Person\",\"@id\":\"https:\/\/brasilnoticias.org\/site\/#\/schema\/person\/03bbbfe6c7634ad18c26444ea39049fa\",\"name\":\"Reda\u00e7\u00e3o\",\"image\":{\"@type\":\"ImageObject\",\"inLanguage\":\"pt-PT\",\"@id\":\"https:\/\/brasilnoticias.org\/site\/#\/schema\/person\/image\/\",\"url\":\"https:\/\/secure.gravatar.com\/avatar\/9ecaf7327a696cb23ad926fedded5f1f04d7049de9e445375d55b48c001a6e42?s=96&d=mm&r=g\",\"contentUrl\":\"https:\/\/secure.gravatar.com\/avatar\/9ecaf7327a696cb23ad926fedded5f1f04d7049de9e445375d55b48c001a6e42?s=96&d=mm&r=g\",\"caption\":\"Reda\u00e7\u00e3o\"},\"url\":\"https:\/\/brasilnoticias.org\/site\/author\/henrique\/\"}]}<\/script>\n<!-- \/ Yoast SEO plugin. -->","yoast_head_json":{"title":"Salvador inicia temporada de festas populares; confira datas - Brasil not\u00edcias","robots":{"index":"index","follow":"follow","max-snippet":"max-snippet:-1","max-image-preview":"max-image-preview:large","max-video-preview":"max-video-preview:-1"},"canonical":"https:\/\/brasilnoticias.org\/site\/salvador-inicia-temporada-de-festas-populares-confira-datas\/","og_locale":"pt_PT","og_type":"article","og_title":"Salvador inicia temporada de festas populares; confira datas - Brasil not\u00edcias","og_description":"Temporada de festas promete transformar Salvador em um cen\u00e1rio de f\u00e9, m\u00fasica e celebra\u00e7\u00e3o Come\u00e7ou a temporada de festas em","og_url":"https:\/\/brasilnoticias.org\/site\/salvador-inicia-temporada-de-festas-populares-confira-datas\/","og_site_name":"Brasil not\u00edcias","article_published_time":"2024-12-05T15:47:56+00:00","og_image":[{"width":1600,"height":752,"url":"https:\/\/brasilnoticias.org\/site\/wp-content\/uploads\/2024\/12\/158602salvador-inicia-temporada-de-festas-populares-confira-datas-3.jpg","type":"image\/jpeg"}],"author":"Reda\u00e7\u00e3o","twitter_card":"summary_large_image","twitter_misc":{"Escrito por":"Reda\u00e7\u00e3o","Tempo estimado de leitura":"1 minuto"},"schema":{"@context":"https:\/\/schema.org","@graph":[{"@type":"Article","@id":"https:\/\/brasilnoticias.org\/site\/salvador-inicia-temporada-de-festas-populares-confira-datas\/#article","isPartOf":{"@id":"https:\/\/brasilnoticias.org\/site\/salvador-inicia-temporada-de-festas-populares-confira-datas\/"},"author":{"name":"Reda\u00e7\u00e3o","@id":"https:\/\/brasilnoticias.org\/site\/#\/schema\/person\/03bbbfe6c7634ad18c26444ea39049fa"},"headline":"Salvador inicia temporada de festas populares; confira datas","datePublished":"2024-12-05T15:47:56+00:00","mainEntityOfPage":{"@id":"https:\/\/brasilnoticias.org\/site\/salvador-inicia-temporada-de-festas-populares-confira-datas\/"},"wordCount":227,"commentCount":0,"publisher":{"@id":"https:\/\/brasilnoticias.org\/site\/#organization"},"image":{"@id":"https:\/\/brasilnoticias.org\/site\/salvador-inicia-temporada-de-festas-populares-confira-datas\/#primaryimage"},"thumbnailUrl":"https:\/\/brasilnoticias.org\/site\/wp-content\/uploads\/2024\/12\/158602salvador-inicia-temporada-de-festas-populares-confira-datas-3.jpg","articleSection":["Entretenimento","\u00daltimas"],"inLanguage":"pt-PT","potentialAction":[{"@type":"CommentAction","name":"Comment","target":["https:\/\/brasilnoticias.org\/site\/salvador-inicia-temporada-de-festas-populares-confira-datas\/#respond"]}]},{"@type":"WebPage","@id":"https:\/\/brasilnoticias.org\/site\/salvador-inicia-temporada-de-festas-populares-confira-datas\/","url":"https:\/\/brasilnoticias.org\/site\/salvador-inicia-temporada-de-festas-populares-confira-datas\/","name":"Salvador inicia temporada de festas populares; confira datas - Brasil not\u00edcias","isPartOf":{"@id":"https:\/\/brasilnoticias.org\/site\/#website"},"primaryImageOfPage":{"@id":"https:\/\/brasilnoticias.org\/site\/salvador-inicia-temporada-de-festas-populares-confira-datas\/#primaryimage"},"image":{"@id":"https:\/\/brasilnoticias.org\/site\/salvador-inicia-temporada-de-festas-populares-confira-datas\/#primaryimage"},"thumbnailUrl":"https:\/\/brasilnoticias.org\/site\/wp-content\/uploads\/2024\/12\/158602salvador-inicia-temporada-de-festas-populares-confira-datas-3.jpg","datePublished":"2024-12-05T15:47:56+00:00","breadcrumb":{"@id":"https:\/\/brasilnoticias.org\/site\/salvador-inicia-temporada-de-festas-populares-confira-datas\/#breadcrumb"},"inLanguage":"pt-PT","potentialAction":[{"@type":"ReadAction","target":["https:\/\/brasilnoticias.org\/site\/salvador-inicia-temporada-de-festas-populares-confira-datas\/"]}]},{"@type":"ImageObject","inLanguage":"pt-PT","@id":"https:\/\/brasilnoticias.org\/site\/salvador-inicia-temporada-de-festas-populares-confira-datas\/#primaryimage","url":"https:\/\/brasilnoticias.org\/site\/wp-content\/uploads\/2024\/12\/158602salvador-inicia-temporada-de-festas-populares-confira-datas-3.jpg","contentUrl":"https:\/\/brasilnoticias.org\/site\/wp-content\/uploads\/2024\/12\/158602salvador-inicia-temporada-de-festas-populares-confira-datas-3.jpg","width":1600,"height":752},{"@type":"BreadcrumbList","@id":"https:\/\/brasilnoticias.org\/site\/salvador-inicia-temporada-de-festas-populares-confira-datas\/#breadcrumb","itemListElement":[{"@type":"ListItem","position":1,"name":"In\u00edcio","item":"https:\/\/brasilnoticias.org\/site\/"},{"@type":"ListItem","position":2,"name":"Salvador inicia temporada de festas populares; confira datas"}]},{"@type":"WebSite","@id":"https:\/\/brasilnoticias.org\/site\/#website","url":"https:\/\/brasilnoticias.org\/site\/","name":"Brasil not\u00edcias","description":"Brasil not\u00edcias","publisher":{"@id":"https:\/\/brasilnoticias.org\/site\/#organization"},"potentialAction":[{"@type":"SearchAction","target":{"@type":"EntryPoint","urlTemplate":"https:\/\/brasilnoticias.org\/site\/?s={search_term_string}"},"query-input":{"@type":"PropertyValueSpecification","valueRequired":true,"valueName":"search_term_string"}}],"inLanguage":"pt-PT"},{"@type":"Organization","@id":"https:\/\/brasilnoticias.org\/site\/#organization","name":"Brasil not\u00edcias","url":"https:\/\/brasilnoticias.org\/site\/","logo":{"@type":"ImageObject","inLanguage":"pt-PT","@id":"https:\/\/brasilnoticias.org\/site\/#\/schema\/logo\/image\/","url":"https:\/\/brasilnoticias.org\/site\/wp-content\/uploads\/2022\/05\/cropped-brasilnoticias-mini.jpg","contentUrl":"https:\/\/brasilnoticias.org\/site\/wp-content\/uploads\/2022\/05\/cropped-brasilnoticias-mini.jpg","width":314,"height":86,"caption":"Brasil not\u00edcias"},"image":{"@id":"https:\/\/brasilnoticias.org\/site\/#\/schema\/logo\/image\/"}},{"@type":"Person","@id":"https:\/\/brasilnoticias.org\/site\/#\/schema\/person\/03bbbfe6c7634ad18c26444ea39049fa","name":"Reda\u00e7\u00e3o","image":{"@type":"ImageObject","inLanguage":"pt-PT","@id":"https:\/\/brasilnoticias.org\/site\/#\/schema\/person\/image\/","url":"https:\/\/secure.gravatar.com\/avatar\/9ecaf7327a696cb23ad926fedded5f1f04d7049de9e445375d55b48c001a6e42?s=96&d=mm&r=g","contentUrl":"https:\/\/secure.gravatar.com\/avatar\/9ecaf7327a696cb23ad926fedded5f1f04d7049de9e445375d55b48c001a6e42?s=96&d=mm&r=g","caption":"Reda\u00e7\u00e3o"},"url":"https:\/\/brasilnoticias.org\/site\/author\/henrique\/"}]}},"_links":{"self":[{"href":"https:\/\/brasilnoticias.org\/site\/wp-json\/wp\/v2\/posts\/16474","targetHints":{"allow":["GET"]}}],"collection":[{"href":"https:\/\/brasilnoticias.org\/site\/wp-json\/wp\/v2\/posts"}],"about":[{"href":"https:\/\/brasilnoticias.org\/site\/wp-json\/wp\/v2\/types\/post"}],"author":[{"embeddable":true,"href":"https:\/\/brasilnoticias.org\/site\/wp-json\/wp\/v2\/users\/4"}],"replies":[{"embeddable":true,"href":"https:\/\/brasilnoticias.org\/site\/wp-json\/wp\/v2\/comments?post=16474"}],"version-history":[{"count":1,"href":"https:\/\/brasilnoticias.org\/site\/wp-json\/wp\/v2\/posts\/16474\/revisions"}],"predecessor-version":[{"id":16476,"href":"https:\/\/brasilnoticias.org\/site\/wp-json\/wp\/v2\/posts\/16474\/revisions\/16476"}],"wp:featuredmedia":[{"embeddable":true,"href":"https:\/\/brasilnoticias.org\/site\/wp-json\/wp\/v2\/media\/16475"}],"wp:attachment":[{"href":"https:\/\/brasilnoticias.org\/site\/wp-json\/wp\/v2\/media?parent=16474"}],"wp:term":[{"taxonomy":"category","embeddable":true,"href":"https:\/\/brasilnoticias.org\/site\/wp-json\/wp\/v2\/categories?post=16474"},{"taxonomy":"post_tag","embeddable":true,"href":"https:\/\/brasilnoticias.org\/site\/wp-json\/wp\/v2\/tags?post=16474"}],"curies":[{"name":"wp","href":"https:\/\/api.w.org\/{rel}","templated":true}]}}