{"id":1650,"date":"2022-10-05T10:08:14","date_gmt":"2022-10-05T13:08:14","guid":{"rendered":"https:\/\/brasilnoticias.org\/site\/?p=1650"},"modified":"2022-10-05T10:08:14","modified_gmt":"2022-10-05T13:08:14","slug":"justica-mantem-obrigacao-para-flordelis-usar-tornozeleira-eletronica","status":"publish","type":"post","link":"https:\/\/brasilnoticias.org\/site\/justica-mantem-obrigacao-para-flordelis-usar-tornozeleira-eletronica\/","title":{"rendered":"Justi\u00e7a mant\u00e9m obriga\u00e7\u00e3o para Flordelis usar tornozeleira eletr\u00f4nica"},"content":{"rendered":"<p>A Justi\u00e7a do Rio\u00a0de Janeiro\u00a0manteve a obriga\u00e7\u00e3o da\u00a0<a href=\"https:\/\/www.bnews.com.br\/noticias\/politica\/320076-ex-deputada-federal-flordelis-e-expulsa-do-psd.html\" target=\"_blank\" rel=\"noopener\">deputada federal Flordelis<\/a>\u00a0em usar tornozeleira eletr\u00f4nica. A decis\u00e3o, publicada na\u00a0quinta-feira (24), pelo desembargador Celso Ferreira Filho, foi divulgada nesta\u00a0sexta-feira (25).<img decoding=\"async\" src=\"https:\/\/agenciabrasil.ebc.com.br\/ebc.png?id=1389002&amp;o=node\" \/><img decoding=\"async\" src=\"https:\/\/agenciabrasil.ebc.com.br\/ebc.gif?id=1389002&amp;o=node\" \/><\/p>\n<p>A defesa de Flordelis pleiteava, atrav\u00e9s de<em>\u00a0habeas\u00a0corpus<\/em>, que ela n\u00e3o fosse obrigada a usar tornozeleira, alegando que a deputada estaria submetida a constrangimento ilegal, sendo r\u00e9 prim\u00e1ria e que, al\u00e9m disso, j\u00e1 havia sido decretado o seu recolhimento noturno. Tamb\u00e9m argumentaram que Flordelis j\u00e1 havia entregue o seu passaporte.<\/p>\n<p>&nbsp;<\/p>\n<p>&nbsp;<\/p>\n<p>Os advogados pleitearam ainda, no m\u00e9rito, que ela fosse liberada de todas as medidas cautelares impostas e que a quest\u00e3o fosse levada \u00e0 aprecia\u00e7\u00e3o da C\u00e2mara dos Deputados, que decidiria sobre a possibilidade de aplica\u00e7\u00e3o de\u00a0<a href=\"https:\/\/www.bnews.com.br\/noticias\/brasil\/321061-imagem-mostra-flordelis-calva-na-prisao.html\" target=\"_blank\" rel=\"noopener\">medidas cautelares diversas da pris\u00e3o<\/a>. A deputada tem imunidade parlamentar e n\u00e3o pode ser presa, a n\u00e3o ser em flagrante delito.<\/p>\n<p>O desembargador, contudo, n\u00e3o acolheu as raz\u00f5es da defesa, e resolveu manter a obriga\u00e7\u00e3o da parlamentar utilizar tornozeleira eletr\u00f4nica.<\/p>\n<p>\u201cComo discorrido neste aresto, o Poder Judici\u00e1rio estadual \u00e9 competente para decretar medidas cautelares diversas da pris\u00e3o, tanto em substitui\u00e7\u00e3o \u00e0 pris\u00e3o em flagrante delito quanto em graves e excepcionais circunst\u00e2ncias, desde que n\u00e3o impossibilitem o pleno e regular exerc\u00edcio do mandato parlamentar, como no caso dos autos, n\u00e3o havendo sido expedido mandado de pris\u00e3o em desfavor da r\u00e9. Portanto, ausentes os requisitos autorizadores da concess\u00e3o do pleito liminar, tenho por indeferi-lo\u201d, decidiu Ferreira Filho.<\/p>\n<p>A deputada \u00e9\u00a0<a href=\"https:\/\/www.bnews.com.br\/noticias\/crime-e-justica-bahia\/324903-flordelis-e-outros-seis-acusados-pela-morte-do-pastor-anderson-tem-recursos-negados-e-vao-a-juri-popular.html\" target=\"_blank\" rel=\"noopener\">acusada e\u00a0ter\u00a0participado da morte de seu marido<\/a>, pastor Anderson do Carmo,\u00a0com a colabora\u00e7\u00e3o de outros filhos. O crime aconteceu\u00a0no dia\u00a016 de junho\u00a0de 2019, quando ela e Anderson rec\u00e9m haviam chegado em casa, em Niter\u00f3i.<\/p>\n<p>&nbsp;<\/p>\n<p>&nbsp;<\/p>\n<p>&nbsp;<\/p>\n<p>Bnews<\/p>\n<p>&nbsp;<\/p>\n<p>&nbsp;<\/p>\n<p>&nbsp;<\/p>\n","protected":false},"excerpt":{"rendered":"<p>A Justi\u00e7a do Rio\u00a0de Janeiro\u00a0manteve a obriga\u00e7\u00e3o da\u00a0deputada federal Flordelis\u00a0em usar tornozeleira eletr\u00f4nica. A decis\u00e3o, publicada na\u00a0quinta-feira (24), pelo desembargador<\/p>\n","protected":false},"author":2,"featured_media":1651,"comment_status":"open","ping_status":"open","sticky":false,"template":"","format":"standard","meta":{"colormag_page_container_layout":"default_layout","colormag_page_sidebar_layout":"default_layout","_FSMCFIC_featured_image_caption":"","_FSMCFIC_featured_image_nocaption":"","_FSMCFIC_featured_image_hide":"","footnotes":""},"categories":[7,1],"tags":[],"class_list":["post-1650","post","type-post","status-publish","format-standard","has-post-thumbnail","hentry","category-justica","category-ultimas"],"yoast_head":"<!-- This site is optimized with the Yoast SEO plugin v27.1.1 - https:\/\/yoast.com\/product\/yoast-seo-wordpress\/ -->\n<title>Justi\u00e7a mant\u00e9m obriga\u00e7\u00e3o para Flordelis usar tornozeleira eletr\u00f4nica - Brasil not\u00edcias<\/title>\n<meta name=\"robots\" content=\"index, follow, max-snippet:-1, max-image-preview:large, max-video-preview:-1\" \/>\n<link rel=\"canonical\" href=\"https:\/\/brasilnoticias.org\/site\/justica-mantem-obrigacao-para-flordelis-usar-tornozeleira-eletronica\/\" \/>\n<meta property=\"og:locale\" content=\"pt_PT\" \/>\n<meta property=\"og:type\" content=\"article\" \/>\n<meta property=\"og:title\" content=\"Justi\u00e7a mant\u00e9m obriga\u00e7\u00e3o para Flordelis usar tornozeleira eletr\u00f4nica - Brasil not\u00edcias\" \/>\n<meta property=\"og:description\" content=\"A Justi\u00e7a do Rio\u00a0de Janeiro\u00a0manteve a obriga\u00e7\u00e3o da\u00a0deputada federal Flordelis\u00a0em usar tornozeleira eletr\u00f4nica. A decis\u00e3o, publicada na\u00a0quinta-feira (24), pelo desembargador\" \/>\n<meta property=\"og:url\" content=\"https:\/\/brasilnoticias.org\/site\/justica-mantem-obrigacao-para-flordelis-usar-tornozeleira-eletronica\/\" \/>\n<meta property=\"og:site_name\" content=\"Brasil not\u00edcias\" \/>\n<meta property=\"article:published_time\" content=\"2022-10-05T13:08:14+00:00\" \/>\n<meta property=\"og:image\" content=\"https:\/\/brasilnoticias.org\/site\/wp-content\/uploads\/2022\/10\/deputada_flordelis_widelg.jpg\" \/>\n\t<meta property=\"og:image:width\" content=\"800\" \/>\n\t<meta property=\"og:image:height\" content=\"450\" \/>\n\t<meta property=\"og:image:type\" content=\"image\/jpeg\" \/>\n<meta name=\"author\" content=\"Reda\u00e7\u00e3o\" \/>\n<meta name=\"twitter:card\" content=\"summary_large_image\" \/>\n<meta name=\"twitter:label1\" content=\"Escrito por\" \/>\n\t<meta name=\"twitter:data1\" content=\"Reda\u00e7\u00e3o\" \/>\n\t<meta name=\"twitter:label2\" content=\"Tempo estimado de leitura\" \/>\n\t<meta name=\"twitter:data2\" content=\"2 minutos\" \/>\n<script type=\"application\/ld+json\" class=\"yoast-schema-graph\">{\"@context\":\"https:\/\/schema.org\",\"@graph\":[{\"@type\":\"Article\",\"@id\":\"https:\/\/brasilnoticias.org\/site\/justica-mantem-obrigacao-para-flordelis-usar-tornozeleira-eletronica\/#article\",\"isPartOf\":{\"@id\":\"https:\/\/brasilnoticias.org\/site\/justica-mantem-obrigacao-para-flordelis-usar-tornozeleira-eletronica\/\"},\"author\":{\"name\":\"Reda\u00e7\u00e3o\",\"@id\":\"https:\/\/brasilnoticias.org\/site\/#\/schema\/person\/f609fa847b5314f1c8b983342f34c798\"},\"headline\":\"Justi\u00e7a mant\u00e9m obriga\u00e7\u00e3o para Flordelis usar tornozeleira eletr\u00f4nica\",\"datePublished\":\"2022-10-05T13:08:14+00:00\",\"mainEntityOfPage\":{\"@id\":\"https:\/\/brasilnoticias.org\/site\/justica-mantem-obrigacao-para-flordelis-usar-tornozeleira-eletronica\/\"},\"wordCount\":325,\"commentCount\":0,\"publisher\":{\"@id\":\"https:\/\/brasilnoticias.org\/site\/#organization\"},\"image\":{\"@id\":\"https:\/\/brasilnoticias.org\/site\/justica-mantem-obrigacao-para-flordelis-usar-tornozeleira-eletronica\/#primaryimage\"},\"thumbnailUrl\":\"https:\/\/brasilnoticias.org\/site\/wp-content\/uploads\/2022\/10\/deputada_flordelis_widelg.jpg\",\"articleSection\":[\"Justi\u00e7a\",\"\u00daltimas\"],\"inLanguage\":\"pt-PT\",\"potentialAction\":[{\"@type\":\"CommentAction\",\"name\":\"Comment\",\"target\":[\"https:\/\/brasilnoticias.org\/site\/justica-mantem-obrigacao-para-flordelis-usar-tornozeleira-eletronica\/#respond\"]}]},{\"@type\":\"WebPage\",\"@id\":\"https:\/\/brasilnoticias.org\/site\/justica-mantem-obrigacao-para-flordelis-usar-tornozeleira-eletronica\/\",\"url\":\"https:\/\/brasilnoticias.org\/site\/justica-mantem-obrigacao-para-flordelis-usar-tornozeleira-eletronica\/\",\"name\":\"Justi\u00e7a mant\u00e9m obriga\u00e7\u00e3o para Flordelis usar tornozeleira eletr\u00f4nica - Brasil not\u00edcias\",\"isPartOf\":{\"@id\":\"https:\/\/brasilnoticias.org\/site\/#website\"},\"primaryImageOfPage\":{\"@id\":\"https:\/\/brasilnoticias.org\/site\/justica-mantem-obrigacao-para-flordelis-usar-tornozeleira-eletronica\/#primaryimage\"},\"image\":{\"@id\":\"https:\/\/brasilnoticias.org\/site\/justica-mantem-obrigacao-para-flordelis-usar-tornozeleira-eletronica\/#primaryimage\"},\"thumbnailUrl\":\"https:\/\/brasilnoticias.org\/site\/wp-content\/uploads\/2022\/10\/deputada_flordelis_widelg.jpg\",\"datePublished\":\"2022-10-05T13:08:14+00:00\",\"breadcrumb\":{\"@id\":\"https:\/\/brasilnoticias.org\/site\/justica-mantem-obrigacao-para-flordelis-usar-tornozeleira-eletronica\/#breadcrumb\"},\"inLanguage\":\"pt-PT\",\"potentialAction\":[{\"@type\":\"ReadAction\",\"target\":[\"https:\/\/brasilnoticias.org\/site\/justica-mantem-obrigacao-para-flordelis-usar-tornozeleira-eletronica\/\"]}]},{\"@type\":\"ImageObject\",\"inLanguage\":\"pt-PT\",\"@id\":\"https:\/\/brasilnoticias.org\/site\/justica-mantem-obrigacao-para-flordelis-usar-tornozeleira-eletronica\/#primaryimage\",\"url\":\"https:\/\/brasilnoticias.org\/site\/wp-content\/uploads\/2022\/10\/deputada_flordelis_widelg.jpg\",\"contentUrl\":\"https:\/\/brasilnoticias.org\/site\/wp-content\/uploads\/2022\/10\/deputada_flordelis_widelg.jpg\",\"width\":800,\"height\":450},{\"@type\":\"BreadcrumbList\",\"@id\":\"https:\/\/brasilnoticias.org\/site\/justica-mantem-obrigacao-para-flordelis-usar-tornozeleira-eletronica\/#breadcrumb\",\"itemListElement\":[{\"@type\":\"ListItem\",\"position\":1,\"name\":\"In\u00edcio\",\"item\":\"https:\/\/brasilnoticias.org\/site\/\"},{\"@type\":\"ListItem\",\"position\":2,\"name\":\"Justi\u00e7a mant\u00e9m obriga\u00e7\u00e3o para Flordelis usar tornozeleira eletr\u00f4nica\"}]},{\"@type\":\"WebSite\",\"@id\":\"https:\/\/brasilnoticias.org\/site\/#website\",\"url\":\"https:\/\/brasilnoticias.org\/site\/\",\"name\":\"Brasil not\u00edcias\",\"description\":\"Brasil not\u00edcias\",\"publisher\":{\"@id\":\"https:\/\/brasilnoticias.org\/site\/#organization\"},\"potentialAction\":[{\"@type\":\"SearchAction\",\"target\":{\"@type\":\"EntryPoint\",\"urlTemplate\":\"https:\/\/brasilnoticias.org\/site\/?s={search_term_string}\"},\"query-input\":{\"@type\":\"PropertyValueSpecification\",\"valueRequired\":true,\"valueName\":\"search_term_string\"}}],\"inLanguage\":\"pt-PT\"},{\"@type\":\"Organization\",\"@id\":\"https:\/\/brasilnoticias.org\/site\/#organization\",\"name\":\"Brasil not\u00edcias\",\"url\":\"https:\/\/brasilnoticias.org\/site\/\",\"logo\":{\"@type\":\"ImageObject\",\"inLanguage\":\"pt-PT\",\"@id\":\"https:\/\/brasilnoticias.org\/site\/#\/schema\/logo\/image\/\",\"url\":\"https:\/\/brasilnoticias.org\/site\/wp-content\/uploads\/2022\/05\/cropped-brasilnoticias-mini.jpg\",\"contentUrl\":\"https:\/\/brasilnoticias.org\/site\/wp-content\/uploads\/2022\/05\/cropped-brasilnoticias-mini.jpg\",\"width\":314,\"height\":86,\"caption\":\"Brasil not\u00edcias\"},\"image\":{\"@id\":\"https:\/\/brasilnoticias.org\/site\/#\/schema\/logo\/image\/\"}},{\"@type\":\"Person\",\"@id\":\"https:\/\/brasilnoticias.org\/site\/#\/schema\/person\/f609fa847b5314f1c8b983342f34c798\",\"name\":\"Reda\u00e7\u00e3o\",\"image\":{\"@type\":\"ImageObject\",\"inLanguage\":\"pt-PT\",\"@id\":\"https:\/\/brasilnoticias.org\/site\/#\/schema\/person\/image\/\",\"url\":\"https:\/\/secure.gravatar.com\/avatar\/447284c06c1ad8b46465a36de9cd0d8326b73387a22799b8b1ffb1fbcff2ed0c?s=96&d=mm&r=g\",\"contentUrl\":\"https:\/\/secure.gravatar.com\/avatar\/447284c06c1ad8b46465a36de9cd0d8326b73387a22799b8b1ffb1fbcff2ed0c?s=96&d=mm&r=g\",\"caption\":\"Reda\u00e7\u00e3o\"},\"url\":\"https:\/\/brasilnoticias.org\/site\/author\/redacao\/\"}]}<\/script>\n<!-- \/ Yoast SEO plugin. -->","yoast_head_json":{"title":"Justi\u00e7a mant\u00e9m obriga\u00e7\u00e3o para Flordelis usar tornozeleira eletr\u00f4nica - Brasil not\u00edcias","robots":{"index":"index","follow":"follow","max-snippet":"max-snippet:-1","max-image-preview":"max-image-preview:large","max-video-preview":"max-video-preview:-1"},"canonical":"https:\/\/brasilnoticias.org\/site\/justica-mantem-obrigacao-para-flordelis-usar-tornozeleira-eletronica\/","og_locale":"pt_PT","og_type":"article","og_title":"Justi\u00e7a mant\u00e9m obriga\u00e7\u00e3o para Flordelis usar tornozeleira eletr\u00f4nica - Brasil not\u00edcias","og_description":"A Justi\u00e7a do Rio\u00a0de Janeiro\u00a0manteve a obriga\u00e7\u00e3o da\u00a0deputada federal Flordelis\u00a0em usar tornozeleira eletr\u00f4nica. A decis\u00e3o, publicada na\u00a0quinta-feira (24), pelo desembargador","og_url":"https:\/\/brasilnoticias.org\/site\/justica-mantem-obrigacao-para-flordelis-usar-tornozeleira-eletronica\/","og_site_name":"Brasil not\u00edcias","article_published_time":"2022-10-05T13:08:14+00:00","og_image":[{"width":800,"height":450,"url":"https:\/\/brasilnoticias.org\/site\/wp-content\/uploads\/2022\/10\/deputada_flordelis_widelg.jpg","type":"image\/jpeg"}],"author":"Reda\u00e7\u00e3o","twitter_card":"summary_large_image","twitter_misc":{"Escrito por":"Reda\u00e7\u00e3o","Tempo estimado de leitura":"2 minutos"},"schema":{"@context":"https:\/\/schema.org","@graph":[{"@type":"Article","@id":"https:\/\/brasilnoticias.org\/site\/justica-mantem-obrigacao-para-flordelis-usar-tornozeleira-eletronica\/#article","isPartOf":{"@id":"https:\/\/brasilnoticias.org\/site\/justica-mantem-obrigacao-para-flordelis-usar-tornozeleira-eletronica\/"},"author":{"name":"Reda\u00e7\u00e3o","@id":"https:\/\/brasilnoticias.org\/site\/#\/schema\/person\/f609fa847b5314f1c8b983342f34c798"},"headline":"Justi\u00e7a mant\u00e9m obriga\u00e7\u00e3o para Flordelis usar tornozeleira eletr\u00f4nica","datePublished":"2022-10-05T13:08:14+00:00","mainEntityOfPage":{"@id":"https:\/\/brasilnoticias.org\/site\/justica-mantem-obrigacao-para-flordelis-usar-tornozeleira-eletronica\/"},"wordCount":325,"commentCount":0,"publisher":{"@id":"https:\/\/brasilnoticias.org\/site\/#organization"},"image":{"@id":"https:\/\/brasilnoticias.org\/site\/justica-mantem-obrigacao-para-flordelis-usar-tornozeleira-eletronica\/#primaryimage"},"thumbnailUrl":"https:\/\/brasilnoticias.org\/site\/wp-content\/uploads\/2022\/10\/deputada_flordelis_widelg.jpg","articleSection":["Justi\u00e7a","\u00daltimas"],"inLanguage":"pt-PT","potentialAction":[{"@type":"CommentAction","name":"Comment","target":["https:\/\/brasilnoticias.org\/site\/justica-mantem-obrigacao-para-flordelis-usar-tornozeleira-eletronica\/#respond"]}]},{"@type":"WebPage","@id":"https:\/\/brasilnoticias.org\/site\/justica-mantem-obrigacao-para-flordelis-usar-tornozeleira-eletronica\/","url":"https:\/\/brasilnoticias.org\/site\/justica-mantem-obrigacao-para-flordelis-usar-tornozeleira-eletronica\/","name":"Justi\u00e7a mant\u00e9m obriga\u00e7\u00e3o para Flordelis usar tornozeleira eletr\u00f4nica - Brasil not\u00edcias","isPartOf":{"@id":"https:\/\/brasilnoticias.org\/site\/#website"},"primaryImageOfPage":{"@id":"https:\/\/brasilnoticias.org\/site\/justica-mantem-obrigacao-para-flordelis-usar-tornozeleira-eletronica\/#primaryimage"},"image":{"@id":"https:\/\/brasilnoticias.org\/site\/justica-mantem-obrigacao-para-flordelis-usar-tornozeleira-eletronica\/#primaryimage"},"thumbnailUrl":"https:\/\/brasilnoticias.org\/site\/wp-content\/uploads\/2022\/10\/deputada_flordelis_widelg.jpg","datePublished":"2022-10-05T13:08:14+00:00","breadcrumb":{"@id":"https:\/\/brasilnoticias.org\/site\/justica-mantem-obrigacao-para-flordelis-usar-tornozeleira-eletronica\/#breadcrumb"},"inLanguage":"pt-PT","potentialAction":[{"@type":"ReadAction","target":["https:\/\/brasilnoticias.org\/site\/justica-mantem-obrigacao-para-flordelis-usar-tornozeleira-eletronica\/"]}]},{"@type":"ImageObject","inLanguage":"pt-PT","@id":"https:\/\/brasilnoticias.org\/site\/justica-mantem-obrigacao-para-flordelis-usar-tornozeleira-eletronica\/#primaryimage","url":"https:\/\/brasilnoticias.org\/site\/wp-content\/uploads\/2022\/10\/deputada_flordelis_widelg.jpg","contentUrl":"https:\/\/brasilnoticias.org\/site\/wp-content\/uploads\/2022\/10\/deputada_flordelis_widelg.jpg","width":800,"height":450},{"@type":"BreadcrumbList","@id":"https:\/\/brasilnoticias.org\/site\/justica-mantem-obrigacao-para-flordelis-usar-tornozeleira-eletronica\/#breadcrumb","itemListElement":[{"@type":"ListItem","position":1,"name":"In\u00edcio","item":"https:\/\/brasilnoticias.org\/site\/"},{"@type":"ListItem","position":2,"name":"Justi\u00e7a mant\u00e9m obriga\u00e7\u00e3o para Flordelis usar tornozeleira eletr\u00f4nica"}]},{"@type":"WebSite","@id":"https:\/\/brasilnoticias.org\/site\/#website","url":"https:\/\/brasilnoticias.org\/site\/","name":"Brasil not\u00edcias","description":"Brasil not\u00edcias","publisher":{"@id":"https:\/\/brasilnoticias.org\/site\/#organization"},"potentialAction":[{"@type":"SearchAction","target":{"@type":"EntryPoint","urlTemplate":"https:\/\/brasilnoticias.org\/site\/?s={search_term_string}"},"query-input":{"@type":"PropertyValueSpecification","valueRequired":true,"valueName":"search_term_string"}}],"inLanguage":"pt-PT"},{"@type":"Organization","@id":"https:\/\/brasilnoticias.org\/site\/#organization","name":"Brasil not\u00edcias","url":"https:\/\/brasilnoticias.org\/site\/","logo":{"@type":"ImageObject","inLanguage":"pt-PT","@id":"https:\/\/brasilnoticias.org\/site\/#\/schema\/logo\/image\/","url":"https:\/\/brasilnoticias.org\/site\/wp-content\/uploads\/2022\/05\/cropped-brasilnoticias-mini.jpg","contentUrl":"https:\/\/brasilnoticias.org\/site\/wp-content\/uploads\/2022\/05\/cropped-brasilnoticias-mini.jpg","width":314,"height":86,"caption":"Brasil not\u00edcias"},"image":{"@id":"https:\/\/brasilnoticias.org\/site\/#\/schema\/logo\/image\/"}},{"@type":"Person","@id":"https:\/\/brasilnoticias.org\/site\/#\/schema\/person\/f609fa847b5314f1c8b983342f34c798","name":"Reda\u00e7\u00e3o","image":{"@type":"ImageObject","inLanguage":"pt-PT","@id":"https:\/\/brasilnoticias.org\/site\/#\/schema\/person\/image\/","url":"https:\/\/secure.gravatar.com\/avatar\/447284c06c1ad8b46465a36de9cd0d8326b73387a22799b8b1ffb1fbcff2ed0c?s=96&d=mm&r=g","contentUrl":"https:\/\/secure.gravatar.com\/avatar\/447284c06c1ad8b46465a36de9cd0d8326b73387a22799b8b1ffb1fbcff2ed0c?s=96&d=mm&r=g","caption":"Reda\u00e7\u00e3o"},"url":"https:\/\/brasilnoticias.org\/site\/author\/redacao\/"}]}},"_links":{"self":[{"href":"https:\/\/brasilnoticias.org\/site\/wp-json\/wp\/v2\/posts\/1650","targetHints":{"allow":["GET"]}}],"collection":[{"href":"https:\/\/brasilnoticias.org\/site\/wp-json\/wp\/v2\/posts"}],"about":[{"href":"https:\/\/brasilnoticias.org\/site\/wp-json\/wp\/v2\/types\/post"}],"author":[{"embeddable":true,"href":"https:\/\/brasilnoticias.org\/site\/wp-json\/wp\/v2\/users\/2"}],"replies":[{"embeddable":true,"href":"https:\/\/brasilnoticias.org\/site\/wp-json\/wp\/v2\/comments?post=1650"}],"version-history":[{"count":1,"href":"https:\/\/brasilnoticias.org\/site\/wp-json\/wp\/v2\/posts\/1650\/revisions"}],"predecessor-version":[{"id":1652,"href":"https:\/\/brasilnoticias.org\/site\/wp-json\/wp\/v2\/posts\/1650\/revisions\/1652"}],"wp:featuredmedia":[{"embeddable":true,"href":"https:\/\/brasilnoticias.org\/site\/wp-json\/wp\/v2\/media\/1651"}],"wp:attachment":[{"href":"https:\/\/brasilnoticias.org\/site\/wp-json\/wp\/v2\/media?parent=1650"}],"wp:term":[{"taxonomy":"category","embeddable":true,"href":"https:\/\/brasilnoticias.org\/site\/wp-json\/wp\/v2\/categories?post=1650"},{"taxonomy":"post_tag","embeddable":true,"href":"https:\/\/brasilnoticias.org\/site\/wp-json\/wp\/v2\/tags?post=1650"}],"curies":[{"name":"wp","href":"https:\/\/api.w.org\/{rel}","templated":true}]}}