{"id":16544,"date":"2024-12-16T15:35:36","date_gmt":"2024-12-16T18:35:36","guid":{"rendered":"https:\/\/brasilnoticias.org\/site\/?p=16544"},"modified":"2024-12-16T15:35:36","modified_gmt":"2024-12-16T18:35:36","slug":"governo-jeronimo-preve-entrega-do-vlt-antes-da-eleicao-de-2026","status":"publish","type":"post","link":"https:\/\/brasilnoticias.org\/site\/governo-jeronimo-preve-entrega-do-vlt-antes-da-eleicao-de-2026\/","title":{"rendered":"Governo Jer\u00f4nimo prev\u00ea entrega do VLT antes da elei\u00e7\u00e3o de 2026"},"content":{"rendered":"<p>As obras do VLT de Salvador est\u00e3o adiantadas. A terraplanagem no trecho entre a Cal\u00e7ada e o Lobato estava prevista para ser iniciada apenas em janeiro de 2025, mas foi iniciada j\u00e1 na \u00faltima semana, antecipando o cronograma em pelo menos 20 dias.<\/p>\n<p>Durante vistoria realizada na manh\u00e3 desta segunda-feira, 16, pelo governador Jer\u00f4nimo Rodrigues (PT), a presidente da Companhia de Transportes do Estado da Bahia (CTB), Ana Cl\u00e1udia Nascimento, afirmou que a gest\u00e3o estadual trabalha para entregar o primeiro trecho do VLT antes das elei\u00e7\u00f5es de 2026.<\/p>\n<p>&#8220;A gente est\u00e1 trabalhando para inaugurar o trecho entre a Cal\u00e7ada e o Lobato ainda no primeiro semestre de 2026. N\u00e3o \u00e9 uma garantia, mas como o cronograma j\u00e1 est\u00e1 antecipado, estamos otimistas com isso&#8221;, declarou Ana Cl\u00e1udia ao Portal A TARDE.<\/p>\n<p>Um esfor\u00e7o foi feito pela CTB para antecipar a terraplanagem, visando fugir das chuvas que s\u00e3o esperadas para janeiro e que poderiam complicar o in\u00edcio das obras. A &#8220;correria&#8221; tamb\u00e9m ocorreu para montar os galp\u00f5es onde ser\u00e3o colocados os vag\u00f5es do VLT, que devem chegar na Cal\u00e7ada ainda na primeira metade de 2025.<\/p>\n<p>O Portal A TARDE flagrou uma conversa de Jer\u00f4nimo com o seu secret\u00e1rio da Casa Civil, Afonso Florence (PT), onde ambos confirmaram que a primeira parcela do pagamento pelos trens do VLT, adquiridos junto ao Estado do Mato Grosso, que venceria no dia 31 de dezembro, j\u00e1 foi efetuada pelo governo baiano.<\/p>\n<p>A expectativa \u00e9 que esses trens comecem a operar publicamente no trecho de aproximadamente 5 km entre a Cal\u00e7ada e o Lobato at\u00e9 junho de 2026, mas de maneira assistida, com hor\u00e1rio reduzido e sem cobran\u00e7a de tarifa, pagando uma d\u00edvida hist\u00f3rica com o Sub\u00farbio Ferrovi\u00e1rio de Salvador antes do pr\u00f3ximo processo eleitoral.<\/p>\n<p>Informa\u00e7\u00f5es do jornal A Tarde<\/p>\n","protected":false},"excerpt":{"rendered":"<p>As obras do VLT de Salvador est\u00e3o adiantadas. A terraplanagem no trecho entre a Cal\u00e7ada e o Lobato estava prevista<\/p>\n","protected":false},"author":4,"featured_media":16545,"comment_status":"open","ping_status":"open","sticky":false,"template":"","format":"standard","meta":{"colormag_page_container_layout":"default_layout","colormag_page_sidebar_layout":"default_layout","_FSMCFIC_featured_image_caption":"","_FSMCFIC_featured_image_nocaption":"","_FSMCFIC_featured_image_hide":"","footnotes":""},"categories":[5,1],"tags":[],"class_list":["post-16544","post","type-post","status-publish","format-standard","has-post-thumbnail","hentry","category-politica","category-ultimas"],"yoast_head":"<!-- This site is optimized with the Yoast SEO plugin v27.1.1 - https:\/\/yoast.com\/product\/yoast-seo-wordpress\/ -->\n<title>Governo Jer\u00f4nimo prev\u00ea entrega do VLT antes da elei\u00e7\u00e3o de 2026 - Brasil not\u00edcias<\/title>\n<meta name=\"robots\" content=\"index, follow, max-snippet:-1, max-image-preview:large, max-video-preview:-1\" \/>\n<link rel=\"canonical\" href=\"https:\/\/brasilnoticias.org\/site\/governo-jeronimo-preve-entrega-do-vlt-antes-da-eleicao-de-2026\/\" \/>\n<meta property=\"og:locale\" content=\"pt_PT\" \/>\n<meta property=\"og:type\" content=\"article\" \/>\n<meta property=\"og:title\" content=\"Governo Jer\u00f4nimo prev\u00ea entrega do VLT antes da elei\u00e7\u00e3o de 2026 - Brasil not\u00edcias\" \/>\n<meta property=\"og:description\" content=\"As obras do VLT de Salvador est\u00e3o adiantadas. A terraplanagem no trecho entre a Cal\u00e7ada e o Lobato estava prevista\" \/>\n<meta property=\"og:url\" content=\"https:\/\/brasilnoticias.org\/site\/governo-jeronimo-preve-entrega-do-vlt-antes-da-eleicao-de-2026\/\" \/>\n<meta property=\"og:site_name\" content=\"Brasil not\u00edcias\" \/>\n<meta property=\"article:published_time\" content=\"2024-12-16T18:35:36+00:00\" \/>\n<meta property=\"og:image\" content=\"https:\/\/brasilnoticias.org\/site\/wp-content\/uploads\/2024\/12\/IMAGEM_NOTICIA_1-3.jpg\" \/>\n\t<meta property=\"og:image:width\" content=\"600\" \/>\n\t<meta property=\"og:image:height\" content=\"430\" \/>\n\t<meta property=\"og:image:type\" content=\"image\/jpeg\" \/>\n<meta name=\"author\" content=\"Reda\u00e7\u00e3o\" \/>\n<meta name=\"twitter:card\" content=\"summary_large_image\" \/>\n<meta name=\"twitter:label1\" content=\"Escrito por\" \/>\n\t<meta name=\"twitter:data1\" content=\"Reda\u00e7\u00e3o\" \/>\n\t<meta name=\"twitter:label2\" content=\"Tempo estimado de leitura\" \/>\n\t<meta name=\"twitter:data2\" content=\"1 minuto\" \/>\n<script type=\"application\/ld+json\" class=\"yoast-schema-graph\">{\"@context\":\"https:\/\/schema.org\",\"@graph\":[{\"@type\":\"Article\",\"@id\":\"https:\/\/brasilnoticias.org\/site\/governo-jeronimo-preve-entrega-do-vlt-antes-da-eleicao-de-2026\/#article\",\"isPartOf\":{\"@id\":\"https:\/\/brasilnoticias.org\/site\/governo-jeronimo-preve-entrega-do-vlt-antes-da-eleicao-de-2026\/\"},\"author\":{\"name\":\"Reda\u00e7\u00e3o\",\"@id\":\"https:\/\/brasilnoticias.org\/site\/#\/schema\/person\/03bbbfe6c7634ad18c26444ea39049fa\"},\"headline\":\"Governo Jer\u00f4nimo prev\u00ea entrega do VLT antes da elei\u00e7\u00e3o de 2026\",\"datePublished\":\"2024-12-16T18:35:36+00:00\",\"mainEntityOfPage\":{\"@id\":\"https:\/\/brasilnoticias.org\/site\/governo-jeronimo-preve-entrega-do-vlt-antes-da-eleicao-de-2026\/\"},\"wordCount\":322,\"commentCount\":0,\"publisher\":{\"@id\":\"https:\/\/brasilnoticias.org\/site\/#organization\"},\"image\":{\"@id\":\"https:\/\/brasilnoticias.org\/site\/governo-jeronimo-preve-entrega-do-vlt-antes-da-eleicao-de-2026\/#primaryimage\"},\"thumbnailUrl\":\"https:\/\/brasilnoticias.org\/site\/wp-content\/uploads\/2024\/12\/IMAGEM_NOTICIA_1-3.jpg\",\"articleSection\":[\"Pol\u00edtica\",\"\u00daltimas\"],\"inLanguage\":\"pt-PT\",\"potentialAction\":[{\"@type\":\"CommentAction\",\"name\":\"Comment\",\"target\":[\"https:\/\/brasilnoticias.org\/site\/governo-jeronimo-preve-entrega-do-vlt-antes-da-eleicao-de-2026\/#respond\"]}]},{\"@type\":\"WebPage\",\"@id\":\"https:\/\/brasilnoticias.org\/site\/governo-jeronimo-preve-entrega-do-vlt-antes-da-eleicao-de-2026\/\",\"url\":\"https:\/\/brasilnoticias.org\/site\/governo-jeronimo-preve-entrega-do-vlt-antes-da-eleicao-de-2026\/\",\"name\":\"Governo Jer\u00f4nimo prev\u00ea entrega do VLT antes da elei\u00e7\u00e3o de 2026 - Brasil not\u00edcias\",\"isPartOf\":{\"@id\":\"https:\/\/brasilnoticias.org\/site\/#website\"},\"primaryImageOfPage\":{\"@id\":\"https:\/\/brasilnoticias.org\/site\/governo-jeronimo-preve-entrega-do-vlt-antes-da-eleicao-de-2026\/#primaryimage\"},\"image\":{\"@id\":\"https:\/\/brasilnoticias.org\/site\/governo-jeronimo-preve-entrega-do-vlt-antes-da-eleicao-de-2026\/#primaryimage\"},\"thumbnailUrl\":\"https:\/\/brasilnoticias.org\/site\/wp-content\/uploads\/2024\/12\/IMAGEM_NOTICIA_1-3.jpg\",\"datePublished\":\"2024-12-16T18:35:36+00:00\",\"breadcrumb\":{\"@id\":\"https:\/\/brasilnoticias.org\/site\/governo-jeronimo-preve-entrega-do-vlt-antes-da-eleicao-de-2026\/#breadcrumb\"},\"inLanguage\":\"pt-PT\",\"potentialAction\":[{\"@type\":\"ReadAction\",\"target\":[\"https:\/\/brasilnoticias.org\/site\/governo-jeronimo-preve-entrega-do-vlt-antes-da-eleicao-de-2026\/\"]}]},{\"@type\":\"ImageObject\",\"inLanguage\":\"pt-PT\",\"@id\":\"https:\/\/brasilnoticias.org\/site\/governo-jeronimo-preve-entrega-do-vlt-antes-da-eleicao-de-2026\/#primaryimage\",\"url\":\"https:\/\/brasilnoticias.org\/site\/wp-content\/uploads\/2024\/12\/IMAGEM_NOTICIA_1-3.jpg\",\"contentUrl\":\"https:\/\/brasilnoticias.org\/site\/wp-content\/uploads\/2024\/12\/IMAGEM_NOTICIA_1-3.jpg\",\"width\":600,\"height\":430},{\"@type\":\"BreadcrumbList\",\"@id\":\"https:\/\/brasilnoticias.org\/site\/governo-jeronimo-preve-entrega-do-vlt-antes-da-eleicao-de-2026\/#breadcrumb\",\"itemListElement\":[{\"@type\":\"ListItem\",\"position\":1,\"name\":\"In\u00edcio\",\"item\":\"https:\/\/brasilnoticias.org\/site\/\"},{\"@type\":\"ListItem\",\"position\":2,\"name\":\"Governo Jer\u00f4nimo prev\u00ea entrega do VLT antes da elei\u00e7\u00e3o de 2026\"}]},{\"@type\":\"WebSite\",\"@id\":\"https:\/\/brasilnoticias.org\/site\/#website\",\"url\":\"https:\/\/brasilnoticias.org\/site\/\",\"name\":\"Brasil not\u00edcias\",\"description\":\"Brasil not\u00edcias\",\"publisher\":{\"@id\":\"https:\/\/brasilnoticias.org\/site\/#organization\"},\"potentialAction\":[{\"@type\":\"SearchAction\",\"target\":{\"@type\":\"EntryPoint\",\"urlTemplate\":\"https:\/\/brasilnoticias.org\/site\/?s={search_term_string}\"},\"query-input\":{\"@type\":\"PropertyValueSpecification\",\"valueRequired\":true,\"valueName\":\"search_term_string\"}}],\"inLanguage\":\"pt-PT\"},{\"@type\":\"Organization\",\"@id\":\"https:\/\/brasilnoticias.org\/site\/#organization\",\"name\":\"Brasil not\u00edcias\",\"url\":\"https:\/\/brasilnoticias.org\/site\/\",\"logo\":{\"@type\":\"ImageObject\",\"inLanguage\":\"pt-PT\",\"@id\":\"https:\/\/brasilnoticias.org\/site\/#\/schema\/logo\/image\/\",\"url\":\"https:\/\/brasilnoticias.org\/site\/wp-content\/uploads\/2022\/05\/cropped-brasilnoticias-mini.jpg\",\"contentUrl\":\"https:\/\/brasilnoticias.org\/site\/wp-content\/uploads\/2022\/05\/cropped-brasilnoticias-mini.jpg\",\"width\":314,\"height\":86,\"caption\":\"Brasil not\u00edcias\"},\"image\":{\"@id\":\"https:\/\/brasilnoticias.org\/site\/#\/schema\/logo\/image\/\"}},{\"@type\":\"Person\",\"@id\":\"https:\/\/brasilnoticias.org\/site\/#\/schema\/person\/03bbbfe6c7634ad18c26444ea39049fa\",\"name\":\"Reda\u00e7\u00e3o\",\"image\":{\"@type\":\"ImageObject\",\"inLanguage\":\"pt-PT\",\"@id\":\"https:\/\/brasilnoticias.org\/site\/#\/schema\/person\/image\/\",\"url\":\"https:\/\/secure.gravatar.com\/avatar\/9ecaf7327a696cb23ad926fedded5f1f04d7049de9e445375d55b48c001a6e42?s=96&d=mm&r=g\",\"contentUrl\":\"https:\/\/secure.gravatar.com\/avatar\/9ecaf7327a696cb23ad926fedded5f1f04d7049de9e445375d55b48c001a6e42?s=96&d=mm&r=g\",\"caption\":\"Reda\u00e7\u00e3o\"},\"url\":\"https:\/\/brasilnoticias.org\/site\/author\/henrique\/\"}]}<\/script>\n<!-- \/ Yoast SEO plugin. -->","yoast_head_json":{"title":"Governo Jer\u00f4nimo prev\u00ea entrega do VLT antes da elei\u00e7\u00e3o de 2026 - Brasil not\u00edcias","robots":{"index":"index","follow":"follow","max-snippet":"max-snippet:-1","max-image-preview":"max-image-preview:large","max-video-preview":"max-video-preview:-1"},"canonical":"https:\/\/brasilnoticias.org\/site\/governo-jeronimo-preve-entrega-do-vlt-antes-da-eleicao-de-2026\/","og_locale":"pt_PT","og_type":"article","og_title":"Governo Jer\u00f4nimo prev\u00ea entrega do VLT antes da elei\u00e7\u00e3o de 2026 - Brasil not\u00edcias","og_description":"As obras do VLT de Salvador est\u00e3o adiantadas. A terraplanagem no trecho entre a Cal\u00e7ada e o Lobato estava prevista","og_url":"https:\/\/brasilnoticias.org\/site\/governo-jeronimo-preve-entrega-do-vlt-antes-da-eleicao-de-2026\/","og_site_name":"Brasil not\u00edcias","article_published_time":"2024-12-16T18:35:36+00:00","og_image":[{"width":600,"height":430,"url":"https:\/\/brasilnoticias.org\/site\/wp-content\/uploads\/2024\/12\/IMAGEM_NOTICIA_1-3.jpg","type":"image\/jpeg"}],"author":"Reda\u00e7\u00e3o","twitter_card":"summary_large_image","twitter_misc":{"Escrito por":"Reda\u00e7\u00e3o","Tempo estimado de leitura":"1 minuto"},"schema":{"@context":"https:\/\/schema.org","@graph":[{"@type":"Article","@id":"https:\/\/brasilnoticias.org\/site\/governo-jeronimo-preve-entrega-do-vlt-antes-da-eleicao-de-2026\/#article","isPartOf":{"@id":"https:\/\/brasilnoticias.org\/site\/governo-jeronimo-preve-entrega-do-vlt-antes-da-eleicao-de-2026\/"},"author":{"name":"Reda\u00e7\u00e3o","@id":"https:\/\/brasilnoticias.org\/site\/#\/schema\/person\/03bbbfe6c7634ad18c26444ea39049fa"},"headline":"Governo Jer\u00f4nimo prev\u00ea entrega do VLT antes da elei\u00e7\u00e3o de 2026","datePublished":"2024-12-16T18:35:36+00:00","mainEntityOfPage":{"@id":"https:\/\/brasilnoticias.org\/site\/governo-jeronimo-preve-entrega-do-vlt-antes-da-eleicao-de-2026\/"},"wordCount":322,"commentCount":0,"publisher":{"@id":"https:\/\/brasilnoticias.org\/site\/#organization"},"image":{"@id":"https:\/\/brasilnoticias.org\/site\/governo-jeronimo-preve-entrega-do-vlt-antes-da-eleicao-de-2026\/#primaryimage"},"thumbnailUrl":"https:\/\/brasilnoticias.org\/site\/wp-content\/uploads\/2024\/12\/IMAGEM_NOTICIA_1-3.jpg","articleSection":["Pol\u00edtica","\u00daltimas"],"inLanguage":"pt-PT","potentialAction":[{"@type":"CommentAction","name":"Comment","target":["https:\/\/brasilnoticias.org\/site\/governo-jeronimo-preve-entrega-do-vlt-antes-da-eleicao-de-2026\/#respond"]}]},{"@type":"WebPage","@id":"https:\/\/brasilnoticias.org\/site\/governo-jeronimo-preve-entrega-do-vlt-antes-da-eleicao-de-2026\/","url":"https:\/\/brasilnoticias.org\/site\/governo-jeronimo-preve-entrega-do-vlt-antes-da-eleicao-de-2026\/","name":"Governo Jer\u00f4nimo prev\u00ea entrega do VLT antes da elei\u00e7\u00e3o de 2026 - Brasil not\u00edcias","isPartOf":{"@id":"https:\/\/brasilnoticias.org\/site\/#website"},"primaryImageOfPage":{"@id":"https:\/\/brasilnoticias.org\/site\/governo-jeronimo-preve-entrega-do-vlt-antes-da-eleicao-de-2026\/#primaryimage"},"image":{"@id":"https:\/\/brasilnoticias.org\/site\/governo-jeronimo-preve-entrega-do-vlt-antes-da-eleicao-de-2026\/#primaryimage"},"thumbnailUrl":"https:\/\/brasilnoticias.org\/site\/wp-content\/uploads\/2024\/12\/IMAGEM_NOTICIA_1-3.jpg","datePublished":"2024-12-16T18:35:36+00:00","breadcrumb":{"@id":"https:\/\/brasilnoticias.org\/site\/governo-jeronimo-preve-entrega-do-vlt-antes-da-eleicao-de-2026\/#breadcrumb"},"inLanguage":"pt-PT","potentialAction":[{"@type":"ReadAction","target":["https:\/\/brasilnoticias.org\/site\/governo-jeronimo-preve-entrega-do-vlt-antes-da-eleicao-de-2026\/"]}]},{"@type":"ImageObject","inLanguage":"pt-PT","@id":"https:\/\/brasilnoticias.org\/site\/governo-jeronimo-preve-entrega-do-vlt-antes-da-eleicao-de-2026\/#primaryimage","url":"https:\/\/brasilnoticias.org\/site\/wp-content\/uploads\/2024\/12\/IMAGEM_NOTICIA_1-3.jpg","contentUrl":"https:\/\/brasilnoticias.org\/site\/wp-content\/uploads\/2024\/12\/IMAGEM_NOTICIA_1-3.jpg","width":600,"height":430},{"@type":"BreadcrumbList","@id":"https:\/\/brasilnoticias.org\/site\/governo-jeronimo-preve-entrega-do-vlt-antes-da-eleicao-de-2026\/#breadcrumb","itemListElement":[{"@type":"ListItem","position":1,"name":"In\u00edcio","item":"https:\/\/brasilnoticias.org\/site\/"},{"@type":"ListItem","position":2,"name":"Governo Jer\u00f4nimo prev\u00ea entrega do VLT antes da elei\u00e7\u00e3o de 2026"}]},{"@type":"WebSite","@id":"https:\/\/brasilnoticias.org\/site\/#website","url":"https:\/\/brasilnoticias.org\/site\/","name":"Brasil not\u00edcias","description":"Brasil not\u00edcias","publisher":{"@id":"https:\/\/brasilnoticias.org\/site\/#organization"},"potentialAction":[{"@type":"SearchAction","target":{"@type":"EntryPoint","urlTemplate":"https:\/\/brasilnoticias.org\/site\/?s={search_term_string}"},"query-input":{"@type":"PropertyValueSpecification","valueRequired":true,"valueName":"search_term_string"}}],"inLanguage":"pt-PT"},{"@type":"Organization","@id":"https:\/\/brasilnoticias.org\/site\/#organization","name":"Brasil not\u00edcias","url":"https:\/\/brasilnoticias.org\/site\/","logo":{"@type":"ImageObject","inLanguage":"pt-PT","@id":"https:\/\/brasilnoticias.org\/site\/#\/schema\/logo\/image\/","url":"https:\/\/brasilnoticias.org\/site\/wp-content\/uploads\/2022\/05\/cropped-brasilnoticias-mini.jpg","contentUrl":"https:\/\/brasilnoticias.org\/site\/wp-content\/uploads\/2022\/05\/cropped-brasilnoticias-mini.jpg","width":314,"height":86,"caption":"Brasil not\u00edcias"},"image":{"@id":"https:\/\/brasilnoticias.org\/site\/#\/schema\/logo\/image\/"}},{"@type":"Person","@id":"https:\/\/brasilnoticias.org\/site\/#\/schema\/person\/03bbbfe6c7634ad18c26444ea39049fa","name":"Reda\u00e7\u00e3o","image":{"@type":"ImageObject","inLanguage":"pt-PT","@id":"https:\/\/brasilnoticias.org\/site\/#\/schema\/person\/image\/","url":"https:\/\/secure.gravatar.com\/avatar\/9ecaf7327a696cb23ad926fedded5f1f04d7049de9e445375d55b48c001a6e42?s=96&d=mm&r=g","contentUrl":"https:\/\/secure.gravatar.com\/avatar\/9ecaf7327a696cb23ad926fedded5f1f04d7049de9e445375d55b48c001a6e42?s=96&d=mm&r=g","caption":"Reda\u00e7\u00e3o"},"url":"https:\/\/brasilnoticias.org\/site\/author\/henrique\/"}]}},"_links":{"self":[{"href":"https:\/\/brasilnoticias.org\/site\/wp-json\/wp\/v2\/posts\/16544","targetHints":{"allow":["GET"]}}],"collection":[{"href":"https:\/\/brasilnoticias.org\/site\/wp-json\/wp\/v2\/posts"}],"about":[{"href":"https:\/\/brasilnoticias.org\/site\/wp-json\/wp\/v2\/types\/post"}],"author":[{"embeddable":true,"href":"https:\/\/brasilnoticias.org\/site\/wp-json\/wp\/v2\/users\/4"}],"replies":[{"embeddable":true,"href":"https:\/\/brasilnoticias.org\/site\/wp-json\/wp\/v2\/comments?post=16544"}],"version-history":[{"count":1,"href":"https:\/\/brasilnoticias.org\/site\/wp-json\/wp\/v2\/posts\/16544\/revisions"}],"predecessor-version":[{"id":16546,"href":"https:\/\/brasilnoticias.org\/site\/wp-json\/wp\/v2\/posts\/16544\/revisions\/16546"}],"wp:featuredmedia":[{"embeddable":true,"href":"https:\/\/brasilnoticias.org\/site\/wp-json\/wp\/v2\/media\/16545"}],"wp:attachment":[{"href":"https:\/\/brasilnoticias.org\/site\/wp-json\/wp\/v2\/media?parent=16544"}],"wp:term":[{"taxonomy":"category","embeddable":true,"href":"https:\/\/brasilnoticias.org\/site\/wp-json\/wp\/v2\/categories?post=16544"},{"taxonomy":"post_tag","embeddable":true,"href":"https:\/\/brasilnoticias.org\/site\/wp-json\/wp\/v2\/tags?post=16544"}],"curies":[{"name":"wp","href":"https:\/\/api.w.org\/{rel}","templated":true}]}}