{"id":16547,"date":"2024-12-16T15:37:06","date_gmt":"2024-12-16T18:37:06","guid":{"rendered":"https:\/\/brasilnoticias.org\/site\/?p=16547"},"modified":"2024-12-16T15:37:06","modified_gmt":"2024-12-16T18:37:06","slug":"apos-alta-hospitalar-lula-diz-que-esta-tranquilo-e-vai-se-cuidar","status":"publish","type":"post","link":"https:\/\/brasilnoticias.org\/site\/apos-alta-hospitalar-lula-diz-que-esta-tranquilo-e-vai-se-cuidar\/","title":{"rendered":"Ap\u00f3s alta hospitalar, Lula diz que est\u00e1 tranquilo e vai se cuidar"},"content":{"rendered":"<p>Com chap\u00e9u na cabe\u00e7a e acenos ao p\u00fablico e \u00e0 imprensa que aguardavam do lado de fora, o presidente Luiz In\u00e1cio Lula da Silva deixou \u00e0s 12h22 deste domingo (15) o Hospital S\u00edrio-Liban\u00eas, na capital paulista, onde estava internado desde a \u00faltima ter\u00e7a-feira (10). Do hospital, Lula seguiu para a sua resid\u00eancia localizada no Alto de Pinheiros, em S\u00e3o Paulo, onde dever\u00e1 permanecer at\u00e9 pelo menos a pr\u00f3xima quinta-feira  (19) para recupera\u00e7\u00e3o.<\/p>\n<p>Pouco antes de deixar o hospital, Lula apareceu de surpresa, acompanhado da primeira-dama, Janja da Silva, na entrevista coletiva em que os m\u00e9dicos informavam sobre a alta hospitalar. Ele abra\u00e7ou os m\u00e9dicos, posou para fotos e agradeceu a Deus e a toda a equipe m\u00e9dica que o acompanhou no hospital.<\/p>\n<p>\u201cIsso aqui n\u00e3o \u00e9 uma entrevista, isso aqui \u00e9 apenas uma sess\u00e3o de agradecimento\u201d, disse Lula ao iniciar sua fala, que durou cerca de 15 minutos. \u201cDeus foi muito generoso ao cuidar de mim quando eu ca\u00ed no tombo no banheiro\u201d, disse Lula.<\/p>\n<p>Informa\u00e7\u00f5es da Ag\u00eancia Brasil \/ Foto: Paulo Pinto\/Ag\u00eancia Brasil<\/p>\n","protected":false},"excerpt":{"rendered":"<p>Com chap\u00e9u na cabe\u00e7a e acenos ao p\u00fablico e \u00e0 imprensa que aguardavam do lado de fora, o presidente Luiz<\/p>\n","protected":false},"author":4,"featured_media":16548,"comment_status":"open","ping_status":"open","sticky":false,"template":"","format":"standard","meta":{"colormag_page_container_layout":"default_layout","colormag_page_sidebar_layout":"default_layout","_FSMCFIC_featured_image_caption":"","_FSMCFIC_featured_image_nocaption":"","_FSMCFIC_featured_image_hide":"","footnotes":""},"categories":[5,1],"tags":[],"class_list":["post-16547","post","type-post","status-publish","format-standard","has-post-thumbnail","hentry","category-politica","category-ultimas"],"yoast_head":"<!-- This site is optimized with the Yoast SEO plugin v27.1.1 - https:\/\/yoast.com\/product\/yoast-seo-wordpress\/ -->\n<title>Ap\u00f3s alta hospitalar, Lula diz que est\u00e1 tranquilo e vai se cuidar - Brasil not\u00edcias<\/title>\n<meta name=\"robots\" content=\"index, follow, max-snippet:-1, max-image-preview:large, max-video-preview:-1\" \/>\n<link rel=\"canonical\" href=\"https:\/\/brasilnoticias.org\/site\/apos-alta-hospitalar-lula-diz-que-esta-tranquilo-e-vai-se-cuidar\/\" \/>\n<meta property=\"og:locale\" content=\"pt_PT\" \/>\n<meta property=\"og:type\" content=\"article\" \/>\n<meta property=\"og:title\" content=\"Ap\u00f3s alta hospitalar, Lula diz que est\u00e1 tranquilo e vai se cuidar - Brasil not\u00edcias\" \/>\n<meta property=\"og:description\" content=\"Com chap\u00e9u na cabe\u00e7a e acenos ao p\u00fablico e \u00e0 imprensa que aguardavam do lado de fora, o presidente Luiz\" \/>\n<meta property=\"og:url\" content=\"https:\/\/brasilnoticias.org\/site\/apos-alta-hospitalar-lula-diz-que-esta-tranquilo-e-vai-se-cuidar\/\" \/>\n<meta property=\"og:site_name\" content=\"Brasil not\u00edcias\" \/>\n<meta property=\"article:published_time\" content=\"2024-12-16T18:37:06+00:00\" \/>\n<meta property=\"og:image\" content=\"https:\/\/brasilnoticias.org\/site\/wp-content\/uploads\/2024\/12\/IMAGEM_NOTICIA_1-1-1.jpg\" \/>\n\t<meta property=\"og:image:width\" content=\"600\" \/>\n\t<meta property=\"og:image:height\" content=\"430\" \/>\n\t<meta property=\"og:image:type\" content=\"image\/jpeg\" \/>\n<meta name=\"author\" content=\"Reda\u00e7\u00e3o\" \/>\n<meta name=\"twitter:card\" content=\"summary_large_image\" \/>\n<meta name=\"twitter:label1\" content=\"Escrito por\" \/>\n\t<meta name=\"twitter:data1\" content=\"Reda\u00e7\u00e3o\" \/>\n\t<meta name=\"twitter:label2\" content=\"Tempo estimado de leitura\" \/>\n\t<meta name=\"twitter:data2\" content=\"1 minuto\" \/>\n<script type=\"application\/ld+json\" class=\"yoast-schema-graph\">{\"@context\":\"https:\/\/schema.org\",\"@graph\":[{\"@type\":\"Article\",\"@id\":\"https:\/\/brasilnoticias.org\/site\/apos-alta-hospitalar-lula-diz-que-esta-tranquilo-e-vai-se-cuidar\/#article\",\"isPartOf\":{\"@id\":\"https:\/\/brasilnoticias.org\/site\/apos-alta-hospitalar-lula-diz-que-esta-tranquilo-e-vai-se-cuidar\/\"},\"author\":{\"name\":\"Reda\u00e7\u00e3o\",\"@id\":\"https:\/\/brasilnoticias.org\/site\/#\/schema\/person\/03bbbfe6c7634ad18c26444ea39049fa\"},\"headline\":\"Ap\u00f3s alta hospitalar, Lula diz que est\u00e1 tranquilo e vai se cuidar\",\"datePublished\":\"2024-12-16T18:37:06+00:00\",\"mainEntityOfPage\":{\"@id\":\"https:\/\/brasilnoticias.org\/site\/apos-alta-hospitalar-lula-diz-que-esta-tranquilo-e-vai-se-cuidar\/\"},\"wordCount\":200,\"commentCount\":0,\"publisher\":{\"@id\":\"https:\/\/brasilnoticias.org\/site\/#organization\"},\"image\":{\"@id\":\"https:\/\/brasilnoticias.org\/site\/apos-alta-hospitalar-lula-diz-que-esta-tranquilo-e-vai-se-cuidar\/#primaryimage\"},\"thumbnailUrl\":\"https:\/\/brasilnoticias.org\/site\/wp-content\/uploads\/2024\/12\/IMAGEM_NOTICIA_1-1-1.jpg\",\"articleSection\":[\"Pol\u00edtica\",\"\u00daltimas\"],\"inLanguage\":\"pt-PT\",\"potentialAction\":[{\"@type\":\"CommentAction\",\"name\":\"Comment\",\"target\":[\"https:\/\/brasilnoticias.org\/site\/apos-alta-hospitalar-lula-diz-que-esta-tranquilo-e-vai-se-cuidar\/#respond\"]}]},{\"@type\":\"WebPage\",\"@id\":\"https:\/\/brasilnoticias.org\/site\/apos-alta-hospitalar-lula-diz-que-esta-tranquilo-e-vai-se-cuidar\/\",\"url\":\"https:\/\/brasilnoticias.org\/site\/apos-alta-hospitalar-lula-diz-que-esta-tranquilo-e-vai-se-cuidar\/\",\"name\":\"Ap\u00f3s alta hospitalar, Lula diz que est\u00e1 tranquilo e vai se cuidar - Brasil not\u00edcias\",\"isPartOf\":{\"@id\":\"https:\/\/brasilnoticias.org\/site\/#website\"},\"primaryImageOfPage\":{\"@id\":\"https:\/\/brasilnoticias.org\/site\/apos-alta-hospitalar-lula-diz-que-esta-tranquilo-e-vai-se-cuidar\/#primaryimage\"},\"image\":{\"@id\":\"https:\/\/brasilnoticias.org\/site\/apos-alta-hospitalar-lula-diz-que-esta-tranquilo-e-vai-se-cuidar\/#primaryimage\"},\"thumbnailUrl\":\"https:\/\/brasilnoticias.org\/site\/wp-content\/uploads\/2024\/12\/IMAGEM_NOTICIA_1-1-1.jpg\",\"datePublished\":\"2024-12-16T18:37:06+00:00\",\"breadcrumb\":{\"@id\":\"https:\/\/brasilnoticias.org\/site\/apos-alta-hospitalar-lula-diz-que-esta-tranquilo-e-vai-se-cuidar\/#breadcrumb\"},\"inLanguage\":\"pt-PT\",\"potentialAction\":[{\"@type\":\"ReadAction\",\"target\":[\"https:\/\/brasilnoticias.org\/site\/apos-alta-hospitalar-lula-diz-que-esta-tranquilo-e-vai-se-cuidar\/\"]}]},{\"@type\":\"ImageObject\",\"inLanguage\":\"pt-PT\",\"@id\":\"https:\/\/brasilnoticias.org\/site\/apos-alta-hospitalar-lula-diz-que-esta-tranquilo-e-vai-se-cuidar\/#primaryimage\",\"url\":\"https:\/\/brasilnoticias.org\/site\/wp-content\/uploads\/2024\/12\/IMAGEM_NOTICIA_1-1-1.jpg\",\"contentUrl\":\"https:\/\/brasilnoticias.org\/site\/wp-content\/uploads\/2024\/12\/IMAGEM_NOTICIA_1-1-1.jpg\",\"width\":600,\"height\":430},{\"@type\":\"BreadcrumbList\",\"@id\":\"https:\/\/brasilnoticias.org\/site\/apos-alta-hospitalar-lula-diz-que-esta-tranquilo-e-vai-se-cuidar\/#breadcrumb\",\"itemListElement\":[{\"@type\":\"ListItem\",\"position\":1,\"name\":\"In\u00edcio\",\"item\":\"https:\/\/brasilnoticias.org\/site\/\"},{\"@type\":\"ListItem\",\"position\":2,\"name\":\"Ap\u00f3s alta hospitalar, Lula diz que est\u00e1 tranquilo e vai se cuidar\"}]},{\"@type\":\"WebSite\",\"@id\":\"https:\/\/brasilnoticias.org\/site\/#website\",\"url\":\"https:\/\/brasilnoticias.org\/site\/\",\"name\":\"Brasil not\u00edcias\",\"description\":\"Brasil not\u00edcias\",\"publisher\":{\"@id\":\"https:\/\/brasilnoticias.org\/site\/#organization\"},\"potentialAction\":[{\"@type\":\"SearchAction\",\"target\":{\"@type\":\"EntryPoint\",\"urlTemplate\":\"https:\/\/brasilnoticias.org\/site\/?s={search_term_string}\"},\"query-input\":{\"@type\":\"PropertyValueSpecification\",\"valueRequired\":true,\"valueName\":\"search_term_string\"}}],\"inLanguage\":\"pt-PT\"},{\"@type\":\"Organization\",\"@id\":\"https:\/\/brasilnoticias.org\/site\/#organization\",\"name\":\"Brasil not\u00edcias\",\"url\":\"https:\/\/brasilnoticias.org\/site\/\",\"logo\":{\"@type\":\"ImageObject\",\"inLanguage\":\"pt-PT\",\"@id\":\"https:\/\/brasilnoticias.org\/site\/#\/schema\/logo\/image\/\",\"url\":\"https:\/\/brasilnoticias.org\/site\/wp-content\/uploads\/2022\/05\/cropped-brasilnoticias-mini.jpg\",\"contentUrl\":\"https:\/\/brasilnoticias.org\/site\/wp-content\/uploads\/2022\/05\/cropped-brasilnoticias-mini.jpg\",\"width\":314,\"height\":86,\"caption\":\"Brasil not\u00edcias\"},\"image\":{\"@id\":\"https:\/\/brasilnoticias.org\/site\/#\/schema\/logo\/image\/\"}},{\"@type\":\"Person\",\"@id\":\"https:\/\/brasilnoticias.org\/site\/#\/schema\/person\/03bbbfe6c7634ad18c26444ea39049fa\",\"name\":\"Reda\u00e7\u00e3o\",\"image\":{\"@type\":\"ImageObject\",\"inLanguage\":\"pt-PT\",\"@id\":\"https:\/\/brasilnoticias.org\/site\/#\/schema\/person\/image\/\",\"url\":\"https:\/\/secure.gravatar.com\/avatar\/9ecaf7327a696cb23ad926fedded5f1f04d7049de9e445375d55b48c001a6e42?s=96&d=mm&r=g\",\"contentUrl\":\"https:\/\/secure.gravatar.com\/avatar\/9ecaf7327a696cb23ad926fedded5f1f04d7049de9e445375d55b48c001a6e42?s=96&d=mm&r=g\",\"caption\":\"Reda\u00e7\u00e3o\"},\"url\":\"https:\/\/brasilnoticias.org\/site\/author\/henrique\/\"}]}<\/script>\n<!-- \/ Yoast SEO plugin. -->","yoast_head_json":{"title":"Ap\u00f3s alta hospitalar, Lula diz que est\u00e1 tranquilo e vai se cuidar - Brasil not\u00edcias","robots":{"index":"index","follow":"follow","max-snippet":"max-snippet:-1","max-image-preview":"max-image-preview:large","max-video-preview":"max-video-preview:-1"},"canonical":"https:\/\/brasilnoticias.org\/site\/apos-alta-hospitalar-lula-diz-que-esta-tranquilo-e-vai-se-cuidar\/","og_locale":"pt_PT","og_type":"article","og_title":"Ap\u00f3s alta hospitalar, Lula diz que est\u00e1 tranquilo e vai se cuidar - Brasil not\u00edcias","og_description":"Com chap\u00e9u na cabe\u00e7a e acenos ao p\u00fablico e \u00e0 imprensa que aguardavam do lado de fora, o presidente Luiz","og_url":"https:\/\/brasilnoticias.org\/site\/apos-alta-hospitalar-lula-diz-que-esta-tranquilo-e-vai-se-cuidar\/","og_site_name":"Brasil not\u00edcias","article_published_time":"2024-12-16T18:37:06+00:00","og_image":[{"width":600,"height":430,"url":"https:\/\/brasilnoticias.org\/site\/wp-content\/uploads\/2024\/12\/IMAGEM_NOTICIA_1-1-1.jpg","type":"image\/jpeg"}],"author":"Reda\u00e7\u00e3o","twitter_card":"summary_large_image","twitter_misc":{"Escrito por":"Reda\u00e7\u00e3o","Tempo estimado de leitura":"1 minuto"},"schema":{"@context":"https:\/\/schema.org","@graph":[{"@type":"Article","@id":"https:\/\/brasilnoticias.org\/site\/apos-alta-hospitalar-lula-diz-que-esta-tranquilo-e-vai-se-cuidar\/#article","isPartOf":{"@id":"https:\/\/brasilnoticias.org\/site\/apos-alta-hospitalar-lula-diz-que-esta-tranquilo-e-vai-se-cuidar\/"},"author":{"name":"Reda\u00e7\u00e3o","@id":"https:\/\/brasilnoticias.org\/site\/#\/schema\/person\/03bbbfe6c7634ad18c26444ea39049fa"},"headline":"Ap\u00f3s alta hospitalar, Lula diz que est\u00e1 tranquilo e vai se cuidar","datePublished":"2024-12-16T18:37:06+00:00","mainEntityOfPage":{"@id":"https:\/\/brasilnoticias.org\/site\/apos-alta-hospitalar-lula-diz-que-esta-tranquilo-e-vai-se-cuidar\/"},"wordCount":200,"commentCount":0,"publisher":{"@id":"https:\/\/brasilnoticias.org\/site\/#organization"},"image":{"@id":"https:\/\/brasilnoticias.org\/site\/apos-alta-hospitalar-lula-diz-que-esta-tranquilo-e-vai-se-cuidar\/#primaryimage"},"thumbnailUrl":"https:\/\/brasilnoticias.org\/site\/wp-content\/uploads\/2024\/12\/IMAGEM_NOTICIA_1-1-1.jpg","articleSection":["Pol\u00edtica","\u00daltimas"],"inLanguage":"pt-PT","potentialAction":[{"@type":"CommentAction","name":"Comment","target":["https:\/\/brasilnoticias.org\/site\/apos-alta-hospitalar-lula-diz-que-esta-tranquilo-e-vai-se-cuidar\/#respond"]}]},{"@type":"WebPage","@id":"https:\/\/brasilnoticias.org\/site\/apos-alta-hospitalar-lula-diz-que-esta-tranquilo-e-vai-se-cuidar\/","url":"https:\/\/brasilnoticias.org\/site\/apos-alta-hospitalar-lula-diz-que-esta-tranquilo-e-vai-se-cuidar\/","name":"Ap\u00f3s alta hospitalar, Lula diz que est\u00e1 tranquilo e vai se cuidar - Brasil not\u00edcias","isPartOf":{"@id":"https:\/\/brasilnoticias.org\/site\/#website"},"primaryImageOfPage":{"@id":"https:\/\/brasilnoticias.org\/site\/apos-alta-hospitalar-lula-diz-que-esta-tranquilo-e-vai-se-cuidar\/#primaryimage"},"image":{"@id":"https:\/\/brasilnoticias.org\/site\/apos-alta-hospitalar-lula-diz-que-esta-tranquilo-e-vai-se-cuidar\/#primaryimage"},"thumbnailUrl":"https:\/\/brasilnoticias.org\/site\/wp-content\/uploads\/2024\/12\/IMAGEM_NOTICIA_1-1-1.jpg","datePublished":"2024-12-16T18:37:06+00:00","breadcrumb":{"@id":"https:\/\/brasilnoticias.org\/site\/apos-alta-hospitalar-lula-diz-que-esta-tranquilo-e-vai-se-cuidar\/#breadcrumb"},"inLanguage":"pt-PT","potentialAction":[{"@type":"ReadAction","target":["https:\/\/brasilnoticias.org\/site\/apos-alta-hospitalar-lula-diz-que-esta-tranquilo-e-vai-se-cuidar\/"]}]},{"@type":"ImageObject","inLanguage":"pt-PT","@id":"https:\/\/brasilnoticias.org\/site\/apos-alta-hospitalar-lula-diz-que-esta-tranquilo-e-vai-se-cuidar\/#primaryimage","url":"https:\/\/brasilnoticias.org\/site\/wp-content\/uploads\/2024\/12\/IMAGEM_NOTICIA_1-1-1.jpg","contentUrl":"https:\/\/brasilnoticias.org\/site\/wp-content\/uploads\/2024\/12\/IMAGEM_NOTICIA_1-1-1.jpg","width":600,"height":430},{"@type":"BreadcrumbList","@id":"https:\/\/brasilnoticias.org\/site\/apos-alta-hospitalar-lula-diz-que-esta-tranquilo-e-vai-se-cuidar\/#breadcrumb","itemListElement":[{"@type":"ListItem","position":1,"name":"In\u00edcio","item":"https:\/\/brasilnoticias.org\/site\/"},{"@type":"ListItem","position":2,"name":"Ap\u00f3s alta hospitalar, Lula diz que est\u00e1 tranquilo e vai se cuidar"}]},{"@type":"WebSite","@id":"https:\/\/brasilnoticias.org\/site\/#website","url":"https:\/\/brasilnoticias.org\/site\/","name":"Brasil not\u00edcias","description":"Brasil not\u00edcias","publisher":{"@id":"https:\/\/brasilnoticias.org\/site\/#organization"},"potentialAction":[{"@type":"SearchAction","target":{"@type":"EntryPoint","urlTemplate":"https:\/\/brasilnoticias.org\/site\/?s={search_term_string}"},"query-input":{"@type":"PropertyValueSpecification","valueRequired":true,"valueName":"search_term_string"}}],"inLanguage":"pt-PT"},{"@type":"Organization","@id":"https:\/\/brasilnoticias.org\/site\/#organization","name":"Brasil not\u00edcias","url":"https:\/\/brasilnoticias.org\/site\/","logo":{"@type":"ImageObject","inLanguage":"pt-PT","@id":"https:\/\/brasilnoticias.org\/site\/#\/schema\/logo\/image\/","url":"https:\/\/brasilnoticias.org\/site\/wp-content\/uploads\/2022\/05\/cropped-brasilnoticias-mini.jpg","contentUrl":"https:\/\/brasilnoticias.org\/site\/wp-content\/uploads\/2022\/05\/cropped-brasilnoticias-mini.jpg","width":314,"height":86,"caption":"Brasil not\u00edcias"},"image":{"@id":"https:\/\/brasilnoticias.org\/site\/#\/schema\/logo\/image\/"}},{"@type":"Person","@id":"https:\/\/brasilnoticias.org\/site\/#\/schema\/person\/03bbbfe6c7634ad18c26444ea39049fa","name":"Reda\u00e7\u00e3o","image":{"@type":"ImageObject","inLanguage":"pt-PT","@id":"https:\/\/brasilnoticias.org\/site\/#\/schema\/person\/image\/","url":"https:\/\/secure.gravatar.com\/avatar\/9ecaf7327a696cb23ad926fedded5f1f04d7049de9e445375d55b48c001a6e42?s=96&d=mm&r=g","contentUrl":"https:\/\/secure.gravatar.com\/avatar\/9ecaf7327a696cb23ad926fedded5f1f04d7049de9e445375d55b48c001a6e42?s=96&d=mm&r=g","caption":"Reda\u00e7\u00e3o"},"url":"https:\/\/brasilnoticias.org\/site\/author\/henrique\/"}]}},"_links":{"self":[{"href":"https:\/\/brasilnoticias.org\/site\/wp-json\/wp\/v2\/posts\/16547","targetHints":{"allow":["GET"]}}],"collection":[{"href":"https:\/\/brasilnoticias.org\/site\/wp-json\/wp\/v2\/posts"}],"about":[{"href":"https:\/\/brasilnoticias.org\/site\/wp-json\/wp\/v2\/types\/post"}],"author":[{"embeddable":true,"href":"https:\/\/brasilnoticias.org\/site\/wp-json\/wp\/v2\/users\/4"}],"replies":[{"embeddable":true,"href":"https:\/\/brasilnoticias.org\/site\/wp-json\/wp\/v2\/comments?post=16547"}],"version-history":[{"count":1,"href":"https:\/\/brasilnoticias.org\/site\/wp-json\/wp\/v2\/posts\/16547\/revisions"}],"predecessor-version":[{"id":16549,"href":"https:\/\/brasilnoticias.org\/site\/wp-json\/wp\/v2\/posts\/16547\/revisions\/16549"}],"wp:featuredmedia":[{"embeddable":true,"href":"https:\/\/brasilnoticias.org\/site\/wp-json\/wp\/v2\/media\/16548"}],"wp:attachment":[{"href":"https:\/\/brasilnoticias.org\/site\/wp-json\/wp\/v2\/media?parent=16547"}],"wp:term":[{"taxonomy":"category","embeddable":true,"href":"https:\/\/brasilnoticias.org\/site\/wp-json\/wp\/v2\/categories?post=16547"},{"taxonomy":"post_tag","embeddable":true,"href":"https:\/\/brasilnoticias.org\/site\/wp-json\/wp\/v2\/tags?post=16547"}],"curies":[{"name":"wp","href":"https:\/\/api.w.org\/{rel}","templated":true}]}}