{"id":1656,"date":"2022-10-07T07:10:00","date_gmt":"2022-10-07T10:10:00","guid":{"rendered":"https:\/\/brasilnoticias.org\/site\/?p=1656"},"modified":"2022-10-06T21:23:38","modified_gmt":"2022-10-07T00:23:38","slug":"stf-suspende-votacao-que-reelegeu-geraldo-junior-para-presidencia-da-camara-da-salvador-vereador-diz-que-decisao-final-sera-do-plenario","status":"publish","type":"post","link":"https:\/\/brasilnoticias.org\/site\/stf-suspende-votacao-que-reelegeu-geraldo-junior-para-presidencia-da-camara-da-salvador-vereador-diz-que-decisao-final-sera-do-plenario\/","title":{"rendered":"STF suspende vota\u00e7\u00e3o que reelegeu Geraldo J\u00fanior para presid\u00eancia da C\u00e2mara da Salvador; vereador diz que decis\u00e3o final ser\u00e1 do plen\u00e1rio"},"content":{"rendered":"<p>O ministro Nunes Marques, do Supremo Tribunal Federal (STF), suspendeu, nesta quinta-feira (6), a vota\u00e7\u00e3o que reelegeu Geraldo J\u00fanior para o cargo de presidente da C\u00e2mara de Vereadores de Salvador. A vota\u00e7\u00e3o foi realizada no final de mar\u00e7o e era v\u00e1lida para o bi\u00eanio 2023-2024.<\/p>\n<p>A elei\u00e7\u00e3o deveria acontecer no ano que vem, mas foi antecipada ap\u00f3s publica\u00e7\u00e3o da convoca\u00e7\u00e3o feita pelo presidente no Di\u00e1rio Oficial do mesmo dia da vota\u00e7\u00e3o. A decis\u00e3o do STF n\u00e3o muda a atual diretoria da C\u00e2mara. Com isso, Geraldo J\u00fanior segue \u00e0 frente do \u00f3rg\u00e3o.<\/p>\n<p>Nunes Marques acolheu um pedido do partido Uni\u00e3o Brasil que questionou mudan\u00e7as no regimento da C\u00e2mara e tamb\u00e9m na lei org\u00e2nica do munic\u00edpio que permitiram a antecipa\u00e7\u00e3o do pleito que deveria ocorrer em 2023.<\/p>\n<p>Na decis\u00e3o, o ministro ainda determinou a realiza\u00e7\u00e3o de uma nova elei\u00e7\u00e3o. No entanto, a decis\u00e3o \u00e9 apenas cautelar e tem efeito at\u00e9 o pleno do STF, com todos ministros julguem o caso.<\/p>\n<p>Essa seria a terceira elei\u00e7\u00e3o de Geraldo J\u00fanior como presidente da casa. Antes, ele j\u00e1 havia sido eleito em 2018, para o bi\u00eanio 2019-2020, depois reeleito em 2021 para o bi\u00eanio 2021-2022. Ainda na decis\u00e3o, Nunes Marques diz que &#8220;a aus\u00eancia de restri\u00e7\u00e3o imposta \u00e0 perpetua\u00e7\u00e3o no poder sinaliza manifesta burla \u00e0 observ\u00e2ncia do entendimento desta Corte&#8221;.<\/p>\n<p>O ministro diz que n\u00e3o se deve estimular, validar ou permitir a pr\u00e1tica &#8220;declarada inconstitucional pelo Supremo da reelei\u00e7\u00e3o para o mesmo cargo por mais de uma vez consecutiva nas situa\u00e7\u00f5es em que parlamentar que j\u00e1 exer\u00e7a segundo mandato sucessivo&#8221;<\/p>\n<p>Por meio de nota, divulgada por sua assessoria, o vereador Geraldo J\u00fanior disse que a decis\u00e3o final ser\u00e1 do plen\u00e1rio. O presidente da C\u00e2mara disse que julgamento definitivo ser\u00e1 iniciado na sexta-feira (7).<\/p>\n<p>\u201cO processo no STF diz respeito \u00e0s elei\u00e7\u00f5es para o bi\u00eanio 2023\/2024 e n\u00e3o mexe em nada na composi\u00e7\u00e3o atual da Mesa Diretora da CMS. A pr\u00f3pria decis\u00e3o proferida pelo ministro Nunes Marques consigna que ela est\u00e1 condicionada &#8216;ad referendum do Plen\u00e1rio&#8217;. A ADPF est\u00e1 pautada para julgamento no plen\u00e1rio virtual da Suprema Corte, com in\u00edcio no pr\u00f3ximo dia 07\/10 (sexta) e t\u00e9rmino no dia 17\/10\u201d.<\/p>\n<p>Por meio de nota, a C\u00e2mara considerou a decis\u00e3o n\u00e3o causa danos ao andamento dos trabalhos e a considerou &#8220;in\u00f3cua&#8221;, j\u00e1 que a posse da nova mesa diretora s\u00f3 ocorrer\u00e1 em 1\u00ba de janeiro. Al\u00e9m de mostrar confian\u00e7a de que a decis\u00e3o ser\u00e1 revertida pelo pleno.<\/p>\n<p>G1<br \/>\nFoto<br \/>\n\u201cO processo no STF diz respeito \u00e0s elei\u00e7\u00f5es para o bi\u00eanio 2023\/2024 e n\u00e3o mexe em nada na composi\u00e7\u00e3o atual da Mesa Diretora da CMS. A pr\u00f3pria decis\u00e3o proferida pelo ministro Nunes Marques consigna que ela est\u00e1 condicionada &#8216;ad referendum do Plen\u00e1rio&#8217;. A ADPF est\u00e1 pautada para julgamento no plen\u00e1rio virtual da Suprema Corte, com in\u00edcio no pr\u00f3ximo dia 07\/10 (sexta) e t\u00e9rmino no dia 17\/10\u201d.<\/p>\n<p>Por meio de nota, a C\u00e2mara considerou a decis\u00e3o n\u00e3o causa danos ao andamento dos trabalhos e a considerou &#8220;in\u00f3cua&#8221;, j\u00e1 que a posse da nova mesa diretora s\u00f3 ocorrer\u00e1 em 1\u00ba de janeiro. Al\u00e9m de mostrar confian\u00e7a de que a decis\u00e3o ser\u00e1 revertida pelo pleno.<\/p>\n<p>G1<br \/>\nFoto Divulga\u00e7\u00e3o\/CMS<\/p>\n","protected":false},"excerpt":{"rendered":"<p>O ministro Nunes Marques, do Supremo Tribunal Federal (STF), suspendeu, nesta quinta-feira (6), a vota\u00e7\u00e3o que reelegeu Geraldo J\u00fanior para<\/p>\n","protected":false},"author":1,"featured_media":1657,"comment_status":"open","ping_status":"open","sticky":false,"template":"","format":"standard","meta":{"colormag_page_container_layout":"default_layout","colormag_page_sidebar_layout":"default_layout","_FSMCFIC_featured_image_caption":"","_FSMCFIC_featured_image_nocaption":"","_FSMCFIC_featured_image_hide":"","footnotes":""},"categories":[7,1],"tags":[],"class_list":["post-1656","post","type-post","status-publish","format-standard","has-post-thumbnail","hentry","category-justica","category-ultimas"],"yoast_head":"<!-- This site is optimized with the Yoast SEO plugin v27.1.1 - https:\/\/yoast.com\/product\/yoast-seo-wordpress\/ -->\n<title>STF suspende vota\u00e7\u00e3o que reelegeu Geraldo J\u00fanior para presid\u00eancia da C\u00e2mara da Salvador; vereador diz que decis\u00e3o final ser\u00e1 do plen\u00e1rio - Brasil not\u00edcias<\/title>\n<meta name=\"robots\" content=\"index, follow, max-snippet:-1, max-image-preview:large, max-video-preview:-1\" \/>\n<link rel=\"canonical\" href=\"https:\/\/brasilnoticias.org\/site\/stf-suspende-votacao-que-reelegeu-geraldo-junior-para-presidencia-da-camara-da-salvador-vereador-diz-que-decisao-final-sera-do-plenario\/\" \/>\n<meta property=\"og:locale\" content=\"pt_PT\" \/>\n<meta property=\"og:type\" content=\"article\" \/>\n<meta property=\"og:title\" content=\"STF suspende vota\u00e7\u00e3o que reelegeu Geraldo J\u00fanior para presid\u00eancia da C\u00e2mara da Salvador; vereador diz que decis\u00e3o final ser\u00e1 do plen\u00e1rio - Brasil not\u00edcias\" \/>\n<meta property=\"og:description\" content=\"O ministro Nunes Marques, do Supremo Tribunal Federal (STF), suspendeu, nesta quinta-feira (6), a vota\u00e7\u00e3o que reelegeu Geraldo J\u00fanior para\" \/>\n<meta property=\"og:url\" content=\"https:\/\/brasilnoticias.org\/site\/stf-suspende-votacao-que-reelegeu-geraldo-junior-para-presidencia-da-camara-da-salvador-vereador-diz-que-decisao-final-sera-do-plenario\/\" \/>\n<meta property=\"og:site_name\" content=\"Brasil not\u00edcias\" \/>\n<meta property=\"article:published_time\" content=\"2022-10-07T10:10:00+00:00\" \/>\n<meta property=\"og:image\" content=\"https:\/\/brasilnoticias.org\/site\/wp-content\/uploads\/2022\/10\/gera1.jpg\" \/>\n\t<meta property=\"og:image:width\" content=\"598\" \/>\n\t<meta property=\"og:image:height\" content=\"414\" \/>\n\t<meta property=\"og:image:type\" content=\"image\/jpeg\" \/>\n<meta name=\"author\" content=\"Reda\u00e7\u00e3o\" \/>\n<meta name=\"twitter:card\" content=\"summary_large_image\" \/>\n<meta name=\"twitter:label1\" content=\"Escrito por\" \/>\n\t<meta name=\"twitter:data1\" content=\"Reda\u00e7\u00e3o\" \/>\n\t<meta name=\"twitter:label2\" content=\"Tempo estimado de leitura\" \/>\n\t<meta name=\"twitter:data2\" content=\"3 minutos\" \/>\n<script type=\"application\/ld+json\" class=\"yoast-schema-graph\">{\"@context\":\"https:\/\/schema.org\",\"@graph\":[{\"@type\":\"Article\",\"@id\":\"https:\/\/brasilnoticias.org\/site\/stf-suspende-votacao-que-reelegeu-geraldo-junior-para-presidencia-da-camara-da-salvador-vereador-diz-que-decisao-final-sera-do-plenario\/#article\",\"isPartOf\":{\"@id\":\"https:\/\/brasilnoticias.org\/site\/stf-suspende-votacao-que-reelegeu-geraldo-junior-para-presidencia-da-camara-da-salvador-vereador-diz-que-decisao-final-sera-do-plenario\/\"},\"author\":{\"name\":\"Reda\u00e7\u00e3o\",\"@id\":\"https:\/\/brasilnoticias.org\/site\/#\/schema\/person\/a0e05b973ec4d15c658d51911e53507b\"},\"headline\":\"STF suspende vota\u00e7\u00e3o que reelegeu Geraldo J\u00fanior para presid\u00eancia da C\u00e2mara da Salvador; vereador diz que decis\u00e3o final ser\u00e1 do plen\u00e1rio\",\"datePublished\":\"2022-10-07T10:10:00+00:00\",\"mainEntityOfPage\":{\"@id\":\"https:\/\/brasilnoticias.org\/site\/stf-suspende-votacao-que-reelegeu-geraldo-junior-para-presidencia-da-camara-da-salvador-vereador-diz-que-decisao-final-sera-do-plenario\/\"},\"wordCount\":612,\"commentCount\":0,\"publisher\":{\"@id\":\"https:\/\/brasilnoticias.org\/site\/#organization\"},\"image\":{\"@id\":\"https:\/\/brasilnoticias.org\/site\/stf-suspende-votacao-que-reelegeu-geraldo-junior-para-presidencia-da-camara-da-salvador-vereador-diz-que-decisao-final-sera-do-plenario\/#primaryimage\"},\"thumbnailUrl\":\"https:\/\/brasilnoticias.org\/site\/wp-content\/uploads\/2022\/10\/gera1.jpg\",\"articleSection\":[\"Justi\u00e7a\",\"\u00daltimas\"],\"inLanguage\":\"pt-PT\",\"potentialAction\":[{\"@type\":\"CommentAction\",\"name\":\"Comment\",\"target\":[\"https:\/\/brasilnoticias.org\/site\/stf-suspende-votacao-que-reelegeu-geraldo-junior-para-presidencia-da-camara-da-salvador-vereador-diz-que-decisao-final-sera-do-plenario\/#respond\"]}]},{\"@type\":\"WebPage\",\"@id\":\"https:\/\/brasilnoticias.org\/site\/stf-suspende-votacao-que-reelegeu-geraldo-junior-para-presidencia-da-camara-da-salvador-vereador-diz-que-decisao-final-sera-do-plenario\/\",\"url\":\"https:\/\/brasilnoticias.org\/site\/stf-suspende-votacao-que-reelegeu-geraldo-junior-para-presidencia-da-camara-da-salvador-vereador-diz-que-decisao-final-sera-do-plenario\/\",\"name\":\"STF suspende vota\u00e7\u00e3o que reelegeu Geraldo J\u00fanior para presid\u00eancia da C\u00e2mara da Salvador; vereador diz que decis\u00e3o final ser\u00e1 do plen\u00e1rio - Brasil not\u00edcias\",\"isPartOf\":{\"@id\":\"https:\/\/brasilnoticias.org\/site\/#website\"},\"primaryImageOfPage\":{\"@id\":\"https:\/\/brasilnoticias.org\/site\/stf-suspende-votacao-que-reelegeu-geraldo-junior-para-presidencia-da-camara-da-salvador-vereador-diz-que-decisao-final-sera-do-plenario\/#primaryimage\"},\"image\":{\"@id\":\"https:\/\/brasilnoticias.org\/site\/stf-suspende-votacao-que-reelegeu-geraldo-junior-para-presidencia-da-camara-da-salvador-vereador-diz-que-decisao-final-sera-do-plenario\/#primaryimage\"},\"thumbnailUrl\":\"https:\/\/brasilnoticias.org\/site\/wp-content\/uploads\/2022\/10\/gera1.jpg\",\"datePublished\":\"2022-10-07T10:10:00+00:00\",\"breadcrumb\":{\"@id\":\"https:\/\/brasilnoticias.org\/site\/stf-suspende-votacao-que-reelegeu-geraldo-junior-para-presidencia-da-camara-da-salvador-vereador-diz-que-decisao-final-sera-do-plenario\/#breadcrumb\"},\"inLanguage\":\"pt-PT\",\"potentialAction\":[{\"@type\":\"ReadAction\",\"target\":[\"https:\/\/brasilnoticias.org\/site\/stf-suspende-votacao-que-reelegeu-geraldo-junior-para-presidencia-da-camara-da-salvador-vereador-diz-que-decisao-final-sera-do-plenario\/\"]}]},{\"@type\":\"ImageObject\",\"inLanguage\":\"pt-PT\",\"@id\":\"https:\/\/brasilnoticias.org\/site\/stf-suspende-votacao-que-reelegeu-geraldo-junior-para-presidencia-da-camara-da-salvador-vereador-diz-que-decisao-final-sera-do-plenario\/#primaryimage\",\"url\":\"https:\/\/brasilnoticias.org\/site\/wp-content\/uploads\/2022\/10\/gera1.jpg\",\"contentUrl\":\"https:\/\/brasilnoticias.org\/site\/wp-content\/uploads\/2022\/10\/gera1.jpg\",\"width\":598,\"height\":414},{\"@type\":\"BreadcrumbList\",\"@id\":\"https:\/\/brasilnoticias.org\/site\/stf-suspende-votacao-que-reelegeu-geraldo-junior-para-presidencia-da-camara-da-salvador-vereador-diz-que-decisao-final-sera-do-plenario\/#breadcrumb\",\"itemListElement\":[{\"@type\":\"ListItem\",\"position\":1,\"name\":\"In\u00edcio\",\"item\":\"https:\/\/brasilnoticias.org\/site\/\"},{\"@type\":\"ListItem\",\"position\":2,\"name\":\"STF suspende vota\u00e7\u00e3o que reelegeu Geraldo J\u00fanior para presid\u00eancia da C\u00e2mara da Salvador; vereador diz que decis\u00e3o final ser\u00e1 do plen\u00e1rio\"}]},{\"@type\":\"WebSite\",\"@id\":\"https:\/\/brasilnoticias.org\/site\/#website\",\"url\":\"https:\/\/brasilnoticias.org\/site\/\",\"name\":\"Brasil not\u00edcias\",\"description\":\"Brasil not\u00edcias\",\"publisher\":{\"@id\":\"https:\/\/brasilnoticias.org\/site\/#organization\"},\"potentialAction\":[{\"@type\":\"SearchAction\",\"target\":{\"@type\":\"EntryPoint\",\"urlTemplate\":\"https:\/\/brasilnoticias.org\/site\/?s={search_term_string}\"},\"query-input\":{\"@type\":\"PropertyValueSpecification\",\"valueRequired\":true,\"valueName\":\"search_term_string\"}}],\"inLanguage\":\"pt-PT\"},{\"@type\":\"Organization\",\"@id\":\"https:\/\/brasilnoticias.org\/site\/#organization\",\"name\":\"Brasil not\u00edcias\",\"url\":\"https:\/\/brasilnoticias.org\/site\/\",\"logo\":{\"@type\":\"ImageObject\",\"inLanguage\":\"pt-PT\",\"@id\":\"https:\/\/brasilnoticias.org\/site\/#\/schema\/logo\/image\/\",\"url\":\"https:\/\/brasilnoticias.org\/site\/wp-content\/uploads\/2022\/05\/cropped-brasilnoticias-mini.jpg\",\"contentUrl\":\"https:\/\/brasilnoticias.org\/site\/wp-content\/uploads\/2022\/05\/cropped-brasilnoticias-mini.jpg\",\"width\":314,\"height\":86,\"caption\":\"Brasil not\u00edcias\"},\"image\":{\"@id\":\"https:\/\/brasilnoticias.org\/site\/#\/schema\/logo\/image\/\"}},{\"@type\":\"Person\",\"@id\":\"https:\/\/brasilnoticias.org\/site\/#\/schema\/person\/a0e05b973ec4d15c658d51911e53507b\",\"name\":\"Reda\u00e7\u00e3o\",\"image\":{\"@type\":\"ImageObject\",\"inLanguage\":\"pt-PT\",\"@id\":\"https:\/\/brasilnoticias.org\/site\/#\/schema\/person\/image\/\",\"url\":\"https:\/\/secure.gravatar.com\/avatar\/75d8b050df2de108b08ae78dfb8e374892df24a383c67db9c46a9c604f6aee9c?s=96&d=mm&r=g\",\"contentUrl\":\"https:\/\/secure.gravatar.com\/avatar\/75d8b050df2de108b08ae78dfb8e374892df24a383c67db9c46a9c604f6aee9c?s=96&d=mm&r=g\",\"caption\":\"Reda\u00e7\u00e3o\"},\"sameAs\":[\"https:\/\/brasilnoticias.org\/site\"],\"url\":\"https:\/\/brasilnoticias.org\/site\/author\/fernandozsngmail-com\/\"}]}<\/script>\n<!-- \/ Yoast SEO plugin. -->","yoast_head_json":{"title":"STF suspende vota\u00e7\u00e3o que reelegeu Geraldo J\u00fanior para presid\u00eancia da C\u00e2mara da Salvador; vereador diz que decis\u00e3o final ser\u00e1 do plen\u00e1rio - Brasil not\u00edcias","robots":{"index":"index","follow":"follow","max-snippet":"max-snippet:-1","max-image-preview":"max-image-preview:large","max-video-preview":"max-video-preview:-1"},"canonical":"https:\/\/brasilnoticias.org\/site\/stf-suspende-votacao-que-reelegeu-geraldo-junior-para-presidencia-da-camara-da-salvador-vereador-diz-que-decisao-final-sera-do-plenario\/","og_locale":"pt_PT","og_type":"article","og_title":"STF suspende vota\u00e7\u00e3o que reelegeu Geraldo J\u00fanior para presid\u00eancia da C\u00e2mara da Salvador; vereador diz que decis\u00e3o final ser\u00e1 do plen\u00e1rio - Brasil not\u00edcias","og_description":"O ministro Nunes Marques, do Supremo Tribunal Federal (STF), suspendeu, nesta quinta-feira (6), a vota\u00e7\u00e3o que reelegeu Geraldo J\u00fanior para","og_url":"https:\/\/brasilnoticias.org\/site\/stf-suspende-votacao-que-reelegeu-geraldo-junior-para-presidencia-da-camara-da-salvador-vereador-diz-que-decisao-final-sera-do-plenario\/","og_site_name":"Brasil not\u00edcias","article_published_time":"2022-10-07T10:10:00+00:00","og_image":[{"width":598,"height":414,"url":"https:\/\/brasilnoticias.org\/site\/wp-content\/uploads\/2022\/10\/gera1.jpg","type":"image\/jpeg"}],"author":"Reda\u00e7\u00e3o","twitter_card":"summary_large_image","twitter_misc":{"Escrito por":"Reda\u00e7\u00e3o","Tempo estimado de leitura":"3 minutos"},"schema":{"@context":"https:\/\/schema.org","@graph":[{"@type":"Article","@id":"https:\/\/brasilnoticias.org\/site\/stf-suspende-votacao-que-reelegeu-geraldo-junior-para-presidencia-da-camara-da-salvador-vereador-diz-que-decisao-final-sera-do-plenario\/#article","isPartOf":{"@id":"https:\/\/brasilnoticias.org\/site\/stf-suspende-votacao-que-reelegeu-geraldo-junior-para-presidencia-da-camara-da-salvador-vereador-diz-que-decisao-final-sera-do-plenario\/"},"author":{"name":"Reda\u00e7\u00e3o","@id":"https:\/\/brasilnoticias.org\/site\/#\/schema\/person\/a0e05b973ec4d15c658d51911e53507b"},"headline":"STF suspende vota\u00e7\u00e3o que reelegeu Geraldo J\u00fanior para presid\u00eancia da C\u00e2mara da Salvador; vereador diz que decis\u00e3o final ser\u00e1 do plen\u00e1rio","datePublished":"2022-10-07T10:10:00+00:00","mainEntityOfPage":{"@id":"https:\/\/brasilnoticias.org\/site\/stf-suspende-votacao-que-reelegeu-geraldo-junior-para-presidencia-da-camara-da-salvador-vereador-diz-que-decisao-final-sera-do-plenario\/"},"wordCount":612,"commentCount":0,"publisher":{"@id":"https:\/\/brasilnoticias.org\/site\/#organization"},"image":{"@id":"https:\/\/brasilnoticias.org\/site\/stf-suspende-votacao-que-reelegeu-geraldo-junior-para-presidencia-da-camara-da-salvador-vereador-diz-que-decisao-final-sera-do-plenario\/#primaryimage"},"thumbnailUrl":"https:\/\/brasilnoticias.org\/site\/wp-content\/uploads\/2022\/10\/gera1.jpg","articleSection":["Justi\u00e7a","\u00daltimas"],"inLanguage":"pt-PT","potentialAction":[{"@type":"CommentAction","name":"Comment","target":["https:\/\/brasilnoticias.org\/site\/stf-suspende-votacao-que-reelegeu-geraldo-junior-para-presidencia-da-camara-da-salvador-vereador-diz-que-decisao-final-sera-do-plenario\/#respond"]}]},{"@type":"WebPage","@id":"https:\/\/brasilnoticias.org\/site\/stf-suspende-votacao-que-reelegeu-geraldo-junior-para-presidencia-da-camara-da-salvador-vereador-diz-que-decisao-final-sera-do-plenario\/","url":"https:\/\/brasilnoticias.org\/site\/stf-suspende-votacao-que-reelegeu-geraldo-junior-para-presidencia-da-camara-da-salvador-vereador-diz-que-decisao-final-sera-do-plenario\/","name":"STF suspende vota\u00e7\u00e3o que reelegeu Geraldo J\u00fanior para presid\u00eancia da C\u00e2mara da Salvador; vereador diz que decis\u00e3o final ser\u00e1 do plen\u00e1rio - Brasil not\u00edcias","isPartOf":{"@id":"https:\/\/brasilnoticias.org\/site\/#website"},"primaryImageOfPage":{"@id":"https:\/\/brasilnoticias.org\/site\/stf-suspende-votacao-que-reelegeu-geraldo-junior-para-presidencia-da-camara-da-salvador-vereador-diz-que-decisao-final-sera-do-plenario\/#primaryimage"},"image":{"@id":"https:\/\/brasilnoticias.org\/site\/stf-suspende-votacao-que-reelegeu-geraldo-junior-para-presidencia-da-camara-da-salvador-vereador-diz-que-decisao-final-sera-do-plenario\/#primaryimage"},"thumbnailUrl":"https:\/\/brasilnoticias.org\/site\/wp-content\/uploads\/2022\/10\/gera1.jpg","datePublished":"2022-10-07T10:10:00+00:00","breadcrumb":{"@id":"https:\/\/brasilnoticias.org\/site\/stf-suspende-votacao-que-reelegeu-geraldo-junior-para-presidencia-da-camara-da-salvador-vereador-diz-que-decisao-final-sera-do-plenario\/#breadcrumb"},"inLanguage":"pt-PT","potentialAction":[{"@type":"ReadAction","target":["https:\/\/brasilnoticias.org\/site\/stf-suspende-votacao-que-reelegeu-geraldo-junior-para-presidencia-da-camara-da-salvador-vereador-diz-que-decisao-final-sera-do-plenario\/"]}]},{"@type":"ImageObject","inLanguage":"pt-PT","@id":"https:\/\/brasilnoticias.org\/site\/stf-suspende-votacao-que-reelegeu-geraldo-junior-para-presidencia-da-camara-da-salvador-vereador-diz-que-decisao-final-sera-do-plenario\/#primaryimage","url":"https:\/\/brasilnoticias.org\/site\/wp-content\/uploads\/2022\/10\/gera1.jpg","contentUrl":"https:\/\/brasilnoticias.org\/site\/wp-content\/uploads\/2022\/10\/gera1.jpg","width":598,"height":414},{"@type":"BreadcrumbList","@id":"https:\/\/brasilnoticias.org\/site\/stf-suspende-votacao-que-reelegeu-geraldo-junior-para-presidencia-da-camara-da-salvador-vereador-diz-que-decisao-final-sera-do-plenario\/#breadcrumb","itemListElement":[{"@type":"ListItem","position":1,"name":"In\u00edcio","item":"https:\/\/brasilnoticias.org\/site\/"},{"@type":"ListItem","position":2,"name":"STF suspende vota\u00e7\u00e3o que reelegeu Geraldo J\u00fanior para presid\u00eancia da C\u00e2mara da Salvador; vereador diz que decis\u00e3o final ser\u00e1 do plen\u00e1rio"}]},{"@type":"WebSite","@id":"https:\/\/brasilnoticias.org\/site\/#website","url":"https:\/\/brasilnoticias.org\/site\/","name":"Brasil not\u00edcias","description":"Brasil not\u00edcias","publisher":{"@id":"https:\/\/brasilnoticias.org\/site\/#organization"},"potentialAction":[{"@type":"SearchAction","target":{"@type":"EntryPoint","urlTemplate":"https:\/\/brasilnoticias.org\/site\/?s={search_term_string}"},"query-input":{"@type":"PropertyValueSpecification","valueRequired":true,"valueName":"search_term_string"}}],"inLanguage":"pt-PT"},{"@type":"Organization","@id":"https:\/\/brasilnoticias.org\/site\/#organization","name":"Brasil not\u00edcias","url":"https:\/\/brasilnoticias.org\/site\/","logo":{"@type":"ImageObject","inLanguage":"pt-PT","@id":"https:\/\/brasilnoticias.org\/site\/#\/schema\/logo\/image\/","url":"https:\/\/brasilnoticias.org\/site\/wp-content\/uploads\/2022\/05\/cropped-brasilnoticias-mini.jpg","contentUrl":"https:\/\/brasilnoticias.org\/site\/wp-content\/uploads\/2022\/05\/cropped-brasilnoticias-mini.jpg","width":314,"height":86,"caption":"Brasil not\u00edcias"},"image":{"@id":"https:\/\/brasilnoticias.org\/site\/#\/schema\/logo\/image\/"}},{"@type":"Person","@id":"https:\/\/brasilnoticias.org\/site\/#\/schema\/person\/a0e05b973ec4d15c658d51911e53507b","name":"Reda\u00e7\u00e3o","image":{"@type":"ImageObject","inLanguage":"pt-PT","@id":"https:\/\/brasilnoticias.org\/site\/#\/schema\/person\/image\/","url":"https:\/\/secure.gravatar.com\/avatar\/75d8b050df2de108b08ae78dfb8e374892df24a383c67db9c46a9c604f6aee9c?s=96&d=mm&r=g","contentUrl":"https:\/\/secure.gravatar.com\/avatar\/75d8b050df2de108b08ae78dfb8e374892df24a383c67db9c46a9c604f6aee9c?s=96&d=mm&r=g","caption":"Reda\u00e7\u00e3o"},"sameAs":["https:\/\/brasilnoticias.org\/site"],"url":"https:\/\/brasilnoticias.org\/site\/author\/fernandozsngmail-com\/"}]}},"_links":{"self":[{"href":"https:\/\/brasilnoticias.org\/site\/wp-json\/wp\/v2\/posts\/1656","targetHints":{"allow":["GET"]}}],"collection":[{"href":"https:\/\/brasilnoticias.org\/site\/wp-json\/wp\/v2\/posts"}],"about":[{"href":"https:\/\/brasilnoticias.org\/site\/wp-json\/wp\/v2\/types\/post"}],"author":[{"embeddable":true,"href":"https:\/\/brasilnoticias.org\/site\/wp-json\/wp\/v2\/users\/1"}],"replies":[{"embeddable":true,"href":"https:\/\/brasilnoticias.org\/site\/wp-json\/wp\/v2\/comments?post=1656"}],"version-history":[{"count":1,"href":"https:\/\/brasilnoticias.org\/site\/wp-json\/wp\/v2\/posts\/1656\/revisions"}],"predecessor-version":[{"id":1658,"href":"https:\/\/brasilnoticias.org\/site\/wp-json\/wp\/v2\/posts\/1656\/revisions\/1658"}],"wp:featuredmedia":[{"embeddable":true,"href":"https:\/\/brasilnoticias.org\/site\/wp-json\/wp\/v2\/media\/1657"}],"wp:attachment":[{"href":"https:\/\/brasilnoticias.org\/site\/wp-json\/wp\/v2\/media?parent=1656"}],"wp:term":[{"taxonomy":"category","embeddable":true,"href":"https:\/\/brasilnoticias.org\/site\/wp-json\/wp\/v2\/categories?post=1656"},{"taxonomy":"post_tag","embeddable":true,"href":"https:\/\/brasilnoticias.org\/site\/wp-json\/wp\/v2\/tags?post=1656"}],"curies":[{"name":"wp","href":"https:\/\/api.w.org\/{rel}","templated":true}]}}