{"id":16560,"date":"2024-12-19T16:22:05","date_gmt":"2024-12-19T19:22:05","guid":{"rendered":"https:\/\/brasilnoticias.org\/site\/?p=16560"},"modified":"2024-12-19T16:22:05","modified_gmt":"2024-12-19T19:22:05","slug":"prefeitura-ainda-nao-formalizou-pedido-para-novos-quiosques-na-orla-de-salvador-diz-spu","status":"publish","type":"post","link":"https:\/\/brasilnoticias.org\/site\/prefeitura-ainda-nao-formalizou-pedido-para-novos-quiosques-na-orla-de-salvador-diz-spu\/","title":{"rendered":"Prefeitura ainda n\u00e3o formalizou pedido para novos quiosques na orla de Salvador, diz SPU"},"content":{"rendered":"<p>Apesar da n\u00e3o entrega do documento, munic\u00edpio diz que tratativas est\u00e3o avan\u00e7adas<\/p>\n<p>H\u00e1 quase um m\u00eas a Secretaria Municipal de Ordem P\u00fablica (Semop) abriu uma licita\u00e7\u00e3o para definir a empresa que ficar\u00e1, por 30 anos, com a concess\u00e3o dos 34 quiosques e 70 tendas da orla de Salvador. Apesar disso, a prefeitura ainda n\u00e3o formalizou um pedido de cess\u00e3o das \u00e1reas \u00e0 Secretaria do Patrim\u00f4nio da Uni\u00e3o (SPU) para que mais quiosques sejam autorizados.<\/p>\n<p>A informa\u00e7\u00e3o foi confirmada ao Metro1 pela pr\u00f3pria SPU, que informou que ainda aguarda a formaliza\u00e7\u00e3o para proceder \u00e0 autoriza\u00e7\u00e3o de novos quiosques. J\u00e1 a prefeitura afirmou que as tratativas com o \u00f3rg\u00e3o da Uni\u00e3o est\u00e3o avan\u00e7adas e seguem em conformidade com o cronograma e planejamento da licita\u00e7\u00e3o.<\/p>\n<p>O edital de licita\u00e7\u00e3o foi aberto no dia 26 de novembro, e as empresas interessadas podem enviar propostas at\u00e9 22 de janeiro. O contrato previsto \u00e9 de R$ 18,6 milh\u00f5es e a escolha da vencedora levar\u00e1 em considera\u00e7\u00e3o o melhor lance e a qualidade do projeto apresentado.<\/p>\n<p>Preocupa\u00e7\u00e3o<\/p>\n<p>A orla j\u00e1 vem passando por obras do projeto de revitaliza\u00e7\u00e3o da prefeitura e alguns quiosques da gest\u00e3o municipal j\u00e1 est\u00e3o prontos. Mas, como j\u00e1 exposto pelo Metro1, muitos deles encontram-se com aspecto de abandono e tentativa de arrombamento. Al\u00e9m disso, o projeto vem deixando barraqueiros e ambulantes cada vez mais preocupados. Isso porque o edital estabelece que a empresa escolhida ficar\u00e1 respons\u00e1vel por construir e gerir os quiosques e tendas ao longo de 3,5 mil metros da orla, e at\u00e9 mencionado que deve ser dada prefer\u00eancia pela continuidade dos vendedores ambulantes cadastrados na regi\u00e3o, mas n\u00e3o d\u00e1 garantias.<\/p>\n<p>Para a vice-presidente da Associa\u00e7\u00e3o de Barraqueiros das Festas Populares do Estado da Bahia, Domingas Concei\u00e7\u00e3o, o projeto s\u00f3 trar\u00e1 inseguran\u00e7a para os trabalhadores. \u201cNossa cultura \u00e9 p\u00e9 na areia, n\u00e3o \u00e9 de restaurante. Ent\u00e3o a gente fica revoltada, a gente nunca imaginou que poderia perder a independ\u00eancia financeira\u201d, afirmou.<\/p>\n<p>Foto: Metropress\/Danilo Puridade<br \/>\nPor: Laisa Gama\/ Metro1<\/p>\n","protected":false},"excerpt":{"rendered":"<p>Apesar da n\u00e3o entrega do documento, munic\u00edpio diz que tratativas est\u00e3o avan\u00e7adas H\u00e1 quase um m\u00eas a Secretaria Municipal de<\/p>\n","protected":false},"author":4,"featured_media":16561,"comment_status":"open","ping_status":"open","sticky":false,"template":"","format":"standard","meta":{"colormag_page_container_layout":"default_layout","colormag_page_sidebar_layout":"default_layout","_FSMCFIC_featured_image_caption":"","_FSMCFIC_featured_image_nocaption":"","_FSMCFIC_featured_image_hide":"","footnotes":""},"categories":[5,1],"tags":[],"class_list":["post-16560","post","type-post","status-publish","format-standard","has-post-thumbnail","hentry","category-politica","category-ultimas"],"yoast_head":"<!-- This site is optimized with the Yoast SEO plugin v27.1.1 - https:\/\/yoast.com\/product\/yoast-seo-wordpress\/ -->\n<title>Prefeitura ainda n\u00e3o formalizou pedido para novos quiosques na orla de Salvador, diz SPU - Brasil not\u00edcias<\/title>\n<meta name=\"robots\" content=\"index, follow, max-snippet:-1, max-image-preview:large, max-video-preview:-1\" \/>\n<link rel=\"canonical\" href=\"https:\/\/brasilnoticias.org\/site\/prefeitura-ainda-nao-formalizou-pedido-para-novos-quiosques-na-orla-de-salvador-diz-spu\/\" \/>\n<meta property=\"og:locale\" content=\"pt_PT\" \/>\n<meta property=\"og:type\" content=\"article\" \/>\n<meta property=\"og:title\" content=\"Prefeitura ainda n\u00e3o formalizou pedido para novos quiosques na orla de Salvador, diz SPU - Brasil not\u00edcias\" \/>\n<meta property=\"og:description\" content=\"Apesar da n\u00e3o entrega do documento, munic\u00edpio diz que tratativas est\u00e3o avan\u00e7adas H\u00e1 quase um m\u00eas a Secretaria Municipal de\" \/>\n<meta property=\"og:url\" content=\"https:\/\/brasilnoticias.org\/site\/prefeitura-ainda-nao-formalizou-pedido-para-novos-quiosques-na-orla-de-salvador-diz-spu\/\" \/>\n<meta property=\"og:site_name\" content=\"Brasil not\u00edcias\" \/>\n<meta property=\"article:published_time\" content=\"2024-12-19T19:22:05+00:00\" \/>\n<meta property=\"og:image\" content=\"https:\/\/brasilnoticias.org\/site\/wp-content\/uploads\/2024\/12\/159198prefeitura-ainda-nao-formalizou-pedido-para-novos-quiosques-na-orla-de-salvador-diz-spu-3.jpg\" \/>\n\t<meta property=\"og:image:width\" content=\"1600\" \/>\n\t<meta property=\"og:image:height\" content=\"752\" \/>\n\t<meta property=\"og:image:type\" content=\"image\/jpeg\" \/>\n<meta name=\"author\" content=\"Reda\u00e7\u00e3o\" \/>\n<meta name=\"twitter:card\" content=\"summary_large_image\" \/>\n<meta name=\"twitter:label1\" content=\"Escrito por\" \/>\n\t<meta name=\"twitter:data1\" content=\"Reda\u00e7\u00e3o\" \/>\n<script type=\"application\/ld+json\" class=\"yoast-schema-graph\">{\"@context\":\"https:\/\/schema.org\",\"@graph\":[{\"@type\":\"Article\",\"@id\":\"https:\/\/brasilnoticias.org\/site\/prefeitura-ainda-nao-formalizou-pedido-para-novos-quiosques-na-orla-de-salvador-diz-spu\/#article\",\"isPartOf\":{\"@id\":\"https:\/\/brasilnoticias.org\/site\/prefeitura-ainda-nao-formalizou-pedido-para-novos-quiosques-na-orla-de-salvador-diz-spu\/\"},\"author\":{\"name\":\"Reda\u00e7\u00e3o\",\"@id\":\"https:\/\/brasilnoticias.org\/site\/#\/schema\/person\/03bbbfe6c7634ad18c26444ea39049fa\"},\"headline\":\"Prefeitura ainda n\u00e3o formalizou pedido para novos quiosques na orla de Salvador, diz SPU\",\"datePublished\":\"2024-12-19T19:22:05+00:00\",\"mainEntityOfPage\":{\"@id\":\"https:\/\/brasilnoticias.org\/site\/prefeitura-ainda-nao-formalizou-pedido-para-novos-quiosques-na-orla-de-salvador-diz-spu\/\"},\"wordCount\":369,\"commentCount\":0,\"publisher\":{\"@id\":\"https:\/\/brasilnoticias.org\/site\/#organization\"},\"image\":{\"@id\":\"https:\/\/brasilnoticias.org\/site\/prefeitura-ainda-nao-formalizou-pedido-para-novos-quiosques-na-orla-de-salvador-diz-spu\/#primaryimage\"},\"thumbnailUrl\":\"https:\/\/brasilnoticias.org\/site\/wp-content\/uploads\/2024\/12\/159198prefeitura-ainda-nao-formalizou-pedido-para-novos-quiosques-na-orla-de-salvador-diz-spu-3.jpg\",\"articleSection\":[\"Pol\u00edtica\",\"\u00daltimas\"],\"inLanguage\":\"pt-PT\",\"potentialAction\":[{\"@type\":\"CommentAction\",\"name\":\"Comment\",\"target\":[\"https:\/\/brasilnoticias.org\/site\/prefeitura-ainda-nao-formalizou-pedido-para-novos-quiosques-na-orla-de-salvador-diz-spu\/#respond\"]}]},{\"@type\":\"WebPage\",\"@id\":\"https:\/\/brasilnoticias.org\/site\/prefeitura-ainda-nao-formalizou-pedido-para-novos-quiosques-na-orla-de-salvador-diz-spu\/\",\"url\":\"https:\/\/brasilnoticias.org\/site\/prefeitura-ainda-nao-formalizou-pedido-para-novos-quiosques-na-orla-de-salvador-diz-spu\/\",\"name\":\"Prefeitura ainda n\u00e3o formalizou pedido para novos quiosques na orla de Salvador, diz SPU - Brasil not\u00edcias\",\"isPartOf\":{\"@id\":\"https:\/\/brasilnoticias.org\/site\/#website\"},\"primaryImageOfPage\":{\"@id\":\"https:\/\/brasilnoticias.org\/site\/prefeitura-ainda-nao-formalizou-pedido-para-novos-quiosques-na-orla-de-salvador-diz-spu\/#primaryimage\"},\"image\":{\"@id\":\"https:\/\/brasilnoticias.org\/site\/prefeitura-ainda-nao-formalizou-pedido-para-novos-quiosques-na-orla-de-salvador-diz-spu\/#primaryimage\"},\"thumbnailUrl\":\"https:\/\/brasilnoticias.org\/site\/wp-content\/uploads\/2024\/12\/159198prefeitura-ainda-nao-formalizou-pedido-para-novos-quiosques-na-orla-de-salvador-diz-spu-3.jpg\",\"datePublished\":\"2024-12-19T19:22:05+00:00\",\"breadcrumb\":{\"@id\":\"https:\/\/brasilnoticias.org\/site\/prefeitura-ainda-nao-formalizou-pedido-para-novos-quiosques-na-orla-de-salvador-diz-spu\/#breadcrumb\"},\"inLanguage\":\"pt-PT\",\"potentialAction\":[{\"@type\":\"ReadAction\",\"target\":[\"https:\/\/brasilnoticias.org\/site\/prefeitura-ainda-nao-formalizou-pedido-para-novos-quiosques-na-orla-de-salvador-diz-spu\/\"]}]},{\"@type\":\"ImageObject\",\"inLanguage\":\"pt-PT\",\"@id\":\"https:\/\/brasilnoticias.org\/site\/prefeitura-ainda-nao-formalizou-pedido-para-novos-quiosques-na-orla-de-salvador-diz-spu\/#primaryimage\",\"url\":\"https:\/\/brasilnoticias.org\/site\/wp-content\/uploads\/2024\/12\/159198prefeitura-ainda-nao-formalizou-pedido-para-novos-quiosques-na-orla-de-salvador-diz-spu-3.jpg\",\"contentUrl\":\"https:\/\/brasilnoticias.org\/site\/wp-content\/uploads\/2024\/12\/159198prefeitura-ainda-nao-formalizou-pedido-para-novos-quiosques-na-orla-de-salvador-diz-spu-3.jpg\",\"width\":1600,\"height\":752},{\"@type\":\"BreadcrumbList\",\"@id\":\"https:\/\/brasilnoticias.org\/site\/prefeitura-ainda-nao-formalizou-pedido-para-novos-quiosques-na-orla-de-salvador-diz-spu\/#breadcrumb\",\"itemListElement\":[{\"@type\":\"ListItem\",\"position\":1,\"name\":\"In\u00edcio\",\"item\":\"https:\/\/brasilnoticias.org\/site\/\"},{\"@type\":\"ListItem\",\"position\":2,\"name\":\"Prefeitura ainda n\u00e3o formalizou pedido para novos quiosques na orla de Salvador, diz SPU\"}]},{\"@type\":\"WebSite\",\"@id\":\"https:\/\/brasilnoticias.org\/site\/#website\",\"url\":\"https:\/\/brasilnoticias.org\/site\/\",\"name\":\"Brasil not\u00edcias\",\"description\":\"Brasil not\u00edcias\",\"publisher\":{\"@id\":\"https:\/\/brasilnoticias.org\/site\/#organization\"},\"potentialAction\":[{\"@type\":\"SearchAction\",\"target\":{\"@type\":\"EntryPoint\",\"urlTemplate\":\"https:\/\/brasilnoticias.org\/site\/?s={search_term_string}\"},\"query-input\":{\"@type\":\"PropertyValueSpecification\",\"valueRequired\":true,\"valueName\":\"search_term_string\"}}],\"inLanguage\":\"pt-PT\"},{\"@type\":\"Organization\",\"@id\":\"https:\/\/brasilnoticias.org\/site\/#organization\",\"name\":\"Brasil not\u00edcias\",\"url\":\"https:\/\/brasilnoticias.org\/site\/\",\"logo\":{\"@type\":\"ImageObject\",\"inLanguage\":\"pt-PT\",\"@id\":\"https:\/\/brasilnoticias.org\/site\/#\/schema\/logo\/image\/\",\"url\":\"https:\/\/brasilnoticias.org\/site\/wp-content\/uploads\/2022\/05\/cropped-brasilnoticias-mini.jpg\",\"contentUrl\":\"https:\/\/brasilnoticias.org\/site\/wp-content\/uploads\/2022\/05\/cropped-brasilnoticias-mini.jpg\",\"width\":314,\"height\":86,\"caption\":\"Brasil not\u00edcias\"},\"image\":{\"@id\":\"https:\/\/brasilnoticias.org\/site\/#\/schema\/logo\/image\/\"}},{\"@type\":\"Person\",\"@id\":\"https:\/\/brasilnoticias.org\/site\/#\/schema\/person\/03bbbfe6c7634ad18c26444ea39049fa\",\"name\":\"Reda\u00e7\u00e3o\",\"image\":{\"@type\":\"ImageObject\",\"inLanguage\":\"pt-PT\",\"@id\":\"https:\/\/brasilnoticias.org\/site\/#\/schema\/person\/image\/\",\"url\":\"https:\/\/secure.gravatar.com\/avatar\/9ecaf7327a696cb23ad926fedded5f1f04d7049de9e445375d55b48c001a6e42?s=96&d=mm&r=g\",\"contentUrl\":\"https:\/\/secure.gravatar.com\/avatar\/9ecaf7327a696cb23ad926fedded5f1f04d7049de9e445375d55b48c001a6e42?s=96&d=mm&r=g\",\"caption\":\"Reda\u00e7\u00e3o\"},\"url\":\"https:\/\/brasilnoticias.org\/site\/author\/henrique\/\"}]}<\/script>\n<!-- \/ Yoast SEO plugin. -->","yoast_head_json":{"title":"Prefeitura ainda n\u00e3o formalizou pedido para novos quiosques na orla de Salvador, diz SPU - Brasil not\u00edcias","robots":{"index":"index","follow":"follow","max-snippet":"max-snippet:-1","max-image-preview":"max-image-preview:large","max-video-preview":"max-video-preview:-1"},"canonical":"https:\/\/brasilnoticias.org\/site\/prefeitura-ainda-nao-formalizou-pedido-para-novos-quiosques-na-orla-de-salvador-diz-spu\/","og_locale":"pt_PT","og_type":"article","og_title":"Prefeitura ainda n\u00e3o formalizou pedido para novos quiosques na orla de Salvador, diz SPU - Brasil not\u00edcias","og_description":"Apesar da n\u00e3o entrega do documento, munic\u00edpio diz que tratativas est\u00e3o avan\u00e7adas H\u00e1 quase um m\u00eas a Secretaria Municipal de","og_url":"https:\/\/brasilnoticias.org\/site\/prefeitura-ainda-nao-formalizou-pedido-para-novos-quiosques-na-orla-de-salvador-diz-spu\/","og_site_name":"Brasil not\u00edcias","article_published_time":"2024-12-19T19:22:05+00:00","og_image":[{"width":1600,"height":752,"url":"https:\/\/brasilnoticias.org\/site\/wp-content\/uploads\/2024\/12\/159198prefeitura-ainda-nao-formalizou-pedido-para-novos-quiosques-na-orla-de-salvador-diz-spu-3.jpg","type":"image\/jpeg"}],"author":"Reda\u00e7\u00e3o","twitter_card":"summary_large_image","twitter_misc":{"Escrito por":"Reda\u00e7\u00e3o"},"schema":{"@context":"https:\/\/schema.org","@graph":[{"@type":"Article","@id":"https:\/\/brasilnoticias.org\/site\/prefeitura-ainda-nao-formalizou-pedido-para-novos-quiosques-na-orla-de-salvador-diz-spu\/#article","isPartOf":{"@id":"https:\/\/brasilnoticias.org\/site\/prefeitura-ainda-nao-formalizou-pedido-para-novos-quiosques-na-orla-de-salvador-diz-spu\/"},"author":{"name":"Reda\u00e7\u00e3o","@id":"https:\/\/brasilnoticias.org\/site\/#\/schema\/person\/03bbbfe6c7634ad18c26444ea39049fa"},"headline":"Prefeitura ainda n\u00e3o formalizou pedido para novos quiosques na orla de Salvador, diz SPU","datePublished":"2024-12-19T19:22:05+00:00","mainEntityOfPage":{"@id":"https:\/\/brasilnoticias.org\/site\/prefeitura-ainda-nao-formalizou-pedido-para-novos-quiosques-na-orla-de-salvador-diz-spu\/"},"wordCount":369,"commentCount":0,"publisher":{"@id":"https:\/\/brasilnoticias.org\/site\/#organization"},"image":{"@id":"https:\/\/brasilnoticias.org\/site\/prefeitura-ainda-nao-formalizou-pedido-para-novos-quiosques-na-orla-de-salvador-diz-spu\/#primaryimage"},"thumbnailUrl":"https:\/\/brasilnoticias.org\/site\/wp-content\/uploads\/2024\/12\/159198prefeitura-ainda-nao-formalizou-pedido-para-novos-quiosques-na-orla-de-salvador-diz-spu-3.jpg","articleSection":["Pol\u00edtica","\u00daltimas"],"inLanguage":"pt-PT","potentialAction":[{"@type":"CommentAction","name":"Comment","target":["https:\/\/brasilnoticias.org\/site\/prefeitura-ainda-nao-formalizou-pedido-para-novos-quiosques-na-orla-de-salvador-diz-spu\/#respond"]}]},{"@type":"WebPage","@id":"https:\/\/brasilnoticias.org\/site\/prefeitura-ainda-nao-formalizou-pedido-para-novos-quiosques-na-orla-de-salvador-diz-spu\/","url":"https:\/\/brasilnoticias.org\/site\/prefeitura-ainda-nao-formalizou-pedido-para-novos-quiosques-na-orla-de-salvador-diz-spu\/","name":"Prefeitura ainda n\u00e3o formalizou pedido para novos quiosques na orla de Salvador, diz SPU - Brasil not\u00edcias","isPartOf":{"@id":"https:\/\/brasilnoticias.org\/site\/#website"},"primaryImageOfPage":{"@id":"https:\/\/brasilnoticias.org\/site\/prefeitura-ainda-nao-formalizou-pedido-para-novos-quiosques-na-orla-de-salvador-diz-spu\/#primaryimage"},"image":{"@id":"https:\/\/brasilnoticias.org\/site\/prefeitura-ainda-nao-formalizou-pedido-para-novos-quiosques-na-orla-de-salvador-diz-spu\/#primaryimage"},"thumbnailUrl":"https:\/\/brasilnoticias.org\/site\/wp-content\/uploads\/2024\/12\/159198prefeitura-ainda-nao-formalizou-pedido-para-novos-quiosques-na-orla-de-salvador-diz-spu-3.jpg","datePublished":"2024-12-19T19:22:05+00:00","breadcrumb":{"@id":"https:\/\/brasilnoticias.org\/site\/prefeitura-ainda-nao-formalizou-pedido-para-novos-quiosques-na-orla-de-salvador-diz-spu\/#breadcrumb"},"inLanguage":"pt-PT","potentialAction":[{"@type":"ReadAction","target":["https:\/\/brasilnoticias.org\/site\/prefeitura-ainda-nao-formalizou-pedido-para-novos-quiosques-na-orla-de-salvador-diz-spu\/"]}]},{"@type":"ImageObject","inLanguage":"pt-PT","@id":"https:\/\/brasilnoticias.org\/site\/prefeitura-ainda-nao-formalizou-pedido-para-novos-quiosques-na-orla-de-salvador-diz-spu\/#primaryimage","url":"https:\/\/brasilnoticias.org\/site\/wp-content\/uploads\/2024\/12\/159198prefeitura-ainda-nao-formalizou-pedido-para-novos-quiosques-na-orla-de-salvador-diz-spu-3.jpg","contentUrl":"https:\/\/brasilnoticias.org\/site\/wp-content\/uploads\/2024\/12\/159198prefeitura-ainda-nao-formalizou-pedido-para-novos-quiosques-na-orla-de-salvador-diz-spu-3.jpg","width":1600,"height":752},{"@type":"BreadcrumbList","@id":"https:\/\/brasilnoticias.org\/site\/prefeitura-ainda-nao-formalizou-pedido-para-novos-quiosques-na-orla-de-salvador-diz-spu\/#breadcrumb","itemListElement":[{"@type":"ListItem","position":1,"name":"In\u00edcio","item":"https:\/\/brasilnoticias.org\/site\/"},{"@type":"ListItem","position":2,"name":"Prefeitura ainda n\u00e3o formalizou pedido para novos quiosques na orla de Salvador, diz SPU"}]},{"@type":"WebSite","@id":"https:\/\/brasilnoticias.org\/site\/#website","url":"https:\/\/brasilnoticias.org\/site\/","name":"Brasil not\u00edcias","description":"Brasil not\u00edcias","publisher":{"@id":"https:\/\/brasilnoticias.org\/site\/#organization"},"potentialAction":[{"@type":"SearchAction","target":{"@type":"EntryPoint","urlTemplate":"https:\/\/brasilnoticias.org\/site\/?s={search_term_string}"},"query-input":{"@type":"PropertyValueSpecification","valueRequired":true,"valueName":"search_term_string"}}],"inLanguage":"pt-PT"},{"@type":"Organization","@id":"https:\/\/brasilnoticias.org\/site\/#organization","name":"Brasil not\u00edcias","url":"https:\/\/brasilnoticias.org\/site\/","logo":{"@type":"ImageObject","inLanguage":"pt-PT","@id":"https:\/\/brasilnoticias.org\/site\/#\/schema\/logo\/image\/","url":"https:\/\/brasilnoticias.org\/site\/wp-content\/uploads\/2022\/05\/cropped-brasilnoticias-mini.jpg","contentUrl":"https:\/\/brasilnoticias.org\/site\/wp-content\/uploads\/2022\/05\/cropped-brasilnoticias-mini.jpg","width":314,"height":86,"caption":"Brasil not\u00edcias"},"image":{"@id":"https:\/\/brasilnoticias.org\/site\/#\/schema\/logo\/image\/"}},{"@type":"Person","@id":"https:\/\/brasilnoticias.org\/site\/#\/schema\/person\/03bbbfe6c7634ad18c26444ea39049fa","name":"Reda\u00e7\u00e3o","image":{"@type":"ImageObject","inLanguage":"pt-PT","@id":"https:\/\/brasilnoticias.org\/site\/#\/schema\/person\/image\/","url":"https:\/\/secure.gravatar.com\/avatar\/9ecaf7327a696cb23ad926fedded5f1f04d7049de9e445375d55b48c001a6e42?s=96&d=mm&r=g","contentUrl":"https:\/\/secure.gravatar.com\/avatar\/9ecaf7327a696cb23ad926fedded5f1f04d7049de9e445375d55b48c001a6e42?s=96&d=mm&r=g","caption":"Reda\u00e7\u00e3o"},"url":"https:\/\/brasilnoticias.org\/site\/author\/henrique\/"}]}},"_links":{"self":[{"href":"https:\/\/brasilnoticias.org\/site\/wp-json\/wp\/v2\/posts\/16560","targetHints":{"allow":["GET"]}}],"collection":[{"href":"https:\/\/brasilnoticias.org\/site\/wp-json\/wp\/v2\/posts"}],"about":[{"href":"https:\/\/brasilnoticias.org\/site\/wp-json\/wp\/v2\/types\/post"}],"author":[{"embeddable":true,"href":"https:\/\/brasilnoticias.org\/site\/wp-json\/wp\/v2\/users\/4"}],"replies":[{"embeddable":true,"href":"https:\/\/brasilnoticias.org\/site\/wp-json\/wp\/v2\/comments?post=16560"}],"version-history":[{"count":1,"href":"https:\/\/brasilnoticias.org\/site\/wp-json\/wp\/v2\/posts\/16560\/revisions"}],"predecessor-version":[{"id":16562,"href":"https:\/\/brasilnoticias.org\/site\/wp-json\/wp\/v2\/posts\/16560\/revisions\/16562"}],"wp:featuredmedia":[{"embeddable":true,"href":"https:\/\/brasilnoticias.org\/site\/wp-json\/wp\/v2\/media\/16561"}],"wp:attachment":[{"href":"https:\/\/brasilnoticias.org\/site\/wp-json\/wp\/v2\/media?parent=16560"}],"wp:term":[{"taxonomy":"category","embeddable":true,"href":"https:\/\/brasilnoticias.org\/site\/wp-json\/wp\/v2\/categories?post=16560"},{"taxonomy":"post_tag","embeddable":true,"href":"https:\/\/brasilnoticias.org\/site\/wp-json\/wp\/v2\/tags?post=16560"}],"curies":[{"name":"wp","href":"https:\/\/api.w.org\/{rel}","templated":true}]}}