{"id":16568,"date":"2024-12-22T14:50:09","date_gmt":"2024-12-22T17:50:09","guid":{"rendered":"https:\/\/brasilnoticias.org\/site\/?p=16568"},"modified":"2024-12-22T15:08:06","modified_gmt":"2024-12-22T18:08:06","slug":"funcionario-de-loja-destruida-em-acidente-de-gramado-foi-salvo-por-patrao-relato-foi-feito-a-radialista-baiano","status":"publish","type":"post","link":"https:\/\/brasilnoticias.org\/site\/funcionario-de-loja-destruida-em-acidente-de-gramado-foi-salvo-por-patrao-relato-foi-feito-a-radialista-baiano\/","title":{"rendered":"Funcion\u00e1rio de loja destru\u00edda em acidente de Gramado foi \u201csalvo\u201d por patr\u00e3o; relato foi feito a radialista baiano"},"content":{"rendered":"<p>Um funcion\u00e1rio da loja de m\u00f3veis atingida por um acidente a\u00e9reo em Gramado (RS) teve uma esp\u00e9cie de livramento neste domingo (22). A situa\u00e7\u00e3o foi revelada pelo radialista baiano Andr\u00e9 Sp\u00ednola, que est\u00e1 na cidade ga\u00facha. No v\u00eddeo, a mulher conta que momentos antes do acidente, ocorrido por volta das 9h15, o patr\u00e3o do marido disse que n\u00e3o precisava ir trabalhar neste domingo devido \u00e0 chuva que ca\u00eda na cidade.<\/p>\n<blockquote class=\"twitter-tweet\" data-media-max-width=\"560\">\n<p lang=\"pt\" dir=\"ltr\">Funcion\u00e1rio de loja atingida em acidente de Gramado foi \u201csalvo\u201d por pedido de patr\u00e3o; relato foi feito a radialista baiano que est\u00e1 de passagem por cidade ga\u00facha <a href=\"https:\/\/t.co\/1nymD0s8Uh\">pic.twitter.com\/1nymD0s8Uh<\/a><\/p>\n<p>&mdash; Bahia Not\u00edcias (@BahiaNoticias) <a href=\"https:\/\/twitter.com\/BahiaNoticias\/status\/1870871523545989596?ref_src=twsrc%5Etfw\">December 22, 2024<\/a><\/p><\/blockquote>\n<p> <script async src=\"https:\/\/platform.twitter.com\/widgets.js\" charset=\"utf-8\"><\/script><\/p>\n<p>\u201cEra para ele trabalhar\u201d, diz em trecho do v\u00eddeo. N\u00e3o h\u00e1 ainda informa\u00e7\u00f5es de v\u00edtima que estavam na loja de m\u00f3veis, que ficou completamente destru\u00edda. O radialista tamb\u00e9m fez um v\u00eddeo tranquilizando que buscava informa\u00e7\u00f5es sobre a situa\u00e7\u00e3o dele.<\/p>\n<blockquote class=\"twitter-tweet\" data-media-max-width=\"560\">\n<p lang=\"pt\" dir=\"ltr\">Andr\u00e9 Sp\u00ednola tamb\u00e9m tranquilizou familiares e amigos que procuravam not\u00edcias dele. <a href=\"https:\/\/t.co\/AFBjOOVDiK\">pic.twitter.com\/AFBjOOVDiK<\/a><\/p>\n<p>&mdash; Bahia Not\u00edcias (@BahiaNoticias) <a href=\"https:\/\/twitter.com\/BahiaNoticias\/status\/1870874178389205237?ref_src=twsrc%5Etfw\">December 22, 2024<\/a><\/p><\/blockquote>\n<p> <script async src=\"https:\/\/platform.twitter.com\/widgets.js\" charset=\"utf-8\"><\/script><\/p>\n<p>Segundo informa\u00e7\u00f5es, as nove pessoas que estavam na aeronave morreram no acidente. Durante a queda, o avi\u00e3o ainda atingiu a chamin\u00e9 de um pr\u00e9dio, uma casa e uma pousada. Segundo o G1, uma turista que estava no local e presenciou a queda disse que as pessoas entraram em desespero.<\/p>\n<p>Conforme a Brigada Militar, o avi\u00e3o de pequeno porte havia sa\u00eddo do aeroporto de Canela, tamb\u00e9m no Rio Grande do Sul, com destino a Jundia\u00ed, em S\u00e3o Paulo, quando ocorreu a queda. Ainda segundo informa\u00e7\u00f5es, pelo menos 15 pessoas que estavam na pousada ficaram feridas e foram levadas para um hospital.<\/p>\n<p>O governo informou que a maior parte das v\u00edtimas precisou de atendimento por ter inalado fuma\u00e7a. Duas delas est\u00e3o em estado grave.<\/p>\n<p>Foto: Divulga\u00e7\u00e3o \/ Defesa Civil RS<br \/>\nFonte: Bahia not\u00edcia <\/p>\n","protected":false},"excerpt":{"rendered":"<p>Um funcion\u00e1rio da loja de m\u00f3veis atingida por um acidente a\u00e9reo em Gramado (RS) teve uma esp\u00e9cie de livramento neste<\/p>\n","protected":false},"author":4,"featured_media":16569,"comment_status":"open","ping_status":"open","sticky":false,"template":"","format":"standard","meta":{"colormag_page_container_layout":"default_layout","colormag_page_sidebar_layout":"default_layout","_FSMCFIC_featured_image_caption":"","_FSMCFIC_featured_image_nocaption":"","_FSMCFIC_featured_image_hide":"","footnotes":""},"categories":[2,1],"tags":[],"class_list":["post-16568","post","type-post","status-publish","format-standard","has-post-thumbnail","hentry","category-noticias","category-ultimas"],"yoast_head":"<!-- This site is optimized with the Yoast SEO plugin v27.1.1 - https:\/\/yoast.com\/product\/yoast-seo-wordpress\/ -->\n<title>Funcion\u00e1rio de loja destru\u00edda em acidente de Gramado foi \u201csalvo\u201d por patr\u00e3o; relato foi feito a radialista baiano - Brasil not\u00edcias<\/title>\n<meta name=\"robots\" content=\"index, follow, max-snippet:-1, max-image-preview:large, max-video-preview:-1\" \/>\n<link rel=\"canonical\" href=\"https:\/\/brasilnoticias.org\/site\/funcionario-de-loja-destruida-em-acidente-de-gramado-foi-salvo-por-patrao-relato-foi-feito-a-radialista-baiano\/\" \/>\n<meta property=\"og:locale\" content=\"pt_PT\" \/>\n<meta property=\"og:type\" content=\"article\" \/>\n<meta property=\"og:title\" content=\"Funcion\u00e1rio de loja destru\u00edda em acidente de Gramado foi \u201csalvo\u201d por patr\u00e3o; relato foi feito a radialista baiano - Brasil not\u00edcias\" \/>\n<meta property=\"og:description\" content=\"Um funcion\u00e1rio da loja de m\u00f3veis atingida por um acidente a\u00e9reo em Gramado (RS) teve uma esp\u00e9cie de livramento neste\" \/>\n<meta property=\"og:url\" content=\"https:\/\/brasilnoticias.org\/site\/funcionario-de-loja-destruida-em-acidente-de-gramado-foi-salvo-por-patrao-relato-foi-feito-a-radialista-baiano\/\" \/>\n<meta property=\"og:site_name\" content=\"Brasil not\u00edcias\" \/>\n<meta property=\"article:published_time\" content=\"2024-12-22T17:50:09+00:00\" \/>\n<meta property=\"article:modified_time\" content=\"2024-12-22T18:08:06+00:00\" \/>\n<meta property=\"og:image\" content=\"https:\/\/brasilnoticias.org\/site\/wp-content\/uploads\/2024\/12\/IMG_9737.webp\" \/>\n\t<meta property=\"og:image:width\" content=\"828\" \/>\n\t<meta property=\"og:image:height\" content=\"435\" \/>\n\t<meta property=\"og:image:type\" content=\"image\/webp\" \/>\n<meta name=\"author\" content=\"Reda\u00e7\u00e3o\" \/>\n<meta name=\"twitter:card\" content=\"summary_large_image\" \/>\n<meta name=\"twitter:label1\" content=\"Escrito por\" \/>\n\t<meta name=\"twitter:data1\" content=\"Reda\u00e7\u00e3o\" \/>\n\t<meta name=\"twitter:label2\" content=\"Tempo estimado de leitura\" \/>\n\t<meta name=\"twitter:data2\" content=\"2 minutos\" \/>\n<script type=\"application\/ld+json\" class=\"yoast-schema-graph\">{\"@context\":\"https:\/\/schema.org\",\"@graph\":[{\"@type\":\"Article\",\"@id\":\"https:\/\/brasilnoticias.org\/site\/funcionario-de-loja-destruida-em-acidente-de-gramado-foi-salvo-por-patrao-relato-foi-feito-a-radialista-baiano\/#article\",\"isPartOf\":{\"@id\":\"https:\/\/brasilnoticias.org\/site\/funcionario-de-loja-destruida-em-acidente-de-gramado-foi-salvo-por-patrao-relato-foi-feito-a-radialista-baiano\/\"},\"author\":{\"name\":\"Reda\u00e7\u00e3o\",\"@id\":\"https:\/\/brasilnoticias.org\/site\/#\/schema\/person\/03bbbfe6c7634ad18c26444ea39049fa\"},\"headline\":\"Funcion\u00e1rio de loja destru\u00edda em acidente de Gramado foi \u201csalvo\u201d por patr\u00e3o; relato foi feito a radialista baiano\",\"datePublished\":\"2024-12-22T17:50:09+00:00\",\"dateModified\":\"2024-12-22T18:08:06+00:00\",\"mainEntityOfPage\":{\"@id\":\"https:\/\/brasilnoticias.org\/site\/funcionario-de-loja-destruida-em-acidente-de-gramado-foi-salvo-por-patrao-relato-foi-feito-a-radialista-baiano\/\"},\"wordCount\":357,\"commentCount\":0,\"publisher\":{\"@id\":\"https:\/\/brasilnoticias.org\/site\/#organization\"},\"image\":{\"@id\":\"https:\/\/brasilnoticias.org\/site\/funcionario-de-loja-destruida-em-acidente-de-gramado-foi-salvo-por-patrao-relato-foi-feito-a-radialista-baiano\/#primaryimage\"},\"thumbnailUrl\":\"https:\/\/brasilnoticias.org\/site\/wp-content\/uploads\/2024\/12\/IMG_9737.webp\",\"articleSection\":[\"Not\u00edcias\",\"\u00daltimas\"],\"inLanguage\":\"pt-PT\",\"potentialAction\":[{\"@type\":\"CommentAction\",\"name\":\"Comment\",\"target\":[\"https:\/\/brasilnoticias.org\/site\/funcionario-de-loja-destruida-em-acidente-de-gramado-foi-salvo-por-patrao-relato-foi-feito-a-radialista-baiano\/#respond\"]}]},{\"@type\":\"WebPage\",\"@id\":\"https:\/\/brasilnoticias.org\/site\/funcionario-de-loja-destruida-em-acidente-de-gramado-foi-salvo-por-patrao-relato-foi-feito-a-radialista-baiano\/\",\"url\":\"https:\/\/brasilnoticias.org\/site\/funcionario-de-loja-destruida-em-acidente-de-gramado-foi-salvo-por-patrao-relato-foi-feito-a-radialista-baiano\/\",\"name\":\"Funcion\u00e1rio de loja destru\u00edda em acidente de Gramado foi \u201csalvo\u201d por patr\u00e3o; relato foi feito a radialista baiano - Brasil not\u00edcias\",\"isPartOf\":{\"@id\":\"https:\/\/brasilnoticias.org\/site\/#website\"},\"primaryImageOfPage\":{\"@id\":\"https:\/\/brasilnoticias.org\/site\/funcionario-de-loja-destruida-em-acidente-de-gramado-foi-salvo-por-patrao-relato-foi-feito-a-radialista-baiano\/#primaryimage\"},\"image\":{\"@id\":\"https:\/\/brasilnoticias.org\/site\/funcionario-de-loja-destruida-em-acidente-de-gramado-foi-salvo-por-patrao-relato-foi-feito-a-radialista-baiano\/#primaryimage\"},\"thumbnailUrl\":\"https:\/\/brasilnoticias.org\/site\/wp-content\/uploads\/2024\/12\/IMG_9737.webp\",\"datePublished\":\"2024-12-22T17:50:09+00:00\",\"dateModified\":\"2024-12-22T18:08:06+00:00\",\"breadcrumb\":{\"@id\":\"https:\/\/brasilnoticias.org\/site\/funcionario-de-loja-destruida-em-acidente-de-gramado-foi-salvo-por-patrao-relato-foi-feito-a-radialista-baiano\/#breadcrumb\"},\"inLanguage\":\"pt-PT\",\"potentialAction\":[{\"@type\":\"ReadAction\",\"target\":[\"https:\/\/brasilnoticias.org\/site\/funcionario-de-loja-destruida-em-acidente-de-gramado-foi-salvo-por-patrao-relato-foi-feito-a-radialista-baiano\/\"]}]},{\"@type\":\"ImageObject\",\"inLanguage\":\"pt-PT\",\"@id\":\"https:\/\/brasilnoticias.org\/site\/funcionario-de-loja-destruida-em-acidente-de-gramado-foi-salvo-por-patrao-relato-foi-feito-a-radialista-baiano\/#primaryimage\",\"url\":\"https:\/\/brasilnoticias.org\/site\/wp-content\/uploads\/2024\/12\/IMG_9737.webp\",\"contentUrl\":\"https:\/\/brasilnoticias.org\/site\/wp-content\/uploads\/2024\/12\/IMG_9737.webp\",\"width\":828,\"height\":435},{\"@type\":\"BreadcrumbList\",\"@id\":\"https:\/\/brasilnoticias.org\/site\/funcionario-de-loja-destruida-em-acidente-de-gramado-foi-salvo-por-patrao-relato-foi-feito-a-radialista-baiano\/#breadcrumb\",\"itemListElement\":[{\"@type\":\"ListItem\",\"position\":1,\"name\":\"In\u00edcio\",\"item\":\"https:\/\/brasilnoticias.org\/site\/\"},{\"@type\":\"ListItem\",\"position\":2,\"name\":\"Funcion\u00e1rio de loja destru\u00edda em acidente de Gramado foi \u201csalvo\u201d por patr\u00e3o; relato foi feito a radialista baiano\"}]},{\"@type\":\"WebSite\",\"@id\":\"https:\/\/brasilnoticias.org\/site\/#website\",\"url\":\"https:\/\/brasilnoticias.org\/site\/\",\"name\":\"Brasil not\u00edcias\",\"description\":\"Brasil not\u00edcias\",\"publisher\":{\"@id\":\"https:\/\/brasilnoticias.org\/site\/#organization\"},\"potentialAction\":[{\"@type\":\"SearchAction\",\"target\":{\"@type\":\"EntryPoint\",\"urlTemplate\":\"https:\/\/brasilnoticias.org\/site\/?s={search_term_string}\"},\"query-input\":{\"@type\":\"PropertyValueSpecification\",\"valueRequired\":true,\"valueName\":\"search_term_string\"}}],\"inLanguage\":\"pt-PT\"},{\"@type\":\"Organization\",\"@id\":\"https:\/\/brasilnoticias.org\/site\/#organization\",\"name\":\"Brasil not\u00edcias\",\"url\":\"https:\/\/brasilnoticias.org\/site\/\",\"logo\":{\"@type\":\"ImageObject\",\"inLanguage\":\"pt-PT\",\"@id\":\"https:\/\/brasilnoticias.org\/site\/#\/schema\/logo\/image\/\",\"url\":\"https:\/\/brasilnoticias.org\/site\/wp-content\/uploads\/2022\/05\/cropped-brasilnoticias-mini.jpg\",\"contentUrl\":\"https:\/\/brasilnoticias.org\/site\/wp-content\/uploads\/2022\/05\/cropped-brasilnoticias-mini.jpg\",\"width\":314,\"height\":86,\"caption\":\"Brasil not\u00edcias\"},\"image\":{\"@id\":\"https:\/\/brasilnoticias.org\/site\/#\/schema\/logo\/image\/\"}},{\"@type\":\"Person\",\"@id\":\"https:\/\/brasilnoticias.org\/site\/#\/schema\/person\/03bbbfe6c7634ad18c26444ea39049fa\",\"name\":\"Reda\u00e7\u00e3o\",\"image\":{\"@type\":\"ImageObject\",\"inLanguage\":\"pt-PT\",\"@id\":\"https:\/\/brasilnoticias.org\/site\/#\/schema\/person\/image\/\",\"url\":\"https:\/\/secure.gravatar.com\/avatar\/9ecaf7327a696cb23ad926fedded5f1f04d7049de9e445375d55b48c001a6e42?s=96&d=mm&r=g\",\"contentUrl\":\"https:\/\/secure.gravatar.com\/avatar\/9ecaf7327a696cb23ad926fedded5f1f04d7049de9e445375d55b48c001a6e42?s=96&d=mm&r=g\",\"caption\":\"Reda\u00e7\u00e3o\"},\"url\":\"https:\/\/brasilnoticias.org\/site\/author\/henrique\/\"}]}<\/script>\n<!-- \/ Yoast SEO plugin. -->","yoast_head_json":{"title":"Funcion\u00e1rio de loja destru\u00edda em acidente de Gramado foi \u201csalvo\u201d por patr\u00e3o; relato foi feito a radialista baiano - Brasil not\u00edcias","robots":{"index":"index","follow":"follow","max-snippet":"max-snippet:-1","max-image-preview":"max-image-preview:large","max-video-preview":"max-video-preview:-1"},"canonical":"https:\/\/brasilnoticias.org\/site\/funcionario-de-loja-destruida-em-acidente-de-gramado-foi-salvo-por-patrao-relato-foi-feito-a-radialista-baiano\/","og_locale":"pt_PT","og_type":"article","og_title":"Funcion\u00e1rio de loja destru\u00edda em acidente de Gramado foi \u201csalvo\u201d por patr\u00e3o; relato foi feito a radialista baiano - Brasil not\u00edcias","og_description":"Um funcion\u00e1rio da loja de m\u00f3veis atingida por um acidente a\u00e9reo em Gramado (RS) teve uma esp\u00e9cie de livramento neste","og_url":"https:\/\/brasilnoticias.org\/site\/funcionario-de-loja-destruida-em-acidente-de-gramado-foi-salvo-por-patrao-relato-foi-feito-a-radialista-baiano\/","og_site_name":"Brasil not\u00edcias","article_published_time":"2024-12-22T17:50:09+00:00","article_modified_time":"2024-12-22T18:08:06+00:00","og_image":[{"width":828,"height":435,"url":"https:\/\/brasilnoticias.org\/site\/wp-content\/uploads\/2024\/12\/IMG_9737.webp","type":"image\/webp"}],"author":"Reda\u00e7\u00e3o","twitter_card":"summary_large_image","twitter_misc":{"Escrito por":"Reda\u00e7\u00e3o","Tempo estimado de leitura":"2 minutos"},"schema":{"@context":"https:\/\/schema.org","@graph":[{"@type":"Article","@id":"https:\/\/brasilnoticias.org\/site\/funcionario-de-loja-destruida-em-acidente-de-gramado-foi-salvo-por-patrao-relato-foi-feito-a-radialista-baiano\/#article","isPartOf":{"@id":"https:\/\/brasilnoticias.org\/site\/funcionario-de-loja-destruida-em-acidente-de-gramado-foi-salvo-por-patrao-relato-foi-feito-a-radialista-baiano\/"},"author":{"name":"Reda\u00e7\u00e3o","@id":"https:\/\/brasilnoticias.org\/site\/#\/schema\/person\/03bbbfe6c7634ad18c26444ea39049fa"},"headline":"Funcion\u00e1rio de loja destru\u00edda em acidente de Gramado foi \u201csalvo\u201d por patr\u00e3o; relato foi feito a radialista baiano","datePublished":"2024-12-22T17:50:09+00:00","dateModified":"2024-12-22T18:08:06+00:00","mainEntityOfPage":{"@id":"https:\/\/brasilnoticias.org\/site\/funcionario-de-loja-destruida-em-acidente-de-gramado-foi-salvo-por-patrao-relato-foi-feito-a-radialista-baiano\/"},"wordCount":357,"commentCount":0,"publisher":{"@id":"https:\/\/brasilnoticias.org\/site\/#organization"},"image":{"@id":"https:\/\/brasilnoticias.org\/site\/funcionario-de-loja-destruida-em-acidente-de-gramado-foi-salvo-por-patrao-relato-foi-feito-a-radialista-baiano\/#primaryimage"},"thumbnailUrl":"https:\/\/brasilnoticias.org\/site\/wp-content\/uploads\/2024\/12\/IMG_9737.webp","articleSection":["Not\u00edcias","\u00daltimas"],"inLanguage":"pt-PT","potentialAction":[{"@type":"CommentAction","name":"Comment","target":["https:\/\/brasilnoticias.org\/site\/funcionario-de-loja-destruida-em-acidente-de-gramado-foi-salvo-por-patrao-relato-foi-feito-a-radialista-baiano\/#respond"]}]},{"@type":"WebPage","@id":"https:\/\/brasilnoticias.org\/site\/funcionario-de-loja-destruida-em-acidente-de-gramado-foi-salvo-por-patrao-relato-foi-feito-a-radialista-baiano\/","url":"https:\/\/brasilnoticias.org\/site\/funcionario-de-loja-destruida-em-acidente-de-gramado-foi-salvo-por-patrao-relato-foi-feito-a-radialista-baiano\/","name":"Funcion\u00e1rio de loja destru\u00edda em acidente de Gramado foi \u201csalvo\u201d por patr\u00e3o; relato foi feito a radialista baiano - Brasil not\u00edcias","isPartOf":{"@id":"https:\/\/brasilnoticias.org\/site\/#website"},"primaryImageOfPage":{"@id":"https:\/\/brasilnoticias.org\/site\/funcionario-de-loja-destruida-em-acidente-de-gramado-foi-salvo-por-patrao-relato-foi-feito-a-radialista-baiano\/#primaryimage"},"image":{"@id":"https:\/\/brasilnoticias.org\/site\/funcionario-de-loja-destruida-em-acidente-de-gramado-foi-salvo-por-patrao-relato-foi-feito-a-radialista-baiano\/#primaryimage"},"thumbnailUrl":"https:\/\/brasilnoticias.org\/site\/wp-content\/uploads\/2024\/12\/IMG_9737.webp","datePublished":"2024-12-22T17:50:09+00:00","dateModified":"2024-12-22T18:08:06+00:00","breadcrumb":{"@id":"https:\/\/brasilnoticias.org\/site\/funcionario-de-loja-destruida-em-acidente-de-gramado-foi-salvo-por-patrao-relato-foi-feito-a-radialista-baiano\/#breadcrumb"},"inLanguage":"pt-PT","potentialAction":[{"@type":"ReadAction","target":["https:\/\/brasilnoticias.org\/site\/funcionario-de-loja-destruida-em-acidente-de-gramado-foi-salvo-por-patrao-relato-foi-feito-a-radialista-baiano\/"]}]},{"@type":"ImageObject","inLanguage":"pt-PT","@id":"https:\/\/brasilnoticias.org\/site\/funcionario-de-loja-destruida-em-acidente-de-gramado-foi-salvo-por-patrao-relato-foi-feito-a-radialista-baiano\/#primaryimage","url":"https:\/\/brasilnoticias.org\/site\/wp-content\/uploads\/2024\/12\/IMG_9737.webp","contentUrl":"https:\/\/brasilnoticias.org\/site\/wp-content\/uploads\/2024\/12\/IMG_9737.webp","width":828,"height":435},{"@type":"BreadcrumbList","@id":"https:\/\/brasilnoticias.org\/site\/funcionario-de-loja-destruida-em-acidente-de-gramado-foi-salvo-por-patrao-relato-foi-feito-a-radialista-baiano\/#breadcrumb","itemListElement":[{"@type":"ListItem","position":1,"name":"In\u00edcio","item":"https:\/\/brasilnoticias.org\/site\/"},{"@type":"ListItem","position":2,"name":"Funcion\u00e1rio de loja destru\u00edda em acidente de Gramado foi \u201csalvo\u201d por patr\u00e3o; relato foi feito a radialista baiano"}]},{"@type":"WebSite","@id":"https:\/\/brasilnoticias.org\/site\/#website","url":"https:\/\/brasilnoticias.org\/site\/","name":"Brasil not\u00edcias","description":"Brasil not\u00edcias","publisher":{"@id":"https:\/\/brasilnoticias.org\/site\/#organization"},"potentialAction":[{"@type":"SearchAction","target":{"@type":"EntryPoint","urlTemplate":"https:\/\/brasilnoticias.org\/site\/?s={search_term_string}"},"query-input":{"@type":"PropertyValueSpecification","valueRequired":true,"valueName":"search_term_string"}}],"inLanguage":"pt-PT"},{"@type":"Organization","@id":"https:\/\/brasilnoticias.org\/site\/#organization","name":"Brasil not\u00edcias","url":"https:\/\/brasilnoticias.org\/site\/","logo":{"@type":"ImageObject","inLanguage":"pt-PT","@id":"https:\/\/brasilnoticias.org\/site\/#\/schema\/logo\/image\/","url":"https:\/\/brasilnoticias.org\/site\/wp-content\/uploads\/2022\/05\/cropped-brasilnoticias-mini.jpg","contentUrl":"https:\/\/brasilnoticias.org\/site\/wp-content\/uploads\/2022\/05\/cropped-brasilnoticias-mini.jpg","width":314,"height":86,"caption":"Brasil not\u00edcias"},"image":{"@id":"https:\/\/brasilnoticias.org\/site\/#\/schema\/logo\/image\/"}},{"@type":"Person","@id":"https:\/\/brasilnoticias.org\/site\/#\/schema\/person\/03bbbfe6c7634ad18c26444ea39049fa","name":"Reda\u00e7\u00e3o","image":{"@type":"ImageObject","inLanguage":"pt-PT","@id":"https:\/\/brasilnoticias.org\/site\/#\/schema\/person\/image\/","url":"https:\/\/secure.gravatar.com\/avatar\/9ecaf7327a696cb23ad926fedded5f1f04d7049de9e445375d55b48c001a6e42?s=96&d=mm&r=g","contentUrl":"https:\/\/secure.gravatar.com\/avatar\/9ecaf7327a696cb23ad926fedded5f1f04d7049de9e445375d55b48c001a6e42?s=96&d=mm&r=g","caption":"Reda\u00e7\u00e3o"},"url":"https:\/\/brasilnoticias.org\/site\/author\/henrique\/"}]}},"_links":{"self":[{"href":"https:\/\/brasilnoticias.org\/site\/wp-json\/wp\/v2\/posts\/16568","targetHints":{"allow":["GET"]}}],"collection":[{"href":"https:\/\/brasilnoticias.org\/site\/wp-json\/wp\/v2\/posts"}],"about":[{"href":"https:\/\/brasilnoticias.org\/site\/wp-json\/wp\/v2\/types\/post"}],"author":[{"embeddable":true,"href":"https:\/\/brasilnoticias.org\/site\/wp-json\/wp\/v2\/users\/4"}],"replies":[{"embeddable":true,"href":"https:\/\/brasilnoticias.org\/site\/wp-json\/wp\/v2\/comments?post=16568"}],"version-history":[{"count":4,"href":"https:\/\/brasilnoticias.org\/site\/wp-json\/wp\/v2\/posts\/16568\/revisions"}],"predecessor-version":[{"id":16573,"href":"https:\/\/brasilnoticias.org\/site\/wp-json\/wp\/v2\/posts\/16568\/revisions\/16573"}],"wp:featuredmedia":[{"embeddable":true,"href":"https:\/\/brasilnoticias.org\/site\/wp-json\/wp\/v2\/media\/16569"}],"wp:attachment":[{"href":"https:\/\/brasilnoticias.org\/site\/wp-json\/wp\/v2\/media?parent=16568"}],"wp:term":[{"taxonomy":"category","embeddable":true,"href":"https:\/\/brasilnoticias.org\/site\/wp-json\/wp\/v2\/categories?post=16568"},{"taxonomy":"post_tag","embeddable":true,"href":"https:\/\/brasilnoticias.org\/site\/wp-json\/wp\/v2\/tags?post=16568"}],"curies":[{"name":"wp","href":"https:\/\/api.w.org\/{rel}","templated":true}]}}