{"id":16574,"date":"2024-12-23T08:39:43","date_gmt":"2024-12-23T11:39:43","guid":{"rendered":"https:\/\/brasilnoticias.org\/site\/?p=16574"},"modified":"2024-12-23T08:39:43","modified_gmt":"2024-12-23T11:39:43","slug":"verao-salvador-tem-19-praias-improprias-para-banho-diz-inema","status":"publish","type":"post","link":"https:\/\/brasilnoticias.org\/site\/verao-salvador-tem-19-praias-improprias-para-banho-diz-inema\/","title":{"rendered":"Ver\u00e3o: Salvador tem 19 praias impr\u00f3prias para banho, diz Inema"},"content":{"rendered":"<p>Os crit\u00e9rios para avalia\u00e7\u00e3o da contamina\u00e7\u00e3o incluem a an\u00e1lise da Escherichia coli como indicador microbiol\u00f3gico<\/p>\n<p>O Instituto do Meio Ambiente e Recursos H\u00eddricos (Inema) informou que Salvador tem 19 praias impr\u00f3prias para banho neste fim de semana. Segundo o \u00faltimo Boletim de Balneabilidade, que analisa a qualidade das \u00e1guas para recrea\u00e7\u00e3o, praias como Farol da Barra, S\u00e3o Tom\u00e9 de Paripe e Stella Mares est\u00e3o na lista. <\/p>\n<p>Em per\u00edodos de chuva, as praias podem ser contaminadas por arraste de detritos diversos, carregados das ruas atrav\u00e9s das galerias pluviais, podendo doen\u00e7as, conforme alerta o Inema. Al\u00e9m disso, o \u00f3rg\u00e3o alerta para evitar o banho pr\u00f3ximo \u00e0 sa\u00edda de esgotos, desembocadura dos rios urbanos, c\u00f3rregos e canais de drenagem.<\/p>\n<p>Os crit\u00e9rios para avalia\u00e7\u00e3o da contamina\u00e7\u00e3o incluem a an\u00e1lise da Escherichia coli como indicador microbiol\u00f3gico. A bact\u00e9ria \u00e9 abundante em fezes humanas e de animais, tendo, somente, sido encontrada em esgotos, efluentes, \u00e1guas naturais e solos que tenham recebido contamina\u00e7\u00e3o fecal recente.<\/p>\n<p>Al\u00e9m disso, uma praia pode ser classificada na categoria impr\u00f3pria quando ocorrerem circunst\u00e2ncias que desaconselhem a recrea\u00e7\u00e3o de contato prim\u00e1rio, tais como: derramamento de \u00f3leo; extravasamento de esgoto; ocorr\u00eancia de mar\u00e9 vermelha; flora\u00e7\u00e3o de algas potencialmente t\u00f3xicas ou outros organismos e surtos de doen\u00e7as de veicula\u00e7\u00e3o h\u00eddrica.<\/p>\n<p>Veja abaixo a lista das praias impr\u00f3prias para banho<\/p>\n<p>S\u00e3o Tom\u00e9 de Paripe \u2013 Em frente \u00e0 casa Vila Maria, ao lado da rampa de acesso \u00e0 praia.<br \/>\nPeriperi \u2013 Na sa\u00edda de acesso \u00e0 praia, ap\u00f3s travessia da via f\u00e9rrea.<br \/>\nPenha \u2013 Em frente \u00e0 barraca do Valen\u00e7a.<br \/>\nBogari \u2013 Em frente ao Col\u00e9gio da PM (antigo Col\u00e9gio Jo\u00e3o Flor\u00eancio Gomes).<br \/>\nBonfim \u2013 Ao lado da quadra de esportes, em frente \u00e0 rampa de acesso \u00e0 praia.<br \/>\nPedra Furada \u2013 Atr\u00e1s do Hospital Sagrada Fam\u00edlia, em frente \u00e0 ladeira que d\u00e1 acesso \u00e0 praia.<br \/>\nRoma \u2013 Rua Prof. Roberto Correia, junto \u00e0 descida de acesso \u00e0 praia, fundo do Hospital S\u00e3o Jorge.<br \/>\nSanta Maria \u2013 Em frente ao Mar Azul hotel, lim\u00edtrofe ao Hospital Espanhol, em frente \u00e0 escada de acesso \u00e0 praia.<br \/>\nFarol da Barra \u2013 Em frente \u00e0s escadas de acesso \u00e0 praia, na Rua Dias d\u2019\u00c1vila.<br \/>\nOndina \u2013 Pr\u00f3ximo \u00e0 escada de acesso \u00e0 praia, em frente \u00e0 Rua Ademar de Barros, ao posto BR e o Hotel Bahia Sol.<br \/>\nOndina \u2013 Pr\u00f3ximo ao Morro da Sereia, em frente ao Ed. Maria Jos\u00e9.<br \/>\nArma\u00e7\u00e3o \u2013 Em frente ao Hotel Alah Mar e a Rua Jo\u00e3o Mendes da Costa.<br \/>\nBoca do Rio \u2013 Em frente ao posto Salva Vidas.<br \/>\nCors\u00e1rio \u2013 Em frente ao posto Salva Vidas.<br \/>\nPatamares \u2013 Em frente ao posto Salva Vidas Patamares. Pr\u00f3ximo ao Coliseu do Forr\u00f3 e Caranguejo de Sergipe.<br \/>\nLagoa de Pitua\u00e7u \u2013 SSA LP 100 Em frente \u00e0 entrada do estacionamento do parque.<br \/>\nLagoa de Abaete \u2013 SSA LA 100 Em frente \u00e0 placa de funda\u00e7\u00e3o do parque.<br \/>\nFarol de Itapu\u00e3 \u2013 Em frente \u00e0 Rua da M\u00fasica (Rua K).<br \/>\nStella Mares \u2013 Em frente ao Hotel Grande Stella Maris.<\/p>\n<p>Foto: Reprodu\u00e7\u00e3o\/Melhores Destinos<br \/>\nPor: Metro1<\/p>\n","protected":false},"excerpt":{"rendered":"<p>Os crit\u00e9rios para avalia\u00e7\u00e3o da contamina\u00e7\u00e3o incluem a an\u00e1lise da Escherichia coli como indicador microbiol\u00f3gico O Instituto do Meio Ambiente<\/p>\n","protected":false},"author":4,"featured_media":16575,"comment_status":"open","ping_status":"open","sticky":false,"template":"","format":"standard","meta":{"colormag_page_container_layout":"default_layout","colormag_page_sidebar_layout":"default_layout","_FSMCFIC_featured_image_caption":"","_FSMCFIC_featured_image_nocaption":"","_FSMCFIC_featured_image_hide":"","footnotes":""},"categories":[2,1],"tags":[],"class_list":["post-16574","post","type-post","status-publish","format-standard","has-post-thumbnail","hentry","category-noticias","category-ultimas"],"yoast_head":"<!-- This site is optimized with the Yoast SEO plugin v27.1.1 - https:\/\/yoast.com\/product\/yoast-seo-wordpress\/ -->\n<title>Ver\u00e3o: Salvador tem 19 praias impr\u00f3prias para banho, diz Inema - Brasil not\u00edcias<\/title>\n<meta name=\"robots\" content=\"index, follow, max-snippet:-1, max-image-preview:large, max-video-preview:-1\" \/>\n<link rel=\"canonical\" href=\"https:\/\/brasilnoticias.org\/site\/verao-salvador-tem-19-praias-improprias-para-banho-diz-inema\/\" \/>\n<meta property=\"og:locale\" content=\"pt_PT\" \/>\n<meta property=\"og:type\" content=\"article\" \/>\n<meta property=\"og:title\" content=\"Ver\u00e3o: Salvador tem 19 praias impr\u00f3prias para banho, diz Inema - Brasil not\u00edcias\" \/>\n<meta property=\"og:description\" content=\"Os crit\u00e9rios para avalia\u00e7\u00e3o da contamina\u00e7\u00e3o incluem a an\u00e1lise da Escherichia coli como indicador microbiol\u00f3gico O Instituto do Meio Ambiente\" \/>\n<meta property=\"og:url\" content=\"https:\/\/brasilnoticias.org\/site\/verao-salvador-tem-19-praias-improprias-para-banho-diz-inema\/\" \/>\n<meta property=\"og:site_name\" content=\"Brasil not\u00edcias\" \/>\n<meta property=\"article:published_time\" content=\"2024-12-23T11:39:43+00:00\" \/>\n<meta property=\"og:image\" content=\"https:\/\/brasilnoticias.org\/site\/wp-content\/uploads\/2024\/12\/159291verao-salvador-tem-19-praias-improprias-para-banho-diz-inema-3.jpg\" \/>\n\t<meta property=\"og:image:width\" content=\"1600\" \/>\n\t<meta property=\"og:image:height\" content=\"752\" \/>\n\t<meta property=\"og:image:type\" content=\"image\/jpeg\" \/>\n<meta name=\"author\" content=\"Reda\u00e7\u00e3o\" \/>\n<meta name=\"twitter:card\" content=\"summary_large_image\" \/>\n<meta name=\"twitter:label1\" content=\"Escrito por\" \/>\n\t<meta name=\"twitter:data1\" content=\"Reda\u00e7\u00e3o\" \/>\n\t<meta name=\"twitter:label2\" content=\"Tempo estimado de leitura\" \/>\n\t<meta name=\"twitter:data2\" content=\"1 minuto\" \/>\n<script type=\"application\/ld+json\" class=\"yoast-schema-graph\">{\"@context\":\"https:\/\/schema.org\",\"@graph\":[{\"@type\":\"Article\",\"@id\":\"https:\/\/brasilnoticias.org\/site\/verao-salvador-tem-19-praias-improprias-para-banho-diz-inema\/#article\",\"isPartOf\":{\"@id\":\"https:\/\/brasilnoticias.org\/site\/verao-salvador-tem-19-praias-improprias-para-banho-diz-inema\/\"},\"author\":{\"name\":\"Reda\u00e7\u00e3o\",\"@id\":\"https:\/\/brasilnoticias.org\/site\/#\/schema\/person\/03bbbfe6c7634ad18c26444ea39049fa\"},\"headline\":\"Ver\u00e3o: Salvador tem 19 praias impr\u00f3prias para banho, diz Inema\",\"datePublished\":\"2024-12-23T11:39:43+00:00\",\"mainEntityOfPage\":{\"@id\":\"https:\/\/brasilnoticias.org\/site\/verao-salvador-tem-19-praias-improprias-para-banho-diz-inema\/\"},\"wordCount\":530,\"commentCount\":0,\"publisher\":{\"@id\":\"https:\/\/brasilnoticias.org\/site\/#organization\"},\"image\":{\"@id\":\"https:\/\/brasilnoticias.org\/site\/verao-salvador-tem-19-praias-improprias-para-banho-diz-inema\/#primaryimage\"},\"thumbnailUrl\":\"https:\/\/brasilnoticias.org\/site\/wp-content\/uploads\/2024\/12\/159291verao-salvador-tem-19-praias-improprias-para-banho-diz-inema-3.jpg\",\"articleSection\":[\"Not\u00edcias\",\"\u00daltimas\"],\"inLanguage\":\"pt-PT\",\"potentialAction\":[{\"@type\":\"CommentAction\",\"name\":\"Comment\",\"target\":[\"https:\/\/brasilnoticias.org\/site\/verao-salvador-tem-19-praias-improprias-para-banho-diz-inema\/#respond\"]}]},{\"@type\":\"WebPage\",\"@id\":\"https:\/\/brasilnoticias.org\/site\/verao-salvador-tem-19-praias-improprias-para-banho-diz-inema\/\",\"url\":\"https:\/\/brasilnoticias.org\/site\/verao-salvador-tem-19-praias-improprias-para-banho-diz-inema\/\",\"name\":\"Ver\u00e3o: Salvador tem 19 praias impr\u00f3prias para banho, diz Inema - Brasil not\u00edcias\",\"isPartOf\":{\"@id\":\"https:\/\/brasilnoticias.org\/site\/#website\"},\"primaryImageOfPage\":{\"@id\":\"https:\/\/brasilnoticias.org\/site\/verao-salvador-tem-19-praias-improprias-para-banho-diz-inema\/#primaryimage\"},\"image\":{\"@id\":\"https:\/\/brasilnoticias.org\/site\/verao-salvador-tem-19-praias-improprias-para-banho-diz-inema\/#primaryimage\"},\"thumbnailUrl\":\"https:\/\/brasilnoticias.org\/site\/wp-content\/uploads\/2024\/12\/159291verao-salvador-tem-19-praias-improprias-para-banho-diz-inema-3.jpg\",\"datePublished\":\"2024-12-23T11:39:43+00:00\",\"breadcrumb\":{\"@id\":\"https:\/\/brasilnoticias.org\/site\/verao-salvador-tem-19-praias-improprias-para-banho-diz-inema\/#breadcrumb\"},\"inLanguage\":\"pt-PT\",\"potentialAction\":[{\"@type\":\"ReadAction\",\"target\":[\"https:\/\/brasilnoticias.org\/site\/verao-salvador-tem-19-praias-improprias-para-banho-diz-inema\/\"]}]},{\"@type\":\"ImageObject\",\"inLanguage\":\"pt-PT\",\"@id\":\"https:\/\/brasilnoticias.org\/site\/verao-salvador-tem-19-praias-improprias-para-banho-diz-inema\/#primaryimage\",\"url\":\"https:\/\/brasilnoticias.org\/site\/wp-content\/uploads\/2024\/12\/159291verao-salvador-tem-19-praias-improprias-para-banho-diz-inema-3.jpg\",\"contentUrl\":\"https:\/\/brasilnoticias.org\/site\/wp-content\/uploads\/2024\/12\/159291verao-salvador-tem-19-praias-improprias-para-banho-diz-inema-3.jpg\",\"width\":1600,\"height\":752},{\"@type\":\"BreadcrumbList\",\"@id\":\"https:\/\/brasilnoticias.org\/site\/verao-salvador-tem-19-praias-improprias-para-banho-diz-inema\/#breadcrumb\",\"itemListElement\":[{\"@type\":\"ListItem\",\"position\":1,\"name\":\"In\u00edcio\",\"item\":\"https:\/\/brasilnoticias.org\/site\/\"},{\"@type\":\"ListItem\",\"position\":2,\"name\":\"Ver\u00e3o: Salvador tem 19 praias impr\u00f3prias para banho, diz Inema\"}]},{\"@type\":\"WebSite\",\"@id\":\"https:\/\/brasilnoticias.org\/site\/#website\",\"url\":\"https:\/\/brasilnoticias.org\/site\/\",\"name\":\"Brasil not\u00edcias\",\"description\":\"Brasil not\u00edcias\",\"publisher\":{\"@id\":\"https:\/\/brasilnoticias.org\/site\/#organization\"},\"potentialAction\":[{\"@type\":\"SearchAction\",\"target\":{\"@type\":\"EntryPoint\",\"urlTemplate\":\"https:\/\/brasilnoticias.org\/site\/?s={search_term_string}\"},\"query-input\":{\"@type\":\"PropertyValueSpecification\",\"valueRequired\":true,\"valueName\":\"search_term_string\"}}],\"inLanguage\":\"pt-PT\"},{\"@type\":\"Organization\",\"@id\":\"https:\/\/brasilnoticias.org\/site\/#organization\",\"name\":\"Brasil not\u00edcias\",\"url\":\"https:\/\/brasilnoticias.org\/site\/\",\"logo\":{\"@type\":\"ImageObject\",\"inLanguage\":\"pt-PT\",\"@id\":\"https:\/\/brasilnoticias.org\/site\/#\/schema\/logo\/image\/\",\"url\":\"https:\/\/brasilnoticias.org\/site\/wp-content\/uploads\/2022\/05\/cropped-brasilnoticias-mini.jpg\",\"contentUrl\":\"https:\/\/brasilnoticias.org\/site\/wp-content\/uploads\/2022\/05\/cropped-brasilnoticias-mini.jpg\",\"width\":314,\"height\":86,\"caption\":\"Brasil not\u00edcias\"},\"image\":{\"@id\":\"https:\/\/brasilnoticias.org\/site\/#\/schema\/logo\/image\/\"}},{\"@type\":\"Person\",\"@id\":\"https:\/\/brasilnoticias.org\/site\/#\/schema\/person\/03bbbfe6c7634ad18c26444ea39049fa\",\"name\":\"Reda\u00e7\u00e3o\",\"image\":{\"@type\":\"ImageObject\",\"inLanguage\":\"pt-PT\",\"@id\":\"https:\/\/brasilnoticias.org\/site\/#\/schema\/person\/image\/\",\"url\":\"https:\/\/secure.gravatar.com\/avatar\/9ecaf7327a696cb23ad926fedded5f1f04d7049de9e445375d55b48c001a6e42?s=96&d=mm&r=g\",\"contentUrl\":\"https:\/\/secure.gravatar.com\/avatar\/9ecaf7327a696cb23ad926fedded5f1f04d7049de9e445375d55b48c001a6e42?s=96&d=mm&r=g\",\"caption\":\"Reda\u00e7\u00e3o\"},\"url\":\"https:\/\/brasilnoticias.org\/site\/author\/henrique\/\"}]}<\/script>\n<!-- \/ Yoast SEO plugin. -->","yoast_head_json":{"title":"Ver\u00e3o: Salvador tem 19 praias impr\u00f3prias para banho, diz Inema - Brasil not\u00edcias","robots":{"index":"index","follow":"follow","max-snippet":"max-snippet:-1","max-image-preview":"max-image-preview:large","max-video-preview":"max-video-preview:-1"},"canonical":"https:\/\/brasilnoticias.org\/site\/verao-salvador-tem-19-praias-improprias-para-banho-diz-inema\/","og_locale":"pt_PT","og_type":"article","og_title":"Ver\u00e3o: Salvador tem 19 praias impr\u00f3prias para banho, diz Inema - Brasil not\u00edcias","og_description":"Os crit\u00e9rios para avalia\u00e7\u00e3o da contamina\u00e7\u00e3o incluem a an\u00e1lise da Escherichia coli como indicador microbiol\u00f3gico O Instituto do Meio Ambiente","og_url":"https:\/\/brasilnoticias.org\/site\/verao-salvador-tem-19-praias-improprias-para-banho-diz-inema\/","og_site_name":"Brasil not\u00edcias","article_published_time":"2024-12-23T11:39:43+00:00","og_image":[{"width":1600,"height":752,"url":"https:\/\/brasilnoticias.org\/site\/wp-content\/uploads\/2024\/12\/159291verao-salvador-tem-19-praias-improprias-para-banho-diz-inema-3.jpg","type":"image\/jpeg"}],"author":"Reda\u00e7\u00e3o","twitter_card":"summary_large_image","twitter_misc":{"Escrito por":"Reda\u00e7\u00e3o","Tempo estimado de leitura":"1 minuto"},"schema":{"@context":"https:\/\/schema.org","@graph":[{"@type":"Article","@id":"https:\/\/brasilnoticias.org\/site\/verao-salvador-tem-19-praias-improprias-para-banho-diz-inema\/#article","isPartOf":{"@id":"https:\/\/brasilnoticias.org\/site\/verao-salvador-tem-19-praias-improprias-para-banho-diz-inema\/"},"author":{"name":"Reda\u00e7\u00e3o","@id":"https:\/\/brasilnoticias.org\/site\/#\/schema\/person\/03bbbfe6c7634ad18c26444ea39049fa"},"headline":"Ver\u00e3o: Salvador tem 19 praias impr\u00f3prias para banho, diz Inema","datePublished":"2024-12-23T11:39:43+00:00","mainEntityOfPage":{"@id":"https:\/\/brasilnoticias.org\/site\/verao-salvador-tem-19-praias-improprias-para-banho-diz-inema\/"},"wordCount":530,"commentCount":0,"publisher":{"@id":"https:\/\/brasilnoticias.org\/site\/#organization"},"image":{"@id":"https:\/\/brasilnoticias.org\/site\/verao-salvador-tem-19-praias-improprias-para-banho-diz-inema\/#primaryimage"},"thumbnailUrl":"https:\/\/brasilnoticias.org\/site\/wp-content\/uploads\/2024\/12\/159291verao-salvador-tem-19-praias-improprias-para-banho-diz-inema-3.jpg","articleSection":["Not\u00edcias","\u00daltimas"],"inLanguage":"pt-PT","potentialAction":[{"@type":"CommentAction","name":"Comment","target":["https:\/\/brasilnoticias.org\/site\/verao-salvador-tem-19-praias-improprias-para-banho-diz-inema\/#respond"]}]},{"@type":"WebPage","@id":"https:\/\/brasilnoticias.org\/site\/verao-salvador-tem-19-praias-improprias-para-banho-diz-inema\/","url":"https:\/\/brasilnoticias.org\/site\/verao-salvador-tem-19-praias-improprias-para-banho-diz-inema\/","name":"Ver\u00e3o: Salvador tem 19 praias impr\u00f3prias para banho, diz Inema - Brasil not\u00edcias","isPartOf":{"@id":"https:\/\/brasilnoticias.org\/site\/#website"},"primaryImageOfPage":{"@id":"https:\/\/brasilnoticias.org\/site\/verao-salvador-tem-19-praias-improprias-para-banho-diz-inema\/#primaryimage"},"image":{"@id":"https:\/\/brasilnoticias.org\/site\/verao-salvador-tem-19-praias-improprias-para-banho-diz-inema\/#primaryimage"},"thumbnailUrl":"https:\/\/brasilnoticias.org\/site\/wp-content\/uploads\/2024\/12\/159291verao-salvador-tem-19-praias-improprias-para-banho-diz-inema-3.jpg","datePublished":"2024-12-23T11:39:43+00:00","breadcrumb":{"@id":"https:\/\/brasilnoticias.org\/site\/verao-salvador-tem-19-praias-improprias-para-banho-diz-inema\/#breadcrumb"},"inLanguage":"pt-PT","potentialAction":[{"@type":"ReadAction","target":["https:\/\/brasilnoticias.org\/site\/verao-salvador-tem-19-praias-improprias-para-banho-diz-inema\/"]}]},{"@type":"ImageObject","inLanguage":"pt-PT","@id":"https:\/\/brasilnoticias.org\/site\/verao-salvador-tem-19-praias-improprias-para-banho-diz-inema\/#primaryimage","url":"https:\/\/brasilnoticias.org\/site\/wp-content\/uploads\/2024\/12\/159291verao-salvador-tem-19-praias-improprias-para-banho-diz-inema-3.jpg","contentUrl":"https:\/\/brasilnoticias.org\/site\/wp-content\/uploads\/2024\/12\/159291verao-salvador-tem-19-praias-improprias-para-banho-diz-inema-3.jpg","width":1600,"height":752},{"@type":"BreadcrumbList","@id":"https:\/\/brasilnoticias.org\/site\/verao-salvador-tem-19-praias-improprias-para-banho-diz-inema\/#breadcrumb","itemListElement":[{"@type":"ListItem","position":1,"name":"In\u00edcio","item":"https:\/\/brasilnoticias.org\/site\/"},{"@type":"ListItem","position":2,"name":"Ver\u00e3o: Salvador tem 19 praias impr\u00f3prias para banho, diz Inema"}]},{"@type":"WebSite","@id":"https:\/\/brasilnoticias.org\/site\/#website","url":"https:\/\/brasilnoticias.org\/site\/","name":"Brasil not\u00edcias","description":"Brasil not\u00edcias","publisher":{"@id":"https:\/\/brasilnoticias.org\/site\/#organization"},"potentialAction":[{"@type":"SearchAction","target":{"@type":"EntryPoint","urlTemplate":"https:\/\/brasilnoticias.org\/site\/?s={search_term_string}"},"query-input":{"@type":"PropertyValueSpecification","valueRequired":true,"valueName":"search_term_string"}}],"inLanguage":"pt-PT"},{"@type":"Organization","@id":"https:\/\/brasilnoticias.org\/site\/#organization","name":"Brasil not\u00edcias","url":"https:\/\/brasilnoticias.org\/site\/","logo":{"@type":"ImageObject","inLanguage":"pt-PT","@id":"https:\/\/brasilnoticias.org\/site\/#\/schema\/logo\/image\/","url":"https:\/\/brasilnoticias.org\/site\/wp-content\/uploads\/2022\/05\/cropped-brasilnoticias-mini.jpg","contentUrl":"https:\/\/brasilnoticias.org\/site\/wp-content\/uploads\/2022\/05\/cropped-brasilnoticias-mini.jpg","width":314,"height":86,"caption":"Brasil not\u00edcias"},"image":{"@id":"https:\/\/brasilnoticias.org\/site\/#\/schema\/logo\/image\/"}},{"@type":"Person","@id":"https:\/\/brasilnoticias.org\/site\/#\/schema\/person\/03bbbfe6c7634ad18c26444ea39049fa","name":"Reda\u00e7\u00e3o","image":{"@type":"ImageObject","inLanguage":"pt-PT","@id":"https:\/\/brasilnoticias.org\/site\/#\/schema\/person\/image\/","url":"https:\/\/secure.gravatar.com\/avatar\/9ecaf7327a696cb23ad926fedded5f1f04d7049de9e445375d55b48c001a6e42?s=96&d=mm&r=g","contentUrl":"https:\/\/secure.gravatar.com\/avatar\/9ecaf7327a696cb23ad926fedded5f1f04d7049de9e445375d55b48c001a6e42?s=96&d=mm&r=g","caption":"Reda\u00e7\u00e3o"},"url":"https:\/\/brasilnoticias.org\/site\/author\/henrique\/"}]}},"_links":{"self":[{"href":"https:\/\/brasilnoticias.org\/site\/wp-json\/wp\/v2\/posts\/16574","targetHints":{"allow":["GET"]}}],"collection":[{"href":"https:\/\/brasilnoticias.org\/site\/wp-json\/wp\/v2\/posts"}],"about":[{"href":"https:\/\/brasilnoticias.org\/site\/wp-json\/wp\/v2\/types\/post"}],"author":[{"embeddable":true,"href":"https:\/\/brasilnoticias.org\/site\/wp-json\/wp\/v2\/users\/4"}],"replies":[{"embeddable":true,"href":"https:\/\/brasilnoticias.org\/site\/wp-json\/wp\/v2\/comments?post=16574"}],"version-history":[{"count":1,"href":"https:\/\/brasilnoticias.org\/site\/wp-json\/wp\/v2\/posts\/16574\/revisions"}],"predecessor-version":[{"id":16576,"href":"https:\/\/brasilnoticias.org\/site\/wp-json\/wp\/v2\/posts\/16574\/revisions\/16576"}],"wp:featuredmedia":[{"embeddable":true,"href":"https:\/\/brasilnoticias.org\/site\/wp-json\/wp\/v2\/media\/16575"}],"wp:attachment":[{"href":"https:\/\/brasilnoticias.org\/site\/wp-json\/wp\/v2\/media?parent=16574"}],"wp:term":[{"taxonomy":"category","embeddable":true,"href":"https:\/\/brasilnoticias.org\/site\/wp-json\/wp\/v2\/categories?post=16574"},{"taxonomy":"post_tag","embeddable":true,"href":"https:\/\/brasilnoticias.org\/site\/wp-json\/wp\/v2\/tags?post=16574"}],"curies":[{"name":"wp","href":"https:\/\/api.w.org\/{rel}","templated":true}]}}