{"id":16577,"date":"2024-12-23T08:47:49","date_gmt":"2024-12-23T11:47:49","guid":{"rendered":"https:\/\/brasilnoticias.org\/site\/?p=16577"},"modified":"2024-12-23T08:47:49","modified_gmt":"2024-12-23T11:47:49","slug":"empresario-carlos-andre-e-preso-em-alphaville-1-em-2a-fase-de-operacao-contra-desvios-de-emendas","status":"publish","type":"post","link":"https:\/\/brasilnoticias.org\/site\/empresario-carlos-andre-e-preso-em-alphaville-1-em-2a-fase-de-operacao-contra-desvios-de-emendas\/","title":{"rendered":"Empres\u00e1rio Carlos Andr\u00e9 \u00e9 preso em Alphaville 1 em 2\u00aa fase de opera\u00e7\u00e3o contra desvios de emendas"},"content":{"rendered":"<p>O empres\u00e1rio Carlos Andr\u00e9 \u2013 apontado como operador do esquema de desvios de verbas em emendas parlamentares e ligado a Alex Parente, dono da Allpha Pavimenta\u00e7\u00f5es e Servi\u00e7os de Constru\u00e7\u00f5es, piv\u00f4 da opera\u00e7\u00e3o Overclean \u2013  foi preso no condom\u00ednio Alphaville 1, em Salvador.<\/p>\n<p>Ele \u00e9 um dos quatro detidos na manh\u00e3 desta segunda-feira (23) no \u00e2mbito da segunda fase da Opera\u00e7\u00e3o Overclean, que apura desvios de verbas p\u00fablicas em contratos de licita\u00e7\u00f5es.<\/p>\n<p>Tamb\u00e9m foram presos o vice-prefeito de Lauro de Freitas, Vidigal Cafezeiro Neto; al\u00e9m do secret\u00e1rio de mobilidade de Vit\u00f3ria da Conquista, Lucas Dias; e um policial federal, suspeito de repassar informa\u00e7\u00f5es \u00e0 organiza\u00e7\u00e3o criminosa.<\/p>\n<p>Foto: Leitor BN \/ WhatsApp<br \/>\nBahia Noticias<\/p>\n","protected":false},"excerpt":{"rendered":"<p>O empres\u00e1rio Carlos Andr\u00e9 \u2013 apontado como operador do esquema de desvios de verbas em emendas parlamentares e ligado a<\/p>\n","protected":false},"author":4,"featured_media":16578,"comment_status":"open","ping_status":"open","sticky":false,"template":"","format":"standard","meta":{"colormag_page_container_layout":"default_layout","colormag_page_sidebar_layout":"default_layout","_FSMCFIC_featured_image_caption":"","_FSMCFIC_featured_image_nocaption":"","_FSMCFIC_featured_image_hide":"","footnotes":""},"categories":[3,1],"tags":[],"class_list":["post-16577","post","type-post","status-publish","format-standard","has-post-thumbnail","hentry","category-policia","category-ultimas"],"yoast_head":"<!-- This site is optimized with the Yoast SEO plugin v27.1.1 - https:\/\/yoast.com\/product\/yoast-seo-wordpress\/ -->\n<title>Empres\u00e1rio Carlos Andr\u00e9 \u00e9 preso em Alphaville 1 em 2\u00aa fase de opera\u00e7\u00e3o contra desvios de emendas - Brasil not\u00edcias<\/title>\n<meta name=\"robots\" content=\"index, follow, max-snippet:-1, max-image-preview:large, max-video-preview:-1\" \/>\n<link rel=\"canonical\" href=\"https:\/\/brasilnoticias.org\/site\/empresario-carlos-andre-e-preso-em-alphaville-1-em-2a-fase-de-operacao-contra-desvios-de-emendas\/\" \/>\n<meta property=\"og:locale\" content=\"pt_PT\" \/>\n<meta property=\"og:type\" content=\"article\" \/>\n<meta property=\"og:title\" content=\"Empres\u00e1rio Carlos Andr\u00e9 \u00e9 preso em Alphaville 1 em 2\u00aa fase de opera\u00e7\u00e3o contra desvios de emendas - Brasil not\u00edcias\" \/>\n<meta property=\"og:description\" content=\"O empres\u00e1rio Carlos Andr\u00e9 \u2013 apontado como operador do esquema de desvios de verbas em emendas parlamentares e ligado a\" \/>\n<meta property=\"og:url\" content=\"https:\/\/brasilnoticias.org\/site\/empresario-carlos-andre-e-preso-em-alphaville-1-em-2a-fase-de-operacao-contra-desvios-de-emendas\/\" \/>\n<meta property=\"og:site_name\" content=\"Brasil not\u00edcias\" \/>\n<meta property=\"article:published_time\" content=\"2024-12-23T11:47:49+00:00\" \/>\n<meta property=\"og:image\" content=\"https:\/\/brasilnoticias.org\/site\/wp-content\/uploads\/2024\/12\/IMAGEM_NOTICIA_9.webp\" \/>\n\t<meta property=\"og:image:width\" content=\"1200\" \/>\n\t<meta property=\"og:image:height\" content=\"630\" \/>\n\t<meta property=\"og:image:type\" content=\"image\/webp\" \/>\n<meta name=\"author\" content=\"Reda\u00e7\u00e3o\" \/>\n<meta name=\"twitter:card\" content=\"summary_large_image\" \/>\n<meta name=\"twitter:label1\" content=\"Escrito por\" \/>\n\t<meta name=\"twitter:data1\" content=\"Reda\u00e7\u00e3o\" \/>\n\t<meta name=\"twitter:label2\" content=\"Tempo estimado de leitura\" \/>\n\t<meta name=\"twitter:data2\" content=\"1 minuto\" \/>\n<script type=\"application\/ld+json\" class=\"yoast-schema-graph\">{\"@context\":\"https:\/\/schema.org\",\"@graph\":[{\"@type\":\"Article\",\"@id\":\"https:\/\/brasilnoticias.org\/site\/empresario-carlos-andre-e-preso-em-alphaville-1-em-2a-fase-de-operacao-contra-desvios-de-emendas\/#article\",\"isPartOf\":{\"@id\":\"https:\/\/brasilnoticias.org\/site\/empresario-carlos-andre-e-preso-em-alphaville-1-em-2a-fase-de-operacao-contra-desvios-de-emendas\/\"},\"author\":{\"name\":\"Reda\u00e7\u00e3o\",\"@id\":\"https:\/\/brasilnoticias.org\/site\/#\/schema\/person\/03bbbfe6c7634ad18c26444ea39049fa\"},\"headline\":\"Empres\u00e1rio Carlos Andr\u00e9 \u00e9 preso em Alphaville 1 em 2\u00aa fase de opera\u00e7\u00e3o contra desvios de emendas\",\"datePublished\":\"2024-12-23T11:47:49+00:00\",\"mainEntityOfPage\":{\"@id\":\"https:\/\/brasilnoticias.org\/site\/empresario-carlos-andre-e-preso-em-alphaville-1-em-2a-fase-de-operacao-contra-desvios-de-emendas\/\"},\"wordCount\":137,\"commentCount\":0,\"publisher\":{\"@id\":\"https:\/\/brasilnoticias.org\/site\/#organization\"},\"image\":{\"@id\":\"https:\/\/brasilnoticias.org\/site\/empresario-carlos-andre-e-preso-em-alphaville-1-em-2a-fase-de-operacao-contra-desvios-de-emendas\/#primaryimage\"},\"thumbnailUrl\":\"https:\/\/brasilnoticias.org\/site\/wp-content\/uploads\/2024\/12\/IMAGEM_NOTICIA_9.webp\",\"articleSection\":[\"Pol\u00edcia\",\"\u00daltimas\"],\"inLanguage\":\"pt-PT\",\"potentialAction\":[{\"@type\":\"CommentAction\",\"name\":\"Comment\",\"target\":[\"https:\/\/brasilnoticias.org\/site\/empresario-carlos-andre-e-preso-em-alphaville-1-em-2a-fase-de-operacao-contra-desvios-de-emendas\/#respond\"]}]},{\"@type\":\"WebPage\",\"@id\":\"https:\/\/brasilnoticias.org\/site\/empresario-carlos-andre-e-preso-em-alphaville-1-em-2a-fase-de-operacao-contra-desvios-de-emendas\/\",\"url\":\"https:\/\/brasilnoticias.org\/site\/empresario-carlos-andre-e-preso-em-alphaville-1-em-2a-fase-de-operacao-contra-desvios-de-emendas\/\",\"name\":\"Empres\u00e1rio Carlos Andr\u00e9 \u00e9 preso em Alphaville 1 em 2\u00aa fase de opera\u00e7\u00e3o contra desvios de emendas - Brasil not\u00edcias\",\"isPartOf\":{\"@id\":\"https:\/\/brasilnoticias.org\/site\/#website\"},\"primaryImageOfPage\":{\"@id\":\"https:\/\/brasilnoticias.org\/site\/empresario-carlos-andre-e-preso-em-alphaville-1-em-2a-fase-de-operacao-contra-desvios-de-emendas\/#primaryimage\"},\"image\":{\"@id\":\"https:\/\/brasilnoticias.org\/site\/empresario-carlos-andre-e-preso-em-alphaville-1-em-2a-fase-de-operacao-contra-desvios-de-emendas\/#primaryimage\"},\"thumbnailUrl\":\"https:\/\/brasilnoticias.org\/site\/wp-content\/uploads\/2024\/12\/IMAGEM_NOTICIA_9.webp\",\"datePublished\":\"2024-12-23T11:47:49+00:00\",\"breadcrumb\":{\"@id\":\"https:\/\/brasilnoticias.org\/site\/empresario-carlos-andre-e-preso-em-alphaville-1-em-2a-fase-de-operacao-contra-desvios-de-emendas\/#breadcrumb\"},\"inLanguage\":\"pt-PT\",\"potentialAction\":[{\"@type\":\"ReadAction\",\"target\":[\"https:\/\/brasilnoticias.org\/site\/empresario-carlos-andre-e-preso-em-alphaville-1-em-2a-fase-de-operacao-contra-desvios-de-emendas\/\"]}]},{\"@type\":\"ImageObject\",\"inLanguage\":\"pt-PT\",\"@id\":\"https:\/\/brasilnoticias.org\/site\/empresario-carlos-andre-e-preso-em-alphaville-1-em-2a-fase-de-operacao-contra-desvios-de-emendas\/#primaryimage\",\"url\":\"https:\/\/brasilnoticias.org\/site\/wp-content\/uploads\/2024\/12\/IMAGEM_NOTICIA_9.webp\",\"contentUrl\":\"https:\/\/brasilnoticias.org\/site\/wp-content\/uploads\/2024\/12\/IMAGEM_NOTICIA_9.webp\",\"width\":1200,\"height\":630},{\"@type\":\"BreadcrumbList\",\"@id\":\"https:\/\/brasilnoticias.org\/site\/empresario-carlos-andre-e-preso-em-alphaville-1-em-2a-fase-de-operacao-contra-desvios-de-emendas\/#breadcrumb\",\"itemListElement\":[{\"@type\":\"ListItem\",\"position\":1,\"name\":\"In\u00edcio\",\"item\":\"https:\/\/brasilnoticias.org\/site\/\"},{\"@type\":\"ListItem\",\"position\":2,\"name\":\"Empres\u00e1rio Carlos Andr\u00e9 \u00e9 preso em Alphaville 1 em 2\u00aa fase de opera\u00e7\u00e3o contra desvios de emendas\"}]},{\"@type\":\"WebSite\",\"@id\":\"https:\/\/brasilnoticias.org\/site\/#website\",\"url\":\"https:\/\/brasilnoticias.org\/site\/\",\"name\":\"Brasil not\u00edcias\",\"description\":\"Brasil not\u00edcias\",\"publisher\":{\"@id\":\"https:\/\/brasilnoticias.org\/site\/#organization\"},\"potentialAction\":[{\"@type\":\"SearchAction\",\"target\":{\"@type\":\"EntryPoint\",\"urlTemplate\":\"https:\/\/brasilnoticias.org\/site\/?s={search_term_string}\"},\"query-input\":{\"@type\":\"PropertyValueSpecification\",\"valueRequired\":true,\"valueName\":\"search_term_string\"}}],\"inLanguage\":\"pt-PT\"},{\"@type\":\"Organization\",\"@id\":\"https:\/\/brasilnoticias.org\/site\/#organization\",\"name\":\"Brasil not\u00edcias\",\"url\":\"https:\/\/brasilnoticias.org\/site\/\",\"logo\":{\"@type\":\"ImageObject\",\"inLanguage\":\"pt-PT\",\"@id\":\"https:\/\/brasilnoticias.org\/site\/#\/schema\/logo\/image\/\",\"url\":\"https:\/\/brasilnoticias.org\/site\/wp-content\/uploads\/2022\/05\/cropped-brasilnoticias-mini.jpg\",\"contentUrl\":\"https:\/\/brasilnoticias.org\/site\/wp-content\/uploads\/2022\/05\/cropped-brasilnoticias-mini.jpg\",\"width\":314,\"height\":86,\"caption\":\"Brasil not\u00edcias\"},\"image\":{\"@id\":\"https:\/\/brasilnoticias.org\/site\/#\/schema\/logo\/image\/\"}},{\"@type\":\"Person\",\"@id\":\"https:\/\/brasilnoticias.org\/site\/#\/schema\/person\/03bbbfe6c7634ad18c26444ea39049fa\",\"name\":\"Reda\u00e7\u00e3o\",\"image\":{\"@type\":\"ImageObject\",\"inLanguage\":\"pt-PT\",\"@id\":\"https:\/\/brasilnoticias.org\/site\/#\/schema\/person\/image\/\",\"url\":\"https:\/\/secure.gravatar.com\/avatar\/9ecaf7327a696cb23ad926fedded5f1f04d7049de9e445375d55b48c001a6e42?s=96&d=mm&r=g\",\"contentUrl\":\"https:\/\/secure.gravatar.com\/avatar\/9ecaf7327a696cb23ad926fedded5f1f04d7049de9e445375d55b48c001a6e42?s=96&d=mm&r=g\",\"caption\":\"Reda\u00e7\u00e3o\"},\"url\":\"https:\/\/brasilnoticias.org\/site\/author\/henrique\/\"}]}<\/script>\n<!-- \/ Yoast SEO plugin. -->","yoast_head_json":{"title":"Empres\u00e1rio Carlos Andr\u00e9 \u00e9 preso em Alphaville 1 em 2\u00aa fase de opera\u00e7\u00e3o contra desvios de emendas - Brasil not\u00edcias","robots":{"index":"index","follow":"follow","max-snippet":"max-snippet:-1","max-image-preview":"max-image-preview:large","max-video-preview":"max-video-preview:-1"},"canonical":"https:\/\/brasilnoticias.org\/site\/empresario-carlos-andre-e-preso-em-alphaville-1-em-2a-fase-de-operacao-contra-desvios-de-emendas\/","og_locale":"pt_PT","og_type":"article","og_title":"Empres\u00e1rio Carlos Andr\u00e9 \u00e9 preso em Alphaville 1 em 2\u00aa fase de opera\u00e7\u00e3o contra desvios de emendas - Brasil not\u00edcias","og_description":"O empres\u00e1rio Carlos Andr\u00e9 \u2013 apontado como operador do esquema de desvios de verbas em emendas parlamentares e ligado a","og_url":"https:\/\/brasilnoticias.org\/site\/empresario-carlos-andre-e-preso-em-alphaville-1-em-2a-fase-de-operacao-contra-desvios-de-emendas\/","og_site_name":"Brasil not\u00edcias","article_published_time":"2024-12-23T11:47:49+00:00","og_image":[{"width":1200,"height":630,"url":"https:\/\/brasilnoticias.org\/site\/wp-content\/uploads\/2024\/12\/IMAGEM_NOTICIA_9.webp","type":"image\/webp"}],"author":"Reda\u00e7\u00e3o","twitter_card":"summary_large_image","twitter_misc":{"Escrito por":"Reda\u00e7\u00e3o","Tempo estimado de leitura":"1 minuto"},"schema":{"@context":"https:\/\/schema.org","@graph":[{"@type":"Article","@id":"https:\/\/brasilnoticias.org\/site\/empresario-carlos-andre-e-preso-em-alphaville-1-em-2a-fase-de-operacao-contra-desvios-de-emendas\/#article","isPartOf":{"@id":"https:\/\/brasilnoticias.org\/site\/empresario-carlos-andre-e-preso-em-alphaville-1-em-2a-fase-de-operacao-contra-desvios-de-emendas\/"},"author":{"name":"Reda\u00e7\u00e3o","@id":"https:\/\/brasilnoticias.org\/site\/#\/schema\/person\/03bbbfe6c7634ad18c26444ea39049fa"},"headline":"Empres\u00e1rio Carlos Andr\u00e9 \u00e9 preso em Alphaville 1 em 2\u00aa fase de opera\u00e7\u00e3o contra desvios de emendas","datePublished":"2024-12-23T11:47:49+00:00","mainEntityOfPage":{"@id":"https:\/\/brasilnoticias.org\/site\/empresario-carlos-andre-e-preso-em-alphaville-1-em-2a-fase-de-operacao-contra-desvios-de-emendas\/"},"wordCount":137,"commentCount":0,"publisher":{"@id":"https:\/\/brasilnoticias.org\/site\/#organization"},"image":{"@id":"https:\/\/brasilnoticias.org\/site\/empresario-carlos-andre-e-preso-em-alphaville-1-em-2a-fase-de-operacao-contra-desvios-de-emendas\/#primaryimage"},"thumbnailUrl":"https:\/\/brasilnoticias.org\/site\/wp-content\/uploads\/2024\/12\/IMAGEM_NOTICIA_9.webp","articleSection":["Pol\u00edcia","\u00daltimas"],"inLanguage":"pt-PT","potentialAction":[{"@type":"CommentAction","name":"Comment","target":["https:\/\/brasilnoticias.org\/site\/empresario-carlos-andre-e-preso-em-alphaville-1-em-2a-fase-de-operacao-contra-desvios-de-emendas\/#respond"]}]},{"@type":"WebPage","@id":"https:\/\/brasilnoticias.org\/site\/empresario-carlos-andre-e-preso-em-alphaville-1-em-2a-fase-de-operacao-contra-desvios-de-emendas\/","url":"https:\/\/brasilnoticias.org\/site\/empresario-carlos-andre-e-preso-em-alphaville-1-em-2a-fase-de-operacao-contra-desvios-de-emendas\/","name":"Empres\u00e1rio Carlos Andr\u00e9 \u00e9 preso em Alphaville 1 em 2\u00aa fase de opera\u00e7\u00e3o contra desvios de emendas - Brasil not\u00edcias","isPartOf":{"@id":"https:\/\/brasilnoticias.org\/site\/#website"},"primaryImageOfPage":{"@id":"https:\/\/brasilnoticias.org\/site\/empresario-carlos-andre-e-preso-em-alphaville-1-em-2a-fase-de-operacao-contra-desvios-de-emendas\/#primaryimage"},"image":{"@id":"https:\/\/brasilnoticias.org\/site\/empresario-carlos-andre-e-preso-em-alphaville-1-em-2a-fase-de-operacao-contra-desvios-de-emendas\/#primaryimage"},"thumbnailUrl":"https:\/\/brasilnoticias.org\/site\/wp-content\/uploads\/2024\/12\/IMAGEM_NOTICIA_9.webp","datePublished":"2024-12-23T11:47:49+00:00","breadcrumb":{"@id":"https:\/\/brasilnoticias.org\/site\/empresario-carlos-andre-e-preso-em-alphaville-1-em-2a-fase-de-operacao-contra-desvios-de-emendas\/#breadcrumb"},"inLanguage":"pt-PT","potentialAction":[{"@type":"ReadAction","target":["https:\/\/brasilnoticias.org\/site\/empresario-carlos-andre-e-preso-em-alphaville-1-em-2a-fase-de-operacao-contra-desvios-de-emendas\/"]}]},{"@type":"ImageObject","inLanguage":"pt-PT","@id":"https:\/\/brasilnoticias.org\/site\/empresario-carlos-andre-e-preso-em-alphaville-1-em-2a-fase-de-operacao-contra-desvios-de-emendas\/#primaryimage","url":"https:\/\/brasilnoticias.org\/site\/wp-content\/uploads\/2024\/12\/IMAGEM_NOTICIA_9.webp","contentUrl":"https:\/\/brasilnoticias.org\/site\/wp-content\/uploads\/2024\/12\/IMAGEM_NOTICIA_9.webp","width":1200,"height":630},{"@type":"BreadcrumbList","@id":"https:\/\/brasilnoticias.org\/site\/empresario-carlos-andre-e-preso-em-alphaville-1-em-2a-fase-de-operacao-contra-desvios-de-emendas\/#breadcrumb","itemListElement":[{"@type":"ListItem","position":1,"name":"In\u00edcio","item":"https:\/\/brasilnoticias.org\/site\/"},{"@type":"ListItem","position":2,"name":"Empres\u00e1rio Carlos Andr\u00e9 \u00e9 preso em Alphaville 1 em 2\u00aa fase de opera\u00e7\u00e3o contra desvios de emendas"}]},{"@type":"WebSite","@id":"https:\/\/brasilnoticias.org\/site\/#website","url":"https:\/\/brasilnoticias.org\/site\/","name":"Brasil not\u00edcias","description":"Brasil not\u00edcias","publisher":{"@id":"https:\/\/brasilnoticias.org\/site\/#organization"},"potentialAction":[{"@type":"SearchAction","target":{"@type":"EntryPoint","urlTemplate":"https:\/\/brasilnoticias.org\/site\/?s={search_term_string}"},"query-input":{"@type":"PropertyValueSpecification","valueRequired":true,"valueName":"search_term_string"}}],"inLanguage":"pt-PT"},{"@type":"Organization","@id":"https:\/\/brasilnoticias.org\/site\/#organization","name":"Brasil not\u00edcias","url":"https:\/\/brasilnoticias.org\/site\/","logo":{"@type":"ImageObject","inLanguage":"pt-PT","@id":"https:\/\/brasilnoticias.org\/site\/#\/schema\/logo\/image\/","url":"https:\/\/brasilnoticias.org\/site\/wp-content\/uploads\/2022\/05\/cropped-brasilnoticias-mini.jpg","contentUrl":"https:\/\/brasilnoticias.org\/site\/wp-content\/uploads\/2022\/05\/cropped-brasilnoticias-mini.jpg","width":314,"height":86,"caption":"Brasil not\u00edcias"},"image":{"@id":"https:\/\/brasilnoticias.org\/site\/#\/schema\/logo\/image\/"}},{"@type":"Person","@id":"https:\/\/brasilnoticias.org\/site\/#\/schema\/person\/03bbbfe6c7634ad18c26444ea39049fa","name":"Reda\u00e7\u00e3o","image":{"@type":"ImageObject","inLanguage":"pt-PT","@id":"https:\/\/brasilnoticias.org\/site\/#\/schema\/person\/image\/","url":"https:\/\/secure.gravatar.com\/avatar\/9ecaf7327a696cb23ad926fedded5f1f04d7049de9e445375d55b48c001a6e42?s=96&d=mm&r=g","contentUrl":"https:\/\/secure.gravatar.com\/avatar\/9ecaf7327a696cb23ad926fedded5f1f04d7049de9e445375d55b48c001a6e42?s=96&d=mm&r=g","caption":"Reda\u00e7\u00e3o"},"url":"https:\/\/brasilnoticias.org\/site\/author\/henrique\/"}]}},"_links":{"self":[{"href":"https:\/\/brasilnoticias.org\/site\/wp-json\/wp\/v2\/posts\/16577","targetHints":{"allow":["GET"]}}],"collection":[{"href":"https:\/\/brasilnoticias.org\/site\/wp-json\/wp\/v2\/posts"}],"about":[{"href":"https:\/\/brasilnoticias.org\/site\/wp-json\/wp\/v2\/types\/post"}],"author":[{"embeddable":true,"href":"https:\/\/brasilnoticias.org\/site\/wp-json\/wp\/v2\/users\/4"}],"replies":[{"embeddable":true,"href":"https:\/\/brasilnoticias.org\/site\/wp-json\/wp\/v2\/comments?post=16577"}],"version-history":[{"count":1,"href":"https:\/\/brasilnoticias.org\/site\/wp-json\/wp\/v2\/posts\/16577\/revisions"}],"predecessor-version":[{"id":16579,"href":"https:\/\/brasilnoticias.org\/site\/wp-json\/wp\/v2\/posts\/16577\/revisions\/16579"}],"wp:featuredmedia":[{"embeddable":true,"href":"https:\/\/brasilnoticias.org\/site\/wp-json\/wp\/v2\/media\/16578"}],"wp:attachment":[{"href":"https:\/\/brasilnoticias.org\/site\/wp-json\/wp\/v2\/media?parent=16577"}],"wp:term":[{"taxonomy":"category","embeddable":true,"href":"https:\/\/brasilnoticias.org\/site\/wp-json\/wp\/v2\/categories?post=16577"},{"taxonomy":"post_tag","embeddable":true,"href":"https:\/\/brasilnoticias.org\/site\/wp-json\/wp\/v2\/tags?post=16577"}],"curies":[{"name":"wp","href":"https:\/\/api.w.org\/{rel}","templated":true}]}}