{"id":16580,"date":"2024-12-23T10:09:08","date_gmt":"2024-12-23T13:09:08","guid":{"rendered":"https:\/\/brasilnoticias.org\/site\/?p=16580"},"modified":"2024-12-23T10:09:08","modified_gmt":"2024-12-23T13:09:08","slug":"vice-de-lauro-de-freitas-secretario-de-conquista-e-policial-federal-sao-presos-em-2a-fase-da-overclean","status":"publish","type":"post","link":"https:\/\/brasilnoticias.org\/site\/vice-de-lauro-de-freitas-secretario-de-conquista-e-policial-federal-sao-presos-em-2a-fase-da-overclean\/","title":{"rendered":"Vice de Lauro de Freitas, secret\u00e1rio de Conquista e policial federal s\u00e3o presos em 2\u00aa fase da Overclean"},"content":{"rendered":"<p>Policiais federais cumprem quatro mandados de pris\u00e3o preventiva, al\u00e9m de buscas e apreens\u00e3o, contra supostos desvios de recursos no \u00e2mbito da prefeitura de Lauro de Freitas, na Regi\u00e3o Metropolitana de Salvador (RMS).<\/p>\n<p>Foram presos um operador do grupo apontado como Carlos Andr\u00e9, o vice-prefeito de Lauro de Freitas, Vidigal Cafezeiro Neto; al\u00e9m do secret\u00e1rio de mobilidade de Lauro de Freitas e ex-chefe de gabinete da prefeitura de Vit\u00f3ria da Conquista, no Sudoeste, Lucas Dias; e um policial federal.<\/p>\n<p>Segundo a Pol\u00edcia Federal (PF), ainda s\u00e3o cumpridos dez mandados de busca e apreens\u00e3o, uma ordem de afastamento cautelar de um servidor p\u00fablico de suas fun\u00e7\u00f5es, al\u00e9m de medidas de sequestro de bens da ordem de quase R$ 4,7 milh\u00f5es, valor obtido pela organiza\u00e7\u00e3o criminosa, e diversos ve\u00edculos de luxo.<\/p>\n<p>Os mandados s\u00e3o cumpridos no Centro Administrativo do munic\u00edpio, al\u00e9m de endere\u00e7os em Vilas do Atl\u00e2ntico e no condom\u00ednio de Alphaville, em Salvador. At\u00e9 o momento n\u00e3o foi informado quem s\u00e3o os alvos dos mandados de pris\u00e3o.<\/p>\n<p>Na sede da prefeitura de Lauro de Freitas, policiais federais apreenderam dispositivos eletr\u00f4nicos como parte das a\u00e7\u00f5es.<\/p>\n<p>A segunda fase da Overclean, feita junto com o Minist\u00e9rio P\u00fablico Federal (MPF) na Bahia, tem objetivo de desarticular uma organiza\u00e7\u00e3o criminosa suspeita de atuar em fraudes licitat\u00f3rias, desvio de recursos p\u00fablicos, corrup\u00e7\u00e3o e lavagem de dinheiro.<\/p>\n<p>Foto: Reprodu\u00e7\u00e3o \/ TV Bahia<br \/>\nBahia Noticia<\/p>\n","protected":false},"excerpt":{"rendered":"<p>Policiais federais cumprem quatro mandados de pris\u00e3o preventiva, al\u00e9m de buscas e apreens\u00e3o, contra supostos desvios de recursos no \u00e2mbito<\/p>\n","protected":false},"author":4,"featured_media":16581,"comment_status":"open","ping_status":"open","sticky":false,"template":"","format":"standard","meta":{"colormag_page_container_layout":"default_layout","colormag_page_sidebar_layout":"default_layout","_FSMCFIC_featured_image_caption":"","_FSMCFIC_featured_image_nocaption":"","_FSMCFIC_featured_image_hide":"","footnotes":""},"categories":[3,1],"tags":[],"class_list":["post-16580","post","type-post","status-publish","format-standard","has-post-thumbnail","hentry","category-policia","category-ultimas"],"yoast_head":"<!-- This site is optimized with the Yoast SEO plugin v27.1.1 - https:\/\/yoast.com\/product\/yoast-seo-wordpress\/ -->\n<title>Vice de Lauro de Freitas, secret\u00e1rio de Conquista e policial federal s\u00e3o presos em 2\u00aa fase da Overclean - Brasil not\u00edcias<\/title>\n<meta name=\"robots\" content=\"index, follow, max-snippet:-1, max-image-preview:large, max-video-preview:-1\" \/>\n<link rel=\"canonical\" href=\"https:\/\/brasilnoticias.org\/site\/vice-de-lauro-de-freitas-secretario-de-conquista-e-policial-federal-sao-presos-em-2a-fase-da-overclean\/\" \/>\n<meta property=\"og:locale\" content=\"pt_PT\" \/>\n<meta property=\"og:type\" content=\"article\" \/>\n<meta property=\"og:title\" content=\"Vice de Lauro de Freitas, secret\u00e1rio de Conquista e policial federal s\u00e3o presos em 2\u00aa fase da Overclean - Brasil not\u00edcias\" \/>\n<meta property=\"og:description\" content=\"Policiais federais cumprem quatro mandados de pris\u00e3o preventiva, al\u00e9m de buscas e apreens\u00e3o, contra supostos desvios de recursos no \u00e2mbito\" \/>\n<meta property=\"og:url\" content=\"https:\/\/brasilnoticias.org\/site\/vice-de-lauro-de-freitas-secretario-de-conquista-e-policial-federal-sao-presos-em-2a-fase-da-overclean\/\" \/>\n<meta property=\"og:site_name\" content=\"Brasil not\u00edcias\" \/>\n<meta property=\"article:published_time\" content=\"2024-12-23T13:09:08+00:00\" \/>\n<meta property=\"og:image\" content=\"https:\/\/brasilnoticias.org\/site\/wp-content\/uploads\/2024\/12\/IMAGEM_NOTICIA_9-1.webp\" \/>\n\t<meta property=\"og:image:width\" content=\"1200\" \/>\n\t<meta property=\"og:image:height\" content=\"630\" \/>\n\t<meta property=\"og:image:type\" content=\"image\/webp\" \/>\n<meta name=\"author\" content=\"Reda\u00e7\u00e3o\" \/>\n<meta name=\"twitter:card\" content=\"summary_large_image\" \/>\n<meta name=\"twitter:label1\" content=\"Escrito por\" \/>\n\t<meta name=\"twitter:data1\" content=\"Reda\u00e7\u00e3o\" \/>\n\t<meta name=\"twitter:label2\" content=\"Tempo estimado de leitura\" \/>\n\t<meta name=\"twitter:data2\" content=\"1 minuto\" \/>\n<script type=\"application\/ld+json\" class=\"yoast-schema-graph\">{\"@context\":\"https:\/\/schema.org\",\"@graph\":[{\"@type\":\"Article\",\"@id\":\"https:\/\/brasilnoticias.org\/site\/vice-de-lauro-de-freitas-secretario-de-conquista-e-policial-federal-sao-presos-em-2a-fase-da-overclean\/#article\",\"isPartOf\":{\"@id\":\"https:\/\/brasilnoticias.org\/site\/vice-de-lauro-de-freitas-secretario-de-conquista-e-policial-federal-sao-presos-em-2a-fase-da-overclean\/\"},\"author\":{\"name\":\"Reda\u00e7\u00e3o\",\"@id\":\"https:\/\/brasilnoticias.org\/site\/#\/schema\/person\/03bbbfe6c7634ad18c26444ea39049fa\"},\"headline\":\"Vice de Lauro de Freitas, secret\u00e1rio de Conquista e policial federal s\u00e3o presos em 2\u00aa fase da Overclean\",\"datePublished\":\"2024-12-23T13:09:08+00:00\",\"mainEntityOfPage\":{\"@id\":\"https:\/\/brasilnoticias.org\/site\/vice-de-lauro-de-freitas-secretario-de-conquista-e-policial-federal-sao-presos-em-2a-fase-da-overclean\/\"},\"wordCount\":277,\"commentCount\":0,\"publisher\":{\"@id\":\"https:\/\/brasilnoticias.org\/site\/#organization\"},\"image\":{\"@id\":\"https:\/\/brasilnoticias.org\/site\/vice-de-lauro-de-freitas-secretario-de-conquista-e-policial-federal-sao-presos-em-2a-fase-da-overclean\/#primaryimage\"},\"thumbnailUrl\":\"https:\/\/brasilnoticias.org\/site\/wp-content\/uploads\/2024\/12\/IMAGEM_NOTICIA_9-1.webp\",\"articleSection\":[\"Pol\u00edcia\",\"\u00daltimas\"],\"inLanguage\":\"pt-PT\",\"potentialAction\":[{\"@type\":\"CommentAction\",\"name\":\"Comment\",\"target\":[\"https:\/\/brasilnoticias.org\/site\/vice-de-lauro-de-freitas-secretario-de-conquista-e-policial-federal-sao-presos-em-2a-fase-da-overclean\/#respond\"]}]},{\"@type\":\"WebPage\",\"@id\":\"https:\/\/brasilnoticias.org\/site\/vice-de-lauro-de-freitas-secretario-de-conquista-e-policial-federal-sao-presos-em-2a-fase-da-overclean\/\",\"url\":\"https:\/\/brasilnoticias.org\/site\/vice-de-lauro-de-freitas-secretario-de-conquista-e-policial-federal-sao-presos-em-2a-fase-da-overclean\/\",\"name\":\"Vice de Lauro de Freitas, secret\u00e1rio de Conquista e policial federal s\u00e3o presos em 2\u00aa fase da Overclean - Brasil not\u00edcias\",\"isPartOf\":{\"@id\":\"https:\/\/brasilnoticias.org\/site\/#website\"},\"primaryImageOfPage\":{\"@id\":\"https:\/\/brasilnoticias.org\/site\/vice-de-lauro-de-freitas-secretario-de-conquista-e-policial-federal-sao-presos-em-2a-fase-da-overclean\/#primaryimage\"},\"image\":{\"@id\":\"https:\/\/brasilnoticias.org\/site\/vice-de-lauro-de-freitas-secretario-de-conquista-e-policial-federal-sao-presos-em-2a-fase-da-overclean\/#primaryimage\"},\"thumbnailUrl\":\"https:\/\/brasilnoticias.org\/site\/wp-content\/uploads\/2024\/12\/IMAGEM_NOTICIA_9-1.webp\",\"datePublished\":\"2024-12-23T13:09:08+00:00\",\"breadcrumb\":{\"@id\":\"https:\/\/brasilnoticias.org\/site\/vice-de-lauro-de-freitas-secretario-de-conquista-e-policial-federal-sao-presos-em-2a-fase-da-overclean\/#breadcrumb\"},\"inLanguage\":\"pt-PT\",\"potentialAction\":[{\"@type\":\"ReadAction\",\"target\":[\"https:\/\/brasilnoticias.org\/site\/vice-de-lauro-de-freitas-secretario-de-conquista-e-policial-federal-sao-presos-em-2a-fase-da-overclean\/\"]}]},{\"@type\":\"ImageObject\",\"inLanguage\":\"pt-PT\",\"@id\":\"https:\/\/brasilnoticias.org\/site\/vice-de-lauro-de-freitas-secretario-de-conquista-e-policial-federal-sao-presos-em-2a-fase-da-overclean\/#primaryimage\",\"url\":\"https:\/\/brasilnoticias.org\/site\/wp-content\/uploads\/2024\/12\/IMAGEM_NOTICIA_9-1.webp\",\"contentUrl\":\"https:\/\/brasilnoticias.org\/site\/wp-content\/uploads\/2024\/12\/IMAGEM_NOTICIA_9-1.webp\",\"width\":1200,\"height\":630},{\"@type\":\"BreadcrumbList\",\"@id\":\"https:\/\/brasilnoticias.org\/site\/vice-de-lauro-de-freitas-secretario-de-conquista-e-policial-federal-sao-presos-em-2a-fase-da-overclean\/#breadcrumb\",\"itemListElement\":[{\"@type\":\"ListItem\",\"position\":1,\"name\":\"In\u00edcio\",\"item\":\"https:\/\/brasilnoticias.org\/site\/\"},{\"@type\":\"ListItem\",\"position\":2,\"name\":\"Vice de Lauro de Freitas, secret\u00e1rio de Conquista e policial federal s\u00e3o presos em 2\u00aa fase da Overclean\"}]},{\"@type\":\"WebSite\",\"@id\":\"https:\/\/brasilnoticias.org\/site\/#website\",\"url\":\"https:\/\/brasilnoticias.org\/site\/\",\"name\":\"Brasil not\u00edcias\",\"description\":\"Brasil not\u00edcias\",\"publisher\":{\"@id\":\"https:\/\/brasilnoticias.org\/site\/#organization\"},\"potentialAction\":[{\"@type\":\"SearchAction\",\"target\":{\"@type\":\"EntryPoint\",\"urlTemplate\":\"https:\/\/brasilnoticias.org\/site\/?s={search_term_string}\"},\"query-input\":{\"@type\":\"PropertyValueSpecification\",\"valueRequired\":true,\"valueName\":\"search_term_string\"}}],\"inLanguage\":\"pt-PT\"},{\"@type\":\"Organization\",\"@id\":\"https:\/\/brasilnoticias.org\/site\/#organization\",\"name\":\"Brasil not\u00edcias\",\"url\":\"https:\/\/brasilnoticias.org\/site\/\",\"logo\":{\"@type\":\"ImageObject\",\"inLanguage\":\"pt-PT\",\"@id\":\"https:\/\/brasilnoticias.org\/site\/#\/schema\/logo\/image\/\",\"url\":\"https:\/\/brasilnoticias.org\/site\/wp-content\/uploads\/2022\/05\/cropped-brasilnoticias-mini.jpg\",\"contentUrl\":\"https:\/\/brasilnoticias.org\/site\/wp-content\/uploads\/2022\/05\/cropped-brasilnoticias-mini.jpg\",\"width\":314,\"height\":86,\"caption\":\"Brasil not\u00edcias\"},\"image\":{\"@id\":\"https:\/\/brasilnoticias.org\/site\/#\/schema\/logo\/image\/\"}},{\"@type\":\"Person\",\"@id\":\"https:\/\/brasilnoticias.org\/site\/#\/schema\/person\/03bbbfe6c7634ad18c26444ea39049fa\",\"name\":\"Reda\u00e7\u00e3o\",\"image\":{\"@type\":\"ImageObject\",\"inLanguage\":\"pt-PT\",\"@id\":\"https:\/\/brasilnoticias.org\/site\/#\/schema\/person\/image\/\",\"url\":\"https:\/\/secure.gravatar.com\/avatar\/9ecaf7327a696cb23ad926fedded5f1f04d7049de9e445375d55b48c001a6e42?s=96&d=mm&r=g\",\"contentUrl\":\"https:\/\/secure.gravatar.com\/avatar\/9ecaf7327a696cb23ad926fedded5f1f04d7049de9e445375d55b48c001a6e42?s=96&d=mm&r=g\",\"caption\":\"Reda\u00e7\u00e3o\"},\"url\":\"https:\/\/brasilnoticias.org\/site\/author\/henrique\/\"}]}<\/script>\n<!-- \/ Yoast SEO plugin. -->","yoast_head_json":{"title":"Vice de Lauro de Freitas, secret\u00e1rio de Conquista e policial federal s\u00e3o presos em 2\u00aa fase da Overclean - Brasil not\u00edcias","robots":{"index":"index","follow":"follow","max-snippet":"max-snippet:-1","max-image-preview":"max-image-preview:large","max-video-preview":"max-video-preview:-1"},"canonical":"https:\/\/brasilnoticias.org\/site\/vice-de-lauro-de-freitas-secretario-de-conquista-e-policial-federal-sao-presos-em-2a-fase-da-overclean\/","og_locale":"pt_PT","og_type":"article","og_title":"Vice de Lauro de Freitas, secret\u00e1rio de Conquista e policial federal s\u00e3o presos em 2\u00aa fase da Overclean - Brasil not\u00edcias","og_description":"Policiais federais cumprem quatro mandados de pris\u00e3o preventiva, al\u00e9m de buscas e apreens\u00e3o, contra supostos desvios de recursos no \u00e2mbito","og_url":"https:\/\/brasilnoticias.org\/site\/vice-de-lauro-de-freitas-secretario-de-conquista-e-policial-federal-sao-presos-em-2a-fase-da-overclean\/","og_site_name":"Brasil not\u00edcias","article_published_time":"2024-12-23T13:09:08+00:00","og_image":[{"width":1200,"height":630,"url":"https:\/\/brasilnoticias.org\/site\/wp-content\/uploads\/2024\/12\/IMAGEM_NOTICIA_9-1.webp","type":"image\/webp"}],"author":"Reda\u00e7\u00e3o","twitter_card":"summary_large_image","twitter_misc":{"Escrito por":"Reda\u00e7\u00e3o","Tempo estimado de leitura":"1 minuto"},"schema":{"@context":"https:\/\/schema.org","@graph":[{"@type":"Article","@id":"https:\/\/brasilnoticias.org\/site\/vice-de-lauro-de-freitas-secretario-de-conquista-e-policial-federal-sao-presos-em-2a-fase-da-overclean\/#article","isPartOf":{"@id":"https:\/\/brasilnoticias.org\/site\/vice-de-lauro-de-freitas-secretario-de-conquista-e-policial-federal-sao-presos-em-2a-fase-da-overclean\/"},"author":{"name":"Reda\u00e7\u00e3o","@id":"https:\/\/brasilnoticias.org\/site\/#\/schema\/person\/03bbbfe6c7634ad18c26444ea39049fa"},"headline":"Vice de Lauro de Freitas, secret\u00e1rio de Conquista e policial federal s\u00e3o presos em 2\u00aa fase da Overclean","datePublished":"2024-12-23T13:09:08+00:00","mainEntityOfPage":{"@id":"https:\/\/brasilnoticias.org\/site\/vice-de-lauro-de-freitas-secretario-de-conquista-e-policial-federal-sao-presos-em-2a-fase-da-overclean\/"},"wordCount":277,"commentCount":0,"publisher":{"@id":"https:\/\/brasilnoticias.org\/site\/#organization"},"image":{"@id":"https:\/\/brasilnoticias.org\/site\/vice-de-lauro-de-freitas-secretario-de-conquista-e-policial-federal-sao-presos-em-2a-fase-da-overclean\/#primaryimage"},"thumbnailUrl":"https:\/\/brasilnoticias.org\/site\/wp-content\/uploads\/2024\/12\/IMAGEM_NOTICIA_9-1.webp","articleSection":["Pol\u00edcia","\u00daltimas"],"inLanguage":"pt-PT","potentialAction":[{"@type":"CommentAction","name":"Comment","target":["https:\/\/brasilnoticias.org\/site\/vice-de-lauro-de-freitas-secretario-de-conquista-e-policial-federal-sao-presos-em-2a-fase-da-overclean\/#respond"]}]},{"@type":"WebPage","@id":"https:\/\/brasilnoticias.org\/site\/vice-de-lauro-de-freitas-secretario-de-conquista-e-policial-federal-sao-presos-em-2a-fase-da-overclean\/","url":"https:\/\/brasilnoticias.org\/site\/vice-de-lauro-de-freitas-secretario-de-conquista-e-policial-federal-sao-presos-em-2a-fase-da-overclean\/","name":"Vice de Lauro de Freitas, secret\u00e1rio de Conquista e policial federal s\u00e3o presos em 2\u00aa fase da Overclean - Brasil not\u00edcias","isPartOf":{"@id":"https:\/\/brasilnoticias.org\/site\/#website"},"primaryImageOfPage":{"@id":"https:\/\/brasilnoticias.org\/site\/vice-de-lauro-de-freitas-secretario-de-conquista-e-policial-federal-sao-presos-em-2a-fase-da-overclean\/#primaryimage"},"image":{"@id":"https:\/\/brasilnoticias.org\/site\/vice-de-lauro-de-freitas-secretario-de-conquista-e-policial-federal-sao-presos-em-2a-fase-da-overclean\/#primaryimage"},"thumbnailUrl":"https:\/\/brasilnoticias.org\/site\/wp-content\/uploads\/2024\/12\/IMAGEM_NOTICIA_9-1.webp","datePublished":"2024-12-23T13:09:08+00:00","breadcrumb":{"@id":"https:\/\/brasilnoticias.org\/site\/vice-de-lauro-de-freitas-secretario-de-conquista-e-policial-federal-sao-presos-em-2a-fase-da-overclean\/#breadcrumb"},"inLanguage":"pt-PT","potentialAction":[{"@type":"ReadAction","target":["https:\/\/brasilnoticias.org\/site\/vice-de-lauro-de-freitas-secretario-de-conquista-e-policial-federal-sao-presos-em-2a-fase-da-overclean\/"]}]},{"@type":"ImageObject","inLanguage":"pt-PT","@id":"https:\/\/brasilnoticias.org\/site\/vice-de-lauro-de-freitas-secretario-de-conquista-e-policial-federal-sao-presos-em-2a-fase-da-overclean\/#primaryimage","url":"https:\/\/brasilnoticias.org\/site\/wp-content\/uploads\/2024\/12\/IMAGEM_NOTICIA_9-1.webp","contentUrl":"https:\/\/brasilnoticias.org\/site\/wp-content\/uploads\/2024\/12\/IMAGEM_NOTICIA_9-1.webp","width":1200,"height":630},{"@type":"BreadcrumbList","@id":"https:\/\/brasilnoticias.org\/site\/vice-de-lauro-de-freitas-secretario-de-conquista-e-policial-federal-sao-presos-em-2a-fase-da-overclean\/#breadcrumb","itemListElement":[{"@type":"ListItem","position":1,"name":"In\u00edcio","item":"https:\/\/brasilnoticias.org\/site\/"},{"@type":"ListItem","position":2,"name":"Vice de Lauro de Freitas, secret\u00e1rio de Conquista e policial federal s\u00e3o presos em 2\u00aa fase da Overclean"}]},{"@type":"WebSite","@id":"https:\/\/brasilnoticias.org\/site\/#website","url":"https:\/\/brasilnoticias.org\/site\/","name":"Brasil not\u00edcias","description":"Brasil not\u00edcias","publisher":{"@id":"https:\/\/brasilnoticias.org\/site\/#organization"},"potentialAction":[{"@type":"SearchAction","target":{"@type":"EntryPoint","urlTemplate":"https:\/\/brasilnoticias.org\/site\/?s={search_term_string}"},"query-input":{"@type":"PropertyValueSpecification","valueRequired":true,"valueName":"search_term_string"}}],"inLanguage":"pt-PT"},{"@type":"Organization","@id":"https:\/\/brasilnoticias.org\/site\/#organization","name":"Brasil not\u00edcias","url":"https:\/\/brasilnoticias.org\/site\/","logo":{"@type":"ImageObject","inLanguage":"pt-PT","@id":"https:\/\/brasilnoticias.org\/site\/#\/schema\/logo\/image\/","url":"https:\/\/brasilnoticias.org\/site\/wp-content\/uploads\/2022\/05\/cropped-brasilnoticias-mini.jpg","contentUrl":"https:\/\/brasilnoticias.org\/site\/wp-content\/uploads\/2022\/05\/cropped-brasilnoticias-mini.jpg","width":314,"height":86,"caption":"Brasil not\u00edcias"},"image":{"@id":"https:\/\/brasilnoticias.org\/site\/#\/schema\/logo\/image\/"}},{"@type":"Person","@id":"https:\/\/brasilnoticias.org\/site\/#\/schema\/person\/03bbbfe6c7634ad18c26444ea39049fa","name":"Reda\u00e7\u00e3o","image":{"@type":"ImageObject","inLanguage":"pt-PT","@id":"https:\/\/brasilnoticias.org\/site\/#\/schema\/person\/image\/","url":"https:\/\/secure.gravatar.com\/avatar\/9ecaf7327a696cb23ad926fedded5f1f04d7049de9e445375d55b48c001a6e42?s=96&d=mm&r=g","contentUrl":"https:\/\/secure.gravatar.com\/avatar\/9ecaf7327a696cb23ad926fedded5f1f04d7049de9e445375d55b48c001a6e42?s=96&d=mm&r=g","caption":"Reda\u00e7\u00e3o"},"url":"https:\/\/brasilnoticias.org\/site\/author\/henrique\/"}]}},"_links":{"self":[{"href":"https:\/\/brasilnoticias.org\/site\/wp-json\/wp\/v2\/posts\/16580","targetHints":{"allow":["GET"]}}],"collection":[{"href":"https:\/\/brasilnoticias.org\/site\/wp-json\/wp\/v2\/posts"}],"about":[{"href":"https:\/\/brasilnoticias.org\/site\/wp-json\/wp\/v2\/types\/post"}],"author":[{"embeddable":true,"href":"https:\/\/brasilnoticias.org\/site\/wp-json\/wp\/v2\/users\/4"}],"replies":[{"embeddable":true,"href":"https:\/\/brasilnoticias.org\/site\/wp-json\/wp\/v2\/comments?post=16580"}],"version-history":[{"count":1,"href":"https:\/\/brasilnoticias.org\/site\/wp-json\/wp\/v2\/posts\/16580\/revisions"}],"predecessor-version":[{"id":16582,"href":"https:\/\/brasilnoticias.org\/site\/wp-json\/wp\/v2\/posts\/16580\/revisions\/16582"}],"wp:featuredmedia":[{"embeddable":true,"href":"https:\/\/brasilnoticias.org\/site\/wp-json\/wp\/v2\/media\/16581"}],"wp:attachment":[{"href":"https:\/\/brasilnoticias.org\/site\/wp-json\/wp\/v2\/media?parent=16580"}],"wp:term":[{"taxonomy":"category","embeddable":true,"href":"https:\/\/brasilnoticias.org\/site\/wp-json\/wp\/v2\/categories?post=16580"},{"taxonomy":"post_tag","embeddable":true,"href":"https:\/\/brasilnoticias.org\/site\/wp-json\/wp\/v2\/tags?post=16580"}],"curies":[{"name":"wp","href":"https:\/\/api.w.org\/{rel}","templated":true}]}}