{"id":16583,"date":"2024-12-23T10:10:39","date_gmt":"2024-12-23T13:10:39","guid":{"rendered":"https:\/\/brasilnoticias.org\/site\/?p=16583"},"modified":"2024-12-23T10:10:39","modified_gmt":"2024-12-23T13:10:39","slug":"lider-de-faccao-no-sul-baiano-e-preso-quando-tomava-banho-de-mar-em-capital-nordestina","status":"publish","type":"post","link":"https:\/\/brasilnoticias.org\/site\/lider-de-faccao-no-sul-baiano-e-preso-quando-tomava-banho-de-mar-em-capital-nordestina\/","title":{"rendered":"L\u00edder de fac\u00e7\u00e3o no Sul baiano \u00e9 preso quando tomava banho de mar em capital nordestina"},"content":{"rendered":"<p>Um homem apontado como l\u00edder de uma fac\u00e7\u00e3o criminosa com atua\u00e7\u00e3o em Ilh\u00e9us, Itabuna e Itacar\u00e9, no Sul baiano, foi preso neste domingo (22) em uma praia de Jo\u00e3o Pessoa (PB). Eduardo Damasceno Silva, conhecido como Bel, estava foragido e tomava banho de mar quando foi preso por equipes das For\u00e7as Integradas de Combate ao Crime Organizado (FICCOs) Bahia e Para\u00edba, do CPR-Sul e da 72\u00aa CIPM.<\/p>\n<p>Segundo a Secretaria de Seguran\u00e7a P\u00fablica do Estado (SSP-BA), Bel ocupa a carta 6 do Baralho do Crime e tinha contra ele dois mandados de pris\u00e3o, al\u00e9m de ser envolvido com tr\u00e1fico de drogas, armas e muni\u00e7\u00f5es, homic\u00eddios, roubos, corrup\u00e7\u00e3o de menores e lavagem de dinheiro.<\/p>\n<p>Foto: Divulga\u00e7\u00e3o \/SSP-BA<br \/>\nBahia Noticias<\/p>\n","protected":false},"excerpt":{"rendered":"<p>Um homem apontado como l\u00edder de uma fac\u00e7\u00e3o criminosa com atua\u00e7\u00e3o em Ilh\u00e9us, Itabuna e Itacar\u00e9, no Sul baiano, foi<\/p>\n","protected":false},"author":4,"featured_media":16584,"comment_status":"open","ping_status":"open","sticky":false,"template":"","format":"standard","meta":{"colormag_page_container_layout":"default_layout","colormag_page_sidebar_layout":"default_layout","_FSMCFIC_featured_image_caption":"","_FSMCFIC_featured_image_nocaption":"","_FSMCFIC_featured_image_hide":"","footnotes":""},"categories":[3,1],"tags":[],"class_list":["post-16583","post","type-post","status-publish","format-standard","has-post-thumbnail","hentry","category-policia","category-ultimas"],"yoast_head":"<!-- This site is optimized with the Yoast SEO plugin v27.1.1 - https:\/\/yoast.com\/product\/yoast-seo-wordpress\/ -->\n<title>L\u00edder de fac\u00e7\u00e3o no Sul baiano \u00e9 preso quando tomava banho de mar em capital nordestina - Brasil not\u00edcias<\/title>\n<meta name=\"robots\" content=\"index, follow, max-snippet:-1, max-image-preview:large, max-video-preview:-1\" \/>\n<link rel=\"canonical\" href=\"https:\/\/brasilnoticias.org\/site\/lider-de-faccao-no-sul-baiano-e-preso-quando-tomava-banho-de-mar-em-capital-nordestina\/\" \/>\n<meta property=\"og:locale\" content=\"pt_PT\" \/>\n<meta property=\"og:type\" content=\"article\" \/>\n<meta property=\"og:title\" content=\"L\u00edder de fac\u00e7\u00e3o no Sul baiano \u00e9 preso quando tomava banho de mar em capital nordestina - Brasil not\u00edcias\" \/>\n<meta property=\"og:description\" content=\"Um homem apontado como l\u00edder de uma fac\u00e7\u00e3o criminosa com atua\u00e7\u00e3o em Ilh\u00e9us, Itabuna e Itacar\u00e9, no Sul baiano, foi\" \/>\n<meta property=\"og:url\" content=\"https:\/\/brasilnoticias.org\/site\/lider-de-faccao-no-sul-baiano-e-preso-quando-tomava-banho-de-mar-em-capital-nordestina\/\" \/>\n<meta property=\"og:site_name\" content=\"Brasil not\u00edcias\" \/>\n<meta property=\"article:published_time\" content=\"2024-12-23T13:10:39+00:00\" \/>\n<meta property=\"og:image\" content=\"https:\/\/brasilnoticias.org\/site\/wp-content\/uploads\/2024\/12\/IMAGEM_NOTICIA_9-2.webp\" \/>\n\t<meta property=\"og:image:width\" content=\"1200\" \/>\n\t<meta property=\"og:image:height\" content=\"630\" \/>\n\t<meta property=\"og:image:type\" content=\"image\/webp\" \/>\n<meta name=\"author\" content=\"Reda\u00e7\u00e3o\" \/>\n<meta name=\"twitter:card\" content=\"summary_large_image\" \/>\n<meta name=\"twitter:label1\" content=\"Escrito por\" \/>\n\t<meta name=\"twitter:data1\" content=\"Reda\u00e7\u00e3o\" \/>\n\t<meta name=\"twitter:label2\" content=\"Tempo estimado de leitura\" \/>\n\t<meta name=\"twitter:data2\" content=\"1 minuto\" \/>\n<script type=\"application\/ld+json\" class=\"yoast-schema-graph\">{\"@context\":\"https:\/\/schema.org\",\"@graph\":[{\"@type\":\"Article\",\"@id\":\"https:\/\/brasilnoticias.org\/site\/lider-de-faccao-no-sul-baiano-e-preso-quando-tomava-banho-de-mar-em-capital-nordestina\/#article\",\"isPartOf\":{\"@id\":\"https:\/\/brasilnoticias.org\/site\/lider-de-faccao-no-sul-baiano-e-preso-quando-tomava-banho-de-mar-em-capital-nordestina\/\"},\"author\":{\"name\":\"Reda\u00e7\u00e3o\",\"@id\":\"https:\/\/brasilnoticias.org\/site\/#\/schema\/person\/03bbbfe6c7634ad18c26444ea39049fa\"},\"headline\":\"L\u00edder de fac\u00e7\u00e3o no Sul baiano \u00e9 preso quando tomava banho de mar em capital nordestina\",\"datePublished\":\"2024-12-23T13:10:39+00:00\",\"mainEntityOfPage\":{\"@id\":\"https:\/\/brasilnoticias.org\/site\/lider-de-faccao-no-sul-baiano-e-preso-quando-tomava-banho-de-mar-em-capital-nordestina\/\"},\"wordCount\":148,\"commentCount\":0,\"publisher\":{\"@id\":\"https:\/\/brasilnoticias.org\/site\/#organization\"},\"image\":{\"@id\":\"https:\/\/brasilnoticias.org\/site\/lider-de-faccao-no-sul-baiano-e-preso-quando-tomava-banho-de-mar-em-capital-nordestina\/#primaryimage\"},\"thumbnailUrl\":\"https:\/\/brasilnoticias.org\/site\/wp-content\/uploads\/2024\/12\/IMAGEM_NOTICIA_9-2.webp\",\"articleSection\":[\"Pol\u00edcia\",\"\u00daltimas\"],\"inLanguage\":\"pt-PT\",\"potentialAction\":[{\"@type\":\"CommentAction\",\"name\":\"Comment\",\"target\":[\"https:\/\/brasilnoticias.org\/site\/lider-de-faccao-no-sul-baiano-e-preso-quando-tomava-banho-de-mar-em-capital-nordestina\/#respond\"]}]},{\"@type\":\"WebPage\",\"@id\":\"https:\/\/brasilnoticias.org\/site\/lider-de-faccao-no-sul-baiano-e-preso-quando-tomava-banho-de-mar-em-capital-nordestina\/\",\"url\":\"https:\/\/brasilnoticias.org\/site\/lider-de-faccao-no-sul-baiano-e-preso-quando-tomava-banho-de-mar-em-capital-nordestina\/\",\"name\":\"L\u00edder de fac\u00e7\u00e3o no Sul baiano \u00e9 preso quando tomava banho de mar em capital nordestina - Brasil not\u00edcias\",\"isPartOf\":{\"@id\":\"https:\/\/brasilnoticias.org\/site\/#website\"},\"primaryImageOfPage\":{\"@id\":\"https:\/\/brasilnoticias.org\/site\/lider-de-faccao-no-sul-baiano-e-preso-quando-tomava-banho-de-mar-em-capital-nordestina\/#primaryimage\"},\"image\":{\"@id\":\"https:\/\/brasilnoticias.org\/site\/lider-de-faccao-no-sul-baiano-e-preso-quando-tomava-banho-de-mar-em-capital-nordestina\/#primaryimage\"},\"thumbnailUrl\":\"https:\/\/brasilnoticias.org\/site\/wp-content\/uploads\/2024\/12\/IMAGEM_NOTICIA_9-2.webp\",\"datePublished\":\"2024-12-23T13:10:39+00:00\",\"breadcrumb\":{\"@id\":\"https:\/\/brasilnoticias.org\/site\/lider-de-faccao-no-sul-baiano-e-preso-quando-tomava-banho-de-mar-em-capital-nordestina\/#breadcrumb\"},\"inLanguage\":\"pt-PT\",\"potentialAction\":[{\"@type\":\"ReadAction\",\"target\":[\"https:\/\/brasilnoticias.org\/site\/lider-de-faccao-no-sul-baiano-e-preso-quando-tomava-banho-de-mar-em-capital-nordestina\/\"]}]},{\"@type\":\"ImageObject\",\"inLanguage\":\"pt-PT\",\"@id\":\"https:\/\/brasilnoticias.org\/site\/lider-de-faccao-no-sul-baiano-e-preso-quando-tomava-banho-de-mar-em-capital-nordestina\/#primaryimage\",\"url\":\"https:\/\/brasilnoticias.org\/site\/wp-content\/uploads\/2024\/12\/IMAGEM_NOTICIA_9-2.webp\",\"contentUrl\":\"https:\/\/brasilnoticias.org\/site\/wp-content\/uploads\/2024\/12\/IMAGEM_NOTICIA_9-2.webp\",\"width\":1200,\"height\":630},{\"@type\":\"BreadcrumbList\",\"@id\":\"https:\/\/brasilnoticias.org\/site\/lider-de-faccao-no-sul-baiano-e-preso-quando-tomava-banho-de-mar-em-capital-nordestina\/#breadcrumb\",\"itemListElement\":[{\"@type\":\"ListItem\",\"position\":1,\"name\":\"In\u00edcio\",\"item\":\"https:\/\/brasilnoticias.org\/site\/\"},{\"@type\":\"ListItem\",\"position\":2,\"name\":\"L\u00edder de fac\u00e7\u00e3o no Sul baiano \u00e9 preso quando tomava banho de mar em capital nordestina\"}]},{\"@type\":\"WebSite\",\"@id\":\"https:\/\/brasilnoticias.org\/site\/#website\",\"url\":\"https:\/\/brasilnoticias.org\/site\/\",\"name\":\"Brasil not\u00edcias\",\"description\":\"Brasil not\u00edcias\",\"publisher\":{\"@id\":\"https:\/\/brasilnoticias.org\/site\/#organization\"},\"potentialAction\":[{\"@type\":\"SearchAction\",\"target\":{\"@type\":\"EntryPoint\",\"urlTemplate\":\"https:\/\/brasilnoticias.org\/site\/?s={search_term_string}\"},\"query-input\":{\"@type\":\"PropertyValueSpecification\",\"valueRequired\":true,\"valueName\":\"search_term_string\"}}],\"inLanguage\":\"pt-PT\"},{\"@type\":\"Organization\",\"@id\":\"https:\/\/brasilnoticias.org\/site\/#organization\",\"name\":\"Brasil not\u00edcias\",\"url\":\"https:\/\/brasilnoticias.org\/site\/\",\"logo\":{\"@type\":\"ImageObject\",\"inLanguage\":\"pt-PT\",\"@id\":\"https:\/\/brasilnoticias.org\/site\/#\/schema\/logo\/image\/\",\"url\":\"https:\/\/brasilnoticias.org\/site\/wp-content\/uploads\/2022\/05\/cropped-brasilnoticias-mini.jpg\",\"contentUrl\":\"https:\/\/brasilnoticias.org\/site\/wp-content\/uploads\/2022\/05\/cropped-brasilnoticias-mini.jpg\",\"width\":314,\"height\":86,\"caption\":\"Brasil not\u00edcias\"},\"image\":{\"@id\":\"https:\/\/brasilnoticias.org\/site\/#\/schema\/logo\/image\/\"}},{\"@type\":\"Person\",\"@id\":\"https:\/\/brasilnoticias.org\/site\/#\/schema\/person\/03bbbfe6c7634ad18c26444ea39049fa\",\"name\":\"Reda\u00e7\u00e3o\",\"image\":{\"@type\":\"ImageObject\",\"inLanguage\":\"pt-PT\",\"@id\":\"https:\/\/brasilnoticias.org\/site\/#\/schema\/person\/image\/\",\"url\":\"https:\/\/secure.gravatar.com\/avatar\/9ecaf7327a696cb23ad926fedded5f1f04d7049de9e445375d55b48c001a6e42?s=96&d=mm&r=g\",\"contentUrl\":\"https:\/\/secure.gravatar.com\/avatar\/9ecaf7327a696cb23ad926fedded5f1f04d7049de9e445375d55b48c001a6e42?s=96&d=mm&r=g\",\"caption\":\"Reda\u00e7\u00e3o\"},\"url\":\"https:\/\/brasilnoticias.org\/site\/author\/henrique\/\"}]}<\/script>\n<!-- \/ Yoast SEO plugin. -->","yoast_head_json":{"title":"L\u00edder de fac\u00e7\u00e3o no Sul baiano \u00e9 preso quando tomava banho de mar em capital nordestina - Brasil not\u00edcias","robots":{"index":"index","follow":"follow","max-snippet":"max-snippet:-1","max-image-preview":"max-image-preview:large","max-video-preview":"max-video-preview:-1"},"canonical":"https:\/\/brasilnoticias.org\/site\/lider-de-faccao-no-sul-baiano-e-preso-quando-tomava-banho-de-mar-em-capital-nordestina\/","og_locale":"pt_PT","og_type":"article","og_title":"L\u00edder de fac\u00e7\u00e3o no Sul baiano \u00e9 preso quando tomava banho de mar em capital nordestina - Brasil not\u00edcias","og_description":"Um homem apontado como l\u00edder de uma fac\u00e7\u00e3o criminosa com atua\u00e7\u00e3o em Ilh\u00e9us, Itabuna e Itacar\u00e9, no Sul baiano, foi","og_url":"https:\/\/brasilnoticias.org\/site\/lider-de-faccao-no-sul-baiano-e-preso-quando-tomava-banho-de-mar-em-capital-nordestina\/","og_site_name":"Brasil not\u00edcias","article_published_time":"2024-12-23T13:10:39+00:00","og_image":[{"width":1200,"height":630,"url":"https:\/\/brasilnoticias.org\/site\/wp-content\/uploads\/2024\/12\/IMAGEM_NOTICIA_9-2.webp","type":"image\/webp"}],"author":"Reda\u00e7\u00e3o","twitter_card":"summary_large_image","twitter_misc":{"Escrito por":"Reda\u00e7\u00e3o","Tempo estimado de leitura":"1 minuto"},"schema":{"@context":"https:\/\/schema.org","@graph":[{"@type":"Article","@id":"https:\/\/brasilnoticias.org\/site\/lider-de-faccao-no-sul-baiano-e-preso-quando-tomava-banho-de-mar-em-capital-nordestina\/#article","isPartOf":{"@id":"https:\/\/brasilnoticias.org\/site\/lider-de-faccao-no-sul-baiano-e-preso-quando-tomava-banho-de-mar-em-capital-nordestina\/"},"author":{"name":"Reda\u00e7\u00e3o","@id":"https:\/\/brasilnoticias.org\/site\/#\/schema\/person\/03bbbfe6c7634ad18c26444ea39049fa"},"headline":"L\u00edder de fac\u00e7\u00e3o no Sul baiano \u00e9 preso quando tomava banho de mar em capital nordestina","datePublished":"2024-12-23T13:10:39+00:00","mainEntityOfPage":{"@id":"https:\/\/brasilnoticias.org\/site\/lider-de-faccao-no-sul-baiano-e-preso-quando-tomava-banho-de-mar-em-capital-nordestina\/"},"wordCount":148,"commentCount":0,"publisher":{"@id":"https:\/\/brasilnoticias.org\/site\/#organization"},"image":{"@id":"https:\/\/brasilnoticias.org\/site\/lider-de-faccao-no-sul-baiano-e-preso-quando-tomava-banho-de-mar-em-capital-nordestina\/#primaryimage"},"thumbnailUrl":"https:\/\/brasilnoticias.org\/site\/wp-content\/uploads\/2024\/12\/IMAGEM_NOTICIA_9-2.webp","articleSection":["Pol\u00edcia","\u00daltimas"],"inLanguage":"pt-PT","potentialAction":[{"@type":"CommentAction","name":"Comment","target":["https:\/\/brasilnoticias.org\/site\/lider-de-faccao-no-sul-baiano-e-preso-quando-tomava-banho-de-mar-em-capital-nordestina\/#respond"]}]},{"@type":"WebPage","@id":"https:\/\/brasilnoticias.org\/site\/lider-de-faccao-no-sul-baiano-e-preso-quando-tomava-banho-de-mar-em-capital-nordestina\/","url":"https:\/\/brasilnoticias.org\/site\/lider-de-faccao-no-sul-baiano-e-preso-quando-tomava-banho-de-mar-em-capital-nordestina\/","name":"L\u00edder de fac\u00e7\u00e3o no Sul baiano \u00e9 preso quando tomava banho de mar em capital nordestina - Brasil not\u00edcias","isPartOf":{"@id":"https:\/\/brasilnoticias.org\/site\/#website"},"primaryImageOfPage":{"@id":"https:\/\/brasilnoticias.org\/site\/lider-de-faccao-no-sul-baiano-e-preso-quando-tomava-banho-de-mar-em-capital-nordestina\/#primaryimage"},"image":{"@id":"https:\/\/brasilnoticias.org\/site\/lider-de-faccao-no-sul-baiano-e-preso-quando-tomava-banho-de-mar-em-capital-nordestina\/#primaryimage"},"thumbnailUrl":"https:\/\/brasilnoticias.org\/site\/wp-content\/uploads\/2024\/12\/IMAGEM_NOTICIA_9-2.webp","datePublished":"2024-12-23T13:10:39+00:00","breadcrumb":{"@id":"https:\/\/brasilnoticias.org\/site\/lider-de-faccao-no-sul-baiano-e-preso-quando-tomava-banho-de-mar-em-capital-nordestina\/#breadcrumb"},"inLanguage":"pt-PT","potentialAction":[{"@type":"ReadAction","target":["https:\/\/brasilnoticias.org\/site\/lider-de-faccao-no-sul-baiano-e-preso-quando-tomava-banho-de-mar-em-capital-nordestina\/"]}]},{"@type":"ImageObject","inLanguage":"pt-PT","@id":"https:\/\/brasilnoticias.org\/site\/lider-de-faccao-no-sul-baiano-e-preso-quando-tomava-banho-de-mar-em-capital-nordestina\/#primaryimage","url":"https:\/\/brasilnoticias.org\/site\/wp-content\/uploads\/2024\/12\/IMAGEM_NOTICIA_9-2.webp","contentUrl":"https:\/\/brasilnoticias.org\/site\/wp-content\/uploads\/2024\/12\/IMAGEM_NOTICIA_9-2.webp","width":1200,"height":630},{"@type":"BreadcrumbList","@id":"https:\/\/brasilnoticias.org\/site\/lider-de-faccao-no-sul-baiano-e-preso-quando-tomava-banho-de-mar-em-capital-nordestina\/#breadcrumb","itemListElement":[{"@type":"ListItem","position":1,"name":"In\u00edcio","item":"https:\/\/brasilnoticias.org\/site\/"},{"@type":"ListItem","position":2,"name":"L\u00edder de fac\u00e7\u00e3o no Sul baiano \u00e9 preso quando tomava banho de mar em capital nordestina"}]},{"@type":"WebSite","@id":"https:\/\/brasilnoticias.org\/site\/#website","url":"https:\/\/brasilnoticias.org\/site\/","name":"Brasil not\u00edcias","description":"Brasil not\u00edcias","publisher":{"@id":"https:\/\/brasilnoticias.org\/site\/#organization"},"potentialAction":[{"@type":"SearchAction","target":{"@type":"EntryPoint","urlTemplate":"https:\/\/brasilnoticias.org\/site\/?s={search_term_string}"},"query-input":{"@type":"PropertyValueSpecification","valueRequired":true,"valueName":"search_term_string"}}],"inLanguage":"pt-PT"},{"@type":"Organization","@id":"https:\/\/brasilnoticias.org\/site\/#organization","name":"Brasil not\u00edcias","url":"https:\/\/brasilnoticias.org\/site\/","logo":{"@type":"ImageObject","inLanguage":"pt-PT","@id":"https:\/\/brasilnoticias.org\/site\/#\/schema\/logo\/image\/","url":"https:\/\/brasilnoticias.org\/site\/wp-content\/uploads\/2022\/05\/cropped-brasilnoticias-mini.jpg","contentUrl":"https:\/\/brasilnoticias.org\/site\/wp-content\/uploads\/2022\/05\/cropped-brasilnoticias-mini.jpg","width":314,"height":86,"caption":"Brasil not\u00edcias"},"image":{"@id":"https:\/\/brasilnoticias.org\/site\/#\/schema\/logo\/image\/"}},{"@type":"Person","@id":"https:\/\/brasilnoticias.org\/site\/#\/schema\/person\/03bbbfe6c7634ad18c26444ea39049fa","name":"Reda\u00e7\u00e3o","image":{"@type":"ImageObject","inLanguage":"pt-PT","@id":"https:\/\/brasilnoticias.org\/site\/#\/schema\/person\/image\/","url":"https:\/\/secure.gravatar.com\/avatar\/9ecaf7327a696cb23ad926fedded5f1f04d7049de9e445375d55b48c001a6e42?s=96&d=mm&r=g","contentUrl":"https:\/\/secure.gravatar.com\/avatar\/9ecaf7327a696cb23ad926fedded5f1f04d7049de9e445375d55b48c001a6e42?s=96&d=mm&r=g","caption":"Reda\u00e7\u00e3o"},"url":"https:\/\/brasilnoticias.org\/site\/author\/henrique\/"}]}},"_links":{"self":[{"href":"https:\/\/brasilnoticias.org\/site\/wp-json\/wp\/v2\/posts\/16583","targetHints":{"allow":["GET"]}}],"collection":[{"href":"https:\/\/brasilnoticias.org\/site\/wp-json\/wp\/v2\/posts"}],"about":[{"href":"https:\/\/brasilnoticias.org\/site\/wp-json\/wp\/v2\/types\/post"}],"author":[{"embeddable":true,"href":"https:\/\/brasilnoticias.org\/site\/wp-json\/wp\/v2\/users\/4"}],"replies":[{"embeddable":true,"href":"https:\/\/brasilnoticias.org\/site\/wp-json\/wp\/v2\/comments?post=16583"}],"version-history":[{"count":1,"href":"https:\/\/brasilnoticias.org\/site\/wp-json\/wp\/v2\/posts\/16583\/revisions"}],"predecessor-version":[{"id":16585,"href":"https:\/\/brasilnoticias.org\/site\/wp-json\/wp\/v2\/posts\/16583\/revisions\/16585"}],"wp:featuredmedia":[{"embeddable":true,"href":"https:\/\/brasilnoticias.org\/site\/wp-json\/wp\/v2\/media\/16584"}],"wp:attachment":[{"href":"https:\/\/brasilnoticias.org\/site\/wp-json\/wp\/v2\/media?parent=16583"}],"wp:term":[{"taxonomy":"category","embeddable":true,"href":"https:\/\/brasilnoticias.org\/site\/wp-json\/wp\/v2\/categories?post=16583"},{"taxonomy":"post_tag","embeddable":true,"href":"https:\/\/brasilnoticias.org\/site\/wp-json\/wp\/v2\/tags?post=16583"}],"curies":[{"name":"wp","href":"https:\/\/api.w.org\/{rel}","templated":true}]}}