{"id":16603,"date":"2024-12-31T09:06:45","date_gmt":"2024-12-31T12:06:45","guid":{"rendered":"https:\/\/brasilnoticias.org\/site\/?p=16603"},"modified":"2024-12-31T09:06:45","modified_gmt":"2024-12-31T12:06:45","slug":"dino-cobra-dados-da-agu-em-pedido-para-liberar-emendas-de-saude","status":"publish","type":"post","link":"https:\/\/brasilnoticias.org\/site\/dino-cobra-dados-da-agu-em-pedido-para-liberar-emendas-de-saude\/","title":{"rendered":"Dino cobra dados da AGU em pedido para liberar emendas de sa\u00fade"},"content":{"rendered":"<p>Ministro do STF quer saber se valor citado pelo \u00f3rg\u00e3o \u00e9 \u201cimprescind\u00edvel\u201d<\/p>\n<p>O ministro Fl\u00e1vio Dino, do Supremo Tribunal Federal (STF), cobrou mais informa\u00e7\u00f5es da Advocacia-Geral da Uni\u00e3o (AGU) para poder avaliar o pedido de libera\u00e7\u00e3o excepcional de emendas de comiss\u00e3o bloqueadas pelo magistrado. Em pedido enviado ao ministro na noite desta segunda-feira (30), a AGU solicitou a libera\u00e7\u00e3o das emendas, em especial as destinadas \u00e0 sa\u00fade. O objetivo \u00e9 cumprir o piso constitucional de gastos com a \u00e1rea.<\/p>\n<p>Para Dino, a AGU deve \u201ccomprovar objetivamente, com n\u00fameros\u201d a necessidade de usar os recursos das emendas para alcan\u00e7ar o piso. De acordo com a AGU, a libera\u00e7\u00e3o das emendas seria uma medida destinada ao \u201cestrito cumprimento do dever de garantir o m\u00ednimo constitucional em sa\u00fade\u201d e condicionada \u00e0 convalida\u00e7\u00e3o posterior das indica\u00e7\u00f5es em ata espec\u00edfica, com identifica\u00e7\u00e3o dos congressistas solicitantes.<\/p>\n<p>Na decis\u00e3o, Dino tamb\u00e9m determinou que a AGU informe de quais Casas do Congresso v\u00eam os empenhos das emendas de sa\u00fade e em que montante. \u201cA fim de permitir a aprecia\u00e7\u00e3o dos pedidos formulados, deve a AGU comprovar objetivamente, com n\u00fameros, que os apontados R$ 370 milh\u00f5es s\u00e3o imprescind\u00edveis para o alcance do piso constitucional relativo \u00e0s despesas com Sa\u00fade\u201d, afirmou o ministro.<\/p>\n<p>Foto: Gustavo Moreno\/SCO\/STF<br \/>\nPor: Metro1<\/p>\n","protected":false},"excerpt":{"rendered":"<p>Ministro do STF quer saber se valor citado pelo \u00f3rg\u00e3o \u00e9 \u201cimprescind\u00edvel\u201d O ministro Fl\u00e1vio Dino, do Supremo Tribunal Federal<\/p>\n","protected":false},"author":4,"featured_media":16604,"comment_status":"open","ping_status":"open","sticky":false,"template":"","format":"standard","meta":{"colormag_page_container_layout":"default_layout","colormag_page_sidebar_layout":"default_layout","_FSMCFIC_featured_image_caption":"","_FSMCFIC_featured_image_nocaption":"","_FSMCFIC_featured_image_hide":"","footnotes":""},"categories":[5,1],"tags":[],"class_list":["post-16603","post","type-post","status-publish","format-standard","has-post-thumbnail","hentry","category-politica","category-ultimas"],"yoast_head":"<!-- This site is optimized with the Yoast SEO plugin v27.1.1 - https:\/\/yoast.com\/product\/yoast-seo-wordpress\/ -->\n<title>Dino cobra dados da AGU em pedido para liberar emendas de sa\u00fade - Brasil not\u00edcias<\/title>\n<meta name=\"robots\" content=\"index, follow, max-snippet:-1, max-image-preview:large, max-video-preview:-1\" \/>\n<link rel=\"canonical\" href=\"https:\/\/brasilnoticias.org\/site\/dino-cobra-dados-da-agu-em-pedido-para-liberar-emendas-de-saude\/\" \/>\n<meta property=\"og:locale\" content=\"pt_PT\" \/>\n<meta property=\"og:type\" content=\"article\" \/>\n<meta property=\"og:title\" content=\"Dino cobra dados da AGU em pedido para liberar emendas de sa\u00fade - Brasil not\u00edcias\" \/>\n<meta property=\"og:description\" content=\"Ministro do STF quer saber se valor citado pelo \u00f3rg\u00e3o \u00e9 \u201cimprescind\u00edvel\u201d O ministro Fl\u00e1vio Dino, do Supremo Tribunal Federal\" \/>\n<meta property=\"og:url\" content=\"https:\/\/brasilnoticias.org\/site\/dino-cobra-dados-da-agu-em-pedido-para-liberar-emendas-de-saude\/\" \/>\n<meta property=\"og:site_name\" content=\"Brasil not\u00edcias\" \/>\n<meta property=\"article:published_time\" content=\"2024-12-31T12:06:45+00:00\" \/>\n<meta property=\"og:image\" content=\"https:\/\/brasilnoticias.org\/site\/wp-content\/uploads\/2024\/12\/159599dino-cobra-dados-da-agu-em-pedido-para-liberar-emendas-de-saude-3.jpg\" \/>\n\t<meta property=\"og:image:width\" content=\"1600\" \/>\n\t<meta property=\"og:image:height\" content=\"752\" \/>\n\t<meta property=\"og:image:type\" content=\"image\/jpeg\" \/>\n<meta name=\"author\" content=\"Reda\u00e7\u00e3o\" \/>\n<meta name=\"twitter:card\" content=\"summary_large_image\" \/>\n<meta name=\"twitter:label1\" content=\"Escrito por\" \/>\n\t<meta name=\"twitter:data1\" content=\"Reda\u00e7\u00e3o\" \/>\n\t<meta name=\"twitter:label2\" content=\"Tempo estimado de leitura\" \/>\n\t<meta name=\"twitter:data2\" content=\"1 minuto\" \/>\n<script type=\"application\/ld+json\" class=\"yoast-schema-graph\">{\"@context\":\"https:\/\/schema.org\",\"@graph\":[{\"@type\":\"Article\",\"@id\":\"https:\/\/brasilnoticias.org\/site\/dino-cobra-dados-da-agu-em-pedido-para-liberar-emendas-de-saude\/#article\",\"isPartOf\":{\"@id\":\"https:\/\/brasilnoticias.org\/site\/dino-cobra-dados-da-agu-em-pedido-para-liberar-emendas-de-saude\/\"},\"author\":{\"name\":\"Reda\u00e7\u00e3o\",\"@id\":\"https:\/\/brasilnoticias.org\/site\/#\/schema\/person\/03bbbfe6c7634ad18c26444ea39049fa\"},\"headline\":\"Dino cobra dados da AGU em pedido para liberar emendas de sa\u00fade\",\"datePublished\":\"2024-12-31T12:06:45+00:00\",\"mainEntityOfPage\":{\"@id\":\"https:\/\/brasilnoticias.org\/site\/dino-cobra-dados-da-agu-em-pedido-para-liberar-emendas-de-saude\/\"},\"wordCount\":245,\"commentCount\":0,\"publisher\":{\"@id\":\"https:\/\/brasilnoticias.org\/site\/#organization\"},\"image\":{\"@id\":\"https:\/\/brasilnoticias.org\/site\/dino-cobra-dados-da-agu-em-pedido-para-liberar-emendas-de-saude\/#primaryimage\"},\"thumbnailUrl\":\"https:\/\/brasilnoticias.org\/site\/wp-content\/uploads\/2024\/12\/159599dino-cobra-dados-da-agu-em-pedido-para-liberar-emendas-de-saude-3.jpg\",\"articleSection\":[\"Pol\u00edtica\",\"\u00daltimas\"],\"inLanguage\":\"pt-PT\",\"potentialAction\":[{\"@type\":\"CommentAction\",\"name\":\"Comment\",\"target\":[\"https:\/\/brasilnoticias.org\/site\/dino-cobra-dados-da-agu-em-pedido-para-liberar-emendas-de-saude\/#respond\"]}]},{\"@type\":\"WebPage\",\"@id\":\"https:\/\/brasilnoticias.org\/site\/dino-cobra-dados-da-agu-em-pedido-para-liberar-emendas-de-saude\/\",\"url\":\"https:\/\/brasilnoticias.org\/site\/dino-cobra-dados-da-agu-em-pedido-para-liberar-emendas-de-saude\/\",\"name\":\"Dino cobra dados da AGU em pedido para liberar emendas de sa\u00fade - Brasil not\u00edcias\",\"isPartOf\":{\"@id\":\"https:\/\/brasilnoticias.org\/site\/#website\"},\"primaryImageOfPage\":{\"@id\":\"https:\/\/brasilnoticias.org\/site\/dino-cobra-dados-da-agu-em-pedido-para-liberar-emendas-de-saude\/#primaryimage\"},\"image\":{\"@id\":\"https:\/\/brasilnoticias.org\/site\/dino-cobra-dados-da-agu-em-pedido-para-liberar-emendas-de-saude\/#primaryimage\"},\"thumbnailUrl\":\"https:\/\/brasilnoticias.org\/site\/wp-content\/uploads\/2024\/12\/159599dino-cobra-dados-da-agu-em-pedido-para-liberar-emendas-de-saude-3.jpg\",\"datePublished\":\"2024-12-31T12:06:45+00:00\",\"breadcrumb\":{\"@id\":\"https:\/\/brasilnoticias.org\/site\/dino-cobra-dados-da-agu-em-pedido-para-liberar-emendas-de-saude\/#breadcrumb\"},\"inLanguage\":\"pt-PT\",\"potentialAction\":[{\"@type\":\"ReadAction\",\"target\":[\"https:\/\/brasilnoticias.org\/site\/dino-cobra-dados-da-agu-em-pedido-para-liberar-emendas-de-saude\/\"]}]},{\"@type\":\"ImageObject\",\"inLanguage\":\"pt-PT\",\"@id\":\"https:\/\/brasilnoticias.org\/site\/dino-cobra-dados-da-agu-em-pedido-para-liberar-emendas-de-saude\/#primaryimage\",\"url\":\"https:\/\/brasilnoticias.org\/site\/wp-content\/uploads\/2024\/12\/159599dino-cobra-dados-da-agu-em-pedido-para-liberar-emendas-de-saude-3.jpg\",\"contentUrl\":\"https:\/\/brasilnoticias.org\/site\/wp-content\/uploads\/2024\/12\/159599dino-cobra-dados-da-agu-em-pedido-para-liberar-emendas-de-saude-3.jpg\",\"width\":1600,\"height\":752},{\"@type\":\"BreadcrumbList\",\"@id\":\"https:\/\/brasilnoticias.org\/site\/dino-cobra-dados-da-agu-em-pedido-para-liberar-emendas-de-saude\/#breadcrumb\",\"itemListElement\":[{\"@type\":\"ListItem\",\"position\":1,\"name\":\"In\u00edcio\",\"item\":\"https:\/\/brasilnoticias.org\/site\/\"},{\"@type\":\"ListItem\",\"position\":2,\"name\":\"Dino cobra dados da AGU em pedido para liberar emendas de sa\u00fade\"}]},{\"@type\":\"WebSite\",\"@id\":\"https:\/\/brasilnoticias.org\/site\/#website\",\"url\":\"https:\/\/brasilnoticias.org\/site\/\",\"name\":\"Brasil not\u00edcias\",\"description\":\"Brasil not\u00edcias\",\"publisher\":{\"@id\":\"https:\/\/brasilnoticias.org\/site\/#organization\"},\"potentialAction\":[{\"@type\":\"SearchAction\",\"target\":{\"@type\":\"EntryPoint\",\"urlTemplate\":\"https:\/\/brasilnoticias.org\/site\/?s={search_term_string}\"},\"query-input\":{\"@type\":\"PropertyValueSpecification\",\"valueRequired\":true,\"valueName\":\"search_term_string\"}}],\"inLanguage\":\"pt-PT\"},{\"@type\":\"Organization\",\"@id\":\"https:\/\/brasilnoticias.org\/site\/#organization\",\"name\":\"Brasil not\u00edcias\",\"url\":\"https:\/\/brasilnoticias.org\/site\/\",\"logo\":{\"@type\":\"ImageObject\",\"inLanguage\":\"pt-PT\",\"@id\":\"https:\/\/brasilnoticias.org\/site\/#\/schema\/logo\/image\/\",\"url\":\"https:\/\/brasilnoticias.org\/site\/wp-content\/uploads\/2022\/05\/cropped-brasilnoticias-mini.jpg\",\"contentUrl\":\"https:\/\/brasilnoticias.org\/site\/wp-content\/uploads\/2022\/05\/cropped-brasilnoticias-mini.jpg\",\"width\":314,\"height\":86,\"caption\":\"Brasil not\u00edcias\"},\"image\":{\"@id\":\"https:\/\/brasilnoticias.org\/site\/#\/schema\/logo\/image\/\"}},{\"@type\":\"Person\",\"@id\":\"https:\/\/brasilnoticias.org\/site\/#\/schema\/person\/03bbbfe6c7634ad18c26444ea39049fa\",\"name\":\"Reda\u00e7\u00e3o\",\"image\":{\"@type\":\"ImageObject\",\"inLanguage\":\"pt-PT\",\"@id\":\"https:\/\/brasilnoticias.org\/site\/#\/schema\/person\/image\/\",\"url\":\"https:\/\/secure.gravatar.com\/avatar\/9ecaf7327a696cb23ad926fedded5f1f04d7049de9e445375d55b48c001a6e42?s=96&d=mm&r=g\",\"contentUrl\":\"https:\/\/secure.gravatar.com\/avatar\/9ecaf7327a696cb23ad926fedded5f1f04d7049de9e445375d55b48c001a6e42?s=96&d=mm&r=g\",\"caption\":\"Reda\u00e7\u00e3o\"},\"url\":\"https:\/\/brasilnoticias.org\/site\/author\/henrique\/\"}]}<\/script>\n<!-- \/ Yoast SEO plugin. -->","yoast_head_json":{"title":"Dino cobra dados da AGU em pedido para liberar emendas de sa\u00fade - Brasil not\u00edcias","robots":{"index":"index","follow":"follow","max-snippet":"max-snippet:-1","max-image-preview":"max-image-preview:large","max-video-preview":"max-video-preview:-1"},"canonical":"https:\/\/brasilnoticias.org\/site\/dino-cobra-dados-da-agu-em-pedido-para-liberar-emendas-de-saude\/","og_locale":"pt_PT","og_type":"article","og_title":"Dino cobra dados da AGU em pedido para liberar emendas de sa\u00fade - Brasil not\u00edcias","og_description":"Ministro do STF quer saber se valor citado pelo \u00f3rg\u00e3o \u00e9 \u201cimprescind\u00edvel\u201d O ministro Fl\u00e1vio Dino, do Supremo Tribunal Federal","og_url":"https:\/\/brasilnoticias.org\/site\/dino-cobra-dados-da-agu-em-pedido-para-liberar-emendas-de-saude\/","og_site_name":"Brasil not\u00edcias","article_published_time":"2024-12-31T12:06:45+00:00","og_image":[{"width":1600,"height":752,"url":"https:\/\/brasilnoticias.org\/site\/wp-content\/uploads\/2024\/12\/159599dino-cobra-dados-da-agu-em-pedido-para-liberar-emendas-de-saude-3.jpg","type":"image\/jpeg"}],"author":"Reda\u00e7\u00e3o","twitter_card":"summary_large_image","twitter_misc":{"Escrito por":"Reda\u00e7\u00e3o","Tempo estimado de leitura":"1 minuto"},"schema":{"@context":"https:\/\/schema.org","@graph":[{"@type":"Article","@id":"https:\/\/brasilnoticias.org\/site\/dino-cobra-dados-da-agu-em-pedido-para-liberar-emendas-de-saude\/#article","isPartOf":{"@id":"https:\/\/brasilnoticias.org\/site\/dino-cobra-dados-da-agu-em-pedido-para-liberar-emendas-de-saude\/"},"author":{"name":"Reda\u00e7\u00e3o","@id":"https:\/\/brasilnoticias.org\/site\/#\/schema\/person\/03bbbfe6c7634ad18c26444ea39049fa"},"headline":"Dino cobra dados da AGU em pedido para liberar emendas de sa\u00fade","datePublished":"2024-12-31T12:06:45+00:00","mainEntityOfPage":{"@id":"https:\/\/brasilnoticias.org\/site\/dino-cobra-dados-da-agu-em-pedido-para-liberar-emendas-de-saude\/"},"wordCount":245,"commentCount":0,"publisher":{"@id":"https:\/\/brasilnoticias.org\/site\/#organization"},"image":{"@id":"https:\/\/brasilnoticias.org\/site\/dino-cobra-dados-da-agu-em-pedido-para-liberar-emendas-de-saude\/#primaryimage"},"thumbnailUrl":"https:\/\/brasilnoticias.org\/site\/wp-content\/uploads\/2024\/12\/159599dino-cobra-dados-da-agu-em-pedido-para-liberar-emendas-de-saude-3.jpg","articleSection":["Pol\u00edtica","\u00daltimas"],"inLanguage":"pt-PT","potentialAction":[{"@type":"CommentAction","name":"Comment","target":["https:\/\/brasilnoticias.org\/site\/dino-cobra-dados-da-agu-em-pedido-para-liberar-emendas-de-saude\/#respond"]}]},{"@type":"WebPage","@id":"https:\/\/brasilnoticias.org\/site\/dino-cobra-dados-da-agu-em-pedido-para-liberar-emendas-de-saude\/","url":"https:\/\/brasilnoticias.org\/site\/dino-cobra-dados-da-agu-em-pedido-para-liberar-emendas-de-saude\/","name":"Dino cobra dados da AGU em pedido para liberar emendas de sa\u00fade - Brasil not\u00edcias","isPartOf":{"@id":"https:\/\/brasilnoticias.org\/site\/#website"},"primaryImageOfPage":{"@id":"https:\/\/brasilnoticias.org\/site\/dino-cobra-dados-da-agu-em-pedido-para-liberar-emendas-de-saude\/#primaryimage"},"image":{"@id":"https:\/\/brasilnoticias.org\/site\/dino-cobra-dados-da-agu-em-pedido-para-liberar-emendas-de-saude\/#primaryimage"},"thumbnailUrl":"https:\/\/brasilnoticias.org\/site\/wp-content\/uploads\/2024\/12\/159599dino-cobra-dados-da-agu-em-pedido-para-liberar-emendas-de-saude-3.jpg","datePublished":"2024-12-31T12:06:45+00:00","breadcrumb":{"@id":"https:\/\/brasilnoticias.org\/site\/dino-cobra-dados-da-agu-em-pedido-para-liberar-emendas-de-saude\/#breadcrumb"},"inLanguage":"pt-PT","potentialAction":[{"@type":"ReadAction","target":["https:\/\/brasilnoticias.org\/site\/dino-cobra-dados-da-agu-em-pedido-para-liberar-emendas-de-saude\/"]}]},{"@type":"ImageObject","inLanguage":"pt-PT","@id":"https:\/\/brasilnoticias.org\/site\/dino-cobra-dados-da-agu-em-pedido-para-liberar-emendas-de-saude\/#primaryimage","url":"https:\/\/brasilnoticias.org\/site\/wp-content\/uploads\/2024\/12\/159599dino-cobra-dados-da-agu-em-pedido-para-liberar-emendas-de-saude-3.jpg","contentUrl":"https:\/\/brasilnoticias.org\/site\/wp-content\/uploads\/2024\/12\/159599dino-cobra-dados-da-agu-em-pedido-para-liberar-emendas-de-saude-3.jpg","width":1600,"height":752},{"@type":"BreadcrumbList","@id":"https:\/\/brasilnoticias.org\/site\/dino-cobra-dados-da-agu-em-pedido-para-liberar-emendas-de-saude\/#breadcrumb","itemListElement":[{"@type":"ListItem","position":1,"name":"In\u00edcio","item":"https:\/\/brasilnoticias.org\/site\/"},{"@type":"ListItem","position":2,"name":"Dino cobra dados da AGU em pedido para liberar emendas de sa\u00fade"}]},{"@type":"WebSite","@id":"https:\/\/brasilnoticias.org\/site\/#website","url":"https:\/\/brasilnoticias.org\/site\/","name":"Brasil not\u00edcias","description":"Brasil not\u00edcias","publisher":{"@id":"https:\/\/brasilnoticias.org\/site\/#organization"},"potentialAction":[{"@type":"SearchAction","target":{"@type":"EntryPoint","urlTemplate":"https:\/\/brasilnoticias.org\/site\/?s={search_term_string}"},"query-input":{"@type":"PropertyValueSpecification","valueRequired":true,"valueName":"search_term_string"}}],"inLanguage":"pt-PT"},{"@type":"Organization","@id":"https:\/\/brasilnoticias.org\/site\/#organization","name":"Brasil not\u00edcias","url":"https:\/\/brasilnoticias.org\/site\/","logo":{"@type":"ImageObject","inLanguage":"pt-PT","@id":"https:\/\/brasilnoticias.org\/site\/#\/schema\/logo\/image\/","url":"https:\/\/brasilnoticias.org\/site\/wp-content\/uploads\/2022\/05\/cropped-brasilnoticias-mini.jpg","contentUrl":"https:\/\/brasilnoticias.org\/site\/wp-content\/uploads\/2022\/05\/cropped-brasilnoticias-mini.jpg","width":314,"height":86,"caption":"Brasil not\u00edcias"},"image":{"@id":"https:\/\/brasilnoticias.org\/site\/#\/schema\/logo\/image\/"}},{"@type":"Person","@id":"https:\/\/brasilnoticias.org\/site\/#\/schema\/person\/03bbbfe6c7634ad18c26444ea39049fa","name":"Reda\u00e7\u00e3o","image":{"@type":"ImageObject","inLanguage":"pt-PT","@id":"https:\/\/brasilnoticias.org\/site\/#\/schema\/person\/image\/","url":"https:\/\/secure.gravatar.com\/avatar\/9ecaf7327a696cb23ad926fedded5f1f04d7049de9e445375d55b48c001a6e42?s=96&d=mm&r=g","contentUrl":"https:\/\/secure.gravatar.com\/avatar\/9ecaf7327a696cb23ad926fedded5f1f04d7049de9e445375d55b48c001a6e42?s=96&d=mm&r=g","caption":"Reda\u00e7\u00e3o"},"url":"https:\/\/brasilnoticias.org\/site\/author\/henrique\/"}]}},"_links":{"self":[{"href":"https:\/\/brasilnoticias.org\/site\/wp-json\/wp\/v2\/posts\/16603","targetHints":{"allow":["GET"]}}],"collection":[{"href":"https:\/\/brasilnoticias.org\/site\/wp-json\/wp\/v2\/posts"}],"about":[{"href":"https:\/\/brasilnoticias.org\/site\/wp-json\/wp\/v2\/types\/post"}],"author":[{"embeddable":true,"href":"https:\/\/brasilnoticias.org\/site\/wp-json\/wp\/v2\/users\/4"}],"replies":[{"embeddable":true,"href":"https:\/\/brasilnoticias.org\/site\/wp-json\/wp\/v2\/comments?post=16603"}],"version-history":[{"count":1,"href":"https:\/\/brasilnoticias.org\/site\/wp-json\/wp\/v2\/posts\/16603\/revisions"}],"predecessor-version":[{"id":16605,"href":"https:\/\/brasilnoticias.org\/site\/wp-json\/wp\/v2\/posts\/16603\/revisions\/16605"}],"wp:featuredmedia":[{"embeddable":true,"href":"https:\/\/brasilnoticias.org\/site\/wp-json\/wp\/v2\/media\/16604"}],"wp:attachment":[{"href":"https:\/\/brasilnoticias.org\/site\/wp-json\/wp\/v2\/media?parent=16603"}],"wp:term":[{"taxonomy":"category","embeddable":true,"href":"https:\/\/brasilnoticias.org\/site\/wp-json\/wp\/v2\/categories?post=16603"},{"taxonomy":"post_tag","embeddable":true,"href":"https:\/\/brasilnoticias.org\/site\/wp-json\/wp\/v2\/tags?post=16603"}],"curies":[{"name":"wp","href":"https:\/\/api.w.org\/{rel}","templated":true}]}}