{"id":16606,"date":"2024-12-31T09:08:37","date_gmt":"2024-12-31T12:08:37","guid":{"rendered":"https:\/\/brasilnoticias.org\/site\/?p=16606"},"modified":"2024-12-31T09:08:37","modified_gmt":"2024-12-31T12:08:37","slug":"pgr-cancela-recesso-para-acelerar-processo-de-denuncia-contra-bolsonaro","status":"publish","type":"post","link":"https:\/\/brasilnoticias.org\/site\/pgr-cancela-recesso-para-acelerar-processo-de-denuncia-contra-bolsonaro\/","title":{"rendered":"PGR cancela recesso para acelerar processo de den\u00fancia contra Bolsonaro"},"content":{"rendered":"<p>Expectativa \u00e9 que Paulo Gonet apresente parecer at\u00e9 fevereiro<\/p>\n<p>O procurador-geral da Rep\u00fablica, Paulo Gonet, abriu m\u00e3o do recesso de fim de ano para dar celeridade no processo de den\u00fancia contra os envolvidos em uma tentativa de golpe no pa\u00eds, entre eles o ex-presidente Jair Bolsonaro (PL). Gonet deve permanecer em Bras\u00edlia para analisar os relat\u00f3rios da Pol\u00edcia Federal (PF) sobre os indiciamentos. As informa\u00e7\u00f5es s\u00e3o da Lu\u00edsa Martins, na CNN. <\/p>\n<p>A avalia\u00e7\u00e3o \u00e9 de que investiga\u00e7\u00f5es que j\u00e1 contam com pessoas privadas de liberdade devem tramitar mais r\u00e1pido, para evitar que pris\u00f5es preventivas se alonguem demais sem uma acusa\u00e7\u00e3o formal. \u00c9 o caso do general Braga Netto, preso no dia 14 de dezembro.<\/p>\n<p>Da mesma maneira, o ministro Alexandre de Moraes, do Supremo Tribunal Federal (STF), comunicou formalmente \u00e0 presid\u00eancia da Corte que vai abrir m\u00e3o do recesso para permanecer \u00e0 frente dos processos sob a sua relatoria. Com Gonet e Moraes atuando para analisar o que chegar ao STF envolvendo a tentativa de golpe de Estado, a expectativa \u00e9 que a den\u00fancia j\u00e1 esteja pronta para ser julgada pela Primeira Turma logo nas primeiras semanas de fevereiro.<\/p>\n<p>Al\u00e9m de Bolsonaro e Braga Netto, foram indiciados outras 34 pessoas pelo plano, entre elas o ex-ajudante de ordens de Bolsonaro, Mauro Cid; o ex-ministro do GSI de Bolsonaro, Augusto Heleno; e o presidente do PL, Valdemar Costa Neto. Segundo a PF, o grupo \u2013 formado em sua maioria por militares das For\u00e7as Especiais (FE), os chamados \u201ckids pretos\u201d \u2013 visava impedir a posse do governo eleito em 2022.<\/p>\n<p>Foto: Lula Marques\/ Ag\u00eancia Brasil<br \/>\nPor: Metro1<\/p>\n","protected":false},"excerpt":{"rendered":"<p>Expectativa \u00e9 que Paulo Gonet apresente parecer at\u00e9 fevereiro O procurador-geral da Rep\u00fablica, Paulo Gonet, abriu m\u00e3o do recesso de<\/p>\n","protected":false},"author":4,"featured_media":16607,"comment_status":"open","ping_status":"open","sticky":false,"template":"","format":"standard","meta":{"colormag_page_container_layout":"default_layout","colormag_page_sidebar_layout":"default_layout","_FSMCFIC_featured_image_caption":"","_FSMCFIC_featured_image_nocaption":"","_FSMCFIC_featured_image_hide":"","footnotes":""},"categories":[5,1],"tags":[],"class_list":["post-16606","post","type-post","status-publish","format-standard","has-post-thumbnail","hentry","category-politica","category-ultimas"],"yoast_head":"<!-- This site is optimized with the Yoast SEO plugin v27.1.1 - https:\/\/yoast.com\/product\/yoast-seo-wordpress\/ -->\n<title>PGR cancela recesso para acelerar processo de den\u00fancia contra Bolsonaro - Brasil not\u00edcias<\/title>\n<meta name=\"robots\" content=\"index, follow, max-snippet:-1, max-image-preview:large, max-video-preview:-1\" \/>\n<link rel=\"canonical\" href=\"https:\/\/brasilnoticias.org\/site\/pgr-cancela-recesso-para-acelerar-processo-de-denuncia-contra-bolsonaro\/\" \/>\n<meta property=\"og:locale\" content=\"pt_PT\" \/>\n<meta property=\"og:type\" content=\"article\" \/>\n<meta property=\"og:title\" content=\"PGR cancela recesso para acelerar processo de den\u00fancia contra Bolsonaro - Brasil not\u00edcias\" \/>\n<meta property=\"og:description\" content=\"Expectativa \u00e9 que Paulo Gonet apresente parecer at\u00e9 fevereiro O procurador-geral da Rep\u00fablica, Paulo Gonet, abriu m\u00e3o do recesso de\" \/>\n<meta property=\"og:url\" content=\"https:\/\/brasilnoticias.org\/site\/pgr-cancela-recesso-para-acelerar-processo-de-denuncia-contra-bolsonaro\/\" \/>\n<meta property=\"og:site_name\" content=\"Brasil not\u00edcias\" \/>\n<meta property=\"article:published_time\" content=\"2024-12-31T12:08:37+00:00\" \/>\n<meta property=\"og:image\" content=\"https:\/\/brasilnoticias.org\/site\/wp-content\/uploads\/2024\/12\/159598pgr-cancela-recesso-para-acelerar-processo-de-denuncia-contra-bolsonaro-3.jpg\" \/>\n\t<meta property=\"og:image:width\" content=\"1600\" \/>\n\t<meta property=\"og:image:height\" content=\"752\" \/>\n\t<meta property=\"og:image:type\" content=\"image\/jpeg\" \/>\n<meta name=\"author\" content=\"Reda\u00e7\u00e3o\" \/>\n<meta name=\"twitter:card\" content=\"summary_large_image\" \/>\n<meta name=\"twitter:label1\" content=\"Escrito por\" \/>\n\t<meta name=\"twitter:data1\" content=\"Reda\u00e7\u00e3o\" \/>\n\t<meta name=\"twitter:label2\" content=\"Tempo estimado de leitura\" \/>\n\t<meta name=\"twitter:data2\" content=\"1 minuto\" \/>\n<script type=\"application\/ld+json\" class=\"yoast-schema-graph\">{\"@context\":\"https:\/\/schema.org\",\"@graph\":[{\"@type\":\"Article\",\"@id\":\"https:\/\/brasilnoticias.org\/site\/pgr-cancela-recesso-para-acelerar-processo-de-denuncia-contra-bolsonaro\/#article\",\"isPartOf\":{\"@id\":\"https:\/\/brasilnoticias.org\/site\/pgr-cancela-recesso-para-acelerar-processo-de-denuncia-contra-bolsonaro\/\"},\"author\":{\"name\":\"Reda\u00e7\u00e3o\",\"@id\":\"https:\/\/brasilnoticias.org\/site\/#\/schema\/person\/03bbbfe6c7634ad18c26444ea39049fa\"},\"headline\":\"PGR cancela recesso para acelerar processo de den\u00fancia contra Bolsonaro\",\"datePublished\":\"2024-12-31T12:08:37+00:00\",\"mainEntityOfPage\":{\"@id\":\"https:\/\/brasilnoticias.org\/site\/pgr-cancela-recesso-para-acelerar-processo-de-denuncia-contra-bolsonaro\/\"},\"wordCount\":286,\"commentCount\":0,\"publisher\":{\"@id\":\"https:\/\/brasilnoticias.org\/site\/#organization\"},\"image\":{\"@id\":\"https:\/\/brasilnoticias.org\/site\/pgr-cancela-recesso-para-acelerar-processo-de-denuncia-contra-bolsonaro\/#primaryimage\"},\"thumbnailUrl\":\"https:\/\/brasilnoticias.org\/site\/wp-content\/uploads\/2024\/12\/159598pgr-cancela-recesso-para-acelerar-processo-de-denuncia-contra-bolsonaro-3.jpg\",\"articleSection\":[\"Pol\u00edtica\",\"\u00daltimas\"],\"inLanguage\":\"pt-PT\",\"potentialAction\":[{\"@type\":\"CommentAction\",\"name\":\"Comment\",\"target\":[\"https:\/\/brasilnoticias.org\/site\/pgr-cancela-recesso-para-acelerar-processo-de-denuncia-contra-bolsonaro\/#respond\"]}]},{\"@type\":\"WebPage\",\"@id\":\"https:\/\/brasilnoticias.org\/site\/pgr-cancela-recesso-para-acelerar-processo-de-denuncia-contra-bolsonaro\/\",\"url\":\"https:\/\/brasilnoticias.org\/site\/pgr-cancela-recesso-para-acelerar-processo-de-denuncia-contra-bolsonaro\/\",\"name\":\"PGR cancela recesso para acelerar processo de den\u00fancia contra Bolsonaro - Brasil not\u00edcias\",\"isPartOf\":{\"@id\":\"https:\/\/brasilnoticias.org\/site\/#website\"},\"primaryImageOfPage\":{\"@id\":\"https:\/\/brasilnoticias.org\/site\/pgr-cancela-recesso-para-acelerar-processo-de-denuncia-contra-bolsonaro\/#primaryimage\"},\"image\":{\"@id\":\"https:\/\/brasilnoticias.org\/site\/pgr-cancela-recesso-para-acelerar-processo-de-denuncia-contra-bolsonaro\/#primaryimage\"},\"thumbnailUrl\":\"https:\/\/brasilnoticias.org\/site\/wp-content\/uploads\/2024\/12\/159598pgr-cancela-recesso-para-acelerar-processo-de-denuncia-contra-bolsonaro-3.jpg\",\"datePublished\":\"2024-12-31T12:08:37+00:00\",\"breadcrumb\":{\"@id\":\"https:\/\/brasilnoticias.org\/site\/pgr-cancela-recesso-para-acelerar-processo-de-denuncia-contra-bolsonaro\/#breadcrumb\"},\"inLanguage\":\"pt-PT\",\"potentialAction\":[{\"@type\":\"ReadAction\",\"target\":[\"https:\/\/brasilnoticias.org\/site\/pgr-cancela-recesso-para-acelerar-processo-de-denuncia-contra-bolsonaro\/\"]}]},{\"@type\":\"ImageObject\",\"inLanguage\":\"pt-PT\",\"@id\":\"https:\/\/brasilnoticias.org\/site\/pgr-cancela-recesso-para-acelerar-processo-de-denuncia-contra-bolsonaro\/#primaryimage\",\"url\":\"https:\/\/brasilnoticias.org\/site\/wp-content\/uploads\/2024\/12\/159598pgr-cancela-recesso-para-acelerar-processo-de-denuncia-contra-bolsonaro-3.jpg\",\"contentUrl\":\"https:\/\/brasilnoticias.org\/site\/wp-content\/uploads\/2024\/12\/159598pgr-cancela-recesso-para-acelerar-processo-de-denuncia-contra-bolsonaro-3.jpg\",\"width\":1600,\"height\":752},{\"@type\":\"BreadcrumbList\",\"@id\":\"https:\/\/brasilnoticias.org\/site\/pgr-cancela-recesso-para-acelerar-processo-de-denuncia-contra-bolsonaro\/#breadcrumb\",\"itemListElement\":[{\"@type\":\"ListItem\",\"position\":1,\"name\":\"In\u00edcio\",\"item\":\"https:\/\/brasilnoticias.org\/site\/\"},{\"@type\":\"ListItem\",\"position\":2,\"name\":\"PGR cancela recesso para acelerar processo de den\u00fancia contra Bolsonaro\"}]},{\"@type\":\"WebSite\",\"@id\":\"https:\/\/brasilnoticias.org\/site\/#website\",\"url\":\"https:\/\/brasilnoticias.org\/site\/\",\"name\":\"Brasil not\u00edcias\",\"description\":\"Brasil not\u00edcias\",\"publisher\":{\"@id\":\"https:\/\/brasilnoticias.org\/site\/#organization\"},\"potentialAction\":[{\"@type\":\"SearchAction\",\"target\":{\"@type\":\"EntryPoint\",\"urlTemplate\":\"https:\/\/brasilnoticias.org\/site\/?s={search_term_string}\"},\"query-input\":{\"@type\":\"PropertyValueSpecification\",\"valueRequired\":true,\"valueName\":\"search_term_string\"}}],\"inLanguage\":\"pt-PT\"},{\"@type\":\"Organization\",\"@id\":\"https:\/\/brasilnoticias.org\/site\/#organization\",\"name\":\"Brasil not\u00edcias\",\"url\":\"https:\/\/brasilnoticias.org\/site\/\",\"logo\":{\"@type\":\"ImageObject\",\"inLanguage\":\"pt-PT\",\"@id\":\"https:\/\/brasilnoticias.org\/site\/#\/schema\/logo\/image\/\",\"url\":\"https:\/\/brasilnoticias.org\/site\/wp-content\/uploads\/2022\/05\/cropped-brasilnoticias-mini.jpg\",\"contentUrl\":\"https:\/\/brasilnoticias.org\/site\/wp-content\/uploads\/2022\/05\/cropped-brasilnoticias-mini.jpg\",\"width\":314,\"height\":86,\"caption\":\"Brasil not\u00edcias\"},\"image\":{\"@id\":\"https:\/\/brasilnoticias.org\/site\/#\/schema\/logo\/image\/\"}},{\"@type\":\"Person\",\"@id\":\"https:\/\/brasilnoticias.org\/site\/#\/schema\/person\/03bbbfe6c7634ad18c26444ea39049fa\",\"name\":\"Reda\u00e7\u00e3o\",\"image\":{\"@type\":\"ImageObject\",\"inLanguage\":\"pt-PT\",\"@id\":\"https:\/\/brasilnoticias.org\/site\/#\/schema\/person\/image\/\",\"url\":\"https:\/\/secure.gravatar.com\/avatar\/9ecaf7327a696cb23ad926fedded5f1f04d7049de9e445375d55b48c001a6e42?s=96&d=mm&r=g\",\"contentUrl\":\"https:\/\/secure.gravatar.com\/avatar\/9ecaf7327a696cb23ad926fedded5f1f04d7049de9e445375d55b48c001a6e42?s=96&d=mm&r=g\",\"caption\":\"Reda\u00e7\u00e3o\"},\"url\":\"https:\/\/brasilnoticias.org\/site\/author\/henrique\/\"}]}<\/script>\n<!-- \/ Yoast SEO plugin. -->","yoast_head_json":{"title":"PGR cancela recesso para acelerar processo de den\u00fancia contra Bolsonaro - Brasil not\u00edcias","robots":{"index":"index","follow":"follow","max-snippet":"max-snippet:-1","max-image-preview":"max-image-preview:large","max-video-preview":"max-video-preview:-1"},"canonical":"https:\/\/brasilnoticias.org\/site\/pgr-cancela-recesso-para-acelerar-processo-de-denuncia-contra-bolsonaro\/","og_locale":"pt_PT","og_type":"article","og_title":"PGR cancela recesso para acelerar processo de den\u00fancia contra Bolsonaro - Brasil not\u00edcias","og_description":"Expectativa \u00e9 que Paulo Gonet apresente parecer at\u00e9 fevereiro O procurador-geral da Rep\u00fablica, Paulo Gonet, abriu m\u00e3o do recesso de","og_url":"https:\/\/brasilnoticias.org\/site\/pgr-cancela-recesso-para-acelerar-processo-de-denuncia-contra-bolsonaro\/","og_site_name":"Brasil not\u00edcias","article_published_time":"2024-12-31T12:08:37+00:00","og_image":[{"width":1600,"height":752,"url":"https:\/\/brasilnoticias.org\/site\/wp-content\/uploads\/2024\/12\/159598pgr-cancela-recesso-para-acelerar-processo-de-denuncia-contra-bolsonaro-3.jpg","type":"image\/jpeg"}],"author":"Reda\u00e7\u00e3o","twitter_card":"summary_large_image","twitter_misc":{"Escrito por":"Reda\u00e7\u00e3o","Tempo estimado de leitura":"1 minuto"},"schema":{"@context":"https:\/\/schema.org","@graph":[{"@type":"Article","@id":"https:\/\/brasilnoticias.org\/site\/pgr-cancela-recesso-para-acelerar-processo-de-denuncia-contra-bolsonaro\/#article","isPartOf":{"@id":"https:\/\/brasilnoticias.org\/site\/pgr-cancela-recesso-para-acelerar-processo-de-denuncia-contra-bolsonaro\/"},"author":{"name":"Reda\u00e7\u00e3o","@id":"https:\/\/brasilnoticias.org\/site\/#\/schema\/person\/03bbbfe6c7634ad18c26444ea39049fa"},"headline":"PGR cancela recesso para acelerar processo de den\u00fancia contra Bolsonaro","datePublished":"2024-12-31T12:08:37+00:00","mainEntityOfPage":{"@id":"https:\/\/brasilnoticias.org\/site\/pgr-cancela-recesso-para-acelerar-processo-de-denuncia-contra-bolsonaro\/"},"wordCount":286,"commentCount":0,"publisher":{"@id":"https:\/\/brasilnoticias.org\/site\/#organization"},"image":{"@id":"https:\/\/brasilnoticias.org\/site\/pgr-cancela-recesso-para-acelerar-processo-de-denuncia-contra-bolsonaro\/#primaryimage"},"thumbnailUrl":"https:\/\/brasilnoticias.org\/site\/wp-content\/uploads\/2024\/12\/159598pgr-cancela-recesso-para-acelerar-processo-de-denuncia-contra-bolsonaro-3.jpg","articleSection":["Pol\u00edtica","\u00daltimas"],"inLanguage":"pt-PT","potentialAction":[{"@type":"CommentAction","name":"Comment","target":["https:\/\/brasilnoticias.org\/site\/pgr-cancela-recesso-para-acelerar-processo-de-denuncia-contra-bolsonaro\/#respond"]}]},{"@type":"WebPage","@id":"https:\/\/brasilnoticias.org\/site\/pgr-cancela-recesso-para-acelerar-processo-de-denuncia-contra-bolsonaro\/","url":"https:\/\/brasilnoticias.org\/site\/pgr-cancela-recesso-para-acelerar-processo-de-denuncia-contra-bolsonaro\/","name":"PGR cancela recesso para acelerar processo de den\u00fancia contra Bolsonaro - Brasil not\u00edcias","isPartOf":{"@id":"https:\/\/brasilnoticias.org\/site\/#website"},"primaryImageOfPage":{"@id":"https:\/\/brasilnoticias.org\/site\/pgr-cancela-recesso-para-acelerar-processo-de-denuncia-contra-bolsonaro\/#primaryimage"},"image":{"@id":"https:\/\/brasilnoticias.org\/site\/pgr-cancela-recesso-para-acelerar-processo-de-denuncia-contra-bolsonaro\/#primaryimage"},"thumbnailUrl":"https:\/\/brasilnoticias.org\/site\/wp-content\/uploads\/2024\/12\/159598pgr-cancela-recesso-para-acelerar-processo-de-denuncia-contra-bolsonaro-3.jpg","datePublished":"2024-12-31T12:08:37+00:00","breadcrumb":{"@id":"https:\/\/brasilnoticias.org\/site\/pgr-cancela-recesso-para-acelerar-processo-de-denuncia-contra-bolsonaro\/#breadcrumb"},"inLanguage":"pt-PT","potentialAction":[{"@type":"ReadAction","target":["https:\/\/brasilnoticias.org\/site\/pgr-cancela-recesso-para-acelerar-processo-de-denuncia-contra-bolsonaro\/"]}]},{"@type":"ImageObject","inLanguage":"pt-PT","@id":"https:\/\/brasilnoticias.org\/site\/pgr-cancela-recesso-para-acelerar-processo-de-denuncia-contra-bolsonaro\/#primaryimage","url":"https:\/\/brasilnoticias.org\/site\/wp-content\/uploads\/2024\/12\/159598pgr-cancela-recesso-para-acelerar-processo-de-denuncia-contra-bolsonaro-3.jpg","contentUrl":"https:\/\/brasilnoticias.org\/site\/wp-content\/uploads\/2024\/12\/159598pgr-cancela-recesso-para-acelerar-processo-de-denuncia-contra-bolsonaro-3.jpg","width":1600,"height":752},{"@type":"BreadcrumbList","@id":"https:\/\/brasilnoticias.org\/site\/pgr-cancela-recesso-para-acelerar-processo-de-denuncia-contra-bolsonaro\/#breadcrumb","itemListElement":[{"@type":"ListItem","position":1,"name":"In\u00edcio","item":"https:\/\/brasilnoticias.org\/site\/"},{"@type":"ListItem","position":2,"name":"PGR cancela recesso para acelerar processo de den\u00fancia contra Bolsonaro"}]},{"@type":"WebSite","@id":"https:\/\/brasilnoticias.org\/site\/#website","url":"https:\/\/brasilnoticias.org\/site\/","name":"Brasil not\u00edcias","description":"Brasil not\u00edcias","publisher":{"@id":"https:\/\/brasilnoticias.org\/site\/#organization"},"potentialAction":[{"@type":"SearchAction","target":{"@type":"EntryPoint","urlTemplate":"https:\/\/brasilnoticias.org\/site\/?s={search_term_string}"},"query-input":{"@type":"PropertyValueSpecification","valueRequired":true,"valueName":"search_term_string"}}],"inLanguage":"pt-PT"},{"@type":"Organization","@id":"https:\/\/brasilnoticias.org\/site\/#organization","name":"Brasil not\u00edcias","url":"https:\/\/brasilnoticias.org\/site\/","logo":{"@type":"ImageObject","inLanguage":"pt-PT","@id":"https:\/\/brasilnoticias.org\/site\/#\/schema\/logo\/image\/","url":"https:\/\/brasilnoticias.org\/site\/wp-content\/uploads\/2022\/05\/cropped-brasilnoticias-mini.jpg","contentUrl":"https:\/\/brasilnoticias.org\/site\/wp-content\/uploads\/2022\/05\/cropped-brasilnoticias-mini.jpg","width":314,"height":86,"caption":"Brasil not\u00edcias"},"image":{"@id":"https:\/\/brasilnoticias.org\/site\/#\/schema\/logo\/image\/"}},{"@type":"Person","@id":"https:\/\/brasilnoticias.org\/site\/#\/schema\/person\/03bbbfe6c7634ad18c26444ea39049fa","name":"Reda\u00e7\u00e3o","image":{"@type":"ImageObject","inLanguage":"pt-PT","@id":"https:\/\/brasilnoticias.org\/site\/#\/schema\/person\/image\/","url":"https:\/\/secure.gravatar.com\/avatar\/9ecaf7327a696cb23ad926fedded5f1f04d7049de9e445375d55b48c001a6e42?s=96&d=mm&r=g","contentUrl":"https:\/\/secure.gravatar.com\/avatar\/9ecaf7327a696cb23ad926fedded5f1f04d7049de9e445375d55b48c001a6e42?s=96&d=mm&r=g","caption":"Reda\u00e7\u00e3o"},"url":"https:\/\/brasilnoticias.org\/site\/author\/henrique\/"}]}},"_links":{"self":[{"href":"https:\/\/brasilnoticias.org\/site\/wp-json\/wp\/v2\/posts\/16606","targetHints":{"allow":["GET"]}}],"collection":[{"href":"https:\/\/brasilnoticias.org\/site\/wp-json\/wp\/v2\/posts"}],"about":[{"href":"https:\/\/brasilnoticias.org\/site\/wp-json\/wp\/v2\/types\/post"}],"author":[{"embeddable":true,"href":"https:\/\/brasilnoticias.org\/site\/wp-json\/wp\/v2\/users\/4"}],"replies":[{"embeddable":true,"href":"https:\/\/brasilnoticias.org\/site\/wp-json\/wp\/v2\/comments?post=16606"}],"version-history":[{"count":1,"href":"https:\/\/brasilnoticias.org\/site\/wp-json\/wp\/v2\/posts\/16606\/revisions"}],"predecessor-version":[{"id":16608,"href":"https:\/\/brasilnoticias.org\/site\/wp-json\/wp\/v2\/posts\/16606\/revisions\/16608"}],"wp:featuredmedia":[{"embeddable":true,"href":"https:\/\/brasilnoticias.org\/site\/wp-json\/wp\/v2\/media\/16607"}],"wp:attachment":[{"href":"https:\/\/brasilnoticias.org\/site\/wp-json\/wp\/v2\/media?parent=16606"}],"wp:term":[{"taxonomy":"category","embeddable":true,"href":"https:\/\/brasilnoticias.org\/site\/wp-json\/wp\/v2\/categories?post=16606"},{"taxonomy":"post_tag","embeddable":true,"href":"https:\/\/brasilnoticias.org\/site\/wp-json\/wp\/v2\/tags?post=16606"}],"curies":[{"name":"wp","href":"https:\/\/api.w.org\/{rel}","templated":true}]}}