{"id":16612,"date":"2024-12-31T09:13:11","date_gmt":"2024-12-31T12:13:11","guid":{"rendered":"https:\/\/brasilnoticias.org\/site\/?p=16612"},"modified":"2024-12-31T09:13:11","modified_gmt":"2024-12-31T12:13:11","slug":"lula-assina-decreto-que-reajusta-salario-minimo-para-2025","status":"publish","type":"post","link":"https:\/\/brasilnoticias.org\/site\/lula-assina-decreto-que-reajusta-salario-minimo-para-2025\/","title":{"rendered":"Lula assina decreto que reajusta sal\u00e1rio m\u00ednimo para 2025"},"content":{"rendered":"<p>Novo valor come\u00e7a a valer em 1\u00ba de janeiro<\/p>\n<p>O presidente Luiz In\u00e1cio Lula da Silva assinou nesta segunda-feira (30), no Pal\u00e1cio do Planalto, o decreto que eleva o sal\u00e1rio m\u00ednimo de R$ 1.412, em 2024, para R$ 1.518 em 2025, alta de R$ 106. O novo valor come\u00e7a a valer em 1\u00ba de janeiro. Ou seja: impacta os sal\u00e1rios recebidos pelos trabalhadores no come\u00e7o de fevereiro.<\/p>\n<p>A regra vai afetar n\u00e3o s\u00f3 os trabalhadores do setor privado como tamb\u00e9m grande parte dos benefici\u00e1rios do INSS: hoje 28 milh\u00f5es dos aposentados e pensionistas recebem pelo piso salarial. De acordo com informa\u00e7\u00f5es divulgadas em maio pelo Departamento Intersindical de Estat\u00edstica e Estudos Socioecon\u00f4micos (Dieese), o sal\u00e1rio m\u00ednimo serve de refer\u00eancia para 54 milh\u00f5es de pessoas no Brasil \u2013 um em cada quatro brasileiros.<\/p>\n<p>Apesar do aumento significativo, de 7,5%, a nova quantia representa uma economia para o governo federal em rela\u00e7\u00e3o \u00e0 regra vigente at\u00e9 2024, j\u00e1 que segue a norma proposta pela equipe econ\u00f4mica dentro do pacote de conten\u00e7\u00e3o de despesas, cuja lei foi sancionada na sexta-feira passada. O texto foi aprovado pelo Congresso Nacional \u00e0s v\u00e9speras do recesso de deputados e senadores, em dezembro.<\/p>\n<p>Foto: Marcello Casal Jr.\/Ag\u00eancia Brasil<br \/>\nPor: Metro1<\/p>\n","protected":false},"excerpt":{"rendered":"<p>Novo valor come\u00e7a a valer em 1\u00ba de janeiro O presidente Luiz In\u00e1cio Lula da Silva assinou nesta segunda-feira (30),<\/p>\n","protected":false},"author":4,"featured_media":16613,"comment_status":"open","ping_status":"open","sticky":false,"template":"","format":"standard","meta":{"colormag_page_container_layout":"default_layout","colormag_page_sidebar_layout":"default_layout","_FSMCFIC_featured_image_caption":"","_FSMCFIC_featured_image_nocaption":"","_FSMCFIC_featured_image_hide":"","footnotes":""},"categories":[2,1],"tags":[],"class_list":["post-16612","post","type-post","status-publish","format-standard","has-post-thumbnail","hentry","category-noticias","category-ultimas"],"yoast_head":"<!-- This site is optimized with the Yoast SEO plugin v27.1.1 - https:\/\/yoast.com\/product\/yoast-seo-wordpress\/ -->\n<title>Lula assina decreto que reajusta sal\u00e1rio m\u00ednimo para 2025 - Brasil not\u00edcias<\/title>\n<meta name=\"robots\" content=\"index, follow, max-snippet:-1, max-image-preview:large, max-video-preview:-1\" \/>\n<link rel=\"canonical\" href=\"https:\/\/brasilnoticias.org\/site\/lula-assina-decreto-que-reajusta-salario-minimo-para-2025\/\" \/>\n<meta property=\"og:locale\" content=\"pt_PT\" \/>\n<meta property=\"og:type\" content=\"article\" \/>\n<meta property=\"og:title\" content=\"Lula assina decreto que reajusta sal\u00e1rio m\u00ednimo para 2025 - Brasil not\u00edcias\" \/>\n<meta property=\"og:description\" content=\"Novo valor come\u00e7a a valer em 1\u00ba de janeiro O presidente Luiz In\u00e1cio Lula da Silva assinou nesta segunda-feira (30),\" \/>\n<meta property=\"og:url\" content=\"https:\/\/brasilnoticias.org\/site\/lula-assina-decreto-que-reajusta-salario-minimo-para-2025\/\" \/>\n<meta property=\"og:site_name\" content=\"Brasil not\u00edcias\" \/>\n<meta property=\"article:published_time\" content=\"2024-12-31T12:13:11+00:00\" \/>\n<meta property=\"og:image\" content=\"https:\/\/brasilnoticias.org\/site\/wp-content\/uploads\/2024\/12\/159596lula-assina-decreto-que-reajusta-salario-minimo-para-2025-3.jpg\" \/>\n\t<meta property=\"og:image:width\" content=\"1600\" \/>\n\t<meta property=\"og:image:height\" content=\"752\" \/>\n\t<meta property=\"og:image:type\" content=\"image\/jpeg\" \/>\n<meta name=\"author\" content=\"Reda\u00e7\u00e3o\" \/>\n<meta name=\"twitter:card\" content=\"summary_large_image\" \/>\n<meta name=\"twitter:label1\" content=\"Escrito por\" \/>\n\t<meta name=\"twitter:data1\" content=\"Reda\u00e7\u00e3o\" \/>\n\t<meta name=\"twitter:label2\" content=\"Tempo estimado de leitura\" \/>\n\t<meta name=\"twitter:data2\" content=\"1 minuto\" \/>\n<script type=\"application\/ld+json\" class=\"yoast-schema-graph\">{\"@context\":\"https:\/\/schema.org\",\"@graph\":[{\"@type\":\"Article\",\"@id\":\"https:\/\/brasilnoticias.org\/site\/lula-assina-decreto-que-reajusta-salario-minimo-para-2025\/#article\",\"isPartOf\":{\"@id\":\"https:\/\/brasilnoticias.org\/site\/lula-assina-decreto-que-reajusta-salario-minimo-para-2025\/\"},\"author\":{\"name\":\"Reda\u00e7\u00e3o\",\"@id\":\"https:\/\/brasilnoticias.org\/site\/#\/schema\/person\/03bbbfe6c7634ad18c26444ea39049fa\"},\"headline\":\"Lula assina decreto que reajusta sal\u00e1rio m\u00ednimo para 2025\",\"datePublished\":\"2024-12-31T12:13:11+00:00\",\"mainEntityOfPage\":{\"@id\":\"https:\/\/brasilnoticias.org\/site\/lula-assina-decreto-que-reajusta-salario-minimo-para-2025\/\"},\"wordCount\":223,\"commentCount\":0,\"publisher\":{\"@id\":\"https:\/\/brasilnoticias.org\/site\/#organization\"},\"image\":{\"@id\":\"https:\/\/brasilnoticias.org\/site\/lula-assina-decreto-que-reajusta-salario-minimo-para-2025\/#primaryimage\"},\"thumbnailUrl\":\"https:\/\/brasilnoticias.org\/site\/wp-content\/uploads\/2024\/12\/159596lula-assina-decreto-que-reajusta-salario-minimo-para-2025-3.jpg\",\"articleSection\":[\"Not\u00edcias\",\"\u00daltimas\"],\"inLanguage\":\"pt-PT\",\"potentialAction\":[{\"@type\":\"CommentAction\",\"name\":\"Comment\",\"target\":[\"https:\/\/brasilnoticias.org\/site\/lula-assina-decreto-que-reajusta-salario-minimo-para-2025\/#respond\"]}]},{\"@type\":\"WebPage\",\"@id\":\"https:\/\/brasilnoticias.org\/site\/lula-assina-decreto-que-reajusta-salario-minimo-para-2025\/\",\"url\":\"https:\/\/brasilnoticias.org\/site\/lula-assina-decreto-que-reajusta-salario-minimo-para-2025\/\",\"name\":\"Lula assina decreto que reajusta sal\u00e1rio m\u00ednimo para 2025 - Brasil not\u00edcias\",\"isPartOf\":{\"@id\":\"https:\/\/brasilnoticias.org\/site\/#website\"},\"primaryImageOfPage\":{\"@id\":\"https:\/\/brasilnoticias.org\/site\/lula-assina-decreto-que-reajusta-salario-minimo-para-2025\/#primaryimage\"},\"image\":{\"@id\":\"https:\/\/brasilnoticias.org\/site\/lula-assina-decreto-que-reajusta-salario-minimo-para-2025\/#primaryimage\"},\"thumbnailUrl\":\"https:\/\/brasilnoticias.org\/site\/wp-content\/uploads\/2024\/12\/159596lula-assina-decreto-que-reajusta-salario-minimo-para-2025-3.jpg\",\"datePublished\":\"2024-12-31T12:13:11+00:00\",\"breadcrumb\":{\"@id\":\"https:\/\/brasilnoticias.org\/site\/lula-assina-decreto-que-reajusta-salario-minimo-para-2025\/#breadcrumb\"},\"inLanguage\":\"pt-PT\",\"potentialAction\":[{\"@type\":\"ReadAction\",\"target\":[\"https:\/\/brasilnoticias.org\/site\/lula-assina-decreto-que-reajusta-salario-minimo-para-2025\/\"]}]},{\"@type\":\"ImageObject\",\"inLanguage\":\"pt-PT\",\"@id\":\"https:\/\/brasilnoticias.org\/site\/lula-assina-decreto-que-reajusta-salario-minimo-para-2025\/#primaryimage\",\"url\":\"https:\/\/brasilnoticias.org\/site\/wp-content\/uploads\/2024\/12\/159596lula-assina-decreto-que-reajusta-salario-minimo-para-2025-3.jpg\",\"contentUrl\":\"https:\/\/brasilnoticias.org\/site\/wp-content\/uploads\/2024\/12\/159596lula-assina-decreto-que-reajusta-salario-minimo-para-2025-3.jpg\",\"width\":1600,\"height\":752},{\"@type\":\"BreadcrumbList\",\"@id\":\"https:\/\/brasilnoticias.org\/site\/lula-assina-decreto-que-reajusta-salario-minimo-para-2025\/#breadcrumb\",\"itemListElement\":[{\"@type\":\"ListItem\",\"position\":1,\"name\":\"In\u00edcio\",\"item\":\"https:\/\/brasilnoticias.org\/site\/\"},{\"@type\":\"ListItem\",\"position\":2,\"name\":\"Lula assina decreto que reajusta sal\u00e1rio m\u00ednimo para 2025\"}]},{\"@type\":\"WebSite\",\"@id\":\"https:\/\/brasilnoticias.org\/site\/#website\",\"url\":\"https:\/\/brasilnoticias.org\/site\/\",\"name\":\"Brasil not\u00edcias\",\"description\":\"Brasil not\u00edcias\",\"publisher\":{\"@id\":\"https:\/\/brasilnoticias.org\/site\/#organization\"},\"potentialAction\":[{\"@type\":\"SearchAction\",\"target\":{\"@type\":\"EntryPoint\",\"urlTemplate\":\"https:\/\/brasilnoticias.org\/site\/?s={search_term_string}\"},\"query-input\":{\"@type\":\"PropertyValueSpecification\",\"valueRequired\":true,\"valueName\":\"search_term_string\"}}],\"inLanguage\":\"pt-PT\"},{\"@type\":\"Organization\",\"@id\":\"https:\/\/brasilnoticias.org\/site\/#organization\",\"name\":\"Brasil not\u00edcias\",\"url\":\"https:\/\/brasilnoticias.org\/site\/\",\"logo\":{\"@type\":\"ImageObject\",\"inLanguage\":\"pt-PT\",\"@id\":\"https:\/\/brasilnoticias.org\/site\/#\/schema\/logo\/image\/\",\"url\":\"https:\/\/brasilnoticias.org\/site\/wp-content\/uploads\/2022\/05\/cropped-brasilnoticias-mini.jpg\",\"contentUrl\":\"https:\/\/brasilnoticias.org\/site\/wp-content\/uploads\/2022\/05\/cropped-brasilnoticias-mini.jpg\",\"width\":314,\"height\":86,\"caption\":\"Brasil not\u00edcias\"},\"image\":{\"@id\":\"https:\/\/brasilnoticias.org\/site\/#\/schema\/logo\/image\/\"}},{\"@type\":\"Person\",\"@id\":\"https:\/\/brasilnoticias.org\/site\/#\/schema\/person\/03bbbfe6c7634ad18c26444ea39049fa\",\"name\":\"Reda\u00e7\u00e3o\",\"image\":{\"@type\":\"ImageObject\",\"inLanguage\":\"pt-PT\",\"@id\":\"https:\/\/brasilnoticias.org\/site\/#\/schema\/person\/image\/\",\"url\":\"https:\/\/secure.gravatar.com\/avatar\/9ecaf7327a696cb23ad926fedded5f1f04d7049de9e445375d55b48c001a6e42?s=96&d=mm&r=g\",\"contentUrl\":\"https:\/\/secure.gravatar.com\/avatar\/9ecaf7327a696cb23ad926fedded5f1f04d7049de9e445375d55b48c001a6e42?s=96&d=mm&r=g\",\"caption\":\"Reda\u00e7\u00e3o\"},\"url\":\"https:\/\/brasilnoticias.org\/site\/author\/henrique\/\"}]}<\/script>\n<!-- \/ Yoast SEO plugin. -->","yoast_head_json":{"title":"Lula assina decreto que reajusta sal\u00e1rio m\u00ednimo para 2025 - Brasil not\u00edcias","robots":{"index":"index","follow":"follow","max-snippet":"max-snippet:-1","max-image-preview":"max-image-preview:large","max-video-preview":"max-video-preview:-1"},"canonical":"https:\/\/brasilnoticias.org\/site\/lula-assina-decreto-que-reajusta-salario-minimo-para-2025\/","og_locale":"pt_PT","og_type":"article","og_title":"Lula assina decreto que reajusta sal\u00e1rio m\u00ednimo para 2025 - Brasil not\u00edcias","og_description":"Novo valor come\u00e7a a valer em 1\u00ba de janeiro O presidente Luiz In\u00e1cio Lula da Silva assinou nesta segunda-feira (30),","og_url":"https:\/\/brasilnoticias.org\/site\/lula-assina-decreto-que-reajusta-salario-minimo-para-2025\/","og_site_name":"Brasil not\u00edcias","article_published_time":"2024-12-31T12:13:11+00:00","og_image":[{"width":1600,"height":752,"url":"https:\/\/brasilnoticias.org\/site\/wp-content\/uploads\/2024\/12\/159596lula-assina-decreto-que-reajusta-salario-minimo-para-2025-3.jpg","type":"image\/jpeg"}],"author":"Reda\u00e7\u00e3o","twitter_card":"summary_large_image","twitter_misc":{"Escrito por":"Reda\u00e7\u00e3o","Tempo estimado de leitura":"1 minuto"},"schema":{"@context":"https:\/\/schema.org","@graph":[{"@type":"Article","@id":"https:\/\/brasilnoticias.org\/site\/lula-assina-decreto-que-reajusta-salario-minimo-para-2025\/#article","isPartOf":{"@id":"https:\/\/brasilnoticias.org\/site\/lula-assina-decreto-que-reajusta-salario-minimo-para-2025\/"},"author":{"name":"Reda\u00e7\u00e3o","@id":"https:\/\/brasilnoticias.org\/site\/#\/schema\/person\/03bbbfe6c7634ad18c26444ea39049fa"},"headline":"Lula assina decreto que reajusta sal\u00e1rio m\u00ednimo para 2025","datePublished":"2024-12-31T12:13:11+00:00","mainEntityOfPage":{"@id":"https:\/\/brasilnoticias.org\/site\/lula-assina-decreto-que-reajusta-salario-minimo-para-2025\/"},"wordCount":223,"commentCount":0,"publisher":{"@id":"https:\/\/brasilnoticias.org\/site\/#organization"},"image":{"@id":"https:\/\/brasilnoticias.org\/site\/lula-assina-decreto-que-reajusta-salario-minimo-para-2025\/#primaryimage"},"thumbnailUrl":"https:\/\/brasilnoticias.org\/site\/wp-content\/uploads\/2024\/12\/159596lula-assina-decreto-que-reajusta-salario-minimo-para-2025-3.jpg","articleSection":["Not\u00edcias","\u00daltimas"],"inLanguage":"pt-PT","potentialAction":[{"@type":"CommentAction","name":"Comment","target":["https:\/\/brasilnoticias.org\/site\/lula-assina-decreto-que-reajusta-salario-minimo-para-2025\/#respond"]}]},{"@type":"WebPage","@id":"https:\/\/brasilnoticias.org\/site\/lula-assina-decreto-que-reajusta-salario-minimo-para-2025\/","url":"https:\/\/brasilnoticias.org\/site\/lula-assina-decreto-que-reajusta-salario-minimo-para-2025\/","name":"Lula assina decreto que reajusta sal\u00e1rio m\u00ednimo para 2025 - Brasil not\u00edcias","isPartOf":{"@id":"https:\/\/brasilnoticias.org\/site\/#website"},"primaryImageOfPage":{"@id":"https:\/\/brasilnoticias.org\/site\/lula-assina-decreto-que-reajusta-salario-minimo-para-2025\/#primaryimage"},"image":{"@id":"https:\/\/brasilnoticias.org\/site\/lula-assina-decreto-que-reajusta-salario-minimo-para-2025\/#primaryimage"},"thumbnailUrl":"https:\/\/brasilnoticias.org\/site\/wp-content\/uploads\/2024\/12\/159596lula-assina-decreto-que-reajusta-salario-minimo-para-2025-3.jpg","datePublished":"2024-12-31T12:13:11+00:00","breadcrumb":{"@id":"https:\/\/brasilnoticias.org\/site\/lula-assina-decreto-que-reajusta-salario-minimo-para-2025\/#breadcrumb"},"inLanguage":"pt-PT","potentialAction":[{"@type":"ReadAction","target":["https:\/\/brasilnoticias.org\/site\/lula-assina-decreto-que-reajusta-salario-minimo-para-2025\/"]}]},{"@type":"ImageObject","inLanguage":"pt-PT","@id":"https:\/\/brasilnoticias.org\/site\/lula-assina-decreto-que-reajusta-salario-minimo-para-2025\/#primaryimage","url":"https:\/\/brasilnoticias.org\/site\/wp-content\/uploads\/2024\/12\/159596lula-assina-decreto-que-reajusta-salario-minimo-para-2025-3.jpg","contentUrl":"https:\/\/brasilnoticias.org\/site\/wp-content\/uploads\/2024\/12\/159596lula-assina-decreto-que-reajusta-salario-minimo-para-2025-3.jpg","width":1600,"height":752},{"@type":"BreadcrumbList","@id":"https:\/\/brasilnoticias.org\/site\/lula-assina-decreto-que-reajusta-salario-minimo-para-2025\/#breadcrumb","itemListElement":[{"@type":"ListItem","position":1,"name":"In\u00edcio","item":"https:\/\/brasilnoticias.org\/site\/"},{"@type":"ListItem","position":2,"name":"Lula assina decreto que reajusta sal\u00e1rio m\u00ednimo para 2025"}]},{"@type":"WebSite","@id":"https:\/\/brasilnoticias.org\/site\/#website","url":"https:\/\/brasilnoticias.org\/site\/","name":"Brasil not\u00edcias","description":"Brasil not\u00edcias","publisher":{"@id":"https:\/\/brasilnoticias.org\/site\/#organization"},"potentialAction":[{"@type":"SearchAction","target":{"@type":"EntryPoint","urlTemplate":"https:\/\/brasilnoticias.org\/site\/?s={search_term_string}"},"query-input":{"@type":"PropertyValueSpecification","valueRequired":true,"valueName":"search_term_string"}}],"inLanguage":"pt-PT"},{"@type":"Organization","@id":"https:\/\/brasilnoticias.org\/site\/#organization","name":"Brasil not\u00edcias","url":"https:\/\/brasilnoticias.org\/site\/","logo":{"@type":"ImageObject","inLanguage":"pt-PT","@id":"https:\/\/brasilnoticias.org\/site\/#\/schema\/logo\/image\/","url":"https:\/\/brasilnoticias.org\/site\/wp-content\/uploads\/2022\/05\/cropped-brasilnoticias-mini.jpg","contentUrl":"https:\/\/brasilnoticias.org\/site\/wp-content\/uploads\/2022\/05\/cropped-brasilnoticias-mini.jpg","width":314,"height":86,"caption":"Brasil not\u00edcias"},"image":{"@id":"https:\/\/brasilnoticias.org\/site\/#\/schema\/logo\/image\/"}},{"@type":"Person","@id":"https:\/\/brasilnoticias.org\/site\/#\/schema\/person\/03bbbfe6c7634ad18c26444ea39049fa","name":"Reda\u00e7\u00e3o","image":{"@type":"ImageObject","inLanguage":"pt-PT","@id":"https:\/\/brasilnoticias.org\/site\/#\/schema\/person\/image\/","url":"https:\/\/secure.gravatar.com\/avatar\/9ecaf7327a696cb23ad926fedded5f1f04d7049de9e445375d55b48c001a6e42?s=96&d=mm&r=g","contentUrl":"https:\/\/secure.gravatar.com\/avatar\/9ecaf7327a696cb23ad926fedded5f1f04d7049de9e445375d55b48c001a6e42?s=96&d=mm&r=g","caption":"Reda\u00e7\u00e3o"},"url":"https:\/\/brasilnoticias.org\/site\/author\/henrique\/"}]}},"_links":{"self":[{"href":"https:\/\/brasilnoticias.org\/site\/wp-json\/wp\/v2\/posts\/16612","targetHints":{"allow":["GET"]}}],"collection":[{"href":"https:\/\/brasilnoticias.org\/site\/wp-json\/wp\/v2\/posts"}],"about":[{"href":"https:\/\/brasilnoticias.org\/site\/wp-json\/wp\/v2\/types\/post"}],"author":[{"embeddable":true,"href":"https:\/\/brasilnoticias.org\/site\/wp-json\/wp\/v2\/users\/4"}],"replies":[{"embeddable":true,"href":"https:\/\/brasilnoticias.org\/site\/wp-json\/wp\/v2\/comments?post=16612"}],"version-history":[{"count":1,"href":"https:\/\/brasilnoticias.org\/site\/wp-json\/wp\/v2\/posts\/16612\/revisions"}],"predecessor-version":[{"id":16614,"href":"https:\/\/brasilnoticias.org\/site\/wp-json\/wp\/v2\/posts\/16612\/revisions\/16614"}],"wp:featuredmedia":[{"embeddable":true,"href":"https:\/\/brasilnoticias.org\/site\/wp-json\/wp\/v2\/media\/16613"}],"wp:attachment":[{"href":"https:\/\/brasilnoticias.org\/site\/wp-json\/wp\/v2\/media?parent=16612"}],"wp:term":[{"taxonomy":"category","embeddable":true,"href":"https:\/\/brasilnoticias.org\/site\/wp-json\/wp\/v2\/categories?post=16612"},{"taxonomy":"post_tag","embeddable":true,"href":"https:\/\/brasilnoticias.org\/site\/wp-json\/wp\/v2\/tags?post=16612"}],"curies":[{"name":"wp","href":"https:\/\/api.w.org\/{rel}","templated":true}]}}