{"id":16618,"date":"2025-01-06T11:36:19","date_gmt":"2025-01-06T14:36:19","guid":{"rendered":"https:\/\/brasilnoticias.org\/site\/?p=16618"},"modified":"2025-01-06T11:36:29","modified_gmt":"2025-01-06T14:36:29","slug":"sidonio-palmeira-se-reune-nesta-terca-com-lula-para-definir-futuro-da-secretaria-de-comunicacao","status":"publish","type":"post","link":"https:\/\/brasilnoticias.org\/site\/sidonio-palmeira-se-reune-nesta-terca-com-lula-para-definir-futuro-da-secretaria-de-comunicacao\/","title":{"rendered":"Sid\u00f4nio Palmeira se re\u00fane nesta ter\u00e7a com Lula para definir futuro da Secretaria de Comunica\u00e7\u00e3o"},"content":{"rendered":"<p>Sid\u00f4nio confirmou o encontro, mas enfatizou que nenhuma decis\u00e3o foi tomada at\u00e9 o momento sobre sua poss\u00edvel nomea\u00e7\u00e3o para o cargo<\/p>\n<p>O publicit\u00e1rio baiano Sid\u00f4nio Palmeira desponta como principal cotado para assumir a Secretaria de Comunica\u00e7\u00e3o (Secom) do governo de Luiz In\u00e1cio Lula da Silva (PT). Uma reuni\u00e3o decisiva entre ele e o presidente est\u00e1 marcada para a pr\u00f3xima ter\u00e7a-feira (7), e deve definir o futuro da pasta.<\/p>\n<p>Nos bastidores de Bras\u00edlia, a possibilidade de Sid\u00f4nio assumir a Secom j\u00e1 \u00e9 vista como quase certa. A expectativa \u00e9 que o an\u00fancio oficial ocorra ainda nesta semana, substituindo o atual ministro Paulo Pimenta (PT), alvo de cr\u00edticas desde o in\u00edcio do governo Lula. H\u00e1 tamb\u00e9m especula\u00e7\u00f5es de que Pimenta ser\u00e1 realocado para outra fun\u00e7\u00e3o dentro do governo.<\/p>\n<p>Sid\u00f4nio Palmeira \u00e9 fundador da ag\u00eancia Leiaute e possui uma trajet\u00f3ria consolidada no marketing pol\u00edtico. Ele foi respons\u00e1vel pelas campanhas que levaram Jaques Wagner (PT) e Rui Costa (PT) ao governo da Bahia em 2006, 2010, 2014 e 2018. Em 2022, liderou o marketing da campanha presidencial de Lula, contribuindo para a vit\u00f3ria.<\/p>\n<p>Foto: Divulga\u00e7\u00e3o\/Arquivo<br \/>\nPor: Metro1<\/p>\n","protected":false},"excerpt":{"rendered":"<p>Sid\u00f4nio confirmou o encontro, mas enfatizou que nenhuma decis\u00e3o foi tomada at\u00e9 o momento sobre sua poss\u00edvel nomea\u00e7\u00e3o para o<\/p>\n","protected":false},"author":4,"featured_media":16619,"comment_status":"open","ping_status":"open","sticky":false,"template":"","format":"standard","meta":{"colormag_page_container_layout":"default_layout","colormag_page_sidebar_layout":"default_layout","_FSMCFIC_featured_image_caption":"","_FSMCFIC_featured_image_nocaption":"","_FSMCFIC_featured_image_hide":"","footnotes":""},"categories":[5,1],"tags":[],"class_list":["post-16618","post","type-post","status-publish","format-standard","has-post-thumbnail","hentry","category-politica","category-ultimas"],"yoast_head":"<!-- This site is optimized with the Yoast SEO plugin v27.1.1 - https:\/\/yoast.com\/product\/yoast-seo-wordpress\/ -->\n<title>Sid\u00f4nio Palmeira se re\u00fane nesta ter\u00e7a com Lula para definir futuro da Secretaria de Comunica\u00e7\u00e3o - Brasil not\u00edcias<\/title>\n<meta name=\"robots\" content=\"index, follow, max-snippet:-1, max-image-preview:large, max-video-preview:-1\" \/>\n<link rel=\"canonical\" href=\"https:\/\/brasilnoticias.org\/site\/sidonio-palmeira-se-reune-nesta-terca-com-lula-para-definir-futuro-da-secretaria-de-comunicacao\/\" \/>\n<meta property=\"og:locale\" content=\"pt_PT\" \/>\n<meta property=\"og:type\" content=\"article\" \/>\n<meta property=\"og:title\" content=\"Sid\u00f4nio Palmeira se re\u00fane nesta ter\u00e7a com Lula para definir futuro da Secretaria de Comunica\u00e7\u00e3o - Brasil not\u00edcias\" \/>\n<meta property=\"og:description\" content=\"Sid\u00f4nio confirmou o encontro, mas enfatizou que nenhuma decis\u00e3o foi tomada at\u00e9 o momento sobre sua poss\u00edvel nomea\u00e7\u00e3o para o\" \/>\n<meta property=\"og:url\" content=\"https:\/\/brasilnoticias.org\/site\/sidonio-palmeira-se-reune-nesta-terca-com-lula-para-definir-futuro-da-secretaria-de-comunicacao\/\" \/>\n<meta property=\"og:site_name\" content=\"Brasil not\u00edcias\" \/>\n<meta property=\"article:published_time\" content=\"2025-01-06T14:36:19+00:00\" \/>\n<meta property=\"article:modified_time\" content=\"2025-01-06T14:36:29+00:00\" \/>\n<meta property=\"og:image\" content=\"https:\/\/brasilnoticias.org\/site\/wp-content\/uploads\/2025\/01\/159803sidonio-palmeira-se-reune-nesta-terca-com-lula-para-definir-futuro-da-secretaria-de-comunicacao-3.jpg\" \/>\n\t<meta property=\"og:image:width\" content=\"1600\" \/>\n\t<meta property=\"og:image:height\" content=\"752\" \/>\n\t<meta property=\"og:image:type\" content=\"image\/jpeg\" \/>\n<meta name=\"author\" content=\"Reda\u00e7\u00e3o\" \/>\n<meta name=\"twitter:card\" content=\"summary_large_image\" \/>\n<meta name=\"twitter:label1\" content=\"Escrito por\" \/>\n\t<meta name=\"twitter:data1\" content=\"Reda\u00e7\u00e3o\" \/>\n\t<meta name=\"twitter:label2\" content=\"Tempo estimado de leitura\" \/>\n\t<meta name=\"twitter:data2\" content=\"2 minutos\" \/>\n<script type=\"application\/ld+json\" class=\"yoast-schema-graph\">{\"@context\":\"https:\/\/schema.org\",\"@graph\":[{\"@type\":\"Article\",\"@id\":\"https:\/\/brasilnoticias.org\/site\/sidonio-palmeira-se-reune-nesta-terca-com-lula-para-definir-futuro-da-secretaria-de-comunicacao\/#article\",\"isPartOf\":{\"@id\":\"https:\/\/brasilnoticias.org\/site\/sidonio-palmeira-se-reune-nesta-terca-com-lula-para-definir-futuro-da-secretaria-de-comunicacao\/\"},\"author\":{\"name\":\"Reda\u00e7\u00e3o\",\"@id\":\"https:\/\/brasilnoticias.org\/site\/#\/schema\/person\/03bbbfe6c7634ad18c26444ea39049fa\"},\"headline\":\"Sid\u00f4nio Palmeira se re\u00fane nesta ter\u00e7a com Lula para definir futuro da Secretaria de Comunica\u00e7\u00e3o\",\"datePublished\":\"2025-01-06T14:36:19+00:00\",\"dateModified\":\"2025-01-06T14:36:29+00:00\",\"mainEntityOfPage\":{\"@id\":\"https:\/\/brasilnoticias.org\/site\/sidonio-palmeira-se-reune-nesta-terca-com-lula-para-definir-futuro-da-secretaria-de-comunicacao\/\"},\"wordCount\":220,\"commentCount\":0,\"publisher\":{\"@id\":\"https:\/\/brasilnoticias.org\/site\/#organization\"},\"image\":{\"@id\":\"https:\/\/brasilnoticias.org\/site\/sidonio-palmeira-se-reune-nesta-terca-com-lula-para-definir-futuro-da-secretaria-de-comunicacao\/#primaryimage\"},\"thumbnailUrl\":\"https:\/\/brasilnoticias.org\/site\/wp-content\/uploads\/2025\/01\/159803sidonio-palmeira-se-reune-nesta-terca-com-lula-para-definir-futuro-da-secretaria-de-comunicacao-3.jpg\",\"articleSection\":[\"Pol\u00edtica\",\"\u00daltimas\"],\"inLanguage\":\"pt-PT\",\"potentialAction\":[{\"@type\":\"CommentAction\",\"name\":\"Comment\",\"target\":[\"https:\/\/brasilnoticias.org\/site\/sidonio-palmeira-se-reune-nesta-terca-com-lula-para-definir-futuro-da-secretaria-de-comunicacao\/#respond\"]}]},{\"@type\":\"WebPage\",\"@id\":\"https:\/\/brasilnoticias.org\/site\/sidonio-palmeira-se-reune-nesta-terca-com-lula-para-definir-futuro-da-secretaria-de-comunicacao\/\",\"url\":\"https:\/\/brasilnoticias.org\/site\/sidonio-palmeira-se-reune-nesta-terca-com-lula-para-definir-futuro-da-secretaria-de-comunicacao\/\",\"name\":\"Sid\u00f4nio Palmeira se re\u00fane nesta ter\u00e7a com Lula para definir futuro da Secretaria de Comunica\u00e7\u00e3o - Brasil not\u00edcias\",\"isPartOf\":{\"@id\":\"https:\/\/brasilnoticias.org\/site\/#website\"},\"primaryImageOfPage\":{\"@id\":\"https:\/\/brasilnoticias.org\/site\/sidonio-palmeira-se-reune-nesta-terca-com-lula-para-definir-futuro-da-secretaria-de-comunicacao\/#primaryimage\"},\"image\":{\"@id\":\"https:\/\/brasilnoticias.org\/site\/sidonio-palmeira-se-reune-nesta-terca-com-lula-para-definir-futuro-da-secretaria-de-comunicacao\/#primaryimage\"},\"thumbnailUrl\":\"https:\/\/brasilnoticias.org\/site\/wp-content\/uploads\/2025\/01\/159803sidonio-palmeira-se-reune-nesta-terca-com-lula-para-definir-futuro-da-secretaria-de-comunicacao-3.jpg\",\"datePublished\":\"2025-01-06T14:36:19+00:00\",\"dateModified\":\"2025-01-06T14:36:29+00:00\",\"breadcrumb\":{\"@id\":\"https:\/\/brasilnoticias.org\/site\/sidonio-palmeira-se-reune-nesta-terca-com-lula-para-definir-futuro-da-secretaria-de-comunicacao\/#breadcrumb\"},\"inLanguage\":\"pt-PT\",\"potentialAction\":[{\"@type\":\"ReadAction\",\"target\":[\"https:\/\/brasilnoticias.org\/site\/sidonio-palmeira-se-reune-nesta-terca-com-lula-para-definir-futuro-da-secretaria-de-comunicacao\/\"]}]},{\"@type\":\"ImageObject\",\"inLanguage\":\"pt-PT\",\"@id\":\"https:\/\/brasilnoticias.org\/site\/sidonio-palmeira-se-reune-nesta-terca-com-lula-para-definir-futuro-da-secretaria-de-comunicacao\/#primaryimage\",\"url\":\"https:\/\/brasilnoticias.org\/site\/wp-content\/uploads\/2025\/01\/159803sidonio-palmeira-se-reune-nesta-terca-com-lula-para-definir-futuro-da-secretaria-de-comunicacao-3.jpg\",\"contentUrl\":\"https:\/\/brasilnoticias.org\/site\/wp-content\/uploads\/2025\/01\/159803sidonio-palmeira-se-reune-nesta-terca-com-lula-para-definir-futuro-da-secretaria-de-comunicacao-3.jpg\",\"width\":1600,\"height\":752},{\"@type\":\"BreadcrumbList\",\"@id\":\"https:\/\/brasilnoticias.org\/site\/sidonio-palmeira-se-reune-nesta-terca-com-lula-para-definir-futuro-da-secretaria-de-comunicacao\/#breadcrumb\",\"itemListElement\":[{\"@type\":\"ListItem\",\"position\":1,\"name\":\"In\u00edcio\",\"item\":\"https:\/\/brasilnoticias.org\/site\/\"},{\"@type\":\"ListItem\",\"position\":2,\"name\":\"Sid\u00f4nio Palmeira se re\u00fane nesta ter\u00e7a com Lula para definir futuro da Secretaria de Comunica\u00e7\u00e3o\"}]},{\"@type\":\"WebSite\",\"@id\":\"https:\/\/brasilnoticias.org\/site\/#website\",\"url\":\"https:\/\/brasilnoticias.org\/site\/\",\"name\":\"Brasil not\u00edcias\",\"description\":\"Brasil not\u00edcias\",\"publisher\":{\"@id\":\"https:\/\/brasilnoticias.org\/site\/#organization\"},\"potentialAction\":[{\"@type\":\"SearchAction\",\"target\":{\"@type\":\"EntryPoint\",\"urlTemplate\":\"https:\/\/brasilnoticias.org\/site\/?s={search_term_string}\"},\"query-input\":{\"@type\":\"PropertyValueSpecification\",\"valueRequired\":true,\"valueName\":\"search_term_string\"}}],\"inLanguage\":\"pt-PT\"},{\"@type\":\"Organization\",\"@id\":\"https:\/\/brasilnoticias.org\/site\/#organization\",\"name\":\"Brasil not\u00edcias\",\"url\":\"https:\/\/brasilnoticias.org\/site\/\",\"logo\":{\"@type\":\"ImageObject\",\"inLanguage\":\"pt-PT\",\"@id\":\"https:\/\/brasilnoticias.org\/site\/#\/schema\/logo\/image\/\",\"url\":\"https:\/\/brasilnoticias.org\/site\/wp-content\/uploads\/2022\/05\/cropped-brasilnoticias-mini.jpg\",\"contentUrl\":\"https:\/\/brasilnoticias.org\/site\/wp-content\/uploads\/2022\/05\/cropped-brasilnoticias-mini.jpg\",\"width\":314,\"height\":86,\"caption\":\"Brasil not\u00edcias\"},\"image\":{\"@id\":\"https:\/\/brasilnoticias.org\/site\/#\/schema\/logo\/image\/\"}},{\"@type\":\"Person\",\"@id\":\"https:\/\/brasilnoticias.org\/site\/#\/schema\/person\/03bbbfe6c7634ad18c26444ea39049fa\",\"name\":\"Reda\u00e7\u00e3o\",\"image\":{\"@type\":\"ImageObject\",\"inLanguage\":\"pt-PT\",\"@id\":\"https:\/\/brasilnoticias.org\/site\/#\/schema\/person\/image\/\",\"url\":\"https:\/\/secure.gravatar.com\/avatar\/9ecaf7327a696cb23ad926fedded5f1f04d7049de9e445375d55b48c001a6e42?s=96&d=mm&r=g\",\"contentUrl\":\"https:\/\/secure.gravatar.com\/avatar\/9ecaf7327a696cb23ad926fedded5f1f04d7049de9e445375d55b48c001a6e42?s=96&d=mm&r=g\",\"caption\":\"Reda\u00e7\u00e3o\"},\"url\":\"https:\/\/brasilnoticias.org\/site\/author\/henrique\/\"}]}<\/script>\n<!-- \/ Yoast SEO plugin. -->","yoast_head_json":{"title":"Sid\u00f4nio Palmeira se re\u00fane nesta ter\u00e7a com Lula para definir futuro da Secretaria de Comunica\u00e7\u00e3o - Brasil not\u00edcias","robots":{"index":"index","follow":"follow","max-snippet":"max-snippet:-1","max-image-preview":"max-image-preview:large","max-video-preview":"max-video-preview:-1"},"canonical":"https:\/\/brasilnoticias.org\/site\/sidonio-palmeira-se-reune-nesta-terca-com-lula-para-definir-futuro-da-secretaria-de-comunicacao\/","og_locale":"pt_PT","og_type":"article","og_title":"Sid\u00f4nio Palmeira se re\u00fane nesta ter\u00e7a com Lula para definir futuro da Secretaria de Comunica\u00e7\u00e3o - Brasil not\u00edcias","og_description":"Sid\u00f4nio confirmou o encontro, mas enfatizou que nenhuma decis\u00e3o foi tomada at\u00e9 o momento sobre sua poss\u00edvel nomea\u00e7\u00e3o para o","og_url":"https:\/\/brasilnoticias.org\/site\/sidonio-palmeira-se-reune-nesta-terca-com-lula-para-definir-futuro-da-secretaria-de-comunicacao\/","og_site_name":"Brasil not\u00edcias","article_published_time":"2025-01-06T14:36:19+00:00","article_modified_time":"2025-01-06T14:36:29+00:00","og_image":[{"width":1600,"height":752,"url":"https:\/\/brasilnoticias.org\/site\/wp-content\/uploads\/2025\/01\/159803sidonio-palmeira-se-reune-nesta-terca-com-lula-para-definir-futuro-da-secretaria-de-comunicacao-3.jpg","type":"image\/jpeg"}],"author":"Reda\u00e7\u00e3o","twitter_card":"summary_large_image","twitter_misc":{"Escrito por":"Reda\u00e7\u00e3o","Tempo estimado de leitura":"2 minutos"},"schema":{"@context":"https:\/\/schema.org","@graph":[{"@type":"Article","@id":"https:\/\/brasilnoticias.org\/site\/sidonio-palmeira-se-reune-nesta-terca-com-lula-para-definir-futuro-da-secretaria-de-comunicacao\/#article","isPartOf":{"@id":"https:\/\/brasilnoticias.org\/site\/sidonio-palmeira-se-reune-nesta-terca-com-lula-para-definir-futuro-da-secretaria-de-comunicacao\/"},"author":{"name":"Reda\u00e7\u00e3o","@id":"https:\/\/brasilnoticias.org\/site\/#\/schema\/person\/03bbbfe6c7634ad18c26444ea39049fa"},"headline":"Sid\u00f4nio Palmeira se re\u00fane nesta ter\u00e7a com Lula para definir futuro da Secretaria de Comunica\u00e7\u00e3o","datePublished":"2025-01-06T14:36:19+00:00","dateModified":"2025-01-06T14:36:29+00:00","mainEntityOfPage":{"@id":"https:\/\/brasilnoticias.org\/site\/sidonio-palmeira-se-reune-nesta-terca-com-lula-para-definir-futuro-da-secretaria-de-comunicacao\/"},"wordCount":220,"commentCount":0,"publisher":{"@id":"https:\/\/brasilnoticias.org\/site\/#organization"},"image":{"@id":"https:\/\/brasilnoticias.org\/site\/sidonio-palmeira-se-reune-nesta-terca-com-lula-para-definir-futuro-da-secretaria-de-comunicacao\/#primaryimage"},"thumbnailUrl":"https:\/\/brasilnoticias.org\/site\/wp-content\/uploads\/2025\/01\/159803sidonio-palmeira-se-reune-nesta-terca-com-lula-para-definir-futuro-da-secretaria-de-comunicacao-3.jpg","articleSection":["Pol\u00edtica","\u00daltimas"],"inLanguage":"pt-PT","potentialAction":[{"@type":"CommentAction","name":"Comment","target":["https:\/\/brasilnoticias.org\/site\/sidonio-palmeira-se-reune-nesta-terca-com-lula-para-definir-futuro-da-secretaria-de-comunicacao\/#respond"]}]},{"@type":"WebPage","@id":"https:\/\/brasilnoticias.org\/site\/sidonio-palmeira-se-reune-nesta-terca-com-lula-para-definir-futuro-da-secretaria-de-comunicacao\/","url":"https:\/\/brasilnoticias.org\/site\/sidonio-palmeira-se-reune-nesta-terca-com-lula-para-definir-futuro-da-secretaria-de-comunicacao\/","name":"Sid\u00f4nio Palmeira se re\u00fane nesta ter\u00e7a com Lula para definir futuro da Secretaria de Comunica\u00e7\u00e3o - Brasil not\u00edcias","isPartOf":{"@id":"https:\/\/brasilnoticias.org\/site\/#website"},"primaryImageOfPage":{"@id":"https:\/\/brasilnoticias.org\/site\/sidonio-palmeira-se-reune-nesta-terca-com-lula-para-definir-futuro-da-secretaria-de-comunicacao\/#primaryimage"},"image":{"@id":"https:\/\/brasilnoticias.org\/site\/sidonio-palmeira-se-reune-nesta-terca-com-lula-para-definir-futuro-da-secretaria-de-comunicacao\/#primaryimage"},"thumbnailUrl":"https:\/\/brasilnoticias.org\/site\/wp-content\/uploads\/2025\/01\/159803sidonio-palmeira-se-reune-nesta-terca-com-lula-para-definir-futuro-da-secretaria-de-comunicacao-3.jpg","datePublished":"2025-01-06T14:36:19+00:00","dateModified":"2025-01-06T14:36:29+00:00","breadcrumb":{"@id":"https:\/\/brasilnoticias.org\/site\/sidonio-palmeira-se-reune-nesta-terca-com-lula-para-definir-futuro-da-secretaria-de-comunicacao\/#breadcrumb"},"inLanguage":"pt-PT","potentialAction":[{"@type":"ReadAction","target":["https:\/\/brasilnoticias.org\/site\/sidonio-palmeira-se-reune-nesta-terca-com-lula-para-definir-futuro-da-secretaria-de-comunicacao\/"]}]},{"@type":"ImageObject","inLanguage":"pt-PT","@id":"https:\/\/brasilnoticias.org\/site\/sidonio-palmeira-se-reune-nesta-terca-com-lula-para-definir-futuro-da-secretaria-de-comunicacao\/#primaryimage","url":"https:\/\/brasilnoticias.org\/site\/wp-content\/uploads\/2025\/01\/159803sidonio-palmeira-se-reune-nesta-terca-com-lula-para-definir-futuro-da-secretaria-de-comunicacao-3.jpg","contentUrl":"https:\/\/brasilnoticias.org\/site\/wp-content\/uploads\/2025\/01\/159803sidonio-palmeira-se-reune-nesta-terca-com-lula-para-definir-futuro-da-secretaria-de-comunicacao-3.jpg","width":1600,"height":752},{"@type":"BreadcrumbList","@id":"https:\/\/brasilnoticias.org\/site\/sidonio-palmeira-se-reune-nesta-terca-com-lula-para-definir-futuro-da-secretaria-de-comunicacao\/#breadcrumb","itemListElement":[{"@type":"ListItem","position":1,"name":"In\u00edcio","item":"https:\/\/brasilnoticias.org\/site\/"},{"@type":"ListItem","position":2,"name":"Sid\u00f4nio Palmeira se re\u00fane nesta ter\u00e7a com Lula para definir futuro da Secretaria de Comunica\u00e7\u00e3o"}]},{"@type":"WebSite","@id":"https:\/\/brasilnoticias.org\/site\/#website","url":"https:\/\/brasilnoticias.org\/site\/","name":"Brasil not\u00edcias","description":"Brasil not\u00edcias","publisher":{"@id":"https:\/\/brasilnoticias.org\/site\/#organization"},"potentialAction":[{"@type":"SearchAction","target":{"@type":"EntryPoint","urlTemplate":"https:\/\/brasilnoticias.org\/site\/?s={search_term_string}"},"query-input":{"@type":"PropertyValueSpecification","valueRequired":true,"valueName":"search_term_string"}}],"inLanguage":"pt-PT"},{"@type":"Organization","@id":"https:\/\/brasilnoticias.org\/site\/#organization","name":"Brasil not\u00edcias","url":"https:\/\/brasilnoticias.org\/site\/","logo":{"@type":"ImageObject","inLanguage":"pt-PT","@id":"https:\/\/brasilnoticias.org\/site\/#\/schema\/logo\/image\/","url":"https:\/\/brasilnoticias.org\/site\/wp-content\/uploads\/2022\/05\/cropped-brasilnoticias-mini.jpg","contentUrl":"https:\/\/brasilnoticias.org\/site\/wp-content\/uploads\/2022\/05\/cropped-brasilnoticias-mini.jpg","width":314,"height":86,"caption":"Brasil not\u00edcias"},"image":{"@id":"https:\/\/brasilnoticias.org\/site\/#\/schema\/logo\/image\/"}},{"@type":"Person","@id":"https:\/\/brasilnoticias.org\/site\/#\/schema\/person\/03bbbfe6c7634ad18c26444ea39049fa","name":"Reda\u00e7\u00e3o","image":{"@type":"ImageObject","inLanguage":"pt-PT","@id":"https:\/\/brasilnoticias.org\/site\/#\/schema\/person\/image\/","url":"https:\/\/secure.gravatar.com\/avatar\/9ecaf7327a696cb23ad926fedded5f1f04d7049de9e445375d55b48c001a6e42?s=96&d=mm&r=g","contentUrl":"https:\/\/secure.gravatar.com\/avatar\/9ecaf7327a696cb23ad926fedded5f1f04d7049de9e445375d55b48c001a6e42?s=96&d=mm&r=g","caption":"Reda\u00e7\u00e3o"},"url":"https:\/\/brasilnoticias.org\/site\/author\/henrique\/"}]}},"_links":{"self":[{"href":"https:\/\/brasilnoticias.org\/site\/wp-json\/wp\/v2\/posts\/16618","targetHints":{"allow":["GET"]}}],"collection":[{"href":"https:\/\/brasilnoticias.org\/site\/wp-json\/wp\/v2\/posts"}],"about":[{"href":"https:\/\/brasilnoticias.org\/site\/wp-json\/wp\/v2\/types\/post"}],"author":[{"embeddable":true,"href":"https:\/\/brasilnoticias.org\/site\/wp-json\/wp\/v2\/users\/4"}],"replies":[{"embeddable":true,"href":"https:\/\/brasilnoticias.org\/site\/wp-json\/wp\/v2\/comments?post=16618"}],"version-history":[{"count":1,"href":"https:\/\/brasilnoticias.org\/site\/wp-json\/wp\/v2\/posts\/16618\/revisions"}],"predecessor-version":[{"id":16620,"href":"https:\/\/brasilnoticias.org\/site\/wp-json\/wp\/v2\/posts\/16618\/revisions\/16620"}],"wp:featuredmedia":[{"embeddable":true,"href":"https:\/\/brasilnoticias.org\/site\/wp-json\/wp\/v2\/media\/16619"}],"wp:attachment":[{"href":"https:\/\/brasilnoticias.org\/site\/wp-json\/wp\/v2\/media?parent=16618"}],"wp:term":[{"taxonomy":"category","embeddable":true,"href":"https:\/\/brasilnoticias.org\/site\/wp-json\/wp\/v2\/categories?post=16618"},{"taxonomy":"post_tag","embeddable":true,"href":"https:\/\/brasilnoticias.org\/site\/wp-json\/wp\/v2\/tags?post=16618"}],"curies":[{"name":"wp","href":"https:\/\/api.w.org\/{rel}","templated":true}]}}