{"id":16627,"date":"2025-01-06T12:22:49","date_gmt":"2025-01-06T15:22:49","guid":{"rendered":"https:\/\/brasilnoticias.org\/site\/?p=16627"},"modified":"2025-01-06T12:22:49","modified_gmt":"2025-01-06T15:22:49","slug":"bruno-reis-comenta-reajuste-da-tarifa-de-onibus-e-garante-recomposicao-de-linhas","status":"publish","type":"post","link":"https:\/\/brasilnoticias.org\/site\/bruno-reis-comenta-reajuste-da-tarifa-de-onibus-e-garante-recomposicao-de-linhas\/","title":{"rendered":"Bruno Reis comenta reajuste da tarifa de \u00f4nibus e garante recomposi\u00e7\u00e3o de linhas"},"content":{"rendered":"<p>O prefeito reconheceu que \u00e9 preciso avan\u00e7ar nas condi\u00e7\u00f5es do transporte p\u00fablico da capital e ainda revelou que novos \u00f4nibus devem ser entregues<\/p>\n<p>Dois dias ap\u00f3s o reajuste da tarifa de \u00f4nibus em Salvador entrar em vigor, o prefeito Bruno Reis comentou o aumento de R$ 0,40 na passagem do transporte p\u00fablico da capital. Segundo o gestor municipal, a mudan\u00e7a no pre\u00e7o faz parte de uma \u201crela\u00e7\u00e3o contratual\u201d e tem influ\u00eancia de aumentos no sal\u00e1rio m\u00ednimo e em insumos como o diesel. <\/p>\n<p>\u201cEsse reajuste vale por dois anos, at\u00e9 porque h\u00e1 uma rela\u00e7\u00e3o contratual. \u00c9 o menor reajuste que foi dado entre as capitais que j\u00e1 deram no Brasil. Tiveram capitais que aumentaram mais de 60 centavos\u201d, afirmou.<\/p>\n<p>\u201cDiante dos aumentos dos insumos, diante do aumento do sal\u00e1rio das categorias, n\u00e3o h\u00e1 como n\u00e3o ter feito esse reajuste. Inclusive, a Prefeitura vai seguir pagando a diferen\u00e7a entre a tarifa real e a tarifa que \u00e9 paga pelo usu\u00e1rio. A Prefeitura vai seguir complementando com o subs\u00eddio\u201d, acrescentou. A declara\u00e7\u00e3o foi feita durante a cerim\u00f4nia de posse da nova secret\u00e1ria municipl de Repara\u00e7\u00e3o, Isaura Genoveva.<\/p>\n<p>O prefeito reconheceu que \u00e9 preciso avan\u00e7ar nas condi\u00e7\u00f5es do transporte p\u00fablico da capital e ainda revelou que novos \u00f4nibus devem ser entregues. <\/p>\n<p>\u201cEstamos recompondo algumas linhas, n\u00f3s vamos resolver o transporte p\u00fablico. Se fossemos aplicar a infla\u00e7\u00e3o dos dois anos, seria um aumento maior, daria mais de 10% de aumento e n\u00f3s chegamos a cerca de 7%\u201d, disse Bruno Reis.<\/p>\n<p>Foto: Reprodu\u00e7\u00e3o\/Youtube<br \/>\nPor: Metro1<\/p>\n","protected":false},"excerpt":{"rendered":"<p>O prefeito reconheceu que \u00e9 preciso avan\u00e7ar nas condi\u00e7\u00f5es do transporte p\u00fablico da capital e ainda revelou que novos \u00f4nibus<\/p>\n","protected":false},"author":4,"featured_media":16628,"comment_status":"open","ping_status":"open","sticky":false,"template":"","format":"standard","meta":{"colormag_page_container_layout":"default_layout","colormag_page_sidebar_layout":"default_layout","_FSMCFIC_featured_image_caption":"","_FSMCFIC_featured_image_nocaption":"","_FSMCFIC_featured_image_hide":"","footnotes":""},"categories":[5,1],"tags":[],"class_list":["post-16627","post","type-post","status-publish","format-standard","has-post-thumbnail","hentry","category-politica","category-ultimas"],"yoast_head":"<!-- This site is optimized with the Yoast SEO plugin v27.1.1 - https:\/\/yoast.com\/product\/yoast-seo-wordpress\/ -->\n<title>Bruno Reis comenta reajuste da tarifa de \u00f4nibus e garante recomposi\u00e7\u00e3o de linhas - Brasil not\u00edcias<\/title>\n<meta name=\"robots\" content=\"index, follow, max-snippet:-1, max-image-preview:large, max-video-preview:-1\" \/>\n<link rel=\"canonical\" href=\"https:\/\/brasilnoticias.org\/site\/bruno-reis-comenta-reajuste-da-tarifa-de-onibus-e-garante-recomposicao-de-linhas\/\" \/>\n<meta property=\"og:locale\" content=\"pt_PT\" \/>\n<meta property=\"og:type\" content=\"article\" \/>\n<meta property=\"og:title\" content=\"Bruno Reis comenta reajuste da tarifa de \u00f4nibus e garante recomposi\u00e7\u00e3o de linhas - Brasil not\u00edcias\" \/>\n<meta property=\"og:description\" content=\"O prefeito reconheceu que \u00e9 preciso avan\u00e7ar nas condi\u00e7\u00f5es do transporte p\u00fablico da capital e ainda revelou que novos \u00f4nibus\" \/>\n<meta property=\"og:url\" content=\"https:\/\/brasilnoticias.org\/site\/bruno-reis-comenta-reajuste-da-tarifa-de-onibus-e-garante-recomposicao-de-linhas\/\" \/>\n<meta property=\"og:site_name\" content=\"Brasil not\u00edcias\" \/>\n<meta property=\"article:published_time\" content=\"2025-01-06T15:22:49+00:00\" \/>\n<meta property=\"og:image\" content=\"https:\/\/brasilnoticias.org\/site\/wp-content\/uploads\/2025\/01\/159815bruno-reis-comenta-reajuste-da-tarifa-de-onibus-e-garante-recomposicao-de-linhas-3.jpg\" \/>\n\t<meta property=\"og:image:width\" content=\"1600\" \/>\n\t<meta property=\"og:image:height\" content=\"752\" \/>\n\t<meta property=\"og:image:type\" content=\"image\/jpeg\" \/>\n<meta name=\"author\" content=\"Reda\u00e7\u00e3o\" \/>\n<meta name=\"twitter:card\" content=\"summary_large_image\" \/>\n<meta name=\"twitter:label1\" content=\"Escrito por\" \/>\n\t<meta name=\"twitter:data1\" content=\"Reda\u00e7\u00e3o\" \/>\n\t<meta name=\"twitter:label2\" content=\"Tempo estimado de leitura\" \/>\n\t<meta name=\"twitter:data2\" content=\"1 minuto\" \/>\n<script type=\"application\/ld+json\" class=\"yoast-schema-graph\">{\"@context\":\"https:\/\/schema.org\",\"@graph\":[{\"@type\":\"Article\",\"@id\":\"https:\/\/brasilnoticias.org\/site\/bruno-reis-comenta-reajuste-da-tarifa-de-onibus-e-garante-recomposicao-de-linhas\/#article\",\"isPartOf\":{\"@id\":\"https:\/\/brasilnoticias.org\/site\/bruno-reis-comenta-reajuste-da-tarifa-de-onibus-e-garante-recomposicao-de-linhas\/\"},\"author\":{\"name\":\"Reda\u00e7\u00e3o\",\"@id\":\"https:\/\/brasilnoticias.org\/site\/#\/schema\/person\/03bbbfe6c7634ad18c26444ea39049fa\"},\"headline\":\"Bruno Reis comenta reajuste da tarifa de \u00f4nibus e garante recomposi\u00e7\u00e3o de linhas\",\"datePublished\":\"2025-01-06T15:22:49+00:00\",\"mainEntityOfPage\":{\"@id\":\"https:\/\/brasilnoticias.org\/site\/bruno-reis-comenta-reajuste-da-tarifa-de-onibus-e-garante-recomposicao-de-linhas\/\"},\"wordCount\":286,\"commentCount\":0,\"publisher\":{\"@id\":\"https:\/\/brasilnoticias.org\/site\/#organization\"},\"image\":{\"@id\":\"https:\/\/brasilnoticias.org\/site\/bruno-reis-comenta-reajuste-da-tarifa-de-onibus-e-garante-recomposicao-de-linhas\/#primaryimage\"},\"thumbnailUrl\":\"https:\/\/brasilnoticias.org\/site\/wp-content\/uploads\/2025\/01\/159815bruno-reis-comenta-reajuste-da-tarifa-de-onibus-e-garante-recomposicao-de-linhas-3.jpg\",\"articleSection\":[\"Pol\u00edtica\",\"\u00daltimas\"],\"inLanguage\":\"pt-PT\",\"potentialAction\":[{\"@type\":\"CommentAction\",\"name\":\"Comment\",\"target\":[\"https:\/\/brasilnoticias.org\/site\/bruno-reis-comenta-reajuste-da-tarifa-de-onibus-e-garante-recomposicao-de-linhas\/#respond\"]}]},{\"@type\":\"WebPage\",\"@id\":\"https:\/\/brasilnoticias.org\/site\/bruno-reis-comenta-reajuste-da-tarifa-de-onibus-e-garante-recomposicao-de-linhas\/\",\"url\":\"https:\/\/brasilnoticias.org\/site\/bruno-reis-comenta-reajuste-da-tarifa-de-onibus-e-garante-recomposicao-de-linhas\/\",\"name\":\"Bruno Reis comenta reajuste da tarifa de \u00f4nibus e garante recomposi\u00e7\u00e3o de linhas - Brasil not\u00edcias\",\"isPartOf\":{\"@id\":\"https:\/\/brasilnoticias.org\/site\/#website\"},\"primaryImageOfPage\":{\"@id\":\"https:\/\/brasilnoticias.org\/site\/bruno-reis-comenta-reajuste-da-tarifa-de-onibus-e-garante-recomposicao-de-linhas\/#primaryimage\"},\"image\":{\"@id\":\"https:\/\/brasilnoticias.org\/site\/bruno-reis-comenta-reajuste-da-tarifa-de-onibus-e-garante-recomposicao-de-linhas\/#primaryimage\"},\"thumbnailUrl\":\"https:\/\/brasilnoticias.org\/site\/wp-content\/uploads\/2025\/01\/159815bruno-reis-comenta-reajuste-da-tarifa-de-onibus-e-garante-recomposicao-de-linhas-3.jpg\",\"datePublished\":\"2025-01-06T15:22:49+00:00\",\"breadcrumb\":{\"@id\":\"https:\/\/brasilnoticias.org\/site\/bruno-reis-comenta-reajuste-da-tarifa-de-onibus-e-garante-recomposicao-de-linhas\/#breadcrumb\"},\"inLanguage\":\"pt-PT\",\"potentialAction\":[{\"@type\":\"ReadAction\",\"target\":[\"https:\/\/brasilnoticias.org\/site\/bruno-reis-comenta-reajuste-da-tarifa-de-onibus-e-garante-recomposicao-de-linhas\/\"]}]},{\"@type\":\"ImageObject\",\"inLanguage\":\"pt-PT\",\"@id\":\"https:\/\/brasilnoticias.org\/site\/bruno-reis-comenta-reajuste-da-tarifa-de-onibus-e-garante-recomposicao-de-linhas\/#primaryimage\",\"url\":\"https:\/\/brasilnoticias.org\/site\/wp-content\/uploads\/2025\/01\/159815bruno-reis-comenta-reajuste-da-tarifa-de-onibus-e-garante-recomposicao-de-linhas-3.jpg\",\"contentUrl\":\"https:\/\/brasilnoticias.org\/site\/wp-content\/uploads\/2025\/01\/159815bruno-reis-comenta-reajuste-da-tarifa-de-onibus-e-garante-recomposicao-de-linhas-3.jpg\",\"width\":1600,\"height\":752},{\"@type\":\"BreadcrumbList\",\"@id\":\"https:\/\/brasilnoticias.org\/site\/bruno-reis-comenta-reajuste-da-tarifa-de-onibus-e-garante-recomposicao-de-linhas\/#breadcrumb\",\"itemListElement\":[{\"@type\":\"ListItem\",\"position\":1,\"name\":\"In\u00edcio\",\"item\":\"https:\/\/brasilnoticias.org\/site\/\"},{\"@type\":\"ListItem\",\"position\":2,\"name\":\"Bruno Reis comenta reajuste da tarifa de \u00f4nibus e garante recomposi\u00e7\u00e3o de linhas\"}]},{\"@type\":\"WebSite\",\"@id\":\"https:\/\/brasilnoticias.org\/site\/#website\",\"url\":\"https:\/\/brasilnoticias.org\/site\/\",\"name\":\"Brasil not\u00edcias\",\"description\":\"Brasil not\u00edcias\",\"publisher\":{\"@id\":\"https:\/\/brasilnoticias.org\/site\/#organization\"},\"potentialAction\":[{\"@type\":\"SearchAction\",\"target\":{\"@type\":\"EntryPoint\",\"urlTemplate\":\"https:\/\/brasilnoticias.org\/site\/?s={search_term_string}\"},\"query-input\":{\"@type\":\"PropertyValueSpecification\",\"valueRequired\":true,\"valueName\":\"search_term_string\"}}],\"inLanguage\":\"pt-PT\"},{\"@type\":\"Organization\",\"@id\":\"https:\/\/brasilnoticias.org\/site\/#organization\",\"name\":\"Brasil not\u00edcias\",\"url\":\"https:\/\/brasilnoticias.org\/site\/\",\"logo\":{\"@type\":\"ImageObject\",\"inLanguage\":\"pt-PT\",\"@id\":\"https:\/\/brasilnoticias.org\/site\/#\/schema\/logo\/image\/\",\"url\":\"https:\/\/brasilnoticias.org\/site\/wp-content\/uploads\/2022\/05\/cropped-brasilnoticias-mini.jpg\",\"contentUrl\":\"https:\/\/brasilnoticias.org\/site\/wp-content\/uploads\/2022\/05\/cropped-brasilnoticias-mini.jpg\",\"width\":314,\"height\":86,\"caption\":\"Brasil not\u00edcias\"},\"image\":{\"@id\":\"https:\/\/brasilnoticias.org\/site\/#\/schema\/logo\/image\/\"}},{\"@type\":\"Person\",\"@id\":\"https:\/\/brasilnoticias.org\/site\/#\/schema\/person\/03bbbfe6c7634ad18c26444ea39049fa\",\"name\":\"Reda\u00e7\u00e3o\",\"image\":{\"@type\":\"ImageObject\",\"inLanguage\":\"pt-PT\",\"@id\":\"https:\/\/brasilnoticias.org\/site\/#\/schema\/person\/image\/\",\"url\":\"https:\/\/secure.gravatar.com\/avatar\/9ecaf7327a696cb23ad926fedded5f1f04d7049de9e445375d55b48c001a6e42?s=96&d=mm&r=g\",\"contentUrl\":\"https:\/\/secure.gravatar.com\/avatar\/9ecaf7327a696cb23ad926fedded5f1f04d7049de9e445375d55b48c001a6e42?s=96&d=mm&r=g\",\"caption\":\"Reda\u00e7\u00e3o\"},\"url\":\"https:\/\/brasilnoticias.org\/site\/author\/henrique\/\"}]}<\/script>\n<!-- \/ Yoast SEO plugin. -->","yoast_head_json":{"title":"Bruno Reis comenta reajuste da tarifa de \u00f4nibus e garante recomposi\u00e7\u00e3o de linhas - Brasil not\u00edcias","robots":{"index":"index","follow":"follow","max-snippet":"max-snippet:-1","max-image-preview":"max-image-preview:large","max-video-preview":"max-video-preview:-1"},"canonical":"https:\/\/brasilnoticias.org\/site\/bruno-reis-comenta-reajuste-da-tarifa-de-onibus-e-garante-recomposicao-de-linhas\/","og_locale":"pt_PT","og_type":"article","og_title":"Bruno Reis comenta reajuste da tarifa de \u00f4nibus e garante recomposi\u00e7\u00e3o de linhas - Brasil not\u00edcias","og_description":"O prefeito reconheceu que \u00e9 preciso avan\u00e7ar nas condi\u00e7\u00f5es do transporte p\u00fablico da capital e ainda revelou que novos \u00f4nibus","og_url":"https:\/\/brasilnoticias.org\/site\/bruno-reis-comenta-reajuste-da-tarifa-de-onibus-e-garante-recomposicao-de-linhas\/","og_site_name":"Brasil not\u00edcias","article_published_time":"2025-01-06T15:22:49+00:00","og_image":[{"width":1600,"height":752,"url":"https:\/\/brasilnoticias.org\/site\/wp-content\/uploads\/2025\/01\/159815bruno-reis-comenta-reajuste-da-tarifa-de-onibus-e-garante-recomposicao-de-linhas-3.jpg","type":"image\/jpeg"}],"author":"Reda\u00e7\u00e3o","twitter_card":"summary_large_image","twitter_misc":{"Escrito por":"Reda\u00e7\u00e3o","Tempo estimado de leitura":"1 minuto"},"schema":{"@context":"https:\/\/schema.org","@graph":[{"@type":"Article","@id":"https:\/\/brasilnoticias.org\/site\/bruno-reis-comenta-reajuste-da-tarifa-de-onibus-e-garante-recomposicao-de-linhas\/#article","isPartOf":{"@id":"https:\/\/brasilnoticias.org\/site\/bruno-reis-comenta-reajuste-da-tarifa-de-onibus-e-garante-recomposicao-de-linhas\/"},"author":{"name":"Reda\u00e7\u00e3o","@id":"https:\/\/brasilnoticias.org\/site\/#\/schema\/person\/03bbbfe6c7634ad18c26444ea39049fa"},"headline":"Bruno Reis comenta reajuste da tarifa de \u00f4nibus e garante recomposi\u00e7\u00e3o de linhas","datePublished":"2025-01-06T15:22:49+00:00","mainEntityOfPage":{"@id":"https:\/\/brasilnoticias.org\/site\/bruno-reis-comenta-reajuste-da-tarifa-de-onibus-e-garante-recomposicao-de-linhas\/"},"wordCount":286,"commentCount":0,"publisher":{"@id":"https:\/\/brasilnoticias.org\/site\/#organization"},"image":{"@id":"https:\/\/brasilnoticias.org\/site\/bruno-reis-comenta-reajuste-da-tarifa-de-onibus-e-garante-recomposicao-de-linhas\/#primaryimage"},"thumbnailUrl":"https:\/\/brasilnoticias.org\/site\/wp-content\/uploads\/2025\/01\/159815bruno-reis-comenta-reajuste-da-tarifa-de-onibus-e-garante-recomposicao-de-linhas-3.jpg","articleSection":["Pol\u00edtica","\u00daltimas"],"inLanguage":"pt-PT","potentialAction":[{"@type":"CommentAction","name":"Comment","target":["https:\/\/brasilnoticias.org\/site\/bruno-reis-comenta-reajuste-da-tarifa-de-onibus-e-garante-recomposicao-de-linhas\/#respond"]}]},{"@type":"WebPage","@id":"https:\/\/brasilnoticias.org\/site\/bruno-reis-comenta-reajuste-da-tarifa-de-onibus-e-garante-recomposicao-de-linhas\/","url":"https:\/\/brasilnoticias.org\/site\/bruno-reis-comenta-reajuste-da-tarifa-de-onibus-e-garante-recomposicao-de-linhas\/","name":"Bruno Reis comenta reajuste da tarifa de \u00f4nibus e garante recomposi\u00e7\u00e3o de linhas - Brasil not\u00edcias","isPartOf":{"@id":"https:\/\/brasilnoticias.org\/site\/#website"},"primaryImageOfPage":{"@id":"https:\/\/brasilnoticias.org\/site\/bruno-reis-comenta-reajuste-da-tarifa-de-onibus-e-garante-recomposicao-de-linhas\/#primaryimage"},"image":{"@id":"https:\/\/brasilnoticias.org\/site\/bruno-reis-comenta-reajuste-da-tarifa-de-onibus-e-garante-recomposicao-de-linhas\/#primaryimage"},"thumbnailUrl":"https:\/\/brasilnoticias.org\/site\/wp-content\/uploads\/2025\/01\/159815bruno-reis-comenta-reajuste-da-tarifa-de-onibus-e-garante-recomposicao-de-linhas-3.jpg","datePublished":"2025-01-06T15:22:49+00:00","breadcrumb":{"@id":"https:\/\/brasilnoticias.org\/site\/bruno-reis-comenta-reajuste-da-tarifa-de-onibus-e-garante-recomposicao-de-linhas\/#breadcrumb"},"inLanguage":"pt-PT","potentialAction":[{"@type":"ReadAction","target":["https:\/\/brasilnoticias.org\/site\/bruno-reis-comenta-reajuste-da-tarifa-de-onibus-e-garante-recomposicao-de-linhas\/"]}]},{"@type":"ImageObject","inLanguage":"pt-PT","@id":"https:\/\/brasilnoticias.org\/site\/bruno-reis-comenta-reajuste-da-tarifa-de-onibus-e-garante-recomposicao-de-linhas\/#primaryimage","url":"https:\/\/brasilnoticias.org\/site\/wp-content\/uploads\/2025\/01\/159815bruno-reis-comenta-reajuste-da-tarifa-de-onibus-e-garante-recomposicao-de-linhas-3.jpg","contentUrl":"https:\/\/brasilnoticias.org\/site\/wp-content\/uploads\/2025\/01\/159815bruno-reis-comenta-reajuste-da-tarifa-de-onibus-e-garante-recomposicao-de-linhas-3.jpg","width":1600,"height":752},{"@type":"BreadcrumbList","@id":"https:\/\/brasilnoticias.org\/site\/bruno-reis-comenta-reajuste-da-tarifa-de-onibus-e-garante-recomposicao-de-linhas\/#breadcrumb","itemListElement":[{"@type":"ListItem","position":1,"name":"In\u00edcio","item":"https:\/\/brasilnoticias.org\/site\/"},{"@type":"ListItem","position":2,"name":"Bruno Reis comenta reajuste da tarifa de \u00f4nibus e garante recomposi\u00e7\u00e3o de linhas"}]},{"@type":"WebSite","@id":"https:\/\/brasilnoticias.org\/site\/#website","url":"https:\/\/brasilnoticias.org\/site\/","name":"Brasil not\u00edcias","description":"Brasil not\u00edcias","publisher":{"@id":"https:\/\/brasilnoticias.org\/site\/#organization"},"potentialAction":[{"@type":"SearchAction","target":{"@type":"EntryPoint","urlTemplate":"https:\/\/brasilnoticias.org\/site\/?s={search_term_string}"},"query-input":{"@type":"PropertyValueSpecification","valueRequired":true,"valueName":"search_term_string"}}],"inLanguage":"pt-PT"},{"@type":"Organization","@id":"https:\/\/brasilnoticias.org\/site\/#organization","name":"Brasil not\u00edcias","url":"https:\/\/brasilnoticias.org\/site\/","logo":{"@type":"ImageObject","inLanguage":"pt-PT","@id":"https:\/\/brasilnoticias.org\/site\/#\/schema\/logo\/image\/","url":"https:\/\/brasilnoticias.org\/site\/wp-content\/uploads\/2022\/05\/cropped-brasilnoticias-mini.jpg","contentUrl":"https:\/\/brasilnoticias.org\/site\/wp-content\/uploads\/2022\/05\/cropped-brasilnoticias-mini.jpg","width":314,"height":86,"caption":"Brasil not\u00edcias"},"image":{"@id":"https:\/\/brasilnoticias.org\/site\/#\/schema\/logo\/image\/"}},{"@type":"Person","@id":"https:\/\/brasilnoticias.org\/site\/#\/schema\/person\/03bbbfe6c7634ad18c26444ea39049fa","name":"Reda\u00e7\u00e3o","image":{"@type":"ImageObject","inLanguage":"pt-PT","@id":"https:\/\/brasilnoticias.org\/site\/#\/schema\/person\/image\/","url":"https:\/\/secure.gravatar.com\/avatar\/9ecaf7327a696cb23ad926fedded5f1f04d7049de9e445375d55b48c001a6e42?s=96&d=mm&r=g","contentUrl":"https:\/\/secure.gravatar.com\/avatar\/9ecaf7327a696cb23ad926fedded5f1f04d7049de9e445375d55b48c001a6e42?s=96&d=mm&r=g","caption":"Reda\u00e7\u00e3o"},"url":"https:\/\/brasilnoticias.org\/site\/author\/henrique\/"}]}},"_links":{"self":[{"href":"https:\/\/brasilnoticias.org\/site\/wp-json\/wp\/v2\/posts\/16627","targetHints":{"allow":["GET"]}}],"collection":[{"href":"https:\/\/brasilnoticias.org\/site\/wp-json\/wp\/v2\/posts"}],"about":[{"href":"https:\/\/brasilnoticias.org\/site\/wp-json\/wp\/v2\/types\/post"}],"author":[{"embeddable":true,"href":"https:\/\/brasilnoticias.org\/site\/wp-json\/wp\/v2\/users\/4"}],"replies":[{"embeddable":true,"href":"https:\/\/brasilnoticias.org\/site\/wp-json\/wp\/v2\/comments?post=16627"}],"version-history":[{"count":1,"href":"https:\/\/brasilnoticias.org\/site\/wp-json\/wp\/v2\/posts\/16627\/revisions"}],"predecessor-version":[{"id":16629,"href":"https:\/\/brasilnoticias.org\/site\/wp-json\/wp\/v2\/posts\/16627\/revisions\/16629"}],"wp:featuredmedia":[{"embeddable":true,"href":"https:\/\/brasilnoticias.org\/site\/wp-json\/wp\/v2\/media\/16628"}],"wp:attachment":[{"href":"https:\/\/brasilnoticias.org\/site\/wp-json\/wp\/v2\/media?parent=16627"}],"wp:term":[{"taxonomy":"category","embeddable":true,"href":"https:\/\/brasilnoticias.org\/site\/wp-json\/wp\/v2\/categories?post=16627"},{"taxonomy":"post_tag","embeddable":true,"href":"https:\/\/brasilnoticias.org\/site\/wp-json\/wp\/v2\/tags?post=16627"}],"curies":[{"name":"wp","href":"https:\/\/api.w.org\/{rel}","templated":true}]}}