{"id":16665,"date":"2025-01-21T13:38:51","date_gmt":"2025-01-21T16:38:51","guid":{"rendered":"https:\/\/brasilnoticias.org\/site\/?p=16665"},"modified":"2025-01-21T13:38:51","modified_gmt":"2025-01-21T16:38:51","slug":"veja-principais-medidas-assinadas-por-trump-apos-posse","status":"publish","type":"post","link":"https:\/\/brasilnoticias.org\/site\/veja-principais-medidas-assinadas-por-trump-apos-posse\/","title":{"rendered":"Veja principais medidas assinadas por Trump ap\u00f3s posse"},"content":{"rendered":"<p>Decretos alteram medidas em diversas \u00e1reas como meio-ambiente, sa\u00fade, economia, seguran\u00e7a, diversidade, imigra\u00e7\u00e3o e energia<\/p>\n<p>O presidente dos Estados Unidos, Donald Trump (Republicano), assinou na segunda-feira (20) os primeiros decretos de seu segundo mandato \u00e0 frente da Casa Branca. O republicano afirmou que uma &#8220;era de ouro&#8221; dos Estados Unidos acabou de come\u00e7ar, em seu discurso ap\u00f3s ser empossado como 47\u00ba presidente do pa\u00eds. &#8220;A era de ouro dos Estados Unidos come\u00e7a agora. A partir de hoje nosso pa\u00eds florescer\u00e1 e voltar\u00e1 a ser respeitado em todo o mundo&#8221;, declarou.<\/p>\n<p>As dezenas de decretos assinados por Trump alteram medidas em diversas \u00e1reas como meio-ambiente, sa\u00fade, economia, seguran\u00e7a, diversidade, imigra\u00e7\u00e3o, energia, entre outros.<\/p>\n<p>Vejas as principais mudan\u00e7as:<\/p>\n<p>Perd\u00e3o a invasores do Capit\u00f3lio: Trump concedeu perd\u00e3o total, completo e incondicional aos invasores do Capit\u00f3lio em 6 de Janeiro de 2021. A medida beneficia cerca de 1.500 condenados pelo epis\u00f3dio, quando manifestantes contestaram a vit\u00f3ria eleitoral do ex-presidente Joe Biden (Partido Democrata) em 2020. Com isso, aqueles que est\u00e3o atualmente detidos na pris\u00e3o devem serliberados imediatamente.<\/p>\n<p>Revoga\u00e7\u00e3o de decretos: que promoviam a equidade racial, estabeleciam<br \/>\nprogramas de combate \u00e0 covid-19, discrimina\u00e7\u00e3o sexual e de g\u00eanero e pol\u00edticas de<br \/>\nimigra\u00e7\u00e3o. Tamb\u00e9m revogou os decretos sobre retirar Cuba da classifica\u00e7\u00e3o de<br \/>\npa\u00eds patrocinador do terrorismo, aplicar san\u00e7\u00e3o a colonos judeus na Cisjord\u00e2nia e<br \/>\nreduzir os riscos da IA (intelig\u00eancia artificial).<\/p>\n<p>Congelamento de regulamenta\u00e7\u00f5es: impede que funcion\u00e1rios da gest\u00e3o de Biden<br \/>\nemitam novas regulamenta\u00e7\u00f5es at\u00e9 que a equipe de Trump assuma.<\/p>\n<p>Congelamento de contrata\u00e7\u00f5es: impede novas contrata\u00e7\u00f5es federais, com<br \/>\nexce\u00e7\u00e3o das for\u00e7as armadas e outras categorias, at\u00e9 que os funcion\u00e1rios de Trump<br \/>\nassumam.<\/p>\n<p>Retorno ao trabalho em tempo integral e presencial: funcion\u00e1rios federais ser\u00e3o<br \/>\nobrigados a retornar imediatamente ao trabalho presencial em tempo integral,<br \/>\n\u201cdesde que os chefes de departamentos e ag\u00eancias fa\u00e7am as isen\u00e7\u00f5es<br \/>\nnecess\u00e1rias\u201d. Um relat\u00f3rio recente demonstrou que cerca de metade desses empregados<br \/>\ntrabalha parcialmente ou totalmente de casa<\/p>\n<p>Custo de vida: cria diretrizes para todos os \u00f3rg\u00e3os e ag\u00eancias federais para lidar<br \/>\ncom a crise do custo de vida, como \u201centregar al\u00edvio de pre\u00e7os emergencial\u201d e<br \/>\n\u201ca\u00e7\u00f5es apropriadas para reduzir o custo da moradia\u201d.<\/p>\n<p>Sa\u00edda do Acordo Clim\u00e1tico de Paris: formaliza a retirada dos Estados Unidos do<br \/>\nAcordo de Paris novamente.<\/p>\n<p>Liberdade de express\u00e3o: reafirmou a liberdade de express\u00e3o e a proibi\u00e7\u00e3o \u00e0<br \/>\ncensura, que, segundo Trump, foram \u201csuprimidas\u201d durante o governo Biden nas<br \/>\nplataformas digitais, al\u00e9m de mandar investigar as atividades do governo dos<br \/>\n\u00faltimos 4 anos que n\u00e3o estejam de acordo com os direitos j\u00e1 garantidos pela<br \/>\nConstitui\u00e7\u00e3o norte-americana. <\/p>\n<p>Fim do armamentismo do governo: diretriz para p\u00f4r fim ao que Trump chamou de<br \/>\n\u201carmamentismo do governo contra os advers\u00e1rios pol\u00edticos\u201d.<\/p>\n<p>Sa\u00edda da OMS (Organiza\u00e7\u00e3o Mundial da Sa\u00fade): volta a retirar o pa\u00eds da OMS<br \/>\nem raz\u00e3o da \u201cm\u00e1 gest\u00e3o da organiza\u00e7\u00e3o na pandemia de covid-19\u201d, suspende a<br \/>\ntransfer\u00eancia de recursos do governo norte-americano e negocia\u00e7\u00f5es de acordos<br \/>\nsanit\u00e1rios em andamento<\/p>\n<p>Fim do TikTok: revoga a lei que bania o aplicativo do pa\u00eds e d\u00e1 75 dias para<br \/>\n\u201cdeterminar o curso apropriado\u201d da norma e regulamentar as atividades da<br \/>\nempresa em territ\u00f3rio norte-americano.<\/p>\n<p>Emerg\u00eancia nacional na fronteira: decreta situa\u00e7\u00e3o de emerg\u00eancia nacional na<br \/>\nfronteira dos Estados Unidos com o M\u00e9xico para enrijecer a prote\u00e7\u00e3o contra a<br \/>\nentrada ilegal de estrangeiros com o aux\u00edlio das For\u00e7as Armadas. Inclui o envio de<br \/>\npessoal e recursos e a constru\u00e7\u00e3o de barreiras f\u00edsicas.<\/p>\n<p>Endurecimento da lei contra imigra\u00e7\u00e3o: aumenta as penas e deporta\u00e7\u00f5es para<br \/>\nimigrantes ilegais. Cria for\u00e7as-tarefa para combater crimes nas fronteiras. Pede a<br \/>\nrevis\u00e3o de financiamento a projetos que apoiam estrangeiros ilegais e interrompe<br \/>\nbenef\u00edcios sociais concedidos a pessoas sem autoriza\u00e7\u00e3o.<\/p>\n<p>Suspens\u00e3o da entrada de refugiados: suspende por 90 dias o Programa de<br \/>\nAdmiss\u00e3o de Refugiados dos Estados Unidos a partir de 27 de janeiro, podendo<br \/>\nser prorrogado por mais 90 dias, de acordo com o envio de relat\u00f3rios.<\/p>\n<p>Fontes de energia: revoga pol\u00edticas anteriores voltadas para a sustentabilidade e o<br \/>\ncombate \u00e0s mudan\u00e7as clim\u00e1ticas. Autoriza a explora\u00e7\u00e3o dom\u00e9stica de petr\u00f3leo,<br \/>\ng\u00e1s natural e minerais cr\u00edticos, reduzindo regulamenta\u00e7\u00f5es ambientais e<br \/>\npriorizando a efici\u00eancia na concess\u00e3o de licen\u00e7as.<\/p>\n<p>Ideologia de g\u00eanero: define o sexo como uma classifica\u00e7\u00e3o biol\u00f3gica imut\u00e1vel, em<br \/>\nque s\u00f3 existe \u201chomem\u201d e \u201cmulher\u201d. A norma impacta o registro em documentos do<br \/>\ngoverno. Tamb\u00e9m determina a suspens\u00e3o de materiais que promovam \u201cideologia<br \/>\nde g\u00eanero\u201d e o financiamento a programas sobre o tema.<\/p>\n<p>Fim de programas de diversidade: determina o encerramento em at\u00e9 60 dias de<br \/>\nprogramas ligados \u00e0 diversidade e inclus\u00e3o, assim como os de justi\u00e7a ambiental e<br \/>\noutros. <\/p>\n<p>Cidadania nos EUA: acaba com o direito \u00e0 cidadania norte-americana para<br \/>\nnascidos de imigrantes ilegais nos EUA<\/p>\n<p>Pena de morte: orienta o procurador-geral dos EUA a incentivar a pena de morte<br \/>\npelo pa\u00eds, incluindo para crimes capitais cometidos por estrangeiros ilegais, e a<br \/>\nproteger esse direito nos Estados. <\/p>\n<p>Veto \u00e0 energia e\u00f3lica: restringe temporariamente a permiss\u00e3o para o aluguel de<br \/>\nterrenos dos EUA para a instala\u00e7\u00e3o de parques e\u00f3licos onshore e offshore.<\/p>\n<p>Golfo da Am\u00e9rica: determina a renomea\u00e7\u00e3o de locais e monumentos relacionados<br \/>\naos EUA, incluindo o Golfo do M\u00e9xico, que passa a se chamar Golfo da Am\u00e9rica.<\/p>\n<p>Explora\u00e7\u00e3o de recursos naturais no Alasca: revoga restri\u00e7\u00f5es anteriores, prioriza a explora\u00e7\u00e3o de g\u00e1s natural e facilita o desenvolvimento de infraestrutura rodovi\u00e1ria.<\/p>\n<p>Foto: Divulga\u00e7\u00e3o<br \/>\nPor: Metro1<\/p>\n","protected":false},"excerpt":{"rendered":"<p>Decretos alteram medidas em diversas \u00e1reas como meio-ambiente, sa\u00fade, economia, seguran\u00e7a, diversidade, imigra\u00e7\u00e3o e energia O presidente dos Estados Unidos,<\/p>\n","protected":false},"author":4,"featured_media":16666,"comment_status":"open","ping_status":"open","sticky":false,"template":"","format":"standard","meta":{"colormag_page_container_layout":"default_layout","colormag_page_sidebar_layout":"default_layout","_FSMCFIC_featured_image_caption":"","_FSMCFIC_featured_image_nocaption":"","_FSMCFIC_featured_image_hide":"","footnotes":""},"categories":[6,1],"tags":[],"class_list":["post-16665","post","type-post","status-publish","format-standard","has-post-thumbnail","hentry","category-mundo","category-ultimas"],"yoast_head":"<!-- This site is optimized with the Yoast SEO plugin v27.1.1 - https:\/\/yoast.com\/product\/yoast-seo-wordpress\/ -->\n<title>Veja principais medidas assinadas por Trump ap\u00f3s posse - Brasil not\u00edcias<\/title>\n<meta name=\"robots\" content=\"index, follow, max-snippet:-1, max-image-preview:large, max-video-preview:-1\" \/>\n<link rel=\"canonical\" href=\"https:\/\/brasilnoticias.org\/site\/veja-principais-medidas-assinadas-por-trump-apos-posse\/\" \/>\n<meta property=\"og:locale\" content=\"pt_PT\" \/>\n<meta property=\"og:type\" content=\"article\" \/>\n<meta property=\"og:title\" content=\"Veja principais medidas assinadas por Trump ap\u00f3s posse - Brasil not\u00edcias\" \/>\n<meta property=\"og:description\" content=\"Decretos alteram medidas em diversas \u00e1reas como meio-ambiente, sa\u00fade, economia, seguran\u00e7a, diversidade, imigra\u00e7\u00e3o e energia O presidente dos Estados Unidos,\" \/>\n<meta property=\"og:url\" content=\"https:\/\/brasilnoticias.org\/site\/veja-principais-medidas-assinadas-por-trump-apos-posse\/\" \/>\n<meta property=\"og:site_name\" content=\"Brasil not\u00edcias\" \/>\n<meta property=\"article:published_time\" content=\"2025-01-21T16:38:51+00:00\" \/>\n<meta property=\"og:image\" content=\"https:\/\/brasilnoticias.org\/site\/wp-content\/uploads\/2025\/01\/160438veja-principais-medidas-assinadas-por-trump-apos-posse-3.jpg\" \/>\n\t<meta property=\"og:image:width\" content=\"1600\" \/>\n\t<meta property=\"og:image:height\" content=\"752\" \/>\n\t<meta property=\"og:image:type\" content=\"image\/jpeg\" \/>\n<meta name=\"author\" content=\"Reda\u00e7\u00e3o\" \/>\n<meta name=\"twitter:card\" content=\"summary_large_image\" \/>\n<meta name=\"twitter:label1\" content=\"Escrito por\" \/>\n\t<meta name=\"twitter:data1\" content=\"Reda\u00e7\u00e3o\" \/>\n\t<meta name=\"twitter:label2\" content=\"Tempo estimado de leitura\" \/>\n\t<meta name=\"twitter:data2\" content=\"1 minuto\" \/>\n<script type=\"application\/ld+json\" class=\"yoast-schema-graph\">{\"@context\":\"https:\/\/schema.org\",\"@graph\":[{\"@type\":\"Article\",\"@id\":\"https:\/\/brasilnoticias.org\/site\/veja-principais-medidas-assinadas-por-trump-apos-posse\/#article\",\"isPartOf\":{\"@id\":\"https:\/\/brasilnoticias.org\/site\/veja-principais-medidas-assinadas-por-trump-apos-posse\/\"},\"author\":{\"name\":\"Reda\u00e7\u00e3o\",\"@id\":\"https:\/\/brasilnoticias.org\/site\/#\/schema\/person\/03bbbfe6c7634ad18c26444ea39049fa\"},\"headline\":\"Veja principais medidas assinadas por Trump ap\u00f3s posse\",\"datePublished\":\"2025-01-21T16:38:51+00:00\",\"mainEntityOfPage\":{\"@id\":\"https:\/\/brasilnoticias.org\/site\/veja-principais-medidas-assinadas-por-trump-apos-posse\/\"},\"wordCount\":991,\"commentCount\":0,\"publisher\":{\"@id\":\"https:\/\/brasilnoticias.org\/site\/#organization\"},\"image\":{\"@id\":\"https:\/\/brasilnoticias.org\/site\/veja-principais-medidas-assinadas-por-trump-apos-posse\/#primaryimage\"},\"thumbnailUrl\":\"https:\/\/brasilnoticias.org\/site\/wp-content\/uploads\/2025\/01\/160438veja-principais-medidas-assinadas-por-trump-apos-posse-3.jpg\",\"articleSection\":[\"Mundo\",\"\u00daltimas\"],\"inLanguage\":\"pt-PT\",\"potentialAction\":[{\"@type\":\"CommentAction\",\"name\":\"Comment\",\"target\":[\"https:\/\/brasilnoticias.org\/site\/veja-principais-medidas-assinadas-por-trump-apos-posse\/#respond\"]}]},{\"@type\":\"WebPage\",\"@id\":\"https:\/\/brasilnoticias.org\/site\/veja-principais-medidas-assinadas-por-trump-apos-posse\/\",\"url\":\"https:\/\/brasilnoticias.org\/site\/veja-principais-medidas-assinadas-por-trump-apos-posse\/\",\"name\":\"Veja principais medidas assinadas por Trump ap\u00f3s posse - Brasil not\u00edcias\",\"isPartOf\":{\"@id\":\"https:\/\/brasilnoticias.org\/site\/#website\"},\"primaryImageOfPage\":{\"@id\":\"https:\/\/brasilnoticias.org\/site\/veja-principais-medidas-assinadas-por-trump-apos-posse\/#primaryimage\"},\"image\":{\"@id\":\"https:\/\/brasilnoticias.org\/site\/veja-principais-medidas-assinadas-por-trump-apos-posse\/#primaryimage\"},\"thumbnailUrl\":\"https:\/\/brasilnoticias.org\/site\/wp-content\/uploads\/2025\/01\/160438veja-principais-medidas-assinadas-por-trump-apos-posse-3.jpg\",\"datePublished\":\"2025-01-21T16:38:51+00:00\",\"breadcrumb\":{\"@id\":\"https:\/\/brasilnoticias.org\/site\/veja-principais-medidas-assinadas-por-trump-apos-posse\/#breadcrumb\"},\"inLanguage\":\"pt-PT\",\"potentialAction\":[{\"@type\":\"ReadAction\",\"target\":[\"https:\/\/brasilnoticias.org\/site\/veja-principais-medidas-assinadas-por-trump-apos-posse\/\"]}]},{\"@type\":\"ImageObject\",\"inLanguage\":\"pt-PT\",\"@id\":\"https:\/\/brasilnoticias.org\/site\/veja-principais-medidas-assinadas-por-trump-apos-posse\/#primaryimage\",\"url\":\"https:\/\/brasilnoticias.org\/site\/wp-content\/uploads\/2025\/01\/160438veja-principais-medidas-assinadas-por-trump-apos-posse-3.jpg\",\"contentUrl\":\"https:\/\/brasilnoticias.org\/site\/wp-content\/uploads\/2025\/01\/160438veja-principais-medidas-assinadas-por-trump-apos-posse-3.jpg\",\"width\":1600,\"height\":752},{\"@type\":\"BreadcrumbList\",\"@id\":\"https:\/\/brasilnoticias.org\/site\/veja-principais-medidas-assinadas-por-trump-apos-posse\/#breadcrumb\",\"itemListElement\":[{\"@type\":\"ListItem\",\"position\":1,\"name\":\"In\u00edcio\",\"item\":\"https:\/\/brasilnoticias.org\/site\/\"},{\"@type\":\"ListItem\",\"position\":2,\"name\":\"Veja principais medidas assinadas por Trump ap\u00f3s posse\"}]},{\"@type\":\"WebSite\",\"@id\":\"https:\/\/brasilnoticias.org\/site\/#website\",\"url\":\"https:\/\/brasilnoticias.org\/site\/\",\"name\":\"Brasil not\u00edcias\",\"description\":\"Brasil not\u00edcias\",\"publisher\":{\"@id\":\"https:\/\/brasilnoticias.org\/site\/#organization\"},\"potentialAction\":[{\"@type\":\"SearchAction\",\"target\":{\"@type\":\"EntryPoint\",\"urlTemplate\":\"https:\/\/brasilnoticias.org\/site\/?s={search_term_string}\"},\"query-input\":{\"@type\":\"PropertyValueSpecification\",\"valueRequired\":true,\"valueName\":\"search_term_string\"}}],\"inLanguage\":\"pt-PT\"},{\"@type\":\"Organization\",\"@id\":\"https:\/\/brasilnoticias.org\/site\/#organization\",\"name\":\"Brasil not\u00edcias\",\"url\":\"https:\/\/brasilnoticias.org\/site\/\",\"logo\":{\"@type\":\"ImageObject\",\"inLanguage\":\"pt-PT\",\"@id\":\"https:\/\/brasilnoticias.org\/site\/#\/schema\/logo\/image\/\",\"url\":\"https:\/\/brasilnoticias.org\/site\/wp-content\/uploads\/2022\/05\/cropped-brasilnoticias-mini.jpg\",\"contentUrl\":\"https:\/\/brasilnoticias.org\/site\/wp-content\/uploads\/2022\/05\/cropped-brasilnoticias-mini.jpg\",\"width\":314,\"height\":86,\"caption\":\"Brasil not\u00edcias\"},\"image\":{\"@id\":\"https:\/\/brasilnoticias.org\/site\/#\/schema\/logo\/image\/\"}},{\"@type\":\"Person\",\"@id\":\"https:\/\/brasilnoticias.org\/site\/#\/schema\/person\/03bbbfe6c7634ad18c26444ea39049fa\",\"name\":\"Reda\u00e7\u00e3o\",\"image\":{\"@type\":\"ImageObject\",\"inLanguage\":\"pt-PT\",\"@id\":\"https:\/\/brasilnoticias.org\/site\/#\/schema\/person\/image\/\",\"url\":\"https:\/\/secure.gravatar.com\/avatar\/9ecaf7327a696cb23ad926fedded5f1f04d7049de9e445375d55b48c001a6e42?s=96&d=mm&r=g\",\"contentUrl\":\"https:\/\/secure.gravatar.com\/avatar\/9ecaf7327a696cb23ad926fedded5f1f04d7049de9e445375d55b48c001a6e42?s=96&d=mm&r=g\",\"caption\":\"Reda\u00e7\u00e3o\"},\"url\":\"https:\/\/brasilnoticias.org\/site\/author\/henrique\/\"}]}<\/script>\n<!-- \/ Yoast SEO plugin. -->","yoast_head_json":{"title":"Veja principais medidas assinadas por Trump ap\u00f3s posse - Brasil not\u00edcias","robots":{"index":"index","follow":"follow","max-snippet":"max-snippet:-1","max-image-preview":"max-image-preview:large","max-video-preview":"max-video-preview:-1"},"canonical":"https:\/\/brasilnoticias.org\/site\/veja-principais-medidas-assinadas-por-trump-apos-posse\/","og_locale":"pt_PT","og_type":"article","og_title":"Veja principais medidas assinadas por Trump ap\u00f3s posse - Brasil not\u00edcias","og_description":"Decretos alteram medidas em diversas \u00e1reas como meio-ambiente, sa\u00fade, economia, seguran\u00e7a, diversidade, imigra\u00e7\u00e3o e energia O presidente dos Estados Unidos,","og_url":"https:\/\/brasilnoticias.org\/site\/veja-principais-medidas-assinadas-por-trump-apos-posse\/","og_site_name":"Brasil not\u00edcias","article_published_time":"2025-01-21T16:38:51+00:00","og_image":[{"width":1600,"height":752,"url":"https:\/\/brasilnoticias.org\/site\/wp-content\/uploads\/2025\/01\/160438veja-principais-medidas-assinadas-por-trump-apos-posse-3.jpg","type":"image\/jpeg"}],"author":"Reda\u00e7\u00e3o","twitter_card":"summary_large_image","twitter_misc":{"Escrito por":"Reda\u00e7\u00e3o","Tempo estimado de leitura":"1 minuto"},"schema":{"@context":"https:\/\/schema.org","@graph":[{"@type":"Article","@id":"https:\/\/brasilnoticias.org\/site\/veja-principais-medidas-assinadas-por-trump-apos-posse\/#article","isPartOf":{"@id":"https:\/\/brasilnoticias.org\/site\/veja-principais-medidas-assinadas-por-trump-apos-posse\/"},"author":{"name":"Reda\u00e7\u00e3o","@id":"https:\/\/brasilnoticias.org\/site\/#\/schema\/person\/03bbbfe6c7634ad18c26444ea39049fa"},"headline":"Veja principais medidas assinadas por Trump ap\u00f3s posse","datePublished":"2025-01-21T16:38:51+00:00","mainEntityOfPage":{"@id":"https:\/\/brasilnoticias.org\/site\/veja-principais-medidas-assinadas-por-trump-apos-posse\/"},"wordCount":991,"commentCount":0,"publisher":{"@id":"https:\/\/brasilnoticias.org\/site\/#organization"},"image":{"@id":"https:\/\/brasilnoticias.org\/site\/veja-principais-medidas-assinadas-por-trump-apos-posse\/#primaryimage"},"thumbnailUrl":"https:\/\/brasilnoticias.org\/site\/wp-content\/uploads\/2025\/01\/160438veja-principais-medidas-assinadas-por-trump-apos-posse-3.jpg","articleSection":["Mundo","\u00daltimas"],"inLanguage":"pt-PT","potentialAction":[{"@type":"CommentAction","name":"Comment","target":["https:\/\/brasilnoticias.org\/site\/veja-principais-medidas-assinadas-por-trump-apos-posse\/#respond"]}]},{"@type":"WebPage","@id":"https:\/\/brasilnoticias.org\/site\/veja-principais-medidas-assinadas-por-trump-apos-posse\/","url":"https:\/\/brasilnoticias.org\/site\/veja-principais-medidas-assinadas-por-trump-apos-posse\/","name":"Veja principais medidas assinadas por Trump ap\u00f3s posse - Brasil not\u00edcias","isPartOf":{"@id":"https:\/\/brasilnoticias.org\/site\/#website"},"primaryImageOfPage":{"@id":"https:\/\/brasilnoticias.org\/site\/veja-principais-medidas-assinadas-por-trump-apos-posse\/#primaryimage"},"image":{"@id":"https:\/\/brasilnoticias.org\/site\/veja-principais-medidas-assinadas-por-trump-apos-posse\/#primaryimage"},"thumbnailUrl":"https:\/\/brasilnoticias.org\/site\/wp-content\/uploads\/2025\/01\/160438veja-principais-medidas-assinadas-por-trump-apos-posse-3.jpg","datePublished":"2025-01-21T16:38:51+00:00","breadcrumb":{"@id":"https:\/\/brasilnoticias.org\/site\/veja-principais-medidas-assinadas-por-trump-apos-posse\/#breadcrumb"},"inLanguage":"pt-PT","potentialAction":[{"@type":"ReadAction","target":["https:\/\/brasilnoticias.org\/site\/veja-principais-medidas-assinadas-por-trump-apos-posse\/"]}]},{"@type":"ImageObject","inLanguage":"pt-PT","@id":"https:\/\/brasilnoticias.org\/site\/veja-principais-medidas-assinadas-por-trump-apos-posse\/#primaryimage","url":"https:\/\/brasilnoticias.org\/site\/wp-content\/uploads\/2025\/01\/160438veja-principais-medidas-assinadas-por-trump-apos-posse-3.jpg","contentUrl":"https:\/\/brasilnoticias.org\/site\/wp-content\/uploads\/2025\/01\/160438veja-principais-medidas-assinadas-por-trump-apos-posse-3.jpg","width":1600,"height":752},{"@type":"BreadcrumbList","@id":"https:\/\/brasilnoticias.org\/site\/veja-principais-medidas-assinadas-por-trump-apos-posse\/#breadcrumb","itemListElement":[{"@type":"ListItem","position":1,"name":"In\u00edcio","item":"https:\/\/brasilnoticias.org\/site\/"},{"@type":"ListItem","position":2,"name":"Veja principais medidas assinadas por Trump ap\u00f3s posse"}]},{"@type":"WebSite","@id":"https:\/\/brasilnoticias.org\/site\/#website","url":"https:\/\/brasilnoticias.org\/site\/","name":"Brasil not\u00edcias","description":"Brasil not\u00edcias","publisher":{"@id":"https:\/\/brasilnoticias.org\/site\/#organization"},"potentialAction":[{"@type":"SearchAction","target":{"@type":"EntryPoint","urlTemplate":"https:\/\/brasilnoticias.org\/site\/?s={search_term_string}"},"query-input":{"@type":"PropertyValueSpecification","valueRequired":true,"valueName":"search_term_string"}}],"inLanguage":"pt-PT"},{"@type":"Organization","@id":"https:\/\/brasilnoticias.org\/site\/#organization","name":"Brasil not\u00edcias","url":"https:\/\/brasilnoticias.org\/site\/","logo":{"@type":"ImageObject","inLanguage":"pt-PT","@id":"https:\/\/brasilnoticias.org\/site\/#\/schema\/logo\/image\/","url":"https:\/\/brasilnoticias.org\/site\/wp-content\/uploads\/2022\/05\/cropped-brasilnoticias-mini.jpg","contentUrl":"https:\/\/brasilnoticias.org\/site\/wp-content\/uploads\/2022\/05\/cropped-brasilnoticias-mini.jpg","width":314,"height":86,"caption":"Brasil not\u00edcias"},"image":{"@id":"https:\/\/brasilnoticias.org\/site\/#\/schema\/logo\/image\/"}},{"@type":"Person","@id":"https:\/\/brasilnoticias.org\/site\/#\/schema\/person\/03bbbfe6c7634ad18c26444ea39049fa","name":"Reda\u00e7\u00e3o","image":{"@type":"ImageObject","inLanguage":"pt-PT","@id":"https:\/\/brasilnoticias.org\/site\/#\/schema\/person\/image\/","url":"https:\/\/secure.gravatar.com\/avatar\/9ecaf7327a696cb23ad926fedded5f1f04d7049de9e445375d55b48c001a6e42?s=96&d=mm&r=g","contentUrl":"https:\/\/secure.gravatar.com\/avatar\/9ecaf7327a696cb23ad926fedded5f1f04d7049de9e445375d55b48c001a6e42?s=96&d=mm&r=g","caption":"Reda\u00e7\u00e3o"},"url":"https:\/\/brasilnoticias.org\/site\/author\/henrique\/"}]}},"_links":{"self":[{"href":"https:\/\/brasilnoticias.org\/site\/wp-json\/wp\/v2\/posts\/16665","targetHints":{"allow":["GET"]}}],"collection":[{"href":"https:\/\/brasilnoticias.org\/site\/wp-json\/wp\/v2\/posts"}],"about":[{"href":"https:\/\/brasilnoticias.org\/site\/wp-json\/wp\/v2\/types\/post"}],"author":[{"embeddable":true,"href":"https:\/\/brasilnoticias.org\/site\/wp-json\/wp\/v2\/users\/4"}],"replies":[{"embeddable":true,"href":"https:\/\/brasilnoticias.org\/site\/wp-json\/wp\/v2\/comments?post=16665"}],"version-history":[{"count":1,"href":"https:\/\/brasilnoticias.org\/site\/wp-json\/wp\/v2\/posts\/16665\/revisions"}],"predecessor-version":[{"id":16667,"href":"https:\/\/brasilnoticias.org\/site\/wp-json\/wp\/v2\/posts\/16665\/revisions\/16667"}],"wp:featuredmedia":[{"embeddable":true,"href":"https:\/\/brasilnoticias.org\/site\/wp-json\/wp\/v2\/media\/16666"}],"wp:attachment":[{"href":"https:\/\/brasilnoticias.org\/site\/wp-json\/wp\/v2\/media?parent=16665"}],"wp:term":[{"taxonomy":"category","embeddable":true,"href":"https:\/\/brasilnoticias.org\/site\/wp-json\/wp\/v2\/categories?post=16665"},{"taxonomy":"post_tag","embeddable":true,"href":"https:\/\/brasilnoticias.org\/site\/wp-json\/wp\/v2\/tags?post=16665"}],"curies":[{"name":"wp","href":"https:\/\/api.w.org\/{rel}","templated":true}]}}