{"id":16672,"date":"2025-01-21T13:44:38","date_gmt":"2025-01-21T16:44:38","guid":{"rendered":"https:\/\/brasilnoticias.org\/site\/?p=16672"},"modified":"2025-01-21T13:44:38","modified_gmt":"2025-01-21T16:44:38","slug":"prefeitura-de-salvador-amplia-o-bolsa-atleta-para-2025-e-atendera-mais-beneficiados","status":"publish","type":"post","link":"https:\/\/brasilnoticias.org\/site\/prefeitura-de-salvador-amplia-o-bolsa-atleta-para-2025-e-atendera-mais-beneficiados\/","title":{"rendered":"Prefeitura de Salvador amplia o Bolsa-Atleta para 2025 e atender\u00e1 mais beneficiados"},"content":{"rendered":"<p>O Bolsa-Atleta Salvador, iniciativa da Prefeitura para fomentar o esporte de alto rendimento e a inicia\u00e7\u00e3o esportiva, ser\u00e1 ampliado em 2025. O novo edital, em seu segundo ano de execu\u00e7\u00e3o, foi publicado no Di\u00e1rio Oficial do Munic\u00edpio nesta segunda-feira (20) e prev\u00ea um aumento no n\u00famero de bolsas oferecidas, que passar\u00e3o de 250 para 334, beneficiando ainda mais atletas e paratletas de Salvador.<\/p>\n<p>Coordenado pela Secretaria de Promo\u00e7\u00e3o Social, Combate \u00e0 Pobreza, Esportes e Lazer (Sempre), o programa n\u00e3o apenas apoia competidores que representam a cidade em torneios de elite, mas tamb\u00e9m busca qualificar o esporte como uma ferramenta de inclus\u00e3o social e bem-estar. Confira abaixo a divis\u00e3o dos benef\u00edcios:<\/p>\n<p>Categoria A: voltada para atletas ol\u00edmpicos, paral\u00edmpicos e surdol\u00edmpicos com bolsa de R$ 2 mil mensais;<br \/>\nCategoria B: para atletas internacionais com valor de R$ 800 mensais;<br \/>\nCategoria C, destinada a atletas de destaque nacional, com aux\u00edlio de R$ 500 por m\u00eas;<br \/>\nCategoria D: voltada para atletas de base e estudantis, custando R$ 300 mensais.<br \/>\nAdicionalmente, a Subcategoria D, destinada a participantes da Copa Salvador Interbairros Sub-15, tamb\u00e9m garantir\u00e1 bolsas de R$ 300 mensais.<\/p>\n<p>O secret\u00e1rio da Sempre, J\u00fanior Magalh\u00e3es, destacou a import\u00e2ncia do programa para Salvador e os crit\u00e9rios adotados para assegurar que ele beneficie os mais necessitados e talentosos. Segundo ele, \u201co esporte \u00e9 uma poderosa ferramenta de transforma\u00e7\u00e3o social. Ele promove sa\u00fade, disciplina, cidadania e cria oportunidades, especialmente para os mais jovens. Ampliamos o n\u00famero de bolsas e criamos crit\u00e9rios para garantir que o benef\u00edcio alcance quem mais precisa e merece.\u201d <\/p>\n<p>Entre os crit\u00e9rios, est\u00e3o a exig\u00eancia de possuir a Carteira Municipal do Atleta, estar vinculado a federa\u00e7\u00f5es registradas no Conselho Municipal de Esportes e Lazer (Comels) e a prioriza\u00e7\u00e3o de estudantes da rede p\u00fablica, bolsistas de escolas particulares e inscritos no Cadastro \u00danico.<\/p>\n<p>Foto: Jefferson Peixoto\/Secom PMS<br \/>\nBahia Noticias<\/p>\n","protected":false},"excerpt":{"rendered":"<p>O Bolsa-Atleta Salvador, iniciativa da Prefeitura para fomentar o esporte de alto rendimento e a inicia\u00e7\u00e3o esportiva, ser\u00e1 ampliado em<\/p>\n","protected":false},"author":4,"featured_media":16673,"comment_status":"open","ping_status":"open","sticky":false,"template":"","format":"standard","meta":{"colormag_page_container_layout":"default_layout","colormag_page_sidebar_layout":"default_layout","_FSMCFIC_featured_image_caption":"","_FSMCFIC_featured_image_nocaption":"","_FSMCFIC_featured_image_hide":"","footnotes":""},"categories":[4,1],"tags":[],"class_list":["post-16672","post","type-post","status-publish","format-standard","has-post-thumbnail","hentry","category-esporte","category-ultimas"],"yoast_head":"<!-- This site is optimized with the Yoast SEO plugin v27.1.1 - https:\/\/yoast.com\/product\/yoast-seo-wordpress\/ -->\n<title>Prefeitura de Salvador amplia o Bolsa-Atleta para 2025 e atender\u00e1 mais beneficiados - Brasil not\u00edcias<\/title>\n<meta name=\"robots\" content=\"index, follow, max-snippet:-1, max-image-preview:large, max-video-preview:-1\" \/>\n<link rel=\"canonical\" href=\"https:\/\/brasilnoticias.org\/site\/prefeitura-de-salvador-amplia-o-bolsa-atleta-para-2025-e-atendera-mais-beneficiados\/\" \/>\n<meta property=\"og:locale\" content=\"pt_PT\" \/>\n<meta property=\"og:type\" content=\"article\" \/>\n<meta property=\"og:title\" content=\"Prefeitura de Salvador amplia o Bolsa-Atleta para 2025 e atender\u00e1 mais beneficiados - Brasil not\u00edcias\" \/>\n<meta property=\"og:description\" content=\"O Bolsa-Atleta Salvador, iniciativa da Prefeitura para fomentar o esporte de alto rendimento e a inicia\u00e7\u00e3o esportiva, ser\u00e1 ampliado em\" \/>\n<meta property=\"og:url\" content=\"https:\/\/brasilnoticias.org\/site\/prefeitura-de-salvador-amplia-o-bolsa-atleta-para-2025-e-atendera-mais-beneficiados\/\" \/>\n<meta property=\"og:site_name\" content=\"Brasil not\u00edcias\" \/>\n<meta property=\"article:published_time\" content=\"2025-01-21T16:44:38+00:00\" \/>\n<meta property=\"og:image\" content=\"https:\/\/brasilnoticias.org\/site\/wp-content\/uploads\/2025\/01\/IMAGEM_NOTICIA_9.webp\" \/>\n\t<meta property=\"og:image:width\" content=\"1200\" \/>\n\t<meta property=\"og:image:height\" content=\"630\" \/>\n\t<meta property=\"og:image:type\" content=\"image\/webp\" \/>\n<meta name=\"author\" content=\"Reda\u00e7\u00e3o\" \/>\n<meta name=\"twitter:card\" content=\"summary_large_image\" \/>\n<meta name=\"twitter:label1\" content=\"Escrito por\" \/>\n\t<meta name=\"twitter:data1\" content=\"Reda\u00e7\u00e3o\" \/>\n<script type=\"application\/ld+json\" class=\"yoast-schema-graph\">{\"@context\":\"https:\/\/schema.org\",\"@graph\":[{\"@type\":\"Article\",\"@id\":\"https:\/\/brasilnoticias.org\/site\/prefeitura-de-salvador-amplia-o-bolsa-atleta-para-2025-e-atendera-mais-beneficiados\/#article\",\"isPartOf\":{\"@id\":\"https:\/\/brasilnoticias.org\/site\/prefeitura-de-salvador-amplia-o-bolsa-atleta-para-2025-e-atendera-mais-beneficiados\/\"},\"author\":{\"name\":\"Reda\u00e7\u00e3o\",\"@id\":\"https:\/\/brasilnoticias.org\/site\/#\/schema\/person\/03bbbfe6c7634ad18c26444ea39049fa\"},\"headline\":\"Prefeitura de Salvador amplia o Bolsa-Atleta para 2025 e atender\u00e1 mais beneficiados\",\"datePublished\":\"2025-01-21T16:44:38+00:00\",\"mainEntityOfPage\":{\"@id\":\"https:\/\/brasilnoticias.org\/site\/prefeitura-de-salvador-amplia-o-bolsa-atleta-para-2025-e-atendera-mais-beneficiados\/\"},\"wordCount\":338,\"commentCount\":0,\"publisher\":{\"@id\":\"https:\/\/brasilnoticias.org\/site\/#organization\"},\"image\":{\"@id\":\"https:\/\/brasilnoticias.org\/site\/prefeitura-de-salvador-amplia-o-bolsa-atleta-para-2025-e-atendera-mais-beneficiados\/#primaryimage\"},\"thumbnailUrl\":\"https:\/\/brasilnoticias.org\/site\/wp-content\/uploads\/2025\/01\/IMAGEM_NOTICIA_9.webp\",\"articleSection\":[\"Esporte\",\"\u00daltimas\"],\"inLanguage\":\"pt-PT\",\"potentialAction\":[{\"@type\":\"CommentAction\",\"name\":\"Comment\",\"target\":[\"https:\/\/brasilnoticias.org\/site\/prefeitura-de-salvador-amplia-o-bolsa-atleta-para-2025-e-atendera-mais-beneficiados\/#respond\"]}]},{\"@type\":\"WebPage\",\"@id\":\"https:\/\/brasilnoticias.org\/site\/prefeitura-de-salvador-amplia-o-bolsa-atleta-para-2025-e-atendera-mais-beneficiados\/\",\"url\":\"https:\/\/brasilnoticias.org\/site\/prefeitura-de-salvador-amplia-o-bolsa-atleta-para-2025-e-atendera-mais-beneficiados\/\",\"name\":\"Prefeitura de Salvador amplia o Bolsa-Atleta para 2025 e atender\u00e1 mais beneficiados - Brasil not\u00edcias\",\"isPartOf\":{\"@id\":\"https:\/\/brasilnoticias.org\/site\/#website\"},\"primaryImageOfPage\":{\"@id\":\"https:\/\/brasilnoticias.org\/site\/prefeitura-de-salvador-amplia-o-bolsa-atleta-para-2025-e-atendera-mais-beneficiados\/#primaryimage\"},\"image\":{\"@id\":\"https:\/\/brasilnoticias.org\/site\/prefeitura-de-salvador-amplia-o-bolsa-atleta-para-2025-e-atendera-mais-beneficiados\/#primaryimage\"},\"thumbnailUrl\":\"https:\/\/brasilnoticias.org\/site\/wp-content\/uploads\/2025\/01\/IMAGEM_NOTICIA_9.webp\",\"datePublished\":\"2025-01-21T16:44:38+00:00\",\"breadcrumb\":{\"@id\":\"https:\/\/brasilnoticias.org\/site\/prefeitura-de-salvador-amplia-o-bolsa-atleta-para-2025-e-atendera-mais-beneficiados\/#breadcrumb\"},\"inLanguage\":\"pt-PT\",\"potentialAction\":[{\"@type\":\"ReadAction\",\"target\":[\"https:\/\/brasilnoticias.org\/site\/prefeitura-de-salvador-amplia-o-bolsa-atleta-para-2025-e-atendera-mais-beneficiados\/\"]}]},{\"@type\":\"ImageObject\",\"inLanguage\":\"pt-PT\",\"@id\":\"https:\/\/brasilnoticias.org\/site\/prefeitura-de-salvador-amplia-o-bolsa-atleta-para-2025-e-atendera-mais-beneficiados\/#primaryimage\",\"url\":\"https:\/\/brasilnoticias.org\/site\/wp-content\/uploads\/2025\/01\/IMAGEM_NOTICIA_9.webp\",\"contentUrl\":\"https:\/\/brasilnoticias.org\/site\/wp-content\/uploads\/2025\/01\/IMAGEM_NOTICIA_9.webp\",\"width\":1200,\"height\":630},{\"@type\":\"BreadcrumbList\",\"@id\":\"https:\/\/brasilnoticias.org\/site\/prefeitura-de-salvador-amplia-o-bolsa-atleta-para-2025-e-atendera-mais-beneficiados\/#breadcrumb\",\"itemListElement\":[{\"@type\":\"ListItem\",\"position\":1,\"name\":\"In\u00edcio\",\"item\":\"https:\/\/brasilnoticias.org\/site\/\"},{\"@type\":\"ListItem\",\"position\":2,\"name\":\"Prefeitura de Salvador amplia o Bolsa-Atleta para 2025 e atender\u00e1 mais beneficiados\"}]},{\"@type\":\"WebSite\",\"@id\":\"https:\/\/brasilnoticias.org\/site\/#website\",\"url\":\"https:\/\/brasilnoticias.org\/site\/\",\"name\":\"Brasil not\u00edcias\",\"description\":\"Brasil not\u00edcias\",\"publisher\":{\"@id\":\"https:\/\/brasilnoticias.org\/site\/#organization\"},\"potentialAction\":[{\"@type\":\"SearchAction\",\"target\":{\"@type\":\"EntryPoint\",\"urlTemplate\":\"https:\/\/brasilnoticias.org\/site\/?s={search_term_string}\"},\"query-input\":{\"@type\":\"PropertyValueSpecification\",\"valueRequired\":true,\"valueName\":\"search_term_string\"}}],\"inLanguage\":\"pt-PT\"},{\"@type\":\"Organization\",\"@id\":\"https:\/\/brasilnoticias.org\/site\/#organization\",\"name\":\"Brasil not\u00edcias\",\"url\":\"https:\/\/brasilnoticias.org\/site\/\",\"logo\":{\"@type\":\"ImageObject\",\"inLanguage\":\"pt-PT\",\"@id\":\"https:\/\/brasilnoticias.org\/site\/#\/schema\/logo\/image\/\",\"url\":\"https:\/\/brasilnoticias.org\/site\/wp-content\/uploads\/2022\/05\/cropped-brasilnoticias-mini.jpg\",\"contentUrl\":\"https:\/\/brasilnoticias.org\/site\/wp-content\/uploads\/2022\/05\/cropped-brasilnoticias-mini.jpg\",\"width\":314,\"height\":86,\"caption\":\"Brasil not\u00edcias\"},\"image\":{\"@id\":\"https:\/\/brasilnoticias.org\/site\/#\/schema\/logo\/image\/\"}},{\"@type\":\"Person\",\"@id\":\"https:\/\/brasilnoticias.org\/site\/#\/schema\/person\/03bbbfe6c7634ad18c26444ea39049fa\",\"name\":\"Reda\u00e7\u00e3o\",\"image\":{\"@type\":\"ImageObject\",\"inLanguage\":\"pt-PT\",\"@id\":\"https:\/\/brasilnoticias.org\/site\/#\/schema\/person\/image\/\",\"url\":\"https:\/\/secure.gravatar.com\/avatar\/9ecaf7327a696cb23ad926fedded5f1f04d7049de9e445375d55b48c001a6e42?s=96&d=mm&r=g\",\"contentUrl\":\"https:\/\/secure.gravatar.com\/avatar\/9ecaf7327a696cb23ad926fedded5f1f04d7049de9e445375d55b48c001a6e42?s=96&d=mm&r=g\",\"caption\":\"Reda\u00e7\u00e3o\"},\"url\":\"https:\/\/brasilnoticias.org\/site\/author\/henrique\/\"}]}<\/script>\n<!-- \/ Yoast SEO plugin. -->","yoast_head_json":{"title":"Prefeitura de Salvador amplia o Bolsa-Atleta para 2025 e atender\u00e1 mais beneficiados - Brasil not\u00edcias","robots":{"index":"index","follow":"follow","max-snippet":"max-snippet:-1","max-image-preview":"max-image-preview:large","max-video-preview":"max-video-preview:-1"},"canonical":"https:\/\/brasilnoticias.org\/site\/prefeitura-de-salvador-amplia-o-bolsa-atleta-para-2025-e-atendera-mais-beneficiados\/","og_locale":"pt_PT","og_type":"article","og_title":"Prefeitura de Salvador amplia o Bolsa-Atleta para 2025 e atender\u00e1 mais beneficiados - Brasil not\u00edcias","og_description":"O Bolsa-Atleta Salvador, iniciativa da Prefeitura para fomentar o esporte de alto rendimento e a inicia\u00e7\u00e3o esportiva, ser\u00e1 ampliado em","og_url":"https:\/\/brasilnoticias.org\/site\/prefeitura-de-salvador-amplia-o-bolsa-atleta-para-2025-e-atendera-mais-beneficiados\/","og_site_name":"Brasil not\u00edcias","article_published_time":"2025-01-21T16:44:38+00:00","og_image":[{"width":1200,"height":630,"url":"https:\/\/brasilnoticias.org\/site\/wp-content\/uploads\/2025\/01\/IMAGEM_NOTICIA_9.webp","type":"image\/webp"}],"author":"Reda\u00e7\u00e3o","twitter_card":"summary_large_image","twitter_misc":{"Escrito por":"Reda\u00e7\u00e3o"},"schema":{"@context":"https:\/\/schema.org","@graph":[{"@type":"Article","@id":"https:\/\/brasilnoticias.org\/site\/prefeitura-de-salvador-amplia-o-bolsa-atleta-para-2025-e-atendera-mais-beneficiados\/#article","isPartOf":{"@id":"https:\/\/brasilnoticias.org\/site\/prefeitura-de-salvador-amplia-o-bolsa-atleta-para-2025-e-atendera-mais-beneficiados\/"},"author":{"name":"Reda\u00e7\u00e3o","@id":"https:\/\/brasilnoticias.org\/site\/#\/schema\/person\/03bbbfe6c7634ad18c26444ea39049fa"},"headline":"Prefeitura de Salvador amplia o Bolsa-Atleta para 2025 e atender\u00e1 mais beneficiados","datePublished":"2025-01-21T16:44:38+00:00","mainEntityOfPage":{"@id":"https:\/\/brasilnoticias.org\/site\/prefeitura-de-salvador-amplia-o-bolsa-atleta-para-2025-e-atendera-mais-beneficiados\/"},"wordCount":338,"commentCount":0,"publisher":{"@id":"https:\/\/brasilnoticias.org\/site\/#organization"},"image":{"@id":"https:\/\/brasilnoticias.org\/site\/prefeitura-de-salvador-amplia-o-bolsa-atleta-para-2025-e-atendera-mais-beneficiados\/#primaryimage"},"thumbnailUrl":"https:\/\/brasilnoticias.org\/site\/wp-content\/uploads\/2025\/01\/IMAGEM_NOTICIA_9.webp","articleSection":["Esporte","\u00daltimas"],"inLanguage":"pt-PT","potentialAction":[{"@type":"CommentAction","name":"Comment","target":["https:\/\/brasilnoticias.org\/site\/prefeitura-de-salvador-amplia-o-bolsa-atleta-para-2025-e-atendera-mais-beneficiados\/#respond"]}]},{"@type":"WebPage","@id":"https:\/\/brasilnoticias.org\/site\/prefeitura-de-salvador-amplia-o-bolsa-atleta-para-2025-e-atendera-mais-beneficiados\/","url":"https:\/\/brasilnoticias.org\/site\/prefeitura-de-salvador-amplia-o-bolsa-atleta-para-2025-e-atendera-mais-beneficiados\/","name":"Prefeitura de Salvador amplia o Bolsa-Atleta para 2025 e atender\u00e1 mais beneficiados - Brasil not\u00edcias","isPartOf":{"@id":"https:\/\/brasilnoticias.org\/site\/#website"},"primaryImageOfPage":{"@id":"https:\/\/brasilnoticias.org\/site\/prefeitura-de-salvador-amplia-o-bolsa-atleta-para-2025-e-atendera-mais-beneficiados\/#primaryimage"},"image":{"@id":"https:\/\/brasilnoticias.org\/site\/prefeitura-de-salvador-amplia-o-bolsa-atleta-para-2025-e-atendera-mais-beneficiados\/#primaryimage"},"thumbnailUrl":"https:\/\/brasilnoticias.org\/site\/wp-content\/uploads\/2025\/01\/IMAGEM_NOTICIA_9.webp","datePublished":"2025-01-21T16:44:38+00:00","breadcrumb":{"@id":"https:\/\/brasilnoticias.org\/site\/prefeitura-de-salvador-amplia-o-bolsa-atleta-para-2025-e-atendera-mais-beneficiados\/#breadcrumb"},"inLanguage":"pt-PT","potentialAction":[{"@type":"ReadAction","target":["https:\/\/brasilnoticias.org\/site\/prefeitura-de-salvador-amplia-o-bolsa-atleta-para-2025-e-atendera-mais-beneficiados\/"]}]},{"@type":"ImageObject","inLanguage":"pt-PT","@id":"https:\/\/brasilnoticias.org\/site\/prefeitura-de-salvador-amplia-o-bolsa-atleta-para-2025-e-atendera-mais-beneficiados\/#primaryimage","url":"https:\/\/brasilnoticias.org\/site\/wp-content\/uploads\/2025\/01\/IMAGEM_NOTICIA_9.webp","contentUrl":"https:\/\/brasilnoticias.org\/site\/wp-content\/uploads\/2025\/01\/IMAGEM_NOTICIA_9.webp","width":1200,"height":630},{"@type":"BreadcrumbList","@id":"https:\/\/brasilnoticias.org\/site\/prefeitura-de-salvador-amplia-o-bolsa-atleta-para-2025-e-atendera-mais-beneficiados\/#breadcrumb","itemListElement":[{"@type":"ListItem","position":1,"name":"In\u00edcio","item":"https:\/\/brasilnoticias.org\/site\/"},{"@type":"ListItem","position":2,"name":"Prefeitura de Salvador amplia o Bolsa-Atleta para 2025 e atender\u00e1 mais beneficiados"}]},{"@type":"WebSite","@id":"https:\/\/brasilnoticias.org\/site\/#website","url":"https:\/\/brasilnoticias.org\/site\/","name":"Brasil not\u00edcias","description":"Brasil not\u00edcias","publisher":{"@id":"https:\/\/brasilnoticias.org\/site\/#organization"},"potentialAction":[{"@type":"SearchAction","target":{"@type":"EntryPoint","urlTemplate":"https:\/\/brasilnoticias.org\/site\/?s={search_term_string}"},"query-input":{"@type":"PropertyValueSpecification","valueRequired":true,"valueName":"search_term_string"}}],"inLanguage":"pt-PT"},{"@type":"Organization","@id":"https:\/\/brasilnoticias.org\/site\/#organization","name":"Brasil not\u00edcias","url":"https:\/\/brasilnoticias.org\/site\/","logo":{"@type":"ImageObject","inLanguage":"pt-PT","@id":"https:\/\/brasilnoticias.org\/site\/#\/schema\/logo\/image\/","url":"https:\/\/brasilnoticias.org\/site\/wp-content\/uploads\/2022\/05\/cropped-brasilnoticias-mini.jpg","contentUrl":"https:\/\/brasilnoticias.org\/site\/wp-content\/uploads\/2022\/05\/cropped-brasilnoticias-mini.jpg","width":314,"height":86,"caption":"Brasil not\u00edcias"},"image":{"@id":"https:\/\/brasilnoticias.org\/site\/#\/schema\/logo\/image\/"}},{"@type":"Person","@id":"https:\/\/brasilnoticias.org\/site\/#\/schema\/person\/03bbbfe6c7634ad18c26444ea39049fa","name":"Reda\u00e7\u00e3o","image":{"@type":"ImageObject","inLanguage":"pt-PT","@id":"https:\/\/brasilnoticias.org\/site\/#\/schema\/person\/image\/","url":"https:\/\/secure.gravatar.com\/avatar\/9ecaf7327a696cb23ad926fedded5f1f04d7049de9e445375d55b48c001a6e42?s=96&d=mm&r=g","contentUrl":"https:\/\/secure.gravatar.com\/avatar\/9ecaf7327a696cb23ad926fedded5f1f04d7049de9e445375d55b48c001a6e42?s=96&d=mm&r=g","caption":"Reda\u00e7\u00e3o"},"url":"https:\/\/brasilnoticias.org\/site\/author\/henrique\/"}]}},"_links":{"self":[{"href":"https:\/\/brasilnoticias.org\/site\/wp-json\/wp\/v2\/posts\/16672","targetHints":{"allow":["GET"]}}],"collection":[{"href":"https:\/\/brasilnoticias.org\/site\/wp-json\/wp\/v2\/posts"}],"about":[{"href":"https:\/\/brasilnoticias.org\/site\/wp-json\/wp\/v2\/types\/post"}],"author":[{"embeddable":true,"href":"https:\/\/brasilnoticias.org\/site\/wp-json\/wp\/v2\/users\/4"}],"replies":[{"embeddable":true,"href":"https:\/\/brasilnoticias.org\/site\/wp-json\/wp\/v2\/comments?post=16672"}],"version-history":[{"count":1,"href":"https:\/\/brasilnoticias.org\/site\/wp-json\/wp\/v2\/posts\/16672\/revisions"}],"predecessor-version":[{"id":16674,"href":"https:\/\/brasilnoticias.org\/site\/wp-json\/wp\/v2\/posts\/16672\/revisions\/16674"}],"wp:featuredmedia":[{"embeddable":true,"href":"https:\/\/brasilnoticias.org\/site\/wp-json\/wp\/v2\/media\/16673"}],"wp:attachment":[{"href":"https:\/\/brasilnoticias.org\/site\/wp-json\/wp\/v2\/media?parent=16672"}],"wp:term":[{"taxonomy":"category","embeddable":true,"href":"https:\/\/brasilnoticias.org\/site\/wp-json\/wp\/v2\/categories?post=16672"},{"taxonomy":"post_tag","embeddable":true,"href":"https:\/\/brasilnoticias.org\/site\/wp-json\/wp\/v2\/tags?post=16672"}],"curies":[{"name":"wp","href":"https:\/\/api.w.org\/{rel}","templated":true}]}}