{"id":16680,"date":"2025-01-22T19:11:12","date_gmt":"2025-01-22T22:11:12","guid":{"rendered":"https:\/\/brasilnoticias.org\/site\/?p=16680"},"modified":"2025-01-22T19:11:12","modified_gmt":"2025-01-22T22:11:12","slug":"detran-dialoga-com-proprietarios-de-trios-entidades-e-associacoes-para-o-carnaval-2025","status":"publish","type":"post","link":"https:\/\/brasilnoticias.org\/site\/detran-dialoga-com-proprietarios-de-trios-entidades-e-associacoes-para-o-carnaval-2025\/","title":{"rendered":"Detran dialoga com propriet\u00e1rios de trios, entidades e associa\u00e7\u00f5es para o carnaval 2025"},"content":{"rendered":"<p>Dialogar, apresentar propostas e debater sobre a seguran\u00e7a e alegria para foli\u00f5es, motoristas e a organiza\u00e7\u00e3o da maior festa de rua do mundo: o carnaval 2025. Essa foi a proposta de uma reuni\u00e3o realizada na manh\u00e3 dessa quarta-feira (22), sede do Detran-BA (Departamento Estadual de Tr\u00e2nsito), com foco nas a\u00e7\u00f5es, medidas e fiscaliza\u00e7\u00e3o do \u00f3rg\u00e3o junto aos propriet\u00e1rios de trios, entidades representativas e associa\u00e7\u00f5es ligadas ao carnaval.  Na pauta, o cumprimento da legisla\u00e7\u00e3o referente \u00e0 regulamenta\u00e7\u00e3o dos ve\u00edculos que v\u00e3o atuar nos circuitos, al\u00e9m da atualiza\u00e7\u00e3o dos motoristas que conduzem esses ve\u00edculos. <\/p>\n<p>O departamento esteve representado pelo diretor-geral, Rodrigo Pimentel, pelo coordenador geral de ve\u00edculos, Fabr\u00edcio Ara\u00fajo, e da presidente da comiss\u00e3o do carnaval do \u00f3rg\u00e3o, Benildes Melo. Um dos assuntos mais importantes da reuni\u00e3o trata exatamente da Resolu\u00e7\u00e3o do Contran 916\/2022, que trata da regulariza\u00e7\u00e3o documental dos ve\u00edculos que s\u00e3o modificados para esse fim. O departamento, mais uma vez, garantiu a realiza\u00e7\u00e3o de um curso de boas condutas, realizado em parceria com o grupo Neoenergia Coelba, para os condutores, na semana que antecede a folia. <\/p>\n<p>Segundo o diretor-geral do Detran, Rodrigo Pimentel, esse di\u00e1logo \u00e9 fundamental para que essas entidades dialoguem, diretamente, com aqueles que v\u00e3o estar envolvidos no evento &#8220;n\u00f3s como \u00f3rg\u00e3o regulador, precisamos garantir a legisla\u00e7\u00e3o. Essa conversa abre um movimento democr\u00e1tico para que os donos de trios tenham tempo h\u00e1bil de regulamenta\u00e7\u00e3o, sempre em busca de uma festa tranquila, segura e sem sinistros&#8221;, garantiu.<\/p>\n<p>Ainda segundo Pimentel, o Governo do Estado e o departamento seguem abertos ao di\u00e1logo com os outros \u00f3rg\u00e3os de fiscaliza\u00e7\u00f5es para que todos os ajustes sejam realizados em tempo h\u00e1bil e que n\u00e3o haja preju\u00edzos para a popula\u00e7\u00e3o, para quem atua na execu\u00e7\u00e3o da folia e nem para os \u00f3rg\u00e3os e entidades regulat\u00f3rios.<\/p>\n<p>Cerca de 200 ve\u00edculos atuam nos dias de folia. Todos devem estar dentro das normas legais de documenta\u00e7\u00e3o, vistoria e fiscaliza\u00e7\u00e3o.<\/p>\n<p>Foto: Leonardo Coutinho<\/p>\n","protected":false},"excerpt":{"rendered":"<p>Dialogar, apresentar propostas e debater sobre a seguran\u00e7a e alegria para foli\u00f5es, motoristas e a organiza\u00e7\u00e3o da maior festa de<\/p>\n","protected":false},"author":4,"featured_media":16681,"comment_status":"open","ping_status":"open","sticky":false,"template":"","format":"standard","meta":{"colormag_page_container_layout":"default_layout","colormag_page_sidebar_layout":"default_layout","_FSMCFIC_featured_image_caption":"","_FSMCFIC_featured_image_nocaption":"","_FSMCFIC_featured_image_hide":"","footnotes":""},"categories":[2,1],"tags":[],"class_list":["post-16680","post","type-post","status-publish","format-standard","has-post-thumbnail","hentry","category-noticias","category-ultimas"],"yoast_head":"<!-- This site is optimized with the Yoast SEO plugin v27.1.1 - https:\/\/yoast.com\/product\/yoast-seo-wordpress\/ -->\n<title>Detran dialoga com propriet\u00e1rios de trios, entidades e associa\u00e7\u00f5es para o carnaval 2025 - Brasil not\u00edcias<\/title>\n<meta name=\"robots\" content=\"index, follow, max-snippet:-1, max-image-preview:large, max-video-preview:-1\" \/>\n<link rel=\"canonical\" href=\"https:\/\/brasilnoticias.org\/site\/detran-dialoga-com-proprietarios-de-trios-entidades-e-associacoes-para-o-carnaval-2025\/\" \/>\n<meta property=\"og:locale\" content=\"pt_PT\" \/>\n<meta property=\"og:type\" content=\"article\" \/>\n<meta property=\"og:title\" content=\"Detran dialoga com propriet\u00e1rios de trios, entidades e associa\u00e7\u00f5es para o carnaval 2025 - Brasil not\u00edcias\" \/>\n<meta property=\"og:description\" content=\"Dialogar, apresentar propostas e debater sobre a seguran\u00e7a e alegria para foli\u00f5es, motoristas e a organiza\u00e7\u00e3o da maior festa de\" \/>\n<meta property=\"og:url\" content=\"https:\/\/brasilnoticias.org\/site\/detran-dialoga-com-proprietarios-de-trios-entidades-e-associacoes-para-o-carnaval-2025\/\" \/>\n<meta property=\"og:site_name\" content=\"Brasil not\u00edcias\" \/>\n<meta property=\"article:published_time\" content=\"2025-01-22T22:11:12+00:00\" \/>\n<meta property=\"og:image\" content=\"https:\/\/brasilnoticias.org\/site\/wp-content\/uploads\/2025\/01\/IMAGEM_NOTICIA_0-1-2.jpg\" \/>\n\t<meta property=\"og:image:width\" content=\"850\" \/>\n\t<meta property=\"og:image:height\" content=\"400\" \/>\n\t<meta property=\"og:image:type\" content=\"image\/jpeg\" \/>\n<meta name=\"author\" content=\"Reda\u00e7\u00e3o\" \/>\n<meta name=\"twitter:card\" content=\"summary_large_image\" \/>\n<meta name=\"twitter:label1\" content=\"Escrito por\" \/>\n\t<meta name=\"twitter:data1\" content=\"Reda\u00e7\u00e3o\" \/>\n\t<meta name=\"twitter:label2\" content=\"Tempo estimado de leitura\" \/>\n\t<meta name=\"twitter:data2\" content=\"1 minuto\" \/>\n<script type=\"application\/ld+json\" class=\"yoast-schema-graph\">{\"@context\":\"https:\/\/schema.org\",\"@graph\":[{\"@type\":\"Article\",\"@id\":\"https:\/\/brasilnoticias.org\/site\/detran-dialoga-com-proprietarios-de-trios-entidades-e-associacoes-para-o-carnaval-2025\/#article\",\"isPartOf\":{\"@id\":\"https:\/\/brasilnoticias.org\/site\/detran-dialoga-com-proprietarios-de-trios-entidades-e-associacoes-para-o-carnaval-2025\/\"},\"author\":{\"name\":\"Reda\u00e7\u00e3o\",\"@id\":\"https:\/\/brasilnoticias.org\/site\/#\/schema\/person\/03bbbfe6c7634ad18c26444ea39049fa\"},\"headline\":\"Detran dialoga com propriet\u00e1rios de trios, entidades e associa\u00e7\u00f5es para o carnaval 2025\",\"datePublished\":\"2025-01-22T22:11:12+00:00\",\"mainEntityOfPage\":{\"@id\":\"https:\/\/brasilnoticias.org\/site\/detran-dialoga-com-proprietarios-de-trios-entidades-e-associacoes-para-o-carnaval-2025\/\"},\"wordCount\":372,\"commentCount\":0,\"publisher\":{\"@id\":\"https:\/\/brasilnoticias.org\/site\/#organization\"},\"image\":{\"@id\":\"https:\/\/brasilnoticias.org\/site\/detran-dialoga-com-proprietarios-de-trios-entidades-e-associacoes-para-o-carnaval-2025\/#primaryimage\"},\"thumbnailUrl\":\"https:\/\/brasilnoticias.org\/site\/wp-content\/uploads\/2025\/01\/IMAGEM_NOTICIA_0-1-2.jpg\",\"articleSection\":[\"Not\u00edcias\",\"\u00daltimas\"],\"inLanguage\":\"pt-PT\",\"potentialAction\":[{\"@type\":\"CommentAction\",\"name\":\"Comment\",\"target\":[\"https:\/\/brasilnoticias.org\/site\/detran-dialoga-com-proprietarios-de-trios-entidades-e-associacoes-para-o-carnaval-2025\/#respond\"]}]},{\"@type\":\"WebPage\",\"@id\":\"https:\/\/brasilnoticias.org\/site\/detran-dialoga-com-proprietarios-de-trios-entidades-e-associacoes-para-o-carnaval-2025\/\",\"url\":\"https:\/\/brasilnoticias.org\/site\/detran-dialoga-com-proprietarios-de-trios-entidades-e-associacoes-para-o-carnaval-2025\/\",\"name\":\"Detran dialoga com propriet\u00e1rios de trios, entidades e associa\u00e7\u00f5es para o carnaval 2025 - Brasil not\u00edcias\",\"isPartOf\":{\"@id\":\"https:\/\/brasilnoticias.org\/site\/#website\"},\"primaryImageOfPage\":{\"@id\":\"https:\/\/brasilnoticias.org\/site\/detran-dialoga-com-proprietarios-de-trios-entidades-e-associacoes-para-o-carnaval-2025\/#primaryimage\"},\"image\":{\"@id\":\"https:\/\/brasilnoticias.org\/site\/detran-dialoga-com-proprietarios-de-trios-entidades-e-associacoes-para-o-carnaval-2025\/#primaryimage\"},\"thumbnailUrl\":\"https:\/\/brasilnoticias.org\/site\/wp-content\/uploads\/2025\/01\/IMAGEM_NOTICIA_0-1-2.jpg\",\"datePublished\":\"2025-01-22T22:11:12+00:00\",\"breadcrumb\":{\"@id\":\"https:\/\/brasilnoticias.org\/site\/detran-dialoga-com-proprietarios-de-trios-entidades-e-associacoes-para-o-carnaval-2025\/#breadcrumb\"},\"inLanguage\":\"pt-PT\",\"potentialAction\":[{\"@type\":\"ReadAction\",\"target\":[\"https:\/\/brasilnoticias.org\/site\/detran-dialoga-com-proprietarios-de-trios-entidades-e-associacoes-para-o-carnaval-2025\/\"]}]},{\"@type\":\"ImageObject\",\"inLanguage\":\"pt-PT\",\"@id\":\"https:\/\/brasilnoticias.org\/site\/detran-dialoga-com-proprietarios-de-trios-entidades-e-associacoes-para-o-carnaval-2025\/#primaryimage\",\"url\":\"https:\/\/brasilnoticias.org\/site\/wp-content\/uploads\/2025\/01\/IMAGEM_NOTICIA_0-1-2.jpg\",\"contentUrl\":\"https:\/\/brasilnoticias.org\/site\/wp-content\/uploads\/2025\/01\/IMAGEM_NOTICIA_0-1-2.jpg\",\"width\":850,\"height\":400},{\"@type\":\"BreadcrumbList\",\"@id\":\"https:\/\/brasilnoticias.org\/site\/detran-dialoga-com-proprietarios-de-trios-entidades-e-associacoes-para-o-carnaval-2025\/#breadcrumb\",\"itemListElement\":[{\"@type\":\"ListItem\",\"position\":1,\"name\":\"In\u00edcio\",\"item\":\"https:\/\/brasilnoticias.org\/site\/\"},{\"@type\":\"ListItem\",\"position\":2,\"name\":\"Detran dialoga com propriet\u00e1rios de trios, entidades e associa\u00e7\u00f5es para o carnaval 2025\"}]},{\"@type\":\"WebSite\",\"@id\":\"https:\/\/brasilnoticias.org\/site\/#website\",\"url\":\"https:\/\/brasilnoticias.org\/site\/\",\"name\":\"Brasil not\u00edcias\",\"description\":\"Brasil not\u00edcias\",\"publisher\":{\"@id\":\"https:\/\/brasilnoticias.org\/site\/#organization\"},\"potentialAction\":[{\"@type\":\"SearchAction\",\"target\":{\"@type\":\"EntryPoint\",\"urlTemplate\":\"https:\/\/brasilnoticias.org\/site\/?s={search_term_string}\"},\"query-input\":{\"@type\":\"PropertyValueSpecification\",\"valueRequired\":true,\"valueName\":\"search_term_string\"}}],\"inLanguage\":\"pt-PT\"},{\"@type\":\"Organization\",\"@id\":\"https:\/\/brasilnoticias.org\/site\/#organization\",\"name\":\"Brasil not\u00edcias\",\"url\":\"https:\/\/brasilnoticias.org\/site\/\",\"logo\":{\"@type\":\"ImageObject\",\"inLanguage\":\"pt-PT\",\"@id\":\"https:\/\/brasilnoticias.org\/site\/#\/schema\/logo\/image\/\",\"url\":\"https:\/\/brasilnoticias.org\/site\/wp-content\/uploads\/2022\/05\/cropped-brasilnoticias-mini.jpg\",\"contentUrl\":\"https:\/\/brasilnoticias.org\/site\/wp-content\/uploads\/2022\/05\/cropped-brasilnoticias-mini.jpg\",\"width\":314,\"height\":86,\"caption\":\"Brasil not\u00edcias\"},\"image\":{\"@id\":\"https:\/\/brasilnoticias.org\/site\/#\/schema\/logo\/image\/\"}},{\"@type\":\"Person\",\"@id\":\"https:\/\/brasilnoticias.org\/site\/#\/schema\/person\/03bbbfe6c7634ad18c26444ea39049fa\",\"name\":\"Reda\u00e7\u00e3o\",\"image\":{\"@type\":\"ImageObject\",\"inLanguage\":\"pt-PT\",\"@id\":\"https:\/\/brasilnoticias.org\/site\/#\/schema\/person\/image\/\",\"url\":\"https:\/\/secure.gravatar.com\/avatar\/9ecaf7327a696cb23ad926fedded5f1f04d7049de9e445375d55b48c001a6e42?s=96&d=mm&r=g\",\"contentUrl\":\"https:\/\/secure.gravatar.com\/avatar\/9ecaf7327a696cb23ad926fedded5f1f04d7049de9e445375d55b48c001a6e42?s=96&d=mm&r=g\",\"caption\":\"Reda\u00e7\u00e3o\"},\"url\":\"https:\/\/brasilnoticias.org\/site\/author\/henrique\/\"}]}<\/script>\n<!-- \/ Yoast SEO plugin. -->","yoast_head_json":{"title":"Detran dialoga com propriet\u00e1rios de trios, entidades e associa\u00e7\u00f5es para o carnaval 2025 - Brasil not\u00edcias","robots":{"index":"index","follow":"follow","max-snippet":"max-snippet:-1","max-image-preview":"max-image-preview:large","max-video-preview":"max-video-preview:-1"},"canonical":"https:\/\/brasilnoticias.org\/site\/detran-dialoga-com-proprietarios-de-trios-entidades-e-associacoes-para-o-carnaval-2025\/","og_locale":"pt_PT","og_type":"article","og_title":"Detran dialoga com propriet\u00e1rios de trios, entidades e associa\u00e7\u00f5es para o carnaval 2025 - Brasil not\u00edcias","og_description":"Dialogar, apresentar propostas e debater sobre a seguran\u00e7a e alegria para foli\u00f5es, motoristas e a organiza\u00e7\u00e3o da maior festa de","og_url":"https:\/\/brasilnoticias.org\/site\/detran-dialoga-com-proprietarios-de-trios-entidades-e-associacoes-para-o-carnaval-2025\/","og_site_name":"Brasil not\u00edcias","article_published_time":"2025-01-22T22:11:12+00:00","og_image":[{"width":850,"height":400,"url":"https:\/\/brasilnoticias.org\/site\/wp-content\/uploads\/2025\/01\/IMAGEM_NOTICIA_0-1-2.jpg","type":"image\/jpeg"}],"author":"Reda\u00e7\u00e3o","twitter_card":"summary_large_image","twitter_misc":{"Escrito por":"Reda\u00e7\u00e3o","Tempo estimado de leitura":"1 minuto"},"schema":{"@context":"https:\/\/schema.org","@graph":[{"@type":"Article","@id":"https:\/\/brasilnoticias.org\/site\/detran-dialoga-com-proprietarios-de-trios-entidades-e-associacoes-para-o-carnaval-2025\/#article","isPartOf":{"@id":"https:\/\/brasilnoticias.org\/site\/detran-dialoga-com-proprietarios-de-trios-entidades-e-associacoes-para-o-carnaval-2025\/"},"author":{"name":"Reda\u00e7\u00e3o","@id":"https:\/\/brasilnoticias.org\/site\/#\/schema\/person\/03bbbfe6c7634ad18c26444ea39049fa"},"headline":"Detran dialoga com propriet\u00e1rios de trios, entidades e associa\u00e7\u00f5es para o carnaval 2025","datePublished":"2025-01-22T22:11:12+00:00","mainEntityOfPage":{"@id":"https:\/\/brasilnoticias.org\/site\/detran-dialoga-com-proprietarios-de-trios-entidades-e-associacoes-para-o-carnaval-2025\/"},"wordCount":372,"commentCount":0,"publisher":{"@id":"https:\/\/brasilnoticias.org\/site\/#organization"},"image":{"@id":"https:\/\/brasilnoticias.org\/site\/detran-dialoga-com-proprietarios-de-trios-entidades-e-associacoes-para-o-carnaval-2025\/#primaryimage"},"thumbnailUrl":"https:\/\/brasilnoticias.org\/site\/wp-content\/uploads\/2025\/01\/IMAGEM_NOTICIA_0-1-2.jpg","articleSection":["Not\u00edcias","\u00daltimas"],"inLanguage":"pt-PT","potentialAction":[{"@type":"CommentAction","name":"Comment","target":["https:\/\/brasilnoticias.org\/site\/detran-dialoga-com-proprietarios-de-trios-entidades-e-associacoes-para-o-carnaval-2025\/#respond"]}]},{"@type":"WebPage","@id":"https:\/\/brasilnoticias.org\/site\/detran-dialoga-com-proprietarios-de-trios-entidades-e-associacoes-para-o-carnaval-2025\/","url":"https:\/\/brasilnoticias.org\/site\/detran-dialoga-com-proprietarios-de-trios-entidades-e-associacoes-para-o-carnaval-2025\/","name":"Detran dialoga com propriet\u00e1rios de trios, entidades e associa\u00e7\u00f5es para o carnaval 2025 - Brasil not\u00edcias","isPartOf":{"@id":"https:\/\/brasilnoticias.org\/site\/#website"},"primaryImageOfPage":{"@id":"https:\/\/brasilnoticias.org\/site\/detran-dialoga-com-proprietarios-de-trios-entidades-e-associacoes-para-o-carnaval-2025\/#primaryimage"},"image":{"@id":"https:\/\/brasilnoticias.org\/site\/detran-dialoga-com-proprietarios-de-trios-entidades-e-associacoes-para-o-carnaval-2025\/#primaryimage"},"thumbnailUrl":"https:\/\/brasilnoticias.org\/site\/wp-content\/uploads\/2025\/01\/IMAGEM_NOTICIA_0-1-2.jpg","datePublished":"2025-01-22T22:11:12+00:00","breadcrumb":{"@id":"https:\/\/brasilnoticias.org\/site\/detran-dialoga-com-proprietarios-de-trios-entidades-e-associacoes-para-o-carnaval-2025\/#breadcrumb"},"inLanguage":"pt-PT","potentialAction":[{"@type":"ReadAction","target":["https:\/\/brasilnoticias.org\/site\/detran-dialoga-com-proprietarios-de-trios-entidades-e-associacoes-para-o-carnaval-2025\/"]}]},{"@type":"ImageObject","inLanguage":"pt-PT","@id":"https:\/\/brasilnoticias.org\/site\/detran-dialoga-com-proprietarios-de-trios-entidades-e-associacoes-para-o-carnaval-2025\/#primaryimage","url":"https:\/\/brasilnoticias.org\/site\/wp-content\/uploads\/2025\/01\/IMAGEM_NOTICIA_0-1-2.jpg","contentUrl":"https:\/\/brasilnoticias.org\/site\/wp-content\/uploads\/2025\/01\/IMAGEM_NOTICIA_0-1-2.jpg","width":850,"height":400},{"@type":"BreadcrumbList","@id":"https:\/\/brasilnoticias.org\/site\/detran-dialoga-com-proprietarios-de-trios-entidades-e-associacoes-para-o-carnaval-2025\/#breadcrumb","itemListElement":[{"@type":"ListItem","position":1,"name":"In\u00edcio","item":"https:\/\/brasilnoticias.org\/site\/"},{"@type":"ListItem","position":2,"name":"Detran dialoga com propriet\u00e1rios de trios, entidades e associa\u00e7\u00f5es para o carnaval 2025"}]},{"@type":"WebSite","@id":"https:\/\/brasilnoticias.org\/site\/#website","url":"https:\/\/brasilnoticias.org\/site\/","name":"Brasil not\u00edcias","description":"Brasil not\u00edcias","publisher":{"@id":"https:\/\/brasilnoticias.org\/site\/#organization"},"potentialAction":[{"@type":"SearchAction","target":{"@type":"EntryPoint","urlTemplate":"https:\/\/brasilnoticias.org\/site\/?s={search_term_string}"},"query-input":{"@type":"PropertyValueSpecification","valueRequired":true,"valueName":"search_term_string"}}],"inLanguage":"pt-PT"},{"@type":"Organization","@id":"https:\/\/brasilnoticias.org\/site\/#organization","name":"Brasil not\u00edcias","url":"https:\/\/brasilnoticias.org\/site\/","logo":{"@type":"ImageObject","inLanguage":"pt-PT","@id":"https:\/\/brasilnoticias.org\/site\/#\/schema\/logo\/image\/","url":"https:\/\/brasilnoticias.org\/site\/wp-content\/uploads\/2022\/05\/cropped-brasilnoticias-mini.jpg","contentUrl":"https:\/\/brasilnoticias.org\/site\/wp-content\/uploads\/2022\/05\/cropped-brasilnoticias-mini.jpg","width":314,"height":86,"caption":"Brasil not\u00edcias"},"image":{"@id":"https:\/\/brasilnoticias.org\/site\/#\/schema\/logo\/image\/"}},{"@type":"Person","@id":"https:\/\/brasilnoticias.org\/site\/#\/schema\/person\/03bbbfe6c7634ad18c26444ea39049fa","name":"Reda\u00e7\u00e3o","image":{"@type":"ImageObject","inLanguage":"pt-PT","@id":"https:\/\/brasilnoticias.org\/site\/#\/schema\/person\/image\/","url":"https:\/\/secure.gravatar.com\/avatar\/9ecaf7327a696cb23ad926fedded5f1f04d7049de9e445375d55b48c001a6e42?s=96&d=mm&r=g","contentUrl":"https:\/\/secure.gravatar.com\/avatar\/9ecaf7327a696cb23ad926fedded5f1f04d7049de9e445375d55b48c001a6e42?s=96&d=mm&r=g","caption":"Reda\u00e7\u00e3o"},"url":"https:\/\/brasilnoticias.org\/site\/author\/henrique\/"}]}},"_links":{"self":[{"href":"https:\/\/brasilnoticias.org\/site\/wp-json\/wp\/v2\/posts\/16680","targetHints":{"allow":["GET"]}}],"collection":[{"href":"https:\/\/brasilnoticias.org\/site\/wp-json\/wp\/v2\/posts"}],"about":[{"href":"https:\/\/brasilnoticias.org\/site\/wp-json\/wp\/v2\/types\/post"}],"author":[{"embeddable":true,"href":"https:\/\/brasilnoticias.org\/site\/wp-json\/wp\/v2\/users\/4"}],"replies":[{"embeddable":true,"href":"https:\/\/brasilnoticias.org\/site\/wp-json\/wp\/v2\/comments?post=16680"}],"version-history":[{"count":1,"href":"https:\/\/brasilnoticias.org\/site\/wp-json\/wp\/v2\/posts\/16680\/revisions"}],"predecessor-version":[{"id":16682,"href":"https:\/\/brasilnoticias.org\/site\/wp-json\/wp\/v2\/posts\/16680\/revisions\/16682"}],"wp:featuredmedia":[{"embeddable":true,"href":"https:\/\/brasilnoticias.org\/site\/wp-json\/wp\/v2\/media\/16681"}],"wp:attachment":[{"href":"https:\/\/brasilnoticias.org\/site\/wp-json\/wp\/v2\/media?parent=16680"}],"wp:term":[{"taxonomy":"category","embeddable":true,"href":"https:\/\/brasilnoticias.org\/site\/wp-json\/wp\/v2\/categories?post=16680"},{"taxonomy":"post_tag","embeddable":true,"href":"https:\/\/brasilnoticias.org\/site\/wp-json\/wp\/v2\/tags?post=16680"}],"curies":[{"name":"wp","href":"https:\/\/api.w.org\/{rel}","templated":true}]}}