{"id":16699,"date":"2025-01-25T21:30:36","date_gmt":"2025-01-26T00:30:36","guid":{"rendered":"https:\/\/brasilnoticias.org\/site\/?p=16699"},"modified":"2025-01-27T21:44:00","modified_gmt":"2025-01-28T00:44:00","slug":"aeroporto-de-porto-seguro-passa-a-ter-nova-concessionaria-em-contrato-de-1-ano","status":"publish","type":"post","link":"https:\/\/brasilnoticias.org\/site\/aeroporto-de-porto-seguro-passa-a-ter-nova-concessionaria-em-contrato-de-1-ano\/","title":{"rendered":"Aeroporto de Porto Seguro passa a ter nova concession\u00e1ria em contrato de 1 ano"},"content":{"rendered":"<p>O Aeroporto Internacional de Porto Seguro, na Costa do Descobrimento, ter\u00e1 como concession\u00e1ria a Socicam Infraestrutura e Participa\u00e7\u00f5es. A empresa foi contratada em car\u00e1ter emergencial para operar o terminal, ficando respons\u00e1vel pela gest\u00e3o, manuten\u00e7\u00e3o e explora\u00e7\u00e3o do local. A medida tinha sido anunciada pelo Bahia Not\u00edcias.<\/p>\n<p>O contrato, feito por dispensa de licita\u00e7\u00e3o, resultar\u00e1 em outorga mensal de R$ 450 mil pagos pela concession\u00e1ria. Segundo a Secretaria de Infraestrutura do Estado (Seinfra), a vig\u00eancia do contrato ser\u00e1 de um ano.<\/p>\n<p>Atualmente o aeroporto da cidade \u00e9 gerido pela Sociedade Nacional de Apoio Rodovi\u00e1rio e Tur\u00edstico Ltda (Sinart), que teve o contrato declarado ilegal pelo Tribunal de Contas do Estado (TCE) desde 2019. <\/p>\n<p>Al\u00e9m do aeroporto de Porto Seguro, a Socicam tamb\u00e9m \u00e9 respons\u00e1vel pelos terminais aerovi\u00e1rios de Vit\u00f3ria da Conquista, no Sudoeste; e em Ilh\u00e9us e na Ilha de Comandatuba, em Una, ambas cidades no Litoral Sul.<\/p>\n<p>Foto: Reprodu\u00e7\u00e3o \/ Radar News<br \/>\nBahia Not\u00edcias<\/p>\n","protected":false},"excerpt":{"rendered":"<p>O Aeroporto Internacional de Porto Seguro, na Costa do Descobrimento, ter\u00e1 como concession\u00e1ria a Socicam Infraestrutura e Participa\u00e7\u00f5es. A empresa<\/p>\n","protected":false},"author":4,"featured_media":16700,"comment_status":"open","ping_status":"open","sticky":false,"template":"","format":"standard","meta":{"colormag_page_container_layout":"default_layout","colormag_page_sidebar_layout":"default_layout","_FSMCFIC_featured_image_caption":"","_FSMCFIC_featured_image_nocaption":"","_FSMCFIC_featured_image_hide":"","footnotes":""},"categories":[2,1],"tags":[],"class_list":["post-16699","post","type-post","status-publish","format-standard","has-post-thumbnail","hentry","category-noticias","category-ultimas"],"yoast_head":"<!-- This site is optimized with the Yoast SEO plugin v27.1.1 - https:\/\/yoast.com\/product\/yoast-seo-wordpress\/ -->\n<title>Aeroporto de Porto Seguro passa a ter nova concession\u00e1ria em contrato de 1 ano - Brasil not\u00edcias<\/title>\n<meta name=\"robots\" content=\"index, follow, max-snippet:-1, max-image-preview:large, max-video-preview:-1\" \/>\n<link rel=\"canonical\" href=\"https:\/\/brasilnoticias.org\/site\/aeroporto-de-porto-seguro-passa-a-ter-nova-concessionaria-em-contrato-de-1-ano\/\" \/>\n<meta property=\"og:locale\" content=\"pt_PT\" \/>\n<meta property=\"og:type\" content=\"article\" \/>\n<meta property=\"og:title\" content=\"Aeroporto de Porto Seguro passa a ter nova concession\u00e1ria em contrato de 1 ano - Brasil not\u00edcias\" \/>\n<meta property=\"og:description\" content=\"O Aeroporto Internacional de Porto Seguro, na Costa do Descobrimento, ter\u00e1 como concession\u00e1ria a Socicam Infraestrutura e Participa\u00e7\u00f5es. A empresa\" \/>\n<meta property=\"og:url\" content=\"https:\/\/brasilnoticias.org\/site\/aeroporto-de-porto-seguro-passa-a-ter-nova-concessionaria-em-contrato-de-1-ano\/\" \/>\n<meta property=\"og:site_name\" content=\"Brasil not\u00edcias\" \/>\n<meta property=\"article:published_time\" content=\"2025-01-26T00:30:36+00:00\" \/>\n<meta property=\"article:modified_time\" content=\"2025-01-28T00:44:00+00:00\" \/>\n<meta property=\"og:image\" content=\"https:\/\/brasilnoticias.org\/site\/wp-content\/uploads\/2025\/01\/IMAGEM_NOTICIA_9-1-1.webp\" \/>\n\t<meta property=\"og:image:width\" content=\"1200\" \/>\n\t<meta property=\"og:image:height\" content=\"630\" \/>\n\t<meta property=\"og:image:type\" content=\"image\/webp\" \/>\n<meta name=\"author\" content=\"Reda\u00e7\u00e3o\" \/>\n<meta name=\"twitter:card\" content=\"summary_large_image\" \/>\n<meta name=\"twitter:label1\" content=\"Escrito por\" \/>\n\t<meta name=\"twitter:data1\" content=\"Reda\u00e7\u00e3o\" \/>\n\t<meta name=\"twitter:label2\" content=\"Tempo estimado de leitura\" \/>\n\t<meta name=\"twitter:data2\" content=\"1 minuto\" \/>\n<script type=\"application\/ld+json\" class=\"yoast-schema-graph\">{\"@context\":\"https:\/\/schema.org\",\"@graph\":[{\"@type\":\"Article\",\"@id\":\"https:\/\/brasilnoticias.org\/site\/aeroporto-de-porto-seguro-passa-a-ter-nova-concessionaria-em-contrato-de-1-ano\/#article\",\"isPartOf\":{\"@id\":\"https:\/\/brasilnoticias.org\/site\/aeroporto-de-porto-seguro-passa-a-ter-nova-concessionaria-em-contrato-de-1-ano\/\"},\"author\":{\"name\":\"Reda\u00e7\u00e3o\",\"@id\":\"https:\/\/brasilnoticias.org\/site\/#\/schema\/person\/03bbbfe6c7634ad18c26444ea39049fa\"},\"headline\":\"Aeroporto de Porto Seguro passa a ter nova concession\u00e1ria em contrato de 1 ano\",\"datePublished\":\"2025-01-26T00:30:36+00:00\",\"dateModified\":\"2025-01-28T00:44:00+00:00\",\"mainEntityOfPage\":{\"@id\":\"https:\/\/brasilnoticias.org\/site\/aeroporto-de-porto-seguro-passa-a-ter-nova-concessionaria-em-contrato-de-1-ano\/\"},\"wordCount\":184,\"commentCount\":0,\"publisher\":{\"@id\":\"https:\/\/brasilnoticias.org\/site\/#organization\"},\"image\":{\"@id\":\"https:\/\/brasilnoticias.org\/site\/aeroporto-de-porto-seguro-passa-a-ter-nova-concessionaria-em-contrato-de-1-ano\/#primaryimage\"},\"thumbnailUrl\":\"https:\/\/brasilnoticias.org\/site\/wp-content\/uploads\/2025\/01\/IMAGEM_NOTICIA_9-1-1.webp\",\"articleSection\":[\"Not\u00edcias\",\"\u00daltimas\"],\"inLanguage\":\"pt-PT\",\"potentialAction\":[{\"@type\":\"CommentAction\",\"name\":\"Comment\",\"target\":[\"https:\/\/brasilnoticias.org\/site\/aeroporto-de-porto-seguro-passa-a-ter-nova-concessionaria-em-contrato-de-1-ano\/#respond\"]}]},{\"@type\":\"WebPage\",\"@id\":\"https:\/\/brasilnoticias.org\/site\/aeroporto-de-porto-seguro-passa-a-ter-nova-concessionaria-em-contrato-de-1-ano\/\",\"url\":\"https:\/\/brasilnoticias.org\/site\/aeroporto-de-porto-seguro-passa-a-ter-nova-concessionaria-em-contrato-de-1-ano\/\",\"name\":\"Aeroporto de Porto Seguro passa a ter nova concession\u00e1ria em contrato de 1 ano - Brasil not\u00edcias\",\"isPartOf\":{\"@id\":\"https:\/\/brasilnoticias.org\/site\/#website\"},\"primaryImageOfPage\":{\"@id\":\"https:\/\/brasilnoticias.org\/site\/aeroporto-de-porto-seguro-passa-a-ter-nova-concessionaria-em-contrato-de-1-ano\/#primaryimage\"},\"image\":{\"@id\":\"https:\/\/brasilnoticias.org\/site\/aeroporto-de-porto-seguro-passa-a-ter-nova-concessionaria-em-contrato-de-1-ano\/#primaryimage\"},\"thumbnailUrl\":\"https:\/\/brasilnoticias.org\/site\/wp-content\/uploads\/2025\/01\/IMAGEM_NOTICIA_9-1-1.webp\",\"datePublished\":\"2025-01-26T00:30:36+00:00\",\"dateModified\":\"2025-01-28T00:44:00+00:00\",\"breadcrumb\":{\"@id\":\"https:\/\/brasilnoticias.org\/site\/aeroporto-de-porto-seguro-passa-a-ter-nova-concessionaria-em-contrato-de-1-ano\/#breadcrumb\"},\"inLanguage\":\"pt-PT\",\"potentialAction\":[{\"@type\":\"ReadAction\",\"target\":[\"https:\/\/brasilnoticias.org\/site\/aeroporto-de-porto-seguro-passa-a-ter-nova-concessionaria-em-contrato-de-1-ano\/\"]}]},{\"@type\":\"ImageObject\",\"inLanguage\":\"pt-PT\",\"@id\":\"https:\/\/brasilnoticias.org\/site\/aeroporto-de-porto-seguro-passa-a-ter-nova-concessionaria-em-contrato-de-1-ano\/#primaryimage\",\"url\":\"https:\/\/brasilnoticias.org\/site\/wp-content\/uploads\/2025\/01\/IMAGEM_NOTICIA_9-1-1.webp\",\"contentUrl\":\"https:\/\/brasilnoticias.org\/site\/wp-content\/uploads\/2025\/01\/IMAGEM_NOTICIA_9-1-1.webp\",\"width\":1200,\"height\":630},{\"@type\":\"BreadcrumbList\",\"@id\":\"https:\/\/brasilnoticias.org\/site\/aeroporto-de-porto-seguro-passa-a-ter-nova-concessionaria-em-contrato-de-1-ano\/#breadcrumb\",\"itemListElement\":[{\"@type\":\"ListItem\",\"position\":1,\"name\":\"In\u00edcio\",\"item\":\"https:\/\/brasilnoticias.org\/site\/\"},{\"@type\":\"ListItem\",\"position\":2,\"name\":\"Aeroporto de Porto Seguro passa a ter nova concession\u00e1ria em contrato de 1 ano\"}]},{\"@type\":\"WebSite\",\"@id\":\"https:\/\/brasilnoticias.org\/site\/#website\",\"url\":\"https:\/\/brasilnoticias.org\/site\/\",\"name\":\"Brasil not\u00edcias\",\"description\":\"Brasil not\u00edcias\",\"publisher\":{\"@id\":\"https:\/\/brasilnoticias.org\/site\/#organization\"},\"potentialAction\":[{\"@type\":\"SearchAction\",\"target\":{\"@type\":\"EntryPoint\",\"urlTemplate\":\"https:\/\/brasilnoticias.org\/site\/?s={search_term_string}\"},\"query-input\":{\"@type\":\"PropertyValueSpecification\",\"valueRequired\":true,\"valueName\":\"search_term_string\"}}],\"inLanguage\":\"pt-PT\"},{\"@type\":\"Organization\",\"@id\":\"https:\/\/brasilnoticias.org\/site\/#organization\",\"name\":\"Brasil not\u00edcias\",\"url\":\"https:\/\/brasilnoticias.org\/site\/\",\"logo\":{\"@type\":\"ImageObject\",\"inLanguage\":\"pt-PT\",\"@id\":\"https:\/\/brasilnoticias.org\/site\/#\/schema\/logo\/image\/\",\"url\":\"https:\/\/brasilnoticias.org\/site\/wp-content\/uploads\/2022\/05\/cropped-brasilnoticias-mini.jpg\",\"contentUrl\":\"https:\/\/brasilnoticias.org\/site\/wp-content\/uploads\/2022\/05\/cropped-brasilnoticias-mini.jpg\",\"width\":314,\"height\":86,\"caption\":\"Brasil not\u00edcias\"},\"image\":{\"@id\":\"https:\/\/brasilnoticias.org\/site\/#\/schema\/logo\/image\/\"}},{\"@type\":\"Person\",\"@id\":\"https:\/\/brasilnoticias.org\/site\/#\/schema\/person\/03bbbfe6c7634ad18c26444ea39049fa\",\"name\":\"Reda\u00e7\u00e3o\",\"image\":{\"@type\":\"ImageObject\",\"inLanguage\":\"pt-PT\",\"@id\":\"https:\/\/brasilnoticias.org\/site\/#\/schema\/person\/image\/\",\"url\":\"https:\/\/secure.gravatar.com\/avatar\/9ecaf7327a696cb23ad926fedded5f1f04d7049de9e445375d55b48c001a6e42?s=96&d=mm&r=g\",\"contentUrl\":\"https:\/\/secure.gravatar.com\/avatar\/9ecaf7327a696cb23ad926fedded5f1f04d7049de9e445375d55b48c001a6e42?s=96&d=mm&r=g\",\"caption\":\"Reda\u00e7\u00e3o\"},\"url\":\"https:\/\/brasilnoticias.org\/site\/author\/henrique\/\"}]}<\/script>\n<!-- \/ Yoast SEO plugin. -->","yoast_head_json":{"title":"Aeroporto de Porto Seguro passa a ter nova concession\u00e1ria em contrato de 1 ano - Brasil not\u00edcias","robots":{"index":"index","follow":"follow","max-snippet":"max-snippet:-1","max-image-preview":"max-image-preview:large","max-video-preview":"max-video-preview:-1"},"canonical":"https:\/\/brasilnoticias.org\/site\/aeroporto-de-porto-seguro-passa-a-ter-nova-concessionaria-em-contrato-de-1-ano\/","og_locale":"pt_PT","og_type":"article","og_title":"Aeroporto de Porto Seguro passa a ter nova concession\u00e1ria em contrato de 1 ano - Brasil not\u00edcias","og_description":"O Aeroporto Internacional de Porto Seguro, na Costa do Descobrimento, ter\u00e1 como concession\u00e1ria a Socicam Infraestrutura e Participa\u00e7\u00f5es. A empresa","og_url":"https:\/\/brasilnoticias.org\/site\/aeroporto-de-porto-seguro-passa-a-ter-nova-concessionaria-em-contrato-de-1-ano\/","og_site_name":"Brasil not\u00edcias","article_published_time":"2025-01-26T00:30:36+00:00","article_modified_time":"2025-01-28T00:44:00+00:00","og_image":[{"width":1200,"height":630,"url":"https:\/\/brasilnoticias.org\/site\/wp-content\/uploads\/2025\/01\/IMAGEM_NOTICIA_9-1-1.webp","type":"image\/webp"}],"author":"Reda\u00e7\u00e3o","twitter_card":"summary_large_image","twitter_misc":{"Escrito por":"Reda\u00e7\u00e3o","Tempo estimado de leitura":"1 minuto"},"schema":{"@context":"https:\/\/schema.org","@graph":[{"@type":"Article","@id":"https:\/\/brasilnoticias.org\/site\/aeroporto-de-porto-seguro-passa-a-ter-nova-concessionaria-em-contrato-de-1-ano\/#article","isPartOf":{"@id":"https:\/\/brasilnoticias.org\/site\/aeroporto-de-porto-seguro-passa-a-ter-nova-concessionaria-em-contrato-de-1-ano\/"},"author":{"name":"Reda\u00e7\u00e3o","@id":"https:\/\/brasilnoticias.org\/site\/#\/schema\/person\/03bbbfe6c7634ad18c26444ea39049fa"},"headline":"Aeroporto de Porto Seguro passa a ter nova concession\u00e1ria em contrato de 1 ano","datePublished":"2025-01-26T00:30:36+00:00","dateModified":"2025-01-28T00:44:00+00:00","mainEntityOfPage":{"@id":"https:\/\/brasilnoticias.org\/site\/aeroporto-de-porto-seguro-passa-a-ter-nova-concessionaria-em-contrato-de-1-ano\/"},"wordCount":184,"commentCount":0,"publisher":{"@id":"https:\/\/brasilnoticias.org\/site\/#organization"},"image":{"@id":"https:\/\/brasilnoticias.org\/site\/aeroporto-de-porto-seguro-passa-a-ter-nova-concessionaria-em-contrato-de-1-ano\/#primaryimage"},"thumbnailUrl":"https:\/\/brasilnoticias.org\/site\/wp-content\/uploads\/2025\/01\/IMAGEM_NOTICIA_9-1-1.webp","articleSection":["Not\u00edcias","\u00daltimas"],"inLanguage":"pt-PT","potentialAction":[{"@type":"CommentAction","name":"Comment","target":["https:\/\/brasilnoticias.org\/site\/aeroporto-de-porto-seguro-passa-a-ter-nova-concessionaria-em-contrato-de-1-ano\/#respond"]}]},{"@type":"WebPage","@id":"https:\/\/brasilnoticias.org\/site\/aeroporto-de-porto-seguro-passa-a-ter-nova-concessionaria-em-contrato-de-1-ano\/","url":"https:\/\/brasilnoticias.org\/site\/aeroporto-de-porto-seguro-passa-a-ter-nova-concessionaria-em-contrato-de-1-ano\/","name":"Aeroporto de Porto Seguro passa a ter nova concession\u00e1ria em contrato de 1 ano - Brasil not\u00edcias","isPartOf":{"@id":"https:\/\/brasilnoticias.org\/site\/#website"},"primaryImageOfPage":{"@id":"https:\/\/brasilnoticias.org\/site\/aeroporto-de-porto-seguro-passa-a-ter-nova-concessionaria-em-contrato-de-1-ano\/#primaryimage"},"image":{"@id":"https:\/\/brasilnoticias.org\/site\/aeroporto-de-porto-seguro-passa-a-ter-nova-concessionaria-em-contrato-de-1-ano\/#primaryimage"},"thumbnailUrl":"https:\/\/brasilnoticias.org\/site\/wp-content\/uploads\/2025\/01\/IMAGEM_NOTICIA_9-1-1.webp","datePublished":"2025-01-26T00:30:36+00:00","dateModified":"2025-01-28T00:44:00+00:00","breadcrumb":{"@id":"https:\/\/brasilnoticias.org\/site\/aeroporto-de-porto-seguro-passa-a-ter-nova-concessionaria-em-contrato-de-1-ano\/#breadcrumb"},"inLanguage":"pt-PT","potentialAction":[{"@type":"ReadAction","target":["https:\/\/brasilnoticias.org\/site\/aeroporto-de-porto-seguro-passa-a-ter-nova-concessionaria-em-contrato-de-1-ano\/"]}]},{"@type":"ImageObject","inLanguage":"pt-PT","@id":"https:\/\/brasilnoticias.org\/site\/aeroporto-de-porto-seguro-passa-a-ter-nova-concessionaria-em-contrato-de-1-ano\/#primaryimage","url":"https:\/\/brasilnoticias.org\/site\/wp-content\/uploads\/2025\/01\/IMAGEM_NOTICIA_9-1-1.webp","contentUrl":"https:\/\/brasilnoticias.org\/site\/wp-content\/uploads\/2025\/01\/IMAGEM_NOTICIA_9-1-1.webp","width":1200,"height":630},{"@type":"BreadcrumbList","@id":"https:\/\/brasilnoticias.org\/site\/aeroporto-de-porto-seguro-passa-a-ter-nova-concessionaria-em-contrato-de-1-ano\/#breadcrumb","itemListElement":[{"@type":"ListItem","position":1,"name":"In\u00edcio","item":"https:\/\/brasilnoticias.org\/site\/"},{"@type":"ListItem","position":2,"name":"Aeroporto de Porto Seguro passa a ter nova concession\u00e1ria em contrato de 1 ano"}]},{"@type":"WebSite","@id":"https:\/\/brasilnoticias.org\/site\/#website","url":"https:\/\/brasilnoticias.org\/site\/","name":"Brasil not\u00edcias","description":"Brasil not\u00edcias","publisher":{"@id":"https:\/\/brasilnoticias.org\/site\/#organization"},"potentialAction":[{"@type":"SearchAction","target":{"@type":"EntryPoint","urlTemplate":"https:\/\/brasilnoticias.org\/site\/?s={search_term_string}"},"query-input":{"@type":"PropertyValueSpecification","valueRequired":true,"valueName":"search_term_string"}}],"inLanguage":"pt-PT"},{"@type":"Organization","@id":"https:\/\/brasilnoticias.org\/site\/#organization","name":"Brasil not\u00edcias","url":"https:\/\/brasilnoticias.org\/site\/","logo":{"@type":"ImageObject","inLanguage":"pt-PT","@id":"https:\/\/brasilnoticias.org\/site\/#\/schema\/logo\/image\/","url":"https:\/\/brasilnoticias.org\/site\/wp-content\/uploads\/2022\/05\/cropped-brasilnoticias-mini.jpg","contentUrl":"https:\/\/brasilnoticias.org\/site\/wp-content\/uploads\/2022\/05\/cropped-brasilnoticias-mini.jpg","width":314,"height":86,"caption":"Brasil not\u00edcias"},"image":{"@id":"https:\/\/brasilnoticias.org\/site\/#\/schema\/logo\/image\/"}},{"@type":"Person","@id":"https:\/\/brasilnoticias.org\/site\/#\/schema\/person\/03bbbfe6c7634ad18c26444ea39049fa","name":"Reda\u00e7\u00e3o","image":{"@type":"ImageObject","inLanguage":"pt-PT","@id":"https:\/\/brasilnoticias.org\/site\/#\/schema\/person\/image\/","url":"https:\/\/secure.gravatar.com\/avatar\/9ecaf7327a696cb23ad926fedded5f1f04d7049de9e445375d55b48c001a6e42?s=96&d=mm&r=g","contentUrl":"https:\/\/secure.gravatar.com\/avatar\/9ecaf7327a696cb23ad926fedded5f1f04d7049de9e445375d55b48c001a6e42?s=96&d=mm&r=g","caption":"Reda\u00e7\u00e3o"},"url":"https:\/\/brasilnoticias.org\/site\/author\/henrique\/"}]}},"_links":{"self":[{"href":"https:\/\/brasilnoticias.org\/site\/wp-json\/wp\/v2\/posts\/16699","targetHints":{"allow":["GET"]}}],"collection":[{"href":"https:\/\/brasilnoticias.org\/site\/wp-json\/wp\/v2\/posts"}],"about":[{"href":"https:\/\/brasilnoticias.org\/site\/wp-json\/wp\/v2\/types\/post"}],"author":[{"embeddable":true,"href":"https:\/\/brasilnoticias.org\/site\/wp-json\/wp\/v2\/users\/4"}],"replies":[{"embeddable":true,"href":"https:\/\/brasilnoticias.org\/site\/wp-json\/wp\/v2\/comments?post=16699"}],"version-history":[{"count":1,"href":"https:\/\/brasilnoticias.org\/site\/wp-json\/wp\/v2\/posts\/16699\/revisions"}],"predecessor-version":[{"id":16701,"href":"https:\/\/brasilnoticias.org\/site\/wp-json\/wp\/v2\/posts\/16699\/revisions\/16701"}],"wp:featuredmedia":[{"embeddable":true,"href":"https:\/\/brasilnoticias.org\/site\/wp-json\/wp\/v2\/media\/16700"}],"wp:attachment":[{"href":"https:\/\/brasilnoticias.org\/site\/wp-json\/wp\/v2\/media?parent=16699"}],"wp:term":[{"taxonomy":"category","embeddable":true,"href":"https:\/\/brasilnoticias.org\/site\/wp-json\/wp\/v2\/categories?post=16699"},{"taxonomy":"post_tag","embeddable":true,"href":"https:\/\/brasilnoticias.org\/site\/wp-json\/wp\/v2\/tags?post=16699"}],"curies":[{"name":"wp","href":"https:\/\/api.w.org\/{rel}","templated":true}]}}