{"id":1671,"date":"2022-10-06T21:38:45","date_gmt":"2022-10-07T00:38:45","guid":{"rendered":"https:\/\/brasilnoticias.org\/site\/?p=1671"},"modified":"2022-10-06T21:38:45","modified_gmt":"2022-10-07T00:38:45","slug":"video-homens-armados-assaltam-pedestre-no-bairro-de-sao-caetano","status":"publish","type":"post","link":"https:\/\/brasilnoticias.org\/site\/video-homens-armados-assaltam-pedestre-no-bairro-de-sao-caetano\/","title":{"rendered":"V\u00cdDEO: Homens armados assaltam pedestre no bairro de S\u00e3o Caetano"},"content":{"rendered":"<p>&nbsp;<\/p>\n<p>Um homem foi assaltado por homens armados na noite da \u00faltima ter\u00e7a-feira (4)\u00a0no bairro de S\u00e3o Caetano, em Salvador. O caso ocorreu por volta das 20h10, na Rua Para\u00edso.<\/p>\n<p>Imagens de c\u00e2meras de seguran\u00e7a, \u00e0s quais o\u00a0<strong>BNews<\/strong>\u00a0teve acesso, registraram o crime. Nelas, \u00e9 poss\u00edvel ver o momento em que v\u00e1rias pessoas caminham pela rua, at\u00e9 que os dois homens chegam de moto e abordam o rapaz, que est\u00e1 na cal\u00e7ada.<\/p>\n<div class=\"mb-3 veja_mais_inject\">\n<div class=\"row\">\n<div class=\"col-12 col-md-6 py-2 py-sm-0\" data-vejamais=\"397333\">\n<div class=\"row p-0 m-0\">\n<p>Em seguida, um dos suspeitos, que est\u00e1 na garupa da motocicleta, desce e o aborda, a fim de levar a mochila da v\u00edtima, que chega a reagir ao assalto, at\u00e9 o momento em que o criminoso aponta uma arma e volta para o ve\u00edculo, onde foge com o comparsa.<\/p>\n<div class=\"d-flex justify-content-center my-3\">\n<div id=\"banner-300x250-1-area\" data-desktop=\"300x250\" data-mobile=\"300x250\" data-google-query-id=\"CJWKnITwzPoCFbKNlQIdq7IPDw\">\n<p><strong>Confira o v\u00eddeo:<\/strong><\/p>\n<blockquote class=\"twitter-tweet\">\n<p dir=\"ltr\" lang=\"pt\">Homens armados assaltam pedestre no bairro de S\u00e3o Caetano <a href=\"https:\/\/t.co\/SLunLBzGif\">pic.twitter.com\/SLunLBzGif<\/a><\/p>\n<p>\u2014 BNews (@bnews_oficial) <a href=\"https:\/\/twitter.com\/bnews_oficial\/status\/1578170419764465664?ref_src=twsrc%5Etfw\">October 6, 2022<\/a><\/p><\/blockquote>\n<p><script async src=\"https:\/\/platform.twitter.com\/widgets.js\" charset=\"utf-8\"><\/script><\/p>\n<\/div>\n<\/div>\n<\/div>\n<\/div>\n<\/div>\n<\/div>\n<p>&nbsp;<\/p>\n<p><span class=\"d-inline-block\">Reprodu\u00e7\u00e3o\/V\u00eddeo<\/span><\/p>\n<p>Bnews<\/p>\n<p>&nbsp;<\/p>\n","protected":false},"excerpt":{"rendered":"<p>&nbsp; Um homem foi assaltado por homens armados na noite da \u00faltima ter\u00e7a-feira (4)\u00a0no bairro de S\u00e3o Caetano, em Salvador.<\/p>\n","protected":false},"author":1,"featured_media":1672,"comment_status":"open","ping_status":"open","sticky":false,"template":"","format":"standard","meta":{"colormag_page_container_layout":"default_layout","colormag_page_sidebar_layout":"default_layout","_FSMCFIC_featured_image_caption":"","_FSMCFIC_featured_image_nocaption":"","_FSMCFIC_featured_image_hide":"","footnotes":""},"categories":[2,1],"tags":[],"class_list":["post-1671","post","type-post","status-publish","format-standard","has-post-thumbnail","hentry","category-noticias","category-ultimas"],"yoast_head":"<!-- This site is optimized with the Yoast SEO plugin v27.1.1 - https:\/\/yoast.com\/product\/yoast-seo-wordpress\/ -->\n<title>V\u00cdDEO: Homens armados assaltam pedestre no bairro de S\u00e3o Caetano - Brasil not\u00edcias<\/title>\n<meta name=\"robots\" content=\"index, follow, max-snippet:-1, max-image-preview:large, max-video-preview:-1\" \/>\n<link rel=\"canonical\" href=\"https:\/\/brasilnoticias.org\/site\/video-homens-armados-assaltam-pedestre-no-bairro-de-sao-caetano\/\" \/>\n<meta property=\"og:locale\" content=\"pt_PT\" \/>\n<meta property=\"og:type\" content=\"article\" \/>\n<meta property=\"og:title\" content=\"V\u00cdDEO: Homens armados assaltam pedestre no bairro de S\u00e3o Caetano - Brasil not\u00edcias\" \/>\n<meta property=\"og:description\" content=\"&nbsp; Um homem foi assaltado por homens armados na noite da \u00faltima ter\u00e7a-feira (4)\u00a0no bairro de S\u00e3o Caetano, em Salvador.\" \/>\n<meta property=\"og:url\" content=\"https:\/\/brasilnoticias.org\/site\/video-homens-armados-assaltam-pedestre-no-bairro-de-sao-caetano\/\" \/>\n<meta property=\"og:site_name\" content=\"Brasil not\u00edcias\" \/>\n<meta property=\"article:published_time\" content=\"2022-10-07T00:38:45+00:00\" \/>\n<meta property=\"og:image\" content=\"https:\/\/brasilnoticias.org\/site\/wp-content\/uploads\/2022\/10\/video-homens-armados-assaltam-pedestre-no-bairro-de-sao-caetano_widelg.jpg\" \/>\n\t<meta property=\"og:image:width\" content=\"657\" \/>\n\t<meta property=\"og:image:height\" content=\"431\" \/>\n\t<meta property=\"og:image:type\" content=\"image\/jpeg\" \/>\n<meta name=\"author\" content=\"Reda\u00e7\u00e3o\" \/>\n<meta name=\"twitter:card\" content=\"summary_large_image\" \/>\n<meta name=\"twitter:label1\" content=\"Escrito por\" \/>\n\t<meta name=\"twitter:data1\" content=\"Reda\u00e7\u00e3o\" \/>\n\t<meta name=\"twitter:label2\" content=\"Tempo estimado de leitura\" \/>\n\t<meta name=\"twitter:data2\" content=\"1 minuto\" \/>\n<script type=\"application\/ld+json\" class=\"yoast-schema-graph\">{\"@context\":\"https:\/\/schema.org\",\"@graph\":[{\"@type\":\"Article\",\"@id\":\"https:\/\/brasilnoticias.org\/site\/video-homens-armados-assaltam-pedestre-no-bairro-de-sao-caetano\/#article\",\"isPartOf\":{\"@id\":\"https:\/\/brasilnoticias.org\/site\/video-homens-armados-assaltam-pedestre-no-bairro-de-sao-caetano\/\"},\"author\":{\"name\":\"Reda\u00e7\u00e3o\",\"@id\":\"https:\/\/brasilnoticias.org\/site\/#\/schema\/person\/a0e05b973ec4d15c658d51911e53507b\"},\"headline\":\"V\u00cdDEO: Homens armados assaltam pedestre no bairro de S\u00e3o Caetano\",\"datePublished\":\"2022-10-07T00:38:45+00:00\",\"mainEntityOfPage\":{\"@id\":\"https:\/\/brasilnoticias.org\/site\/video-homens-armados-assaltam-pedestre-no-bairro-de-sao-caetano\/\"},\"wordCount\":172,\"commentCount\":0,\"publisher\":{\"@id\":\"https:\/\/brasilnoticias.org\/site\/#organization\"},\"image\":{\"@id\":\"https:\/\/brasilnoticias.org\/site\/video-homens-armados-assaltam-pedestre-no-bairro-de-sao-caetano\/#primaryimage\"},\"thumbnailUrl\":\"https:\/\/brasilnoticias.org\/site\/wp-content\/uploads\/2022\/10\/video-homens-armados-assaltam-pedestre-no-bairro-de-sao-caetano_widelg.jpg\",\"articleSection\":[\"Not\u00edcias\",\"\u00daltimas\"],\"inLanguage\":\"pt-PT\",\"potentialAction\":[{\"@type\":\"CommentAction\",\"name\":\"Comment\",\"target\":[\"https:\/\/brasilnoticias.org\/site\/video-homens-armados-assaltam-pedestre-no-bairro-de-sao-caetano\/#respond\"]}]},{\"@type\":\"WebPage\",\"@id\":\"https:\/\/brasilnoticias.org\/site\/video-homens-armados-assaltam-pedestre-no-bairro-de-sao-caetano\/\",\"url\":\"https:\/\/brasilnoticias.org\/site\/video-homens-armados-assaltam-pedestre-no-bairro-de-sao-caetano\/\",\"name\":\"V\u00cdDEO: Homens armados assaltam pedestre no bairro de S\u00e3o Caetano - Brasil not\u00edcias\",\"isPartOf\":{\"@id\":\"https:\/\/brasilnoticias.org\/site\/#website\"},\"primaryImageOfPage\":{\"@id\":\"https:\/\/brasilnoticias.org\/site\/video-homens-armados-assaltam-pedestre-no-bairro-de-sao-caetano\/#primaryimage\"},\"image\":{\"@id\":\"https:\/\/brasilnoticias.org\/site\/video-homens-armados-assaltam-pedestre-no-bairro-de-sao-caetano\/#primaryimage\"},\"thumbnailUrl\":\"https:\/\/brasilnoticias.org\/site\/wp-content\/uploads\/2022\/10\/video-homens-armados-assaltam-pedestre-no-bairro-de-sao-caetano_widelg.jpg\",\"datePublished\":\"2022-10-07T00:38:45+00:00\",\"breadcrumb\":{\"@id\":\"https:\/\/brasilnoticias.org\/site\/video-homens-armados-assaltam-pedestre-no-bairro-de-sao-caetano\/#breadcrumb\"},\"inLanguage\":\"pt-PT\",\"potentialAction\":[{\"@type\":\"ReadAction\",\"target\":[\"https:\/\/brasilnoticias.org\/site\/video-homens-armados-assaltam-pedestre-no-bairro-de-sao-caetano\/\"]}]},{\"@type\":\"ImageObject\",\"inLanguage\":\"pt-PT\",\"@id\":\"https:\/\/brasilnoticias.org\/site\/video-homens-armados-assaltam-pedestre-no-bairro-de-sao-caetano\/#primaryimage\",\"url\":\"https:\/\/brasilnoticias.org\/site\/wp-content\/uploads\/2022\/10\/video-homens-armados-assaltam-pedestre-no-bairro-de-sao-caetano_widelg.jpg\",\"contentUrl\":\"https:\/\/brasilnoticias.org\/site\/wp-content\/uploads\/2022\/10\/video-homens-armados-assaltam-pedestre-no-bairro-de-sao-caetano_widelg.jpg\",\"width\":657,\"height\":431},{\"@type\":\"BreadcrumbList\",\"@id\":\"https:\/\/brasilnoticias.org\/site\/video-homens-armados-assaltam-pedestre-no-bairro-de-sao-caetano\/#breadcrumb\",\"itemListElement\":[{\"@type\":\"ListItem\",\"position\":1,\"name\":\"In\u00edcio\",\"item\":\"https:\/\/brasilnoticias.org\/site\/\"},{\"@type\":\"ListItem\",\"position\":2,\"name\":\"V\u00cdDEO: Homens armados assaltam pedestre no bairro de S\u00e3o Caetano\"}]},{\"@type\":\"WebSite\",\"@id\":\"https:\/\/brasilnoticias.org\/site\/#website\",\"url\":\"https:\/\/brasilnoticias.org\/site\/\",\"name\":\"Brasil not\u00edcias\",\"description\":\"Brasil not\u00edcias\",\"publisher\":{\"@id\":\"https:\/\/brasilnoticias.org\/site\/#organization\"},\"potentialAction\":[{\"@type\":\"SearchAction\",\"target\":{\"@type\":\"EntryPoint\",\"urlTemplate\":\"https:\/\/brasilnoticias.org\/site\/?s={search_term_string}\"},\"query-input\":{\"@type\":\"PropertyValueSpecification\",\"valueRequired\":true,\"valueName\":\"search_term_string\"}}],\"inLanguage\":\"pt-PT\"},{\"@type\":\"Organization\",\"@id\":\"https:\/\/brasilnoticias.org\/site\/#organization\",\"name\":\"Brasil not\u00edcias\",\"url\":\"https:\/\/brasilnoticias.org\/site\/\",\"logo\":{\"@type\":\"ImageObject\",\"inLanguage\":\"pt-PT\",\"@id\":\"https:\/\/brasilnoticias.org\/site\/#\/schema\/logo\/image\/\",\"url\":\"https:\/\/brasilnoticias.org\/site\/wp-content\/uploads\/2022\/05\/cropped-brasilnoticias-mini.jpg\",\"contentUrl\":\"https:\/\/brasilnoticias.org\/site\/wp-content\/uploads\/2022\/05\/cropped-brasilnoticias-mini.jpg\",\"width\":314,\"height\":86,\"caption\":\"Brasil not\u00edcias\"},\"image\":{\"@id\":\"https:\/\/brasilnoticias.org\/site\/#\/schema\/logo\/image\/\"}},{\"@type\":\"Person\",\"@id\":\"https:\/\/brasilnoticias.org\/site\/#\/schema\/person\/a0e05b973ec4d15c658d51911e53507b\",\"name\":\"Reda\u00e7\u00e3o\",\"image\":{\"@type\":\"ImageObject\",\"inLanguage\":\"pt-PT\",\"@id\":\"https:\/\/brasilnoticias.org\/site\/#\/schema\/person\/image\/\",\"url\":\"https:\/\/secure.gravatar.com\/avatar\/75d8b050df2de108b08ae78dfb8e374892df24a383c67db9c46a9c604f6aee9c?s=96&d=mm&r=g\",\"contentUrl\":\"https:\/\/secure.gravatar.com\/avatar\/75d8b050df2de108b08ae78dfb8e374892df24a383c67db9c46a9c604f6aee9c?s=96&d=mm&r=g\",\"caption\":\"Reda\u00e7\u00e3o\"},\"sameAs\":[\"https:\/\/brasilnoticias.org\/site\"],\"url\":\"https:\/\/brasilnoticias.org\/site\/author\/fernandozsngmail-com\/\"}]}<\/script>\n<!-- \/ Yoast SEO plugin. -->","yoast_head_json":{"title":"V\u00cdDEO: Homens armados assaltam pedestre no bairro de S\u00e3o Caetano - Brasil not\u00edcias","robots":{"index":"index","follow":"follow","max-snippet":"max-snippet:-1","max-image-preview":"max-image-preview:large","max-video-preview":"max-video-preview:-1"},"canonical":"https:\/\/brasilnoticias.org\/site\/video-homens-armados-assaltam-pedestre-no-bairro-de-sao-caetano\/","og_locale":"pt_PT","og_type":"article","og_title":"V\u00cdDEO: Homens armados assaltam pedestre no bairro de S\u00e3o Caetano - Brasil not\u00edcias","og_description":"&nbsp; Um homem foi assaltado por homens armados na noite da \u00faltima ter\u00e7a-feira (4)\u00a0no bairro de S\u00e3o Caetano, em Salvador.","og_url":"https:\/\/brasilnoticias.org\/site\/video-homens-armados-assaltam-pedestre-no-bairro-de-sao-caetano\/","og_site_name":"Brasil not\u00edcias","article_published_time":"2022-10-07T00:38:45+00:00","og_image":[{"width":657,"height":431,"url":"https:\/\/brasilnoticias.org\/site\/wp-content\/uploads\/2022\/10\/video-homens-armados-assaltam-pedestre-no-bairro-de-sao-caetano_widelg.jpg","type":"image\/jpeg"}],"author":"Reda\u00e7\u00e3o","twitter_card":"summary_large_image","twitter_misc":{"Escrito por":"Reda\u00e7\u00e3o","Tempo estimado de leitura":"1 minuto"},"schema":{"@context":"https:\/\/schema.org","@graph":[{"@type":"Article","@id":"https:\/\/brasilnoticias.org\/site\/video-homens-armados-assaltam-pedestre-no-bairro-de-sao-caetano\/#article","isPartOf":{"@id":"https:\/\/brasilnoticias.org\/site\/video-homens-armados-assaltam-pedestre-no-bairro-de-sao-caetano\/"},"author":{"name":"Reda\u00e7\u00e3o","@id":"https:\/\/brasilnoticias.org\/site\/#\/schema\/person\/a0e05b973ec4d15c658d51911e53507b"},"headline":"V\u00cdDEO: Homens armados assaltam pedestre no bairro de S\u00e3o Caetano","datePublished":"2022-10-07T00:38:45+00:00","mainEntityOfPage":{"@id":"https:\/\/brasilnoticias.org\/site\/video-homens-armados-assaltam-pedestre-no-bairro-de-sao-caetano\/"},"wordCount":172,"commentCount":0,"publisher":{"@id":"https:\/\/brasilnoticias.org\/site\/#organization"},"image":{"@id":"https:\/\/brasilnoticias.org\/site\/video-homens-armados-assaltam-pedestre-no-bairro-de-sao-caetano\/#primaryimage"},"thumbnailUrl":"https:\/\/brasilnoticias.org\/site\/wp-content\/uploads\/2022\/10\/video-homens-armados-assaltam-pedestre-no-bairro-de-sao-caetano_widelg.jpg","articleSection":["Not\u00edcias","\u00daltimas"],"inLanguage":"pt-PT","potentialAction":[{"@type":"CommentAction","name":"Comment","target":["https:\/\/brasilnoticias.org\/site\/video-homens-armados-assaltam-pedestre-no-bairro-de-sao-caetano\/#respond"]}]},{"@type":"WebPage","@id":"https:\/\/brasilnoticias.org\/site\/video-homens-armados-assaltam-pedestre-no-bairro-de-sao-caetano\/","url":"https:\/\/brasilnoticias.org\/site\/video-homens-armados-assaltam-pedestre-no-bairro-de-sao-caetano\/","name":"V\u00cdDEO: Homens armados assaltam pedestre no bairro de S\u00e3o Caetano - Brasil not\u00edcias","isPartOf":{"@id":"https:\/\/brasilnoticias.org\/site\/#website"},"primaryImageOfPage":{"@id":"https:\/\/brasilnoticias.org\/site\/video-homens-armados-assaltam-pedestre-no-bairro-de-sao-caetano\/#primaryimage"},"image":{"@id":"https:\/\/brasilnoticias.org\/site\/video-homens-armados-assaltam-pedestre-no-bairro-de-sao-caetano\/#primaryimage"},"thumbnailUrl":"https:\/\/brasilnoticias.org\/site\/wp-content\/uploads\/2022\/10\/video-homens-armados-assaltam-pedestre-no-bairro-de-sao-caetano_widelg.jpg","datePublished":"2022-10-07T00:38:45+00:00","breadcrumb":{"@id":"https:\/\/brasilnoticias.org\/site\/video-homens-armados-assaltam-pedestre-no-bairro-de-sao-caetano\/#breadcrumb"},"inLanguage":"pt-PT","potentialAction":[{"@type":"ReadAction","target":["https:\/\/brasilnoticias.org\/site\/video-homens-armados-assaltam-pedestre-no-bairro-de-sao-caetano\/"]}]},{"@type":"ImageObject","inLanguage":"pt-PT","@id":"https:\/\/brasilnoticias.org\/site\/video-homens-armados-assaltam-pedestre-no-bairro-de-sao-caetano\/#primaryimage","url":"https:\/\/brasilnoticias.org\/site\/wp-content\/uploads\/2022\/10\/video-homens-armados-assaltam-pedestre-no-bairro-de-sao-caetano_widelg.jpg","contentUrl":"https:\/\/brasilnoticias.org\/site\/wp-content\/uploads\/2022\/10\/video-homens-armados-assaltam-pedestre-no-bairro-de-sao-caetano_widelg.jpg","width":657,"height":431},{"@type":"BreadcrumbList","@id":"https:\/\/brasilnoticias.org\/site\/video-homens-armados-assaltam-pedestre-no-bairro-de-sao-caetano\/#breadcrumb","itemListElement":[{"@type":"ListItem","position":1,"name":"In\u00edcio","item":"https:\/\/brasilnoticias.org\/site\/"},{"@type":"ListItem","position":2,"name":"V\u00cdDEO: Homens armados assaltam pedestre no bairro de S\u00e3o Caetano"}]},{"@type":"WebSite","@id":"https:\/\/brasilnoticias.org\/site\/#website","url":"https:\/\/brasilnoticias.org\/site\/","name":"Brasil not\u00edcias","description":"Brasil not\u00edcias","publisher":{"@id":"https:\/\/brasilnoticias.org\/site\/#organization"},"potentialAction":[{"@type":"SearchAction","target":{"@type":"EntryPoint","urlTemplate":"https:\/\/brasilnoticias.org\/site\/?s={search_term_string}"},"query-input":{"@type":"PropertyValueSpecification","valueRequired":true,"valueName":"search_term_string"}}],"inLanguage":"pt-PT"},{"@type":"Organization","@id":"https:\/\/brasilnoticias.org\/site\/#organization","name":"Brasil not\u00edcias","url":"https:\/\/brasilnoticias.org\/site\/","logo":{"@type":"ImageObject","inLanguage":"pt-PT","@id":"https:\/\/brasilnoticias.org\/site\/#\/schema\/logo\/image\/","url":"https:\/\/brasilnoticias.org\/site\/wp-content\/uploads\/2022\/05\/cropped-brasilnoticias-mini.jpg","contentUrl":"https:\/\/brasilnoticias.org\/site\/wp-content\/uploads\/2022\/05\/cropped-brasilnoticias-mini.jpg","width":314,"height":86,"caption":"Brasil not\u00edcias"},"image":{"@id":"https:\/\/brasilnoticias.org\/site\/#\/schema\/logo\/image\/"}},{"@type":"Person","@id":"https:\/\/brasilnoticias.org\/site\/#\/schema\/person\/a0e05b973ec4d15c658d51911e53507b","name":"Reda\u00e7\u00e3o","image":{"@type":"ImageObject","inLanguage":"pt-PT","@id":"https:\/\/brasilnoticias.org\/site\/#\/schema\/person\/image\/","url":"https:\/\/secure.gravatar.com\/avatar\/75d8b050df2de108b08ae78dfb8e374892df24a383c67db9c46a9c604f6aee9c?s=96&d=mm&r=g","contentUrl":"https:\/\/secure.gravatar.com\/avatar\/75d8b050df2de108b08ae78dfb8e374892df24a383c67db9c46a9c604f6aee9c?s=96&d=mm&r=g","caption":"Reda\u00e7\u00e3o"},"sameAs":["https:\/\/brasilnoticias.org\/site"],"url":"https:\/\/brasilnoticias.org\/site\/author\/fernandozsngmail-com\/"}]}},"_links":{"self":[{"href":"https:\/\/brasilnoticias.org\/site\/wp-json\/wp\/v2\/posts\/1671","targetHints":{"allow":["GET"]}}],"collection":[{"href":"https:\/\/brasilnoticias.org\/site\/wp-json\/wp\/v2\/posts"}],"about":[{"href":"https:\/\/brasilnoticias.org\/site\/wp-json\/wp\/v2\/types\/post"}],"author":[{"embeddable":true,"href":"https:\/\/brasilnoticias.org\/site\/wp-json\/wp\/v2\/users\/1"}],"replies":[{"embeddable":true,"href":"https:\/\/brasilnoticias.org\/site\/wp-json\/wp\/v2\/comments?post=1671"}],"version-history":[{"count":1,"href":"https:\/\/brasilnoticias.org\/site\/wp-json\/wp\/v2\/posts\/1671\/revisions"}],"predecessor-version":[{"id":1673,"href":"https:\/\/brasilnoticias.org\/site\/wp-json\/wp\/v2\/posts\/1671\/revisions\/1673"}],"wp:featuredmedia":[{"embeddable":true,"href":"https:\/\/brasilnoticias.org\/site\/wp-json\/wp\/v2\/media\/1672"}],"wp:attachment":[{"href":"https:\/\/brasilnoticias.org\/site\/wp-json\/wp\/v2\/media?parent=1671"}],"wp:term":[{"taxonomy":"category","embeddable":true,"href":"https:\/\/brasilnoticias.org\/site\/wp-json\/wp\/v2\/categories?post=1671"},{"taxonomy":"post_tag","embeddable":true,"href":"https:\/\/brasilnoticias.org\/site\/wp-json\/wp\/v2\/tags?post=1671"}],"curies":[{"name":"wp","href":"https:\/\/api.w.org\/{rel}","templated":true}]}}