{"id":16716,"date":"2025-01-31T19:49:39","date_gmt":"2025-01-31T22:49:39","guid":{"rendered":"https:\/\/brasilnoticias.org\/site\/?p=16716"},"modified":"2025-01-31T19:49:39","modified_gmt":"2025-01-31T22:49:39","slug":"rodoviarios-do-sistema-metropolitano-confirmam-greve-a-partir-de-terca","status":"publish","type":"post","link":"https:\/\/brasilnoticias.org\/site\/rodoviarios-do-sistema-metropolitano-confirmam-greve-a-partir-de-terca\/","title":{"rendered":"Rodovi\u00e1rios do sistema metropolitano confirmam greve a partir de ter\u00e7a"},"content":{"rendered":"<p>Os rodovi\u00e1rios do sistema de transporte metropolitano de Salvador decidiram manter a greve marcada para a pr\u00f3xima ter\u00e7a-feira, 4, ap\u00f3s mais uma rodada de negocia\u00e7\u00e3o frustrada com os empres\u00e1rios do setor. A categoria tamb\u00e9m realizar\u00e1 uma assembleia de prepara\u00e7\u00e3o para a paralisa\u00e7\u00e3o na segunda-feira, 3, \u00e0s 15h, na Esta\u00e7\u00e3o Aeroporto.<\/p>\n<p>Na reuni\u00e3o desta sexta-feira, 31, que durou tr\u00eas horas e ocorreu na sede da Associa\u00e7\u00e3o das Empresas de Transporte Metropolitano (ABEMTRO), os trabalhadores reduziram suas reivindica\u00e7\u00f5es, mas n\u00e3o receberam nenhuma contraproposta. O Sindicato dos Metrovi\u00e1rios (SINDMETRO) ajustou a solicita\u00e7\u00e3o de reajuste salarial de 11% para 10% e a do vale-alimenta\u00e7\u00e3o de 20% para 15%, mantendo as demais cl\u00e1usulas da pauta apresentada em outubro. No entanto, os empres\u00e1rios recusaram as condi\u00e7\u00f5es.<\/p>\n<p>Informa\u00e7\u00f5es do jornal A Tarde \/ Foto: Reprodu\u00e7\u00e3o\/TV Bahia<\/p>\n","protected":false},"excerpt":{"rendered":"<p>Os rodovi\u00e1rios do sistema de transporte metropolitano de Salvador decidiram manter a greve marcada para a pr\u00f3xima ter\u00e7a-feira, 4, ap\u00f3s<\/p>\n","protected":false},"author":4,"featured_media":16717,"comment_status":"open","ping_status":"open","sticky":false,"template":"","format":"standard","meta":{"colormag_page_container_layout":"default_layout","colormag_page_sidebar_layout":"default_layout","_FSMCFIC_featured_image_caption":"","_FSMCFIC_featured_image_nocaption":"","_FSMCFIC_featured_image_hide":"","footnotes":""},"categories":[2,1],"tags":[],"class_list":["post-16716","post","type-post","status-publish","format-standard","has-post-thumbnail","hentry","category-noticias","category-ultimas"],"yoast_head":"<!-- This site is optimized with the Yoast SEO plugin v27.1.1 - https:\/\/yoast.com\/product\/yoast-seo-wordpress\/ -->\n<title>Rodovi\u00e1rios do sistema metropolitano confirmam greve a partir de ter\u00e7a - Brasil not\u00edcias<\/title>\n<meta name=\"robots\" content=\"index, follow, max-snippet:-1, max-image-preview:large, max-video-preview:-1\" \/>\n<link rel=\"canonical\" href=\"https:\/\/brasilnoticias.org\/site\/rodoviarios-do-sistema-metropolitano-confirmam-greve-a-partir-de-terca\/\" \/>\n<meta property=\"og:locale\" content=\"pt_PT\" \/>\n<meta property=\"og:type\" content=\"article\" \/>\n<meta property=\"og:title\" content=\"Rodovi\u00e1rios do sistema metropolitano confirmam greve a partir de ter\u00e7a - Brasil not\u00edcias\" \/>\n<meta property=\"og:description\" content=\"Os rodovi\u00e1rios do sistema de transporte metropolitano de Salvador decidiram manter a greve marcada para a pr\u00f3xima ter\u00e7a-feira, 4, ap\u00f3s\" \/>\n<meta property=\"og:url\" content=\"https:\/\/brasilnoticias.org\/site\/rodoviarios-do-sistema-metropolitano-confirmam-greve-a-partir-de-terca\/\" \/>\n<meta property=\"og:site_name\" content=\"Brasil not\u00edcias\" \/>\n<meta property=\"article:published_time\" content=\"2025-01-31T22:49:39+00:00\" \/>\n<meta property=\"og:image\" content=\"https:\/\/brasilnoticias.org\/site\/wp-content\/uploads\/2025\/01\/IMAGEM_NOTICIA_0-2-2.jpg\" \/>\n\t<meta property=\"og:image:width\" content=\"850\" \/>\n\t<meta property=\"og:image:height\" content=\"400\" \/>\n\t<meta property=\"og:image:type\" content=\"image\/jpeg\" \/>\n<meta name=\"author\" content=\"Reda\u00e7\u00e3o\" \/>\n<meta name=\"twitter:card\" content=\"summary_large_image\" \/>\n<meta name=\"twitter:label1\" content=\"Escrito por\" \/>\n\t<meta name=\"twitter:data1\" content=\"Reda\u00e7\u00e3o\" \/>\n\t<meta name=\"twitter:label2\" content=\"Tempo estimado de leitura\" \/>\n\t<meta name=\"twitter:data2\" content=\"1 minuto\" \/>\n<script type=\"application\/ld+json\" class=\"yoast-schema-graph\">{\"@context\":\"https:\/\/schema.org\",\"@graph\":[{\"@type\":\"Article\",\"@id\":\"https:\/\/brasilnoticias.org\/site\/rodoviarios-do-sistema-metropolitano-confirmam-greve-a-partir-de-terca\/#article\",\"isPartOf\":{\"@id\":\"https:\/\/brasilnoticias.org\/site\/rodoviarios-do-sistema-metropolitano-confirmam-greve-a-partir-de-terca\/\"},\"author\":{\"name\":\"Reda\u00e7\u00e3o\",\"@id\":\"https:\/\/brasilnoticias.org\/site\/#\/schema\/person\/03bbbfe6c7634ad18c26444ea39049fa\"},\"headline\":\"Rodovi\u00e1rios do sistema metropolitano confirmam greve a partir de ter\u00e7a\",\"datePublished\":\"2025-01-31T22:49:39+00:00\",\"mainEntityOfPage\":{\"@id\":\"https:\/\/brasilnoticias.org\/site\/rodoviarios-do-sistema-metropolitano-confirmam-greve-a-partir-de-terca\/\"},\"wordCount\":157,\"commentCount\":0,\"publisher\":{\"@id\":\"https:\/\/brasilnoticias.org\/site\/#organization\"},\"image\":{\"@id\":\"https:\/\/brasilnoticias.org\/site\/rodoviarios-do-sistema-metropolitano-confirmam-greve-a-partir-de-terca\/#primaryimage\"},\"thumbnailUrl\":\"https:\/\/brasilnoticias.org\/site\/wp-content\/uploads\/2025\/01\/IMAGEM_NOTICIA_0-2-2.jpg\",\"articleSection\":[\"Not\u00edcias\",\"\u00daltimas\"],\"inLanguage\":\"pt-PT\",\"potentialAction\":[{\"@type\":\"CommentAction\",\"name\":\"Comment\",\"target\":[\"https:\/\/brasilnoticias.org\/site\/rodoviarios-do-sistema-metropolitano-confirmam-greve-a-partir-de-terca\/#respond\"]}]},{\"@type\":\"WebPage\",\"@id\":\"https:\/\/brasilnoticias.org\/site\/rodoviarios-do-sistema-metropolitano-confirmam-greve-a-partir-de-terca\/\",\"url\":\"https:\/\/brasilnoticias.org\/site\/rodoviarios-do-sistema-metropolitano-confirmam-greve-a-partir-de-terca\/\",\"name\":\"Rodovi\u00e1rios do sistema metropolitano confirmam greve a partir de ter\u00e7a - Brasil not\u00edcias\",\"isPartOf\":{\"@id\":\"https:\/\/brasilnoticias.org\/site\/#website\"},\"primaryImageOfPage\":{\"@id\":\"https:\/\/brasilnoticias.org\/site\/rodoviarios-do-sistema-metropolitano-confirmam-greve-a-partir-de-terca\/#primaryimage\"},\"image\":{\"@id\":\"https:\/\/brasilnoticias.org\/site\/rodoviarios-do-sistema-metropolitano-confirmam-greve-a-partir-de-terca\/#primaryimage\"},\"thumbnailUrl\":\"https:\/\/brasilnoticias.org\/site\/wp-content\/uploads\/2025\/01\/IMAGEM_NOTICIA_0-2-2.jpg\",\"datePublished\":\"2025-01-31T22:49:39+00:00\",\"breadcrumb\":{\"@id\":\"https:\/\/brasilnoticias.org\/site\/rodoviarios-do-sistema-metropolitano-confirmam-greve-a-partir-de-terca\/#breadcrumb\"},\"inLanguage\":\"pt-PT\",\"potentialAction\":[{\"@type\":\"ReadAction\",\"target\":[\"https:\/\/brasilnoticias.org\/site\/rodoviarios-do-sistema-metropolitano-confirmam-greve-a-partir-de-terca\/\"]}]},{\"@type\":\"ImageObject\",\"inLanguage\":\"pt-PT\",\"@id\":\"https:\/\/brasilnoticias.org\/site\/rodoviarios-do-sistema-metropolitano-confirmam-greve-a-partir-de-terca\/#primaryimage\",\"url\":\"https:\/\/brasilnoticias.org\/site\/wp-content\/uploads\/2025\/01\/IMAGEM_NOTICIA_0-2-2.jpg\",\"contentUrl\":\"https:\/\/brasilnoticias.org\/site\/wp-content\/uploads\/2025\/01\/IMAGEM_NOTICIA_0-2-2.jpg\",\"width\":850,\"height\":400},{\"@type\":\"BreadcrumbList\",\"@id\":\"https:\/\/brasilnoticias.org\/site\/rodoviarios-do-sistema-metropolitano-confirmam-greve-a-partir-de-terca\/#breadcrumb\",\"itemListElement\":[{\"@type\":\"ListItem\",\"position\":1,\"name\":\"In\u00edcio\",\"item\":\"https:\/\/brasilnoticias.org\/site\/\"},{\"@type\":\"ListItem\",\"position\":2,\"name\":\"Rodovi\u00e1rios do sistema metropolitano confirmam greve a partir de ter\u00e7a\"}]},{\"@type\":\"WebSite\",\"@id\":\"https:\/\/brasilnoticias.org\/site\/#website\",\"url\":\"https:\/\/brasilnoticias.org\/site\/\",\"name\":\"Brasil not\u00edcias\",\"description\":\"Brasil not\u00edcias\",\"publisher\":{\"@id\":\"https:\/\/brasilnoticias.org\/site\/#organization\"},\"potentialAction\":[{\"@type\":\"SearchAction\",\"target\":{\"@type\":\"EntryPoint\",\"urlTemplate\":\"https:\/\/brasilnoticias.org\/site\/?s={search_term_string}\"},\"query-input\":{\"@type\":\"PropertyValueSpecification\",\"valueRequired\":true,\"valueName\":\"search_term_string\"}}],\"inLanguage\":\"pt-PT\"},{\"@type\":\"Organization\",\"@id\":\"https:\/\/brasilnoticias.org\/site\/#organization\",\"name\":\"Brasil not\u00edcias\",\"url\":\"https:\/\/brasilnoticias.org\/site\/\",\"logo\":{\"@type\":\"ImageObject\",\"inLanguage\":\"pt-PT\",\"@id\":\"https:\/\/brasilnoticias.org\/site\/#\/schema\/logo\/image\/\",\"url\":\"https:\/\/brasilnoticias.org\/site\/wp-content\/uploads\/2022\/05\/cropped-brasilnoticias-mini.jpg\",\"contentUrl\":\"https:\/\/brasilnoticias.org\/site\/wp-content\/uploads\/2022\/05\/cropped-brasilnoticias-mini.jpg\",\"width\":314,\"height\":86,\"caption\":\"Brasil not\u00edcias\"},\"image\":{\"@id\":\"https:\/\/brasilnoticias.org\/site\/#\/schema\/logo\/image\/\"}},{\"@type\":\"Person\",\"@id\":\"https:\/\/brasilnoticias.org\/site\/#\/schema\/person\/03bbbfe6c7634ad18c26444ea39049fa\",\"name\":\"Reda\u00e7\u00e3o\",\"image\":{\"@type\":\"ImageObject\",\"inLanguage\":\"pt-PT\",\"@id\":\"https:\/\/brasilnoticias.org\/site\/#\/schema\/person\/image\/\",\"url\":\"https:\/\/secure.gravatar.com\/avatar\/9ecaf7327a696cb23ad926fedded5f1f04d7049de9e445375d55b48c001a6e42?s=96&d=mm&r=g\",\"contentUrl\":\"https:\/\/secure.gravatar.com\/avatar\/9ecaf7327a696cb23ad926fedded5f1f04d7049de9e445375d55b48c001a6e42?s=96&d=mm&r=g\",\"caption\":\"Reda\u00e7\u00e3o\"},\"url\":\"https:\/\/brasilnoticias.org\/site\/author\/henrique\/\"}]}<\/script>\n<!-- \/ Yoast SEO plugin. -->","yoast_head_json":{"title":"Rodovi\u00e1rios do sistema metropolitano confirmam greve a partir de ter\u00e7a - Brasil not\u00edcias","robots":{"index":"index","follow":"follow","max-snippet":"max-snippet:-1","max-image-preview":"max-image-preview:large","max-video-preview":"max-video-preview:-1"},"canonical":"https:\/\/brasilnoticias.org\/site\/rodoviarios-do-sistema-metropolitano-confirmam-greve-a-partir-de-terca\/","og_locale":"pt_PT","og_type":"article","og_title":"Rodovi\u00e1rios do sistema metropolitano confirmam greve a partir de ter\u00e7a - Brasil not\u00edcias","og_description":"Os rodovi\u00e1rios do sistema de transporte metropolitano de Salvador decidiram manter a greve marcada para a pr\u00f3xima ter\u00e7a-feira, 4, ap\u00f3s","og_url":"https:\/\/brasilnoticias.org\/site\/rodoviarios-do-sistema-metropolitano-confirmam-greve-a-partir-de-terca\/","og_site_name":"Brasil not\u00edcias","article_published_time":"2025-01-31T22:49:39+00:00","og_image":[{"width":850,"height":400,"url":"https:\/\/brasilnoticias.org\/site\/wp-content\/uploads\/2025\/01\/IMAGEM_NOTICIA_0-2-2.jpg","type":"image\/jpeg"}],"author":"Reda\u00e7\u00e3o","twitter_card":"summary_large_image","twitter_misc":{"Escrito por":"Reda\u00e7\u00e3o","Tempo estimado de leitura":"1 minuto"},"schema":{"@context":"https:\/\/schema.org","@graph":[{"@type":"Article","@id":"https:\/\/brasilnoticias.org\/site\/rodoviarios-do-sistema-metropolitano-confirmam-greve-a-partir-de-terca\/#article","isPartOf":{"@id":"https:\/\/brasilnoticias.org\/site\/rodoviarios-do-sistema-metropolitano-confirmam-greve-a-partir-de-terca\/"},"author":{"name":"Reda\u00e7\u00e3o","@id":"https:\/\/brasilnoticias.org\/site\/#\/schema\/person\/03bbbfe6c7634ad18c26444ea39049fa"},"headline":"Rodovi\u00e1rios do sistema metropolitano confirmam greve a partir de ter\u00e7a","datePublished":"2025-01-31T22:49:39+00:00","mainEntityOfPage":{"@id":"https:\/\/brasilnoticias.org\/site\/rodoviarios-do-sistema-metropolitano-confirmam-greve-a-partir-de-terca\/"},"wordCount":157,"commentCount":0,"publisher":{"@id":"https:\/\/brasilnoticias.org\/site\/#organization"},"image":{"@id":"https:\/\/brasilnoticias.org\/site\/rodoviarios-do-sistema-metropolitano-confirmam-greve-a-partir-de-terca\/#primaryimage"},"thumbnailUrl":"https:\/\/brasilnoticias.org\/site\/wp-content\/uploads\/2025\/01\/IMAGEM_NOTICIA_0-2-2.jpg","articleSection":["Not\u00edcias","\u00daltimas"],"inLanguage":"pt-PT","potentialAction":[{"@type":"CommentAction","name":"Comment","target":["https:\/\/brasilnoticias.org\/site\/rodoviarios-do-sistema-metropolitano-confirmam-greve-a-partir-de-terca\/#respond"]}]},{"@type":"WebPage","@id":"https:\/\/brasilnoticias.org\/site\/rodoviarios-do-sistema-metropolitano-confirmam-greve-a-partir-de-terca\/","url":"https:\/\/brasilnoticias.org\/site\/rodoviarios-do-sistema-metropolitano-confirmam-greve-a-partir-de-terca\/","name":"Rodovi\u00e1rios do sistema metropolitano confirmam greve a partir de ter\u00e7a - Brasil not\u00edcias","isPartOf":{"@id":"https:\/\/brasilnoticias.org\/site\/#website"},"primaryImageOfPage":{"@id":"https:\/\/brasilnoticias.org\/site\/rodoviarios-do-sistema-metropolitano-confirmam-greve-a-partir-de-terca\/#primaryimage"},"image":{"@id":"https:\/\/brasilnoticias.org\/site\/rodoviarios-do-sistema-metropolitano-confirmam-greve-a-partir-de-terca\/#primaryimage"},"thumbnailUrl":"https:\/\/brasilnoticias.org\/site\/wp-content\/uploads\/2025\/01\/IMAGEM_NOTICIA_0-2-2.jpg","datePublished":"2025-01-31T22:49:39+00:00","breadcrumb":{"@id":"https:\/\/brasilnoticias.org\/site\/rodoviarios-do-sistema-metropolitano-confirmam-greve-a-partir-de-terca\/#breadcrumb"},"inLanguage":"pt-PT","potentialAction":[{"@type":"ReadAction","target":["https:\/\/brasilnoticias.org\/site\/rodoviarios-do-sistema-metropolitano-confirmam-greve-a-partir-de-terca\/"]}]},{"@type":"ImageObject","inLanguage":"pt-PT","@id":"https:\/\/brasilnoticias.org\/site\/rodoviarios-do-sistema-metropolitano-confirmam-greve-a-partir-de-terca\/#primaryimage","url":"https:\/\/brasilnoticias.org\/site\/wp-content\/uploads\/2025\/01\/IMAGEM_NOTICIA_0-2-2.jpg","contentUrl":"https:\/\/brasilnoticias.org\/site\/wp-content\/uploads\/2025\/01\/IMAGEM_NOTICIA_0-2-2.jpg","width":850,"height":400},{"@type":"BreadcrumbList","@id":"https:\/\/brasilnoticias.org\/site\/rodoviarios-do-sistema-metropolitano-confirmam-greve-a-partir-de-terca\/#breadcrumb","itemListElement":[{"@type":"ListItem","position":1,"name":"In\u00edcio","item":"https:\/\/brasilnoticias.org\/site\/"},{"@type":"ListItem","position":2,"name":"Rodovi\u00e1rios do sistema metropolitano confirmam greve a partir de ter\u00e7a"}]},{"@type":"WebSite","@id":"https:\/\/brasilnoticias.org\/site\/#website","url":"https:\/\/brasilnoticias.org\/site\/","name":"Brasil not\u00edcias","description":"Brasil not\u00edcias","publisher":{"@id":"https:\/\/brasilnoticias.org\/site\/#organization"},"potentialAction":[{"@type":"SearchAction","target":{"@type":"EntryPoint","urlTemplate":"https:\/\/brasilnoticias.org\/site\/?s={search_term_string}"},"query-input":{"@type":"PropertyValueSpecification","valueRequired":true,"valueName":"search_term_string"}}],"inLanguage":"pt-PT"},{"@type":"Organization","@id":"https:\/\/brasilnoticias.org\/site\/#organization","name":"Brasil not\u00edcias","url":"https:\/\/brasilnoticias.org\/site\/","logo":{"@type":"ImageObject","inLanguage":"pt-PT","@id":"https:\/\/brasilnoticias.org\/site\/#\/schema\/logo\/image\/","url":"https:\/\/brasilnoticias.org\/site\/wp-content\/uploads\/2022\/05\/cropped-brasilnoticias-mini.jpg","contentUrl":"https:\/\/brasilnoticias.org\/site\/wp-content\/uploads\/2022\/05\/cropped-brasilnoticias-mini.jpg","width":314,"height":86,"caption":"Brasil not\u00edcias"},"image":{"@id":"https:\/\/brasilnoticias.org\/site\/#\/schema\/logo\/image\/"}},{"@type":"Person","@id":"https:\/\/brasilnoticias.org\/site\/#\/schema\/person\/03bbbfe6c7634ad18c26444ea39049fa","name":"Reda\u00e7\u00e3o","image":{"@type":"ImageObject","inLanguage":"pt-PT","@id":"https:\/\/brasilnoticias.org\/site\/#\/schema\/person\/image\/","url":"https:\/\/secure.gravatar.com\/avatar\/9ecaf7327a696cb23ad926fedded5f1f04d7049de9e445375d55b48c001a6e42?s=96&d=mm&r=g","contentUrl":"https:\/\/secure.gravatar.com\/avatar\/9ecaf7327a696cb23ad926fedded5f1f04d7049de9e445375d55b48c001a6e42?s=96&d=mm&r=g","caption":"Reda\u00e7\u00e3o"},"url":"https:\/\/brasilnoticias.org\/site\/author\/henrique\/"}]}},"_links":{"self":[{"href":"https:\/\/brasilnoticias.org\/site\/wp-json\/wp\/v2\/posts\/16716","targetHints":{"allow":["GET"]}}],"collection":[{"href":"https:\/\/brasilnoticias.org\/site\/wp-json\/wp\/v2\/posts"}],"about":[{"href":"https:\/\/brasilnoticias.org\/site\/wp-json\/wp\/v2\/types\/post"}],"author":[{"embeddable":true,"href":"https:\/\/brasilnoticias.org\/site\/wp-json\/wp\/v2\/users\/4"}],"replies":[{"embeddable":true,"href":"https:\/\/brasilnoticias.org\/site\/wp-json\/wp\/v2\/comments?post=16716"}],"version-history":[{"count":1,"href":"https:\/\/brasilnoticias.org\/site\/wp-json\/wp\/v2\/posts\/16716\/revisions"}],"predecessor-version":[{"id":16718,"href":"https:\/\/brasilnoticias.org\/site\/wp-json\/wp\/v2\/posts\/16716\/revisions\/16718"}],"wp:featuredmedia":[{"embeddable":true,"href":"https:\/\/brasilnoticias.org\/site\/wp-json\/wp\/v2\/media\/16717"}],"wp:attachment":[{"href":"https:\/\/brasilnoticias.org\/site\/wp-json\/wp\/v2\/media?parent=16716"}],"wp:term":[{"taxonomy":"category","embeddable":true,"href":"https:\/\/brasilnoticias.org\/site\/wp-json\/wp\/v2\/categories?post=16716"},{"taxonomy":"post_tag","embeddable":true,"href":"https:\/\/brasilnoticias.org\/site\/wp-json\/wp\/v2\/tags?post=16716"}],"curies":[{"name":"wp","href":"https:\/\/api.w.org\/{rel}","templated":true}]}}