{"id":16789,"date":"2025-02-12T20:40:22","date_gmt":"2025-02-12T23:40:22","guid":{"rendered":"https:\/\/brasilnoticias.org\/site\/?p=16789"},"modified":"2025-02-12T20:40:22","modified_gmt":"2025-02-12T23:40:22","slug":"com-investimento-de-r2-milhoes-prefeitura-entrega-obra-de-contencao-de-encosta-na-federacao","status":"publish","type":"post","link":"https:\/\/brasilnoticias.org\/site\/com-investimento-de-r2-milhoes-prefeitura-entrega-obra-de-contencao-de-encosta-na-federacao\/","title":{"rendered":"Com investimento de R$2 milh\u00f5es, Prefeitura entrega obra de conten\u00e7\u00e3o de encosta na Federa\u00e7\u00e3o"},"content":{"rendered":"<p>A Prefeitura de Salvador entregou mais uma conten\u00e7\u00e3o de encostas nesta quarta-feira (12), desta vez na Rua Ferreira Santos, na Federa\u00e7\u00e3o. Com um investimento municipal de quase R$2 milh\u00f5es, a obra protegeu uma \u00e1rea de risco de 390 metros quadrados e foi inaugurada pelo prefeito Bruno Reis para trazer mais seguran\u00e7a e qualidade de vida aos moradores de toda aquela regi\u00e3o.<\/p>\n<p>Com mais esta entrega, a capital baiana chegou a 549 \u00e1reas de risco protegidas nos \u00faltimos 10 anos, entre 231 conten\u00e7\u00f5es de encostas e 318 geomantas. Essa \u00e9 a 134\u00aa conten\u00e7\u00e3o de encosta inaugurada desde 2021, num investimento somado de R$136 milh\u00f5es. Levando em conta todo o per\u00edodo, a Prefeitura de Salvador j\u00e1 investiu quase R$250 milh\u00f5es em prote\u00e7\u00e3o de \u00e1reas de risco.<\/p>\n<p>\u201cNunca se entregou tantas obras de prote\u00e7\u00e3o de \u00e1reas de risco na hist\u00f3ria dessa cidade. O nosso trabalho de enfrentamento \u00e0s chuvas \u00e9 permanente, ocorre ao longo dos 365 dias do ano. A gente n\u00e3o para de investir na prote\u00e7\u00e3o dessas \u00e1reas e, a cada ano, vai investindo mais recursos para ter uma cidade mais resiliente e mais resistente para enfrentar o per\u00edodo das chuvas\u201d, afirmou Bruno Reis em discurso na Federa\u00e7\u00e3o.<\/p>\n<p>O prefeito destacou que outras 25 obras est\u00e3o em execu\u00e7\u00e3o em diversos pontos da cidade e 44 est\u00e3o com projetos prontos para serem executados, somando R$100 milh\u00f5es em investimentos. \u201cAs chuvas, infelizmente, t\u00eam vindo numa intensidade cada vez maior, pois as mudan\u00e7as t\u00eam provocado fen\u00f4menos clim\u00e1ticos cada vez mais intensos. Por\u00e9m, n\u00f3s j\u00e1 estamos trabalhando, nos antecipando, limpando canais e redes de drenagem, fazendo podas das \u00e1rvores e acelerando a constru\u00e7\u00e3o de obras em \u00e1reas de risco\u201d, completou.<\/p>\n<p>A conten\u00e7\u00e3o da Rua Ferreira Santos foi feita com cortina atirantada e conta ainda com rede de drenagem pluvial e revestimento vegetal. Bruno Reis disse que a obra vai al\u00e9m de uma prote\u00e7\u00e3o de \u00e1rea de risco: \u201cNesta encosta passa uma grande adutora da Embasa, que agora passa a estar protegida, pois havia riscos de rompimento\u201d, disse.<\/p>\n<p>\u201cTamb\u00e9m garante a mobilidade, porque a Rua Ferreira Santos \u00e9 uma via por onde muitas pessoas que v\u00eam da Pra\u00e7a Lord Cochrane precisam passar para acessarem a Federa\u00e7\u00e3o. E, sobretudo, esta \u00e9 uma grande obra porque evita trag\u00e9dias, protege as fam\u00edlias que vivem aqui e agora poder\u00e3o ter uma noite de sono de paz\u2019, completou o prefeito.<\/p>\n<p>O comerciante Nilo Jos\u00e9 Alves de Almeida, de 62 anos, tem o seu neg\u00f3cio bem abaixo da encosta, e falou do seu al\u00edvio ap\u00f3s a obra. \u201cPara mim, essa entrega \u00e9 excelente, pois o local estava prestes a desabar. Uma vez, inclusive, devido a um problema com a Embasa, a \u00e1gua jorrou por aqui, o que deixou a situa\u00e7\u00e3o muito perigosa. Trabalho aqui h\u00e1 oito anos e tamb\u00e9m moro aqui, ent\u00e3o acredito que essa entrega trar\u00e1 mudan\u00e7as significativas para a regi\u00e3o\u201d, afirmou o morador.<\/p>\n<p>O barbeiro Edcarlos Pinheiro, de 38 anos, \u00e9 outro comerciante que tem o seu ponto logo abaixo da encosta. \u201cTrabalho aqui h\u00e1 mais de 10 anos e moro na regi\u00e3o. Essa entrega da prefeitura vai mudar muito a vida de n\u00f3s moradores, pois aquele local estava prestes a desabar. Se isso acontecesse, muitas moradias seriam afetadas, deixando muitas pessoas desabrigadas, o que seria um grande transtorno \u2013 at\u00e9 para mim, que tenho um com\u00e9rcio aqui. Essa interven\u00e7\u00e3o veio para melhorar a nossa situa\u00e7\u00e3o\u201d, afirmou.<\/p>\n<p>Investimento &#8211; O titular da Secretaria de Infraestrutura e Obras P\u00fablicas, Francisco Torre\u00e3o, disse que a prefeitura segue mapeando as \u00e1reas de risco da cidade para futuras obras. \u201cEm conjunto com a Codesal e com a Sucop, a gente tem outras demandas j\u00e1 mapeadas que v\u00e3o ser levadas para elaborar projetos. Realmente, \u00e9 um trabalho que ele n\u00e3o cessa. \u00c9 um ano inteiro fazendo esse ciclo de monitoramento, elabora\u00e7\u00e3o de projetos e execu\u00e7\u00e3o de obras. Quanto uma termina, come\u00e7a a outra, \u00e9 um ciclo que n\u00e3o cessa\u201d, disse.<\/p>\n<p>O diretor-geral da Defesa Civil de Salvador (Codesal), Sosthenes Mac\u00eado, falou sobre os benef\u00edcios da obra al\u00e9m da prote\u00e7\u00e3o das fam\u00edlias: \u201cPor aqui passam adutoras da Embasa, ent\u00e3o se viesse a colapsar a encosta, obviamente que a pr\u00f3pria estrutura da adutora tamb\u00e9m poderia ser danificada, trazendo riscos aos moradores da regi\u00e3o. S\u00e3o dezenas, centenas de casas na cota superior, ent\u00e3o a gente veio aqui, fez a vistoria, despachou com o prefeito, ele autorizou a obra e agora temos essa entrega\u201d, afirmou.<\/p>\n<p>Foto: Betto Jr. \/ Secom PMS<\/p>\n","protected":false},"excerpt":{"rendered":"<p>A Prefeitura de Salvador entregou mais uma conten\u00e7\u00e3o de encostas nesta quarta-feira (12), desta vez na Rua Ferreira Santos, na<\/p>\n","protected":false},"author":4,"featured_media":16790,"comment_status":"open","ping_status":"open","sticky":false,"template":"","format":"standard","meta":{"colormag_page_container_layout":"default_layout","colormag_page_sidebar_layout":"default_layout","_FSMCFIC_featured_image_caption":"","_FSMCFIC_featured_image_nocaption":"","_FSMCFIC_featured_image_hide":"","footnotes":""},"categories":[2,1],"tags":[],"class_list":["post-16789","post","type-post","status-publish","format-standard","has-post-thumbnail","hentry","category-noticias","category-ultimas"],"yoast_head":"<!-- This site is optimized with the Yoast SEO plugin v27.1.1 - https:\/\/yoast.com\/product\/yoast-seo-wordpress\/ -->\n<title>Com investimento de R$2 milh\u00f5es, Prefeitura entrega obra de conten\u00e7\u00e3o de encosta na Federa\u00e7\u00e3o - Brasil not\u00edcias<\/title>\n<meta name=\"robots\" content=\"index, follow, max-snippet:-1, max-image-preview:large, max-video-preview:-1\" \/>\n<link rel=\"canonical\" href=\"https:\/\/brasilnoticias.org\/site\/com-investimento-de-r2-milhoes-prefeitura-entrega-obra-de-contencao-de-encosta-na-federacao\/\" \/>\n<meta property=\"og:locale\" content=\"pt_PT\" \/>\n<meta property=\"og:type\" content=\"article\" \/>\n<meta property=\"og:title\" content=\"Com investimento de R$2 milh\u00f5es, Prefeitura entrega obra de conten\u00e7\u00e3o de encosta na Federa\u00e7\u00e3o - Brasil not\u00edcias\" \/>\n<meta property=\"og:description\" content=\"A Prefeitura de Salvador entregou mais uma conten\u00e7\u00e3o de encostas nesta quarta-feira (12), desta vez na Rua Ferreira Santos, na\" \/>\n<meta property=\"og:url\" content=\"https:\/\/brasilnoticias.org\/site\/com-investimento-de-r2-milhoes-prefeitura-entrega-obra-de-contencao-de-encosta-na-federacao\/\" \/>\n<meta property=\"og:site_name\" content=\"Brasil not\u00edcias\" \/>\n<meta property=\"article:published_time\" content=\"2025-02-12T23:40:22+00:00\" \/>\n<meta property=\"og:image\" content=\"https:\/\/brasilnoticias.org\/site\/wp-content\/uploads\/2025\/02\/IMAGEM_NOTICIA_1-1.jpg\" \/>\n\t<meta property=\"og:image:width\" content=\"600\" \/>\n\t<meta property=\"og:image:height\" content=\"430\" \/>\n\t<meta property=\"og:image:type\" content=\"image\/jpeg\" \/>\n<meta name=\"author\" content=\"Reda\u00e7\u00e3o\" \/>\n<meta name=\"twitter:card\" content=\"summary_large_image\" \/>\n<meta name=\"twitter:label1\" content=\"Escrito por\" \/>\n\t<meta name=\"twitter:data1\" content=\"Reda\u00e7\u00e3o\" \/>\n<script type=\"application\/ld+json\" class=\"yoast-schema-graph\">{\"@context\":\"https:\/\/schema.org\",\"@graph\":[{\"@type\":\"Article\",\"@id\":\"https:\/\/brasilnoticias.org\/site\/com-investimento-de-r2-milhoes-prefeitura-entrega-obra-de-contencao-de-encosta-na-federacao\/#article\",\"isPartOf\":{\"@id\":\"https:\/\/brasilnoticias.org\/site\/com-investimento-de-r2-milhoes-prefeitura-entrega-obra-de-contencao-de-encosta-na-federacao\/\"},\"author\":{\"name\":\"Reda\u00e7\u00e3o\",\"@id\":\"https:\/\/brasilnoticias.org\/site\/#\/schema\/person\/03bbbfe6c7634ad18c26444ea39049fa\"},\"headline\":\"Com investimento de R$2 milh\u00f5es, Prefeitura entrega obra de conten\u00e7\u00e3o de encosta na Federa\u00e7\u00e3o\",\"datePublished\":\"2025-02-12T23:40:22+00:00\",\"mainEntityOfPage\":{\"@id\":\"https:\/\/brasilnoticias.org\/site\/com-investimento-de-r2-milhoes-prefeitura-entrega-obra-de-contencao-de-encosta-na-federacao\/\"},\"wordCount\":794,\"commentCount\":0,\"publisher\":{\"@id\":\"https:\/\/brasilnoticias.org\/site\/#organization\"},\"image\":{\"@id\":\"https:\/\/brasilnoticias.org\/site\/com-investimento-de-r2-milhoes-prefeitura-entrega-obra-de-contencao-de-encosta-na-federacao\/#primaryimage\"},\"thumbnailUrl\":\"https:\/\/brasilnoticias.org\/site\/wp-content\/uploads\/2025\/02\/IMAGEM_NOTICIA_1-1.jpg\",\"articleSection\":[\"Not\u00edcias\",\"\u00daltimas\"],\"inLanguage\":\"pt-PT\",\"potentialAction\":[{\"@type\":\"CommentAction\",\"name\":\"Comment\",\"target\":[\"https:\/\/brasilnoticias.org\/site\/com-investimento-de-r2-milhoes-prefeitura-entrega-obra-de-contencao-de-encosta-na-federacao\/#respond\"]}]},{\"@type\":\"WebPage\",\"@id\":\"https:\/\/brasilnoticias.org\/site\/com-investimento-de-r2-milhoes-prefeitura-entrega-obra-de-contencao-de-encosta-na-federacao\/\",\"url\":\"https:\/\/brasilnoticias.org\/site\/com-investimento-de-r2-milhoes-prefeitura-entrega-obra-de-contencao-de-encosta-na-federacao\/\",\"name\":\"Com investimento de R$2 milh\u00f5es, Prefeitura entrega obra de conten\u00e7\u00e3o de encosta na Federa\u00e7\u00e3o - Brasil not\u00edcias\",\"isPartOf\":{\"@id\":\"https:\/\/brasilnoticias.org\/site\/#website\"},\"primaryImageOfPage\":{\"@id\":\"https:\/\/brasilnoticias.org\/site\/com-investimento-de-r2-milhoes-prefeitura-entrega-obra-de-contencao-de-encosta-na-federacao\/#primaryimage\"},\"image\":{\"@id\":\"https:\/\/brasilnoticias.org\/site\/com-investimento-de-r2-milhoes-prefeitura-entrega-obra-de-contencao-de-encosta-na-federacao\/#primaryimage\"},\"thumbnailUrl\":\"https:\/\/brasilnoticias.org\/site\/wp-content\/uploads\/2025\/02\/IMAGEM_NOTICIA_1-1.jpg\",\"datePublished\":\"2025-02-12T23:40:22+00:00\",\"breadcrumb\":{\"@id\":\"https:\/\/brasilnoticias.org\/site\/com-investimento-de-r2-milhoes-prefeitura-entrega-obra-de-contencao-de-encosta-na-federacao\/#breadcrumb\"},\"inLanguage\":\"pt-PT\",\"potentialAction\":[{\"@type\":\"ReadAction\",\"target\":[\"https:\/\/brasilnoticias.org\/site\/com-investimento-de-r2-milhoes-prefeitura-entrega-obra-de-contencao-de-encosta-na-federacao\/\"]}]},{\"@type\":\"ImageObject\",\"inLanguage\":\"pt-PT\",\"@id\":\"https:\/\/brasilnoticias.org\/site\/com-investimento-de-r2-milhoes-prefeitura-entrega-obra-de-contencao-de-encosta-na-federacao\/#primaryimage\",\"url\":\"https:\/\/brasilnoticias.org\/site\/wp-content\/uploads\/2025\/02\/IMAGEM_NOTICIA_1-1.jpg\",\"contentUrl\":\"https:\/\/brasilnoticias.org\/site\/wp-content\/uploads\/2025\/02\/IMAGEM_NOTICIA_1-1.jpg\",\"width\":600,\"height\":430},{\"@type\":\"BreadcrumbList\",\"@id\":\"https:\/\/brasilnoticias.org\/site\/com-investimento-de-r2-milhoes-prefeitura-entrega-obra-de-contencao-de-encosta-na-federacao\/#breadcrumb\",\"itemListElement\":[{\"@type\":\"ListItem\",\"position\":1,\"name\":\"In\u00edcio\",\"item\":\"https:\/\/brasilnoticias.org\/site\/\"},{\"@type\":\"ListItem\",\"position\":2,\"name\":\"Com investimento de R$2 milh\u00f5es, Prefeitura entrega obra de conten\u00e7\u00e3o de encosta na Federa\u00e7\u00e3o\"}]},{\"@type\":\"WebSite\",\"@id\":\"https:\/\/brasilnoticias.org\/site\/#website\",\"url\":\"https:\/\/brasilnoticias.org\/site\/\",\"name\":\"Brasil not\u00edcias\",\"description\":\"Brasil not\u00edcias\",\"publisher\":{\"@id\":\"https:\/\/brasilnoticias.org\/site\/#organization\"},\"potentialAction\":[{\"@type\":\"SearchAction\",\"target\":{\"@type\":\"EntryPoint\",\"urlTemplate\":\"https:\/\/brasilnoticias.org\/site\/?s={search_term_string}\"},\"query-input\":{\"@type\":\"PropertyValueSpecification\",\"valueRequired\":true,\"valueName\":\"search_term_string\"}}],\"inLanguage\":\"pt-PT\"},{\"@type\":\"Organization\",\"@id\":\"https:\/\/brasilnoticias.org\/site\/#organization\",\"name\":\"Brasil not\u00edcias\",\"url\":\"https:\/\/brasilnoticias.org\/site\/\",\"logo\":{\"@type\":\"ImageObject\",\"inLanguage\":\"pt-PT\",\"@id\":\"https:\/\/brasilnoticias.org\/site\/#\/schema\/logo\/image\/\",\"url\":\"https:\/\/brasilnoticias.org\/site\/wp-content\/uploads\/2022\/05\/cropped-brasilnoticias-mini.jpg\",\"contentUrl\":\"https:\/\/brasilnoticias.org\/site\/wp-content\/uploads\/2022\/05\/cropped-brasilnoticias-mini.jpg\",\"width\":314,\"height\":86,\"caption\":\"Brasil not\u00edcias\"},\"image\":{\"@id\":\"https:\/\/brasilnoticias.org\/site\/#\/schema\/logo\/image\/\"}},{\"@type\":\"Person\",\"@id\":\"https:\/\/brasilnoticias.org\/site\/#\/schema\/person\/03bbbfe6c7634ad18c26444ea39049fa\",\"name\":\"Reda\u00e7\u00e3o\",\"image\":{\"@type\":\"ImageObject\",\"inLanguage\":\"pt-PT\",\"@id\":\"https:\/\/brasilnoticias.org\/site\/#\/schema\/person\/image\/\",\"url\":\"https:\/\/secure.gravatar.com\/avatar\/9ecaf7327a696cb23ad926fedded5f1f04d7049de9e445375d55b48c001a6e42?s=96&d=mm&r=g\",\"contentUrl\":\"https:\/\/secure.gravatar.com\/avatar\/9ecaf7327a696cb23ad926fedded5f1f04d7049de9e445375d55b48c001a6e42?s=96&d=mm&r=g\",\"caption\":\"Reda\u00e7\u00e3o\"},\"url\":\"https:\/\/brasilnoticias.org\/site\/author\/henrique\/\"}]}<\/script>\n<!-- \/ Yoast SEO plugin. -->","yoast_head_json":{"title":"Com investimento de R$2 milh\u00f5es, Prefeitura entrega obra de conten\u00e7\u00e3o de encosta na Federa\u00e7\u00e3o - Brasil not\u00edcias","robots":{"index":"index","follow":"follow","max-snippet":"max-snippet:-1","max-image-preview":"max-image-preview:large","max-video-preview":"max-video-preview:-1"},"canonical":"https:\/\/brasilnoticias.org\/site\/com-investimento-de-r2-milhoes-prefeitura-entrega-obra-de-contencao-de-encosta-na-federacao\/","og_locale":"pt_PT","og_type":"article","og_title":"Com investimento de R$2 milh\u00f5es, Prefeitura entrega obra de conten\u00e7\u00e3o de encosta na Federa\u00e7\u00e3o - Brasil not\u00edcias","og_description":"A Prefeitura de Salvador entregou mais uma conten\u00e7\u00e3o de encostas nesta quarta-feira (12), desta vez na Rua Ferreira Santos, na","og_url":"https:\/\/brasilnoticias.org\/site\/com-investimento-de-r2-milhoes-prefeitura-entrega-obra-de-contencao-de-encosta-na-federacao\/","og_site_name":"Brasil not\u00edcias","article_published_time":"2025-02-12T23:40:22+00:00","og_image":[{"width":600,"height":430,"url":"https:\/\/brasilnoticias.org\/site\/wp-content\/uploads\/2025\/02\/IMAGEM_NOTICIA_1-1.jpg","type":"image\/jpeg"}],"author":"Reda\u00e7\u00e3o","twitter_card":"summary_large_image","twitter_misc":{"Escrito por":"Reda\u00e7\u00e3o"},"schema":{"@context":"https:\/\/schema.org","@graph":[{"@type":"Article","@id":"https:\/\/brasilnoticias.org\/site\/com-investimento-de-r2-milhoes-prefeitura-entrega-obra-de-contencao-de-encosta-na-federacao\/#article","isPartOf":{"@id":"https:\/\/brasilnoticias.org\/site\/com-investimento-de-r2-milhoes-prefeitura-entrega-obra-de-contencao-de-encosta-na-federacao\/"},"author":{"name":"Reda\u00e7\u00e3o","@id":"https:\/\/brasilnoticias.org\/site\/#\/schema\/person\/03bbbfe6c7634ad18c26444ea39049fa"},"headline":"Com investimento de R$2 milh\u00f5es, Prefeitura entrega obra de conten\u00e7\u00e3o de encosta na Federa\u00e7\u00e3o","datePublished":"2025-02-12T23:40:22+00:00","mainEntityOfPage":{"@id":"https:\/\/brasilnoticias.org\/site\/com-investimento-de-r2-milhoes-prefeitura-entrega-obra-de-contencao-de-encosta-na-federacao\/"},"wordCount":794,"commentCount":0,"publisher":{"@id":"https:\/\/brasilnoticias.org\/site\/#organization"},"image":{"@id":"https:\/\/brasilnoticias.org\/site\/com-investimento-de-r2-milhoes-prefeitura-entrega-obra-de-contencao-de-encosta-na-federacao\/#primaryimage"},"thumbnailUrl":"https:\/\/brasilnoticias.org\/site\/wp-content\/uploads\/2025\/02\/IMAGEM_NOTICIA_1-1.jpg","articleSection":["Not\u00edcias","\u00daltimas"],"inLanguage":"pt-PT","potentialAction":[{"@type":"CommentAction","name":"Comment","target":["https:\/\/brasilnoticias.org\/site\/com-investimento-de-r2-milhoes-prefeitura-entrega-obra-de-contencao-de-encosta-na-federacao\/#respond"]}]},{"@type":"WebPage","@id":"https:\/\/brasilnoticias.org\/site\/com-investimento-de-r2-milhoes-prefeitura-entrega-obra-de-contencao-de-encosta-na-federacao\/","url":"https:\/\/brasilnoticias.org\/site\/com-investimento-de-r2-milhoes-prefeitura-entrega-obra-de-contencao-de-encosta-na-federacao\/","name":"Com investimento de R$2 milh\u00f5es, Prefeitura entrega obra de conten\u00e7\u00e3o de encosta na Federa\u00e7\u00e3o - Brasil not\u00edcias","isPartOf":{"@id":"https:\/\/brasilnoticias.org\/site\/#website"},"primaryImageOfPage":{"@id":"https:\/\/brasilnoticias.org\/site\/com-investimento-de-r2-milhoes-prefeitura-entrega-obra-de-contencao-de-encosta-na-federacao\/#primaryimage"},"image":{"@id":"https:\/\/brasilnoticias.org\/site\/com-investimento-de-r2-milhoes-prefeitura-entrega-obra-de-contencao-de-encosta-na-federacao\/#primaryimage"},"thumbnailUrl":"https:\/\/brasilnoticias.org\/site\/wp-content\/uploads\/2025\/02\/IMAGEM_NOTICIA_1-1.jpg","datePublished":"2025-02-12T23:40:22+00:00","breadcrumb":{"@id":"https:\/\/brasilnoticias.org\/site\/com-investimento-de-r2-milhoes-prefeitura-entrega-obra-de-contencao-de-encosta-na-federacao\/#breadcrumb"},"inLanguage":"pt-PT","potentialAction":[{"@type":"ReadAction","target":["https:\/\/brasilnoticias.org\/site\/com-investimento-de-r2-milhoes-prefeitura-entrega-obra-de-contencao-de-encosta-na-federacao\/"]}]},{"@type":"ImageObject","inLanguage":"pt-PT","@id":"https:\/\/brasilnoticias.org\/site\/com-investimento-de-r2-milhoes-prefeitura-entrega-obra-de-contencao-de-encosta-na-federacao\/#primaryimage","url":"https:\/\/brasilnoticias.org\/site\/wp-content\/uploads\/2025\/02\/IMAGEM_NOTICIA_1-1.jpg","contentUrl":"https:\/\/brasilnoticias.org\/site\/wp-content\/uploads\/2025\/02\/IMAGEM_NOTICIA_1-1.jpg","width":600,"height":430},{"@type":"BreadcrumbList","@id":"https:\/\/brasilnoticias.org\/site\/com-investimento-de-r2-milhoes-prefeitura-entrega-obra-de-contencao-de-encosta-na-federacao\/#breadcrumb","itemListElement":[{"@type":"ListItem","position":1,"name":"In\u00edcio","item":"https:\/\/brasilnoticias.org\/site\/"},{"@type":"ListItem","position":2,"name":"Com investimento de R$2 milh\u00f5es, Prefeitura entrega obra de conten\u00e7\u00e3o de encosta na Federa\u00e7\u00e3o"}]},{"@type":"WebSite","@id":"https:\/\/brasilnoticias.org\/site\/#website","url":"https:\/\/brasilnoticias.org\/site\/","name":"Brasil not\u00edcias","description":"Brasil not\u00edcias","publisher":{"@id":"https:\/\/brasilnoticias.org\/site\/#organization"},"potentialAction":[{"@type":"SearchAction","target":{"@type":"EntryPoint","urlTemplate":"https:\/\/brasilnoticias.org\/site\/?s={search_term_string}"},"query-input":{"@type":"PropertyValueSpecification","valueRequired":true,"valueName":"search_term_string"}}],"inLanguage":"pt-PT"},{"@type":"Organization","@id":"https:\/\/brasilnoticias.org\/site\/#organization","name":"Brasil not\u00edcias","url":"https:\/\/brasilnoticias.org\/site\/","logo":{"@type":"ImageObject","inLanguage":"pt-PT","@id":"https:\/\/brasilnoticias.org\/site\/#\/schema\/logo\/image\/","url":"https:\/\/brasilnoticias.org\/site\/wp-content\/uploads\/2022\/05\/cropped-brasilnoticias-mini.jpg","contentUrl":"https:\/\/brasilnoticias.org\/site\/wp-content\/uploads\/2022\/05\/cropped-brasilnoticias-mini.jpg","width":314,"height":86,"caption":"Brasil not\u00edcias"},"image":{"@id":"https:\/\/brasilnoticias.org\/site\/#\/schema\/logo\/image\/"}},{"@type":"Person","@id":"https:\/\/brasilnoticias.org\/site\/#\/schema\/person\/03bbbfe6c7634ad18c26444ea39049fa","name":"Reda\u00e7\u00e3o","image":{"@type":"ImageObject","inLanguage":"pt-PT","@id":"https:\/\/brasilnoticias.org\/site\/#\/schema\/person\/image\/","url":"https:\/\/secure.gravatar.com\/avatar\/9ecaf7327a696cb23ad926fedded5f1f04d7049de9e445375d55b48c001a6e42?s=96&d=mm&r=g","contentUrl":"https:\/\/secure.gravatar.com\/avatar\/9ecaf7327a696cb23ad926fedded5f1f04d7049de9e445375d55b48c001a6e42?s=96&d=mm&r=g","caption":"Reda\u00e7\u00e3o"},"url":"https:\/\/brasilnoticias.org\/site\/author\/henrique\/"}]}},"_links":{"self":[{"href":"https:\/\/brasilnoticias.org\/site\/wp-json\/wp\/v2\/posts\/16789","targetHints":{"allow":["GET"]}}],"collection":[{"href":"https:\/\/brasilnoticias.org\/site\/wp-json\/wp\/v2\/posts"}],"about":[{"href":"https:\/\/brasilnoticias.org\/site\/wp-json\/wp\/v2\/types\/post"}],"author":[{"embeddable":true,"href":"https:\/\/brasilnoticias.org\/site\/wp-json\/wp\/v2\/users\/4"}],"replies":[{"embeddable":true,"href":"https:\/\/brasilnoticias.org\/site\/wp-json\/wp\/v2\/comments?post=16789"}],"version-history":[{"count":1,"href":"https:\/\/brasilnoticias.org\/site\/wp-json\/wp\/v2\/posts\/16789\/revisions"}],"predecessor-version":[{"id":16791,"href":"https:\/\/brasilnoticias.org\/site\/wp-json\/wp\/v2\/posts\/16789\/revisions\/16791"}],"wp:featuredmedia":[{"embeddable":true,"href":"https:\/\/brasilnoticias.org\/site\/wp-json\/wp\/v2\/media\/16790"}],"wp:attachment":[{"href":"https:\/\/brasilnoticias.org\/site\/wp-json\/wp\/v2\/media?parent=16789"}],"wp:term":[{"taxonomy":"category","embeddable":true,"href":"https:\/\/brasilnoticias.org\/site\/wp-json\/wp\/v2\/categories?post=16789"},{"taxonomy":"post_tag","embeddable":true,"href":"https:\/\/brasilnoticias.org\/site\/wp-json\/wp\/v2\/tags?post=16789"}],"curies":[{"name":"wp","href":"https:\/\/api.w.org\/{rel}","templated":true}]}}