{"id":16792,"date":"2025-02-12T20:41:16","date_gmt":"2025-02-12T23:41:16","guid":{"rendered":"https:\/\/brasilnoticias.org\/site\/?p=16792"},"modified":"2025-02-12T20:41:16","modified_gmt":"2025-02-12T23:41:16","slug":"e-muito-caro-morar-em-salvador-e-a-culpa-e-de-bruno-reis-e-da-prefeitura-rebate-eden","status":"publish","type":"post","link":"https:\/\/brasilnoticias.org\/site\/e-muito-caro-morar-em-salvador-e-a-culpa-e-de-bruno-reis-e-da-prefeitura-rebate-eden\/","title":{"rendered":"\u201c\u00c9 muito caro morar em Salvador e a culpa \u00e9 de Bruno Reis e da Prefeitura\u201d, rebate \u00c9den"},"content":{"rendered":"<p>O presidente do Partido dos Trabalhadores da Bahia, \u00c9den Valadares, rebateu, nesta quarta-feira (12), as acusa\u00e7\u00f5es do prefeito de Salvador, Bruno Reis, do Uni\u00e3o Brasil, que tenta transferir para o presidente Lula e o governador Jer\u00f4nimo Rodrigues o alto custo de vida na capital baiana. \u00c9den destacou que o prefeito deveria assumir sua responsabilidade por Salvador ser uma cidade t\u00e3o cara para se viver, j\u00e1 que o prefeito aumentou diversas taxas de servi\u00e7os b\u00e1sicos, o que encarece muito a vida dos moradores da cidade. <\/p>\n<p>\u201cEstamos aqui de novo para responder \u00e0s acusa\u00e7\u00f5es, a politicagem Bruno Reis, o prefeito de Salvador, que em vez de trabalhar prefere se manter no palanque acusando os nossos aliados, o presidente Lula e o governador Jer\u00f4nimo, que tanto trabalham pela Bahia e pelo Brasil, prefere se manter em politicagem, fazendo falsas acusa\u00e7\u00f5es. A \u00faltima delas foi transferir para o governador e para o presidente a responsabilidade pelo alto custo de vida em Salvador\u201d, destacou o petista. <\/p>\n<p>\u00c9den elencou o aumento das taxas da Prefeitura, como o IPTU, passagem de \u00f4nibus, o Imposto Sobre Servi\u00e7os (ISS) da sa\u00fade, dentre outros. \u201c\u00c9 muito caro morar em Salvador e a culpa \u00e9 de Bruno Reis e da Prefeitura. Bruno Reis aumentou a taxa de ilumina\u00e7\u00e3o p\u00fablica em 35%, aumentou a taxa de lixo em nossa cidade em 50% e o ISS para a \u00e1rea de sa\u00fade em 75%. N\u00e3o basta ter o maior IPTU do Brasil, n\u00e3o basta ter a passagem de \u00f4nibus mais cara do Nordeste e a quinta maior do Brasil, ele, agora, resolveu aumentar at\u00e9 o elevador Lacerda\u201d. <\/p>\n<p>Para o presidente do PT, Bruno, como prefeito da capital da Bahia, Bruno deveria se unir ao presidente Lula e ao governador para tentar resolver o problema da carestia em Salvador. \u201cAo inv\u00e9s de trabalhar, de reduzir impostos, ao inv\u00e9s de se juntar ao presidente Lula na gera\u00e7\u00e3o de emprego, ao inv\u00e9s de se juntar ao governador Jer\u00f4nimo gerando oportunidade na agricultura familiar, combatendo a fome com o Bahia Sem Fome, ele prefere se manter no palanque. Coisa feia, Bruno, deixas as elei\u00e7\u00f5es para o ano que vem. Vai trabalhar, prefeito\u201d. <\/p>\n","protected":false},"excerpt":{"rendered":"<p>O presidente do Partido dos Trabalhadores da Bahia, \u00c9den Valadares, rebateu, nesta quarta-feira (12), as acusa\u00e7\u00f5es do prefeito de Salvador,<\/p>\n","protected":false},"author":4,"featured_media":16793,"comment_status":"open","ping_status":"open","sticky":false,"template":"","format":"standard","meta":{"colormag_page_container_layout":"default_layout","colormag_page_sidebar_layout":"default_layout","_FSMCFIC_featured_image_caption":"","_FSMCFIC_featured_image_nocaption":"","_FSMCFIC_featured_image_hide":"","footnotes":""},"categories":[5,1],"tags":[],"class_list":["post-16792","post","type-post","status-publish","format-standard","has-post-thumbnail","hentry","category-politica","category-ultimas"],"yoast_head":"<!-- This site is optimized with the Yoast SEO plugin v27.1.1 - https:\/\/yoast.com\/product\/yoast-seo-wordpress\/ -->\n<title>\u201c\u00c9 muito caro morar em Salvador e a culpa \u00e9 de Bruno Reis e da Prefeitura\u201d, rebate \u00c9den - Brasil not\u00edcias<\/title>\n<meta name=\"robots\" content=\"index, follow, max-snippet:-1, max-image-preview:large, max-video-preview:-1\" \/>\n<link rel=\"canonical\" href=\"https:\/\/brasilnoticias.org\/site\/e-muito-caro-morar-em-salvador-e-a-culpa-e-de-bruno-reis-e-da-prefeitura-rebate-eden\/\" \/>\n<meta property=\"og:locale\" content=\"pt_PT\" \/>\n<meta property=\"og:type\" content=\"article\" \/>\n<meta property=\"og:title\" content=\"\u201c\u00c9 muito caro morar em Salvador e a culpa \u00e9 de Bruno Reis e da Prefeitura\u201d, rebate \u00c9den - Brasil not\u00edcias\" \/>\n<meta property=\"og:description\" content=\"O presidente do Partido dos Trabalhadores da Bahia, \u00c9den Valadares, rebateu, nesta quarta-feira (12), as acusa\u00e7\u00f5es do prefeito de Salvador,\" \/>\n<meta property=\"og:url\" content=\"https:\/\/brasilnoticias.org\/site\/e-muito-caro-morar-em-salvador-e-a-culpa-e-de-bruno-reis-e-da-prefeitura-rebate-eden\/\" \/>\n<meta property=\"og:site_name\" content=\"Brasil not\u00edcias\" \/>\n<meta property=\"article:published_time\" content=\"2025-02-12T23:41:16+00:00\" \/>\n<meta property=\"og:image\" content=\"https:\/\/brasilnoticias.org\/site\/wp-content\/uploads\/2025\/02\/IMAGEM_NOTICIA_0-1-2.jpg\" \/>\n\t<meta property=\"og:image:width\" content=\"850\" \/>\n\t<meta property=\"og:image:height\" content=\"400\" \/>\n\t<meta property=\"og:image:type\" content=\"image\/jpeg\" \/>\n<meta name=\"author\" content=\"Reda\u00e7\u00e3o\" \/>\n<meta name=\"twitter:card\" content=\"summary_large_image\" \/>\n<meta name=\"twitter:label1\" content=\"Escrito por\" \/>\n\t<meta name=\"twitter:data1\" content=\"Reda\u00e7\u00e3o\" \/>\n<script type=\"application\/ld+json\" class=\"yoast-schema-graph\">{\"@context\":\"https:\/\/schema.org\",\"@graph\":[{\"@type\":\"Article\",\"@id\":\"https:\/\/brasilnoticias.org\/site\/e-muito-caro-morar-em-salvador-e-a-culpa-e-de-bruno-reis-e-da-prefeitura-rebate-eden\/#article\",\"isPartOf\":{\"@id\":\"https:\/\/brasilnoticias.org\/site\/e-muito-caro-morar-em-salvador-e-a-culpa-e-de-bruno-reis-e-da-prefeitura-rebate-eden\/\"},\"author\":{\"name\":\"Reda\u00e7\u00e3o\",\"@id\":\"https:\/\/brasilnoticias.org\/site\/#\/schema\/person\/03bbbfe6c7634ad18c26444ea39049fa\"},\"headline\":\"\u201c\u00c9 muito caro morar em Salvador e a culpa \u00e9 de Bruno Reis e da Prefeitura\u201d, rebate \u00c9den\",\"datePublished\":\"2025-02-12T23:41:16+00:00\",\"mainEntityOfPage\":{\"@id\":\"https:\/\/brasilnoticias.org\/site\/e-muito-caro-morar-em-salvador-e-a-culpa-e-de-bruno-reis-e-da-prefeitura-rebate-eden\/\"},\"wordCount\":386,\"commentCount\":0,\"publisher\":{\"@id\":\"https:\/\/brasilnoticias.org\/site\/#organization\"},\"image\":{\"@id\":\"https:\/\/brasilnoticias.org\/site\/e-muito-caro-morar-em-salvador-e-a-culpa-e-de-bruno-reis-e-da-prefeitura-rebate-eden\/#primaryimage\"},\"thumbnailUrl\":\"https:\/\/brasilnoticias.org\/site\/wp-content\/uploads\/2025\/02\/IMAGEM_NOTICIA_0-1-2.jpg\",\"articleSection\":[\"Pol\u00edtica\",\"\u00daltimas\"],\"inLanguage\":\"pt-PT\",\"potentialAction\":[{\"@type\":\"CommentAction\",\"name\":\"Comment\",\"target\":[\"https:\/\/brasilnoticias.org\/site\/e-muito-caro-morar-em-salvador-e-a-culpa-e-de-bruno-reis-e-da-prefeitura-rebate-eden\/#respond\"]}]},{\"@type\":\"WebPage\",\"@id\":\"https:\/\/brasilnoticias.org\/site\/e-muito-caro-morar-em-salvador-e-a-culpa-e-de-bruno-reis-e-da-prefeitura-rebate-eden\/\",\"url\":\"https:\/\/brasilnoticias.org\/site\/e-muito-caro-morar-em-salvador-e-a-culpa-e-de-bruno-reis-e-da-prefeitura-rebate-eden\/\",\"name\":\"\u201c\u00c9 muito caro morar em Salvador e a culpa \u00e9 de Bruno Reis e da Prefeitura\u201d, rebate \u00c9den - Brasil not\u00edcias\",\"isPartOf\":{\"@id\":\"https:\/\/brasilnoticias.org\/site\/#website\"},\"primaryImageOfPage\":{\"@id\":\"https:\/\/brasilnoticias.org\/site\/e-muito-caro-morar-em-salvador-e-a-culpa-e-de-bruno-reis-e-da-prefeitura-rebate-eden\/#primaryimage\"},\"image\":{\"@id\":\"https:\/\/brasilnoticias.org\/site\/e-muito-caro-morar-em-salvador-e-a-culpa-e-de-bruno-reis-e-da-prefeitura-rebate-eden\/#primaryimage\"},\"thumbnailUrl\":\"https:\/\/brasilnoticias.org\/site\/wp-content\/uploads\/2025\/02\/IMAGEM_NOTICIA_0-1-2.jpg\",\"datePublished\":\"2025-02-12T23:41:16+00:00\",\"breadcrumb\":{\"@id\":\"https:\/\/brasilnoticias.org\/site\/e-muito-caro-morar-em-salvador-e-a-culpa-e-de-bruno-reis-e-da-prefeitura-rebate-eden\/#breadcrumb\"},\"inLanguage\":\"pt-PT\",\"potentialAction\":[{\"@type\":\"ReadAction\",\"target\":[\"https:\/\/brasilnoticias.org\/site\/e-muito-caro-morar-em-salvador-e-a-culpa-e-de-bruno-reis-e-da-prefeitura-rebate-eden\/\"]}]},{\"@type\":\"ImageObject\",\"inLanguage\":\"pt-PT\",\"@id\":\"https:\/\/brasilnoticias.org\/site\/e-muito-caro-morar-em-salvador-e-a-culpa-e-de-bruno-reis-e-da-prefeitura-rebate-eden\/#primaryimage\",\"url\":\"https:\/\/brasilnoticias.org\/site\/wp-content\/uploads\/2025\/02\/IMAGEM_NOTICIA_0-1-2.jpg\",\"contentUrl\":\"https:\/\/brasilnoticias.org\/site\/wp-content\/uploads\/2025\/02\/IMAGEM_NOTICIA_0-1-2.jpg\",\"width\":850,\"height\":400},{\"@type\":\"BreadcrumbList\",\"@id\":\"https:\/\/brasilnoticias.org\/site\/e-muito-caro-morar-em-salvador-e-a-culpa-e-de-bruno-reis-e-da-prefeitura-rebate-eden\/#breadcrumb\",\"itemListElement\":[{\"@type\":\"ListItem\",\"position\":1,\"name\":\"In\u00edcio\",\"item\":\"https:\/\/brasilnoticias.org\/site\/\"},{\"@type\":\"ListItem\",\"position\":2,\"name\":\"\u201c\u00c9 muito caro morar em Salvador e a culpa \u00e9 de Bruno Reis e da Prefeitura\u201d, rebate \u00c9den\"}]},{\"@type\":\"WebSite\",\"@id\":\"https:\/\/brasilnoticias.org\/site\/#website\",\"url\":\"https:\/\/brasilnoticias.org\/site\/\",\"name\":\"Brasil not\u00edcias\",\"description\":\"Brasil not\u00edcias\",\"publisher\":{\"@id\":\"https:\/\/brasilnoticias.org\/site\/#organization\"},\"potentialAction\":[{\"@type\":\"SearchAction\",\"target\":{\"@type\":\"EntryPoint\",\"urlTemplate\":\"https:\/\/brasilnoticias.org\/site\/?s={search_term_string}\"},\"query-input\":{\"@type\":\"PropertyValueSpecification\",\"valueRequired\":true,\"valueName\":\"search_term_string\"}}],\"inLanguage\":\"pt-PT\"},{\"@type\":\"Organization\",\"@id\":\"https:\/\/brasilnoticias.org\/site\/#organization\",\"name\":\"Brasil not\u00edcias\",\"url\":\"https:\/\/brasilnoticias.org\/site\/\",\"logo\":{\"@type\":\"ImageObject\",\"inLanguage\":\"pt-PT\",\"@id\":\"https:\/\/brasilnoticias.org\/site\/#\/schema\/logo\/image\/\",\"url\":\"https:\/\/brasilnoticias.org\/site\/wp-content\/uploads\/2022\/05\/cropped-brasilnoticias-mini.jpg\",\"contentUrl\":\"https:\/\/brasilnoticias.org\/site\/wp-content\/uploads\/2022\/05\/cropped-brasilnoticias-mini.jpg\",\"width\":314,\"height\":86,\"caption\":\"Brasil not\u00edcias\"},\"image\":{\"@id\":\"https:\/\/brasilnoticias.org\/site\/#\/schema\/logo\/image\/\"}},{\"@type\":\"Person\",\"@id\":\"https:\/\/brasilnoticias.org\/site\/#\/schema\/person\/03bbbfe6c7634ad18c26444ea39049fa\",\"name\":\"Reda\u00e7\u00e3o\",\"image\":{\"@type\":\"ImageObject\",\"inLanguage\":\"pt-PT\",\"@id\":\"https:\/\/brasilnoticias.org\/site\/#\/schema\/person\/image\/\",\"url\":\"https:\/\/secure.gravatar.com\/avatar\/9ecaf7327a696cb23ad926fedded5f1f04d7049de9e445375d55b48c001a6e42?s=96&d=mm&r=g\",\"contentUrl\":\"https:\/\/secure.gravatar.com\/avatar\/9ecaf7327a696cb23ad926fedded5f1f04d7049de9e445375d55b48c001a6e42?s=96&d=mm&r=g\",\"caption\":\"Reda\u00e7\u00e3o\"},\"url\":\"https:\/\/brasilnoticias.org\/site\/author\/henrique\/\"}]}<\/script>\n<!-- \/ Yoast SEO plugin. -->","yoast_head_json":{"title":"\u201c\u00c9 muito caro morar em Salvador e a culpa \u00e9 de Bruno Reis e da Prefeitura\u201d, rebate \u00c9den - Brasil not\u00edcias","robots":{"index":"index","follow":"follow","max-snippet":"max-snippet:-1","max-image-preview":"max-image-preview:large","max-video-preview":"max-video-preview:-1"},"canonical":"https:\/\/brasilnoticias.org\/site\/e-muito-caro-morar-em-salvador-e-a-culpa-e-de-bruno-reis-e-da-prefeitura-rebate-eden\/","og_locale":"pt_PT","og_type":"article","og_title":"\u201c\u00c9 muito caro morar em Salvador e a culpa \u00e9 de Bruno Reis e da Prefeitura\u201d, rebate \u00c9den - Brasil not\u00edcias","og_description":"O presidente do Partido dos Trabalhadores da Bahia, \u00c9den Valadares, rebateu, nesta quarta-feira (12), as acusa\u00e7\u00f5es do prefeito de Salvador,","og_url":"https:\/\/brasilnoticias.org\/site\/e-muito-caro-morar-em-salvador-e-a-culpa-e-de-bruno-reis-e-da-prefeitura-rebate-eden\/","og_site_name":"Brasil not\u00edcias","article_published_time":"2025-02-12T23:41:16+00:00","og_image":[{"width":850,"height":400,"url":"https:\/\/brasilnoticias.org\/site\/wp-content\/uploads\/2025\/02\/IMAGEM_NOTICIA_0-1-2.jpg","type":"image\/jpeg"}],"author":"Reda\u00e7\u00e3o","twitter_card":"summary_large_image","twitter_misc":{"Escrito por":"Reda\u00e7\u00e3o"},"schema":{"@context":"https:\/\/schema.org","@graph":[{"@type":"Article","@id":"https:\/\/brasilnoticias.org\/site\/e-muito-caro-morar-em-salvador-e-a-culpa-e-de-bruno-reis-e-da-prefeitura-rebate-eden\/#article","isPartOf":{"@id":"https:\/\/brasilnoticias.org\/site\/e-muito-caro-morar-em-salvador-e-a-culpa-e-de-bruno-reis-e-da-prefeitura-rebate-eden\/"},"author":{"name":"Reda\u00e7\u00e3o","@id":"https:\/\/brasilnoticias.org\/site\/#\/schema\/person\/03bbbfe6c7634ad18c26444ea39049fa"},"headline":"\u201c\u00c9 muito caro morar em Salvador e a culpa \u00e9 de Bruno Reis e da Prefeitura\u201d, rebate \u00c9den","datePublished":"2025-02-12T23:41:16+00:00","mainEntityOfPage":{"@id":"https:\/\/brasilnoticias.org\/site\/e-muito-caro-morar-em-salvador-e-a-culpa-e-de-bruno-reis-e-da-prefeitura-rebate-eden\/"},"wordCount":386,"commentCount":0,"publisher":{"@id":"https:\/\/brasilnoticias.org\/site\/#organization"},"image":{"@id":"https:\/\/brasilnoticias.org\/site\/e-muito-caro-morar-em-salvador-e-a-culpa-e-de-bruno-reis-e-da-prefeitura-rebate-eden\/#primaryimage"},"thumbnailUrl":"https:\/\/brasilnoticias.org\/site\/wp-content\/uploads\/2025\/02\/IMAGEM_NOTICIA_0-1-2.jpg","articleSection":["Pol\u00edtica","\u00daltimas"],"inLanguage":"pt-PT","potentialAction":[{"@type":"CommentAction","name":"Comment","target":["https:\/\/brasilnoticias.org\/site\/e-muito-caro-morar-em-salvador-e-a-culpa-e-de-bruno-reis-e-da-prefeitura-rebate-eden\/#respond"]}]},{"@type":"WebPage","@id":"https:\/\/brasilnoticias.org\/site\/e-muito-caro-morar-em-salvador-e-a-culpa-e-de-bruno-reis-e-da-prefeitura-rebate-eden\/","url":"https:\/\/brasilnoticias.org\/site\/e-muito-caro-morar-em-salvador-e-a-culpa-e-de-bruno-reis-e-da-prefeitura-rebate-eden\/","name":"\u201c\u00c9 muito caro morar em Salvador e a culpa \u00e9 de Bruno Reis e da Prefeitura\u201d, rebate \u00c9den - Brasil not\u00edcias","isPartOf":{"@id":"https:\/\/brasilnoticias.org\/site\/#website"},"primaryImageOfPage":{"@id":"https:\/\/brasilnoticias.org\/site\/e-muito-caro-morar-em-salvador-e-a-culpa-e-de-bruno-reis-e-da-prefeitura-rebate-eden\/#primaryimage"},"image":{"@id":"https:\/\/brasilnoticias.org\/site\/e-muito-caro-morar-em-salvador-e-a-culpa-e-de-bruno-reis-e-da-prefeitura-rebate-eden\/#primaryimage"},"thumbnailUrl":"https:\/\/brasilnoticias.org\/site\/wp-content\/uploads\/2025\/02\/IMAGEM_NOTICIA_0-1-2.jpg","datePublished":"2025-02-12T23:41:16+00:00","breadcrumb":{"@id":"https:\/\/brasilnoticias.org\/site\/e-muito-caro-morar-em-salvador-e-a-culpa-e-de-bruno-reis-e-da-prefeitura-rebate-eden\/#breadcrumb"},"inLanguage":"pt-PT","potentialAction":[{"@type":"ReadAction","target":["https:\/\/brasilnoticias.org\/site\/e-muito-caro-morar-em-salvador-e-a-culpa-e-de-bruno-reis-e-da-prefeitura-rebate-eden\/"]}]},{"@type":"ImageObject","inLanguage":"pt-PT","@id":"https:\/\/brasilnoticias.org\/site\/e-muito-caro-morar-em-salvador-e-a-culpa-e-de-bruno-reis-e-da-prefeitura-rebate-eden\/#primaryimage","url":"https:\/\/brasilnoticias.org\/site\/wp-content\/uploads\/2025\/02\/IMAGEM_NOTICIA_0-1-2.jpg","contentUrl":"https:\/\/brasilnoticias.org\/site\/wp-content\/uploads\/2025\/02\/IMAGEM_NOTICIA_0-1-2.jpg","width":850,"height":400},{"@type":"BreadcrumbList","@id":"https:\/\/brasilnoticias.org\/site\/e-muito-caro-morar-em-salvador-e-a-culpa-e-de-bruno-reis-e-da-prefeitura-rebate-eden\/#breadcrumb","itemListElement":[{"@type":"ListItem","position":1,"name":"In\u00edcio","item":"https:\/\/brasilnoticias.org\/site\/"},{"@type":"ListItem","position":2,"name":"\u201c\u00c9 muito caro morar em Salvador e a culpa \u00e9 de Bruno Reis e da Prefeitura\u201d, rebate \u00c9den"}]},{"@type":"WebSite","@id":"https:\/\/brasilnoticias.org\/site\/#website","url":"https:\/\/brasilnoticias.org\/site\/","name":"Brasil not\u00edcias","description":"Brasil not\u00edcias","publisher":{"@id":"https:\/\/brasilnoticias.org\/site\/#organization"},"potentialAction":[{"@type":"SearchAction","target":{"@type":"EntryPoint","urlTemplate":"https:\/\/brasilnoticias.org\/site\/?s={search_term_string}"},"query-input":{"@type":"PropertyValueSpecification","valueRequired":true,"valueName":"search_term_string"}}],"inLanguage":"pt-PT"},{"@type":"Organization","@id":"https:\/\/brasilnoticias.org\/site\/#organization","name":"Brasil not\u00edcias","url":"https:\/\/brasilnoticias.org\/site\/","logo":{"@type":"ImageObject","inLanguage":"pt-PT","@id":"https:\/\/brasilnoticias.org\/site\/#\/schema\/logo\/image\/","url":"https:\/\/brasilnoticias.org\/site\/wp-content\/uploads\/2022\/05\/cropped-brasilnoticias-mini.jpg","contentUrl":"https:\/\/brasilnoticias.org\/site\/wp-content\/uploads\/2022\/05\/cropped-brasilnoticias-mini.jpg","width":314,"height":86,"caption":"Brasil not\u00edcias"},"image":{"@id":"https:\/\/brasilnoticias.org\/site\/#\/schema\/logo\/image\/"}},{"@type":"Person","@id":"https:\/\/brasilnoticias.org\/site\/#\/schema\/person\/03bbbfe6c7634ad18c26444ea39049fa","name":"Reda\u00e7\u00e3o","image":{"@type":"ImageObject","inLanguage":"pt-PT","@id":"https:\/\/brasilnoticias.org\/site\/#\/schema\/person\/image\/","url":"https:\/\/secure.gravatar.com\/avatar\/9ecaf7327a696cb23ad926fedded5f1f04d7049de9e445375d55b48c001a6e42?s=96&d=mm&r=g","contentUrl":"https:\/\/secure.gravatar.com\/avatar\/9ecaf7327a696cb23ad926fedded5f1f04d7049de9e445375d55b48c001a6e42?s=96&d=mm&r=g","caption":"Reda\u00e7\u00e3o"},"url":"https:\/\/brasilnoticias.org\/site\/author\/henrique\/"}]}},"_links":{"self":[{"href":"https:\/\/brasilnoticias.org\/site\/wp-json\/wp\/v2\/posts\/16792","targetHints":{"allow":["GET"]}}],"collection":[{"href":"https:\/\/brasilnoticias.org\/site\/wp-json\/wp\/v2\/posts"}],"about":[{"href":"https:\/\/brasilnoticias.org\/site\/wp-json\/wp\/v2\/types\/post"}],"author":[{"embeddable":true,"href":"https:\/\/brasilnoticias.org\/site\/wp-json\/wp\/v2\/users\/4"}],"replies":[{"embeddable":true,"href":"https:\/\/brasilnoticias.org\/site\/wp-json\/wp\/v2\/comments?post=16792"}],"version-history":[{"count":1,"href":"https:\/\/brasilnoticias.org\/site\/wp-json\/wp\/v2\/posts\/16792\/revisions"}],"predecessor-version":[{"id":16794,"href":"https:\/\/brasilnoticias.org\/site\/wp-json\/wp\/v2\/posts\/16792\/revisions\/16794"}],"wp:featuredmedia":[{"embeddable":true,"href":"https:\/\/brasilnoticias.org\/site\/wp-json\/wp\/v2\/media\/16793"}],"wp:attachment":[{"href":"https:\/\/brasilnoticias.org\/site\/wp-json\/wp\/v2\/media?parent=16792"}],"wp:term":[{"taxonomy":"category","embeddable":true,"href":"https:\/\/brasilnoticias.org\/site\/wp-json\/wp\/v2\/categories?post=16792"},{"taxonomy":"post_tag","embeddable":true,"href":"https:\/\/brasilnoticias.org\/site\/wp-json\/wp\/v2\/tags?post=16792"}],"curies":[{"name":"wp","href":"https:\/\/api.w.org\/{rel}","templated":true}]}}