{"id":16806,"date":"2025-02-17T16:29:01","date_gmt":"2025-02-17T19:29:01","guid":{"rendered":"https:\/\/brasilnoticias.org\/site\/?p=16806"},"modified":"2025-02-17T16:29:01","modified_gmt":"2025-02-17T19:29:01","slug":"projeto-de-lei-que-cria-programa-bahia-alfabetizada-comeca-a-ser-apreciado-nesta-terca-na-alba","status":"publish","type":"post","link":"https:\/\/brasilnoticias.org\/site\/projeto-de-lei-que-cria-programa-bahia-alfabetizada-comeca-a-ser-apreciado-nesta-terca-na-alba\/","title":{"rendered":"Projeto de Lei que cria Programa Bahia Alfabetizada come\u00e7a a ser apreciado nesta ter\u00e7a na Alba"},"content":{"rendered":"<p> A Assembleia Legislativa da Bahia (Alba) dar\u00e1 in\u00edcio, nesta ter\u00e7a-feira (18), \u00e0 aprecia\u00e7\u00e3o do Projeto de Lei 25.668\/25, que institui o Programa Bahia Alfabetizada. A proposta foi anunciada pelo governador Jer\u00f4nimo Rodrigues (PT) na semana passada  e j\u00e1 foi enviada pelo Executivo estadual \u00e0 Casa de Leis baiana.  <\/p>\n<p>De acordo com o l\u00edder da Maioria no Parlamento baiano, deputado Rosemberg Pinto (PT), o projeto tramitar\u00e1 inicialmente no \u00e2mbito das Comiss\u00f5es de Constitui\u00e7\u00e3o e Justi\u00e7a (CCJ); Educa\u00e7\u00e3o; Direitos Humanos e Seguran\u00e7a P\u00fablica; e Finan\u00e7as e Or\u00e7amento.  <\/p>\n<p>\u201cO governador Jer\u00f4nimo implementa com esse programa, a possibilidade de acabar com o analfabetismo na Bahia para que possamos dar direito a cada homem e mulher a se tornarem cidad\u00e3 e cidad\u00e3o com a capacidade de compreender a vida cotidiana das pessoas\u201d, comemorou o l\u00edder governista.  <\/p>\n<p>Conforme o projeto de lei, o Programa Bahia Alfabetizada prestar\u00e1 coopera\u00e7\u00e3o t\u00e9cnica, pedag\u00f3gica e financeira aos munic\u00edpios baianos para que garantam \u00e0 alfabetiza\u00e7\u00e3o de crian\u00e7as, jovens, adultos e idosos.  <\/p>\n<p>Acesso ao Projeto de Lei 25.668\/25<br \/>\nhttps:\/\/www.al.ba.gov.br\/atividade-legislativa-nova\/proposicao\/PL.-25668-2025<\/p>\n","protected":false},"excerpt":{"rendered":"<p>A Assembleia Legislativa da Bahia (Alba) dar\u00e1 in\u00edcio, nesta ter\u00e7a-feira (18), \u00e0 aprecia\u00e7\u00e3o do Projeto de Lei 25.668\/25, que institui<\/p>\n","protected":false},"author":4,"featured_media":16807,"comment_status":"open","ping_status":"open","sticky":false,"template":"","format":"standard","meta":{"colormag_page_container_layout":"default_layout","colormag_page_sidebar_layout":"default_layout","_FSMCFIC_featured_image_caption":"","_FSMCFIC_featured_image_nocaption":"","_FSMCFIC_featured_image_hide":"","footnotes":""},"categories":[5,1],"tags":[],"class_list":["post-16806","post","type-post","status-publish","format-standard","has-post-thumbnail","hentry","category-politica","category-ultimas"],"yoast_head":"<!-- This site is optimized with the Yoast SEO plugin v27.1.1 - https:\/\/yoast.com\/product\/yoast-seo-wordpress\/ -->\n<title>Projeto de Lei que cria Programa Bahia Alfabetizada come\u00e7a a ser apreciado nesta ter\u00e7a na Alba - Brasil not\u00edcias<\/title>\n<meta name=\"robots\" content=\"index, follow, max-snippet:-1, max-image-preview:large, max-video-preview:-1\" \/>\n<link rel=\"canonical\" href=\"https:\/\/brasilnoticias.org\/site\/projeto-de-lei-que-cria-programa-bahia-alfabetizada-comeca-a-ser-apreciado-nesta-terca-na-alba\/\" \/>\n<meta property=\"og:locale\" content=\"pt_PT\" \/>\n<meta property=\"og:type\" content=\"article\" \/>\n<meta property=\"og:title\" content=\"Projeto de Lei que cria Programa Bahia Alfabetizada come\u00e7a a ser apreciado nesta ter\u00e7a na Alba - Brasil not\u00edcias\" \/>\n<meta property=\"og:description\" content=\"A Assembleia Legislativa da Bahia (Alba) dar\u00e1 in\u00edcio, nesta ter\u00e7a-feira (18), \u00e0 aprecia\u00e7\u00e3o do Projeto de Lei 25.668\/25, que institui\" \/>\n<meta property=\"og:url\" content=\"https:\/\/brasilnoticias.org\/site\/projeto-de-lei-que-cria-programa-bahia-alfabetizada-comeca-a-ser-apreciado-nesta-terca-na-alba\/\" \/>\n<meta property=\"og:site_name\" content=\"Brasil not\u00edcias\" \/>\n<meta property=\"article:published_time\" content=\"2025-02-17T19:29:01+00:00\" \/>\n<meta property=\"og:image\" content=\"https:\/\/brasilnoticias.org\/site\/wp-content\/uploads\/2025\/02\/IMAGEM_NOTICIA_0-3-1.jpg\" \/>\n\t<meta property=\"og:image:width\" content=\"850\" \/>\n\t<meta property=\"og:image:height\" content=\"400\" \/>\n\t<meta property=\"og:image:type\" content=\"image\/jpeg\" \/>\n<meta name=\"author\" content=\"Reda\u00e7\u00e3o\" \/>\n<meta name=\"twitter:card\" content=\"summary_large_image\" \/>\n<meta name=\"twitter:label1\" content=\"Escrito por\" \/>\n\t<meta name=\"twitter:data1\" content=\"Reda\u00e7\u00e3o\" \/>\n\t<meta name=\"twitter:label2\" content=\"Tempo estimado de leitura\" \/>\n\t<meta name=\"twitter:data2\" content=\"1 minuto\" \/>\n<script type=\"application\/ld+json\" class=\"yoast-schema-graph\">{\"@context\":\"https:\/\/schema.org\",\"@graph\":[{\"@type\":\"Article\",\"@id\":\"https:\/\/brasilnoticias.org\/site\/projeto-de-lei-que-cria-programa-bahia-alfabetizada-comeca-a-ser-apreciado-nesta-terca-na-alba\/#article\",\"isPartOf\":{\"@id\":\"https:\/\/brasilnoticias.org\/site\/projeto-de-lei-que-cria-programa-bahia-alfabetizada-comeca-a-ser-apreciado-nesta-terca-na-alba\/\"},\"author\":{\"name\":\"Reda\u00e7\u00e3o\",\"@id\":\"https:\/\/brasilnoticias.org\/site\/#\/schema\/person\/03bbbfe6c7634ad18c26444ea39049fa\"},\"headline\":\"Projeto de Lei que cria Programa Bahia Alfabetizada come\u00e7a a ser apreciado nesta ter\u00e7a na Alba\",\"datePublished\":\"2025-02-17T19:29:01+00:00\",\"mainEntityOfPage\":{\"@id\":\"https:\/\/brasilnoticias.org\/site\/projeto-de-lei-que-cria-programa-bahia-alfabetizada-comeca-a-ser-apreciado-nesta-terca-na-alba\/\"},\"wordCount\":211,\"commentCount\":0,\"publisher\":{\"@id\":\"https:\/\/brasilnoticias.org\/site\/#organization\"},\"image\":{\"@id\":\"https:\/\/brasilnoticias.org\/site\/projeto-de-lei-que-cria-programa-bahia-alfabetizada-comeca-a-ser-apreciado-nesta-terca-na-alba\/#primaryimage\"},\"thumbnailUrl\":\"https:\/\/brasilnoticias.org\/site\/wp-content\/uploads\/2025\/02\/IMAGEM_NOTICIA_0-3-1.jpg\",\"articleSection\":[\"Pol\u00edtica\",\"\u00daltimas\"],\"inLanguage\":\"pt-PT\",\"potentialAction\":[{\"@type\":\"CommentAction\",\"name\":\"Comment\",\"target\":[\"https:\/\/brasilnoticias.org\/site\/projeto-de-lei-que-cria-programa-bahia-alfabetizada-comeca-a-ser-apreciado-nesta-terca-na-alba\/#respond\"]}]},{\"@type\":\"WebPage\",\"@id\":\"https:\/\/brasilnoticias.org\/site\/projeto-de-lei-que-cria-programa-bahia-alfabetizada-comeca-a-ser-apreciado-nesta-terca-na-alba\/\",\"url\":\"https:\/\/brasilnoticias.org\/site\/projeto-de-lei-que-cria-programa-bahia-alfabetizada-comeca-a-ser-apreciado-nesta-terca-na-alba\/\",\"name\":\"Projeto de Lei que cria Programa Bahia Alfabetizada come\u00e7a a ser apreciado nesta ter\u00e7a na Alba - Brasil not\u00edcias\",\"isPartOf\":{\"@id\":\"https:\/\/brasilnoticias.org\/site\/#website\"},\"primaryImageOfPage\":{\"@id\":\"https:\/\/brasilnoticias.org\/site\/projeto-de-lei-que-cria-programa-bahia-alfabetizada-comeca-a-ser-apreciado-nesta-terca-na-alba\/#primaryimage\"},\"image\":{\"@id\":\"https:\/\/brasilnoticias.org\/site\/projeto-de-lei-que-cria-programa-bahia-alfabetizada-comeca-a-ser-apreciado-nesta-terca-na-alba\/#primaryimage\"},\"thumbnailUrl\":\"https:\/\/brasilnoticias.org\/site\/wp-content\/uploads\/2025\/02\/IMAGEM_NOTICIA_0-3-1.jpg\",\"datePublished\":\"2025-02-17T19:29:01+00:00\",\"breadcrumb\":{\"@id\":\"https:\/\/brasilnoticias.org\/site\/projeto-de-lei-que-cria-programa-bahia-alfabetizada-comeca-a-ser-apreciado-nesta-terca-na-alba\/#breadcrumb\"},\"inLanguage\":\"pt-PT\",\"potentialAction\":[{\"@type\":\"ReadAction\",\"target\":[\"https:\/\/brasilnoticias.org\/site\/projeto-de-lei-que-cria-programa-bahia-alfabetizada-comeca-a-ser-apreciado-nesta-terca-na-alba\/\"]}]},{\"@type\":\"ImageObject\",\"inLanguage\":\"pt-PT\",\"@id\":\"https:\/\/brasilnoticias.org\/site\/projeto-de-lei-que-cria-programa-bahia-alfabetizada-comeca-a-ser-apreciado-nesta-terca-na-alba\/#primaryimage\",\"url\":\"https:\/\/brasilnoticias.org\/site\/wp-content\/uploads\/2025\/02\/IMAGEM_NOTICIA_0-3-1.jpg\",\"contentUrl\":\"https:\/\/brasilnoticias.org\/site\/wp-content\/uploads\/2025\/02\/IMAGEM_NOTICIA_0-3-1.jpg\",\"width\":850,\"height\":400},{\"@type\":\"BreadcrumbList\",\"@id\":\"https:\/\/brasilnoticias.org\/site\/projeto-de-lei-que-cria-programa-bahia-alfabetizada-comeca-a-ser-apreciado-nesta-terca-na-alba\/#breadcrumb\",\"itemListElement\":[{\"@type\":\"ListItem\",\"position\":1,\"name\":\"In\u00edcio\",\"item\":\"https:\/\/brasilnoticias.org\/site\/\"},{\"@type\":\"ListItem\",\"position\":2,\"name\":\"Projeto de Lei que cria Programa Bahia Alfabetizada come\u00e7a a ser apreciado nesta ter\u00e7a na Alba\"}]},{\"@type\":\"WebSite\",\"@id\":\"https:\/\/brasilnoticias.org\/site\/#website\",\"url\":\"https:\/\/brasilnoticias.org\/site\/\",\"name\":\"Brasil not\u00edcias\",\"description\":\"Brasil not\u00edcias\",\"publisher\":{\"@id\":\"https:\/\/brasilnoticias.org\/site\/#organization\"},\"potentialAction\":[{\"@type\":\"SearchAction\",\"target\":{\"@type\":\"EntryPoint\",\"urlTemplate\":\"https:\/\/brasilnoticias.org\/site\/?s={search_term_string}\"},\"query-input\":{\"@type\":\"PropertyValueSpecification\",\"valueRequired\":true,\"valueName\":\"search_term_string\"}}],\"inLanguage\":\"pt-PT\"},{\"@type\":\"Organization\",\"@id\":\"https:\/\/brasilnoticias.org\/site\/#organization\",\"name\":\"Brasil not\u00edcias\",\"url\":\"https:\/\/brasilnoticias.org\/site\/\",\"logo\":{\"@type\":\"ImageObject\",\"inLanguage\":\"pt-PT\",\"@id\":\"https:\/\/brasilnoticias.org\/site\/#\/schema\/logo\/image\/\",\"url\":\"https:\/\/brasilnoticias.org\/site\/wp-content\/uploads\/2022\/05\/cropped-brasilnoticias-mini.jpg\",\"contentUrl\":\"https:\/\/brasilnoticias.org\/site\/wp-content\/uploads\/2022\/05\/cropped-brasilnoticias-mini.jpg\",\"width\":314,\"height\":86,\"caption\":\"Brasil not\u00edcias\"},\"image\":{\"@id\":\"https:\/\/brasilnoticias.org\/site\/#\/schema\/logo\/image\/\"}},{\"@type\":\"Person\",\"@id\":\"https:\/\/brasilnoticias.org\/site\/#\/schema\/person\/03bbbfe6c7634ad18c26444ea39049fa\",\"name\":\"Reda\u00e7\u00e3o\",\"image\":{\"@type\":\"ImageObject\",\"inLanguage\":\"pt-PT\",\"@id\":\"https:\/\/brasilnoticias.org\/site\/#\/schema\/person\/image\/\",\"url\":\"https:\/\/secure.gravatar.com\/avatar\/9ecaf7327a696cb23ad926fedded5f1f04d7049de9e445375d55b48c001a6e42?s=96&d=mm&r=g\",\"contentUrl\":\"https:\/\/secure.gravatar.com\/avatar\/9ecaf7327a696cb23ad926fedded5f1f04d7049de9e445375d55b48c001a6e42?s=96&d=mm&r=g\",\"caption\":\"Reda\u00e7\u00e3o\"},\"url\":\"https:\/\/brasilnoticias.org\/site\/author\/henrique\/\"}]}<\/script>\n<!-- \/ Yoast SEO plugin. -->","yoast_head_json":{"title":"Projeto de Lei que cria Programa Bahia Alfabetizada come\u00e7a a ser apreciado nesta ter\u00e7a na Alba - Brasil not\u00edcias","robots":{"index":"index","follow":"follow","max-snippet":"max-snippet:-1","max-image-preview":"max-image-preview:large","max-video-preview":"max-video-preview:-1"},"canonical":"https:\/\/brasilnoticias.org\/site\/projeto-de-lei-que-cria-programa-bahia-alfabetizada-comeca-a-ser-apreciado-nesta-terca-na-alba\/","og_locale":"pt_PT","og_type":"article","og_title":"Projeto de Lei que cria Programa Bahia Alfabetizada come\u00e7a a ser apreciado nesta ter\u00e7a na Alba - Brasil not\u00edcias","og_description":"A Assembleia Legislativa da Bahia (Alba) dar\u00e1 in\u00edcio, nesta ter\u00e7a-feira (18), \u00e0 aprecia\u00e7\u00e3o do Projeto de Lei 25.668\/25, que institui","og_url":"https:\/\/brasilnoticias.org\/site\/projeto-de-lei-que-cria-programa-bahia-alfabetizada-comeca-a-ser-apreciado-nesta-terca-na-alba\/","og_site_name":"Brasil not\u00edcias","article_published_time":"2025-02-17T19:29:01+00:00","og_image":[{"width":850,"height":400,"url":"https:\/\/brasilnoticias.org\/site\/wp-content\/uploads\/2025\/02\/IMAGEM_NOTICIA_0-3-1.jpg","type":"image\/jpeg"}],"author":"Reda\u00e7\u00e3o","twitter_card":"summary_large_image","twitter_misc":{"Escrito por":"Reda\u00e7\u00e3o","Tempo estimado de leitura":"1 minuto"},"schema":{"@context":"https:\/\/schema.org","@graph":[{"@type":"Article","@id":"https:\/\/brasilnoticias.org\/site\/projeto-de-lei-que-cria-programa-bahia-alfabetizada-comeca-a-ser-apreciado-nesta-terca-na-alba\/#article","isPartOf":{"@id":"https:\/\/brasilnoticias.org\/site\/projeto-de-lei-que-cria-programa-bahia-alfabetizada-comeca-a-ser-apreciado-nesta-terca-na-alba\/"},"author":{"name":"Reda\u00e7\u00e3o","@id":"https:\/\/brasilnoticias.org\/site\/#\/schema\/person\/03bbbfe6c7634ad18c26444ea39049fa"},"headline":"Projeto de Lei que cria Programa Bahia Alfabetizada come\u00e7a a ser apreciado nesta ter\u00e7a na Alba","datePublished":"2025-02-17T19:29:01+00:00","mainEntityOfPage":{"@id":"https:\/\/brasilnoticias.org\/site\/projeto-de-lei-que-cria-programa-bahia-alfabetizada-comeca-a-ser-apreciado-nesta-terca-na-alba\/"},"wordCount":211,"commentCount":0,"publisher":{"@id":"https:\/\/brasilnoticias.org\/site\/#organization"},"image":{"@id":"https:\/\/brasilnoticias.org\/site\/projeto-de-lei-que-cria-programa-bahia-alfabetizada-comeca-a-ser-apreciado-nesta-terca-na-alba\/#primaryimage"},"thumbnailUrl":"https:\/\/brasilnoticias.org\/site\/wp-content\/uploads\/2025\/02\/IMAGEM_NOTICIA_0-3-1.jpg","articleSection":["Pol\u00edtica","\u00daltimas"],"inLanguage":"pt-PT","potentialAction":[{"@type":"CommentAction","name":"Comment","target":["https:\/\/brasilnoticias.org\/site\/projeto-de-lei-que-cria-programa-bahia-alfabetizada-comeca-a-ser-apreciado-nesta-terca-na-alba\/#respond"]}]},{"@type":"WebPage","@id":"https:\/\/brasilnoticias.org\/site\/projeto-de-lei-que-cria-programa-bahia-alfabetizada-comeca-a-ser-apreciado-nesta-terca-na-alba\/","url":"https:\/\/brasilnoticias.org\/site\/projeto-de-lei-que-cria-programa-bahia-alfabetizada-comeca-a-ser-apreciado-nesta-terca-na-alba\/","name":"Projeto de Lei que cria Programa Bahia Alfabetizada come\u00e7a a ser apreciado nesta ter\u00e7a na Alba - Brasil not\u00edcias","isPartOf":{"@id":"https:\/\/brasilnoticias.org\/site\/#website"},"primaryImageOfPage":{"@id":"https:\/\/brasilnoticias.org\/site\/projeto-de-lei-que-cria-programa-bahia-alfabetizada-comeca-a-ser-apreciado-nesta-terca-na-alba\/#primaryimage"},"image":{"@id":"https:\/\/brasilnoticias.org\/site\/projeto-de-lei-que-cria-programa-bahia-alfabetizada-comeca-a-ser-apreciado-nesta-terca-na-alba\/#primaryimage"},"thumbnailUrl":"https:\/\/brasilnoticias.org\/site\/wp-content\/uploads\/2025\/02\/IMAGEM_NOTICIA_0-3-1.jpg","datePublished":"2025-02-17T19:29:01+00:00","breadcrumb":{"@id":"https:\/\/brasilnoticias.org\/site\/projeto-de-lei-que-cria-programa-bahia-alfabetizada-comeca-a-ser-apreciado-nesta-terca-na-alba\/#breadcrumb"},"inLanguage":"pt-PT","potentialAction":[{"@type":"ReadAction","target":["https:\/\/brasilnoticias.org\/site\/projeto-de-lei-que-cria-programa-bahia-alfabetizada-comeca-a-ser-apreciado-nesta-terca-na-alba\/"]}]},{"@type":"ImageObject","inLanguage":"pt-PT","@id":"https:\/\/brasilnoticias.org\/site\/projeto-de-lei-que-cria-programa-bahia-alfabetizada-comeca-a-ser-apreciado-nesta-terca-na-alba\/#primaryimage","url":"https:\/\/brasilnoticias.org\/site\/wp-content\/uploads\/2025\/02\/IMAGEM_NOTICIA_0-3-1.jpg","contentUrl":"https:\/\/brasilnoticias.org\/site\/wp-content\/uploads\/2025\/02\/IMAGEM_NOTICIA_0-3-1.jpg","width":850,"height":400},{"@type":"BreadcrumbList","@id":"https:\/\/brasilnoticias.org\/site\/projeto-de-lei-que-cria-programa-bahia-alfabetizada-comeca-a-ser-apreciado-nesta-terca-na-alba\/#breadcrumb","itemListElement":[{"@type":"ListItem","position":1,"name":"In\u00edcio","item":"https:\/\/brasilnoticias.org\/site\/"},{"@type":"ListItem","position":2,"name":"Projeto de Lei que cria Programa Bahia Alfabetizada come\u00e7a a ser apreciado nesta ter\u00e7a na Alba"}]},{"@type":"WebSite","@id":"https:\/\/brasilnoticias.org\/site\/#website","url":"https:\/\/brasilnoticias.org\/site\/","name":"Brasil not\u00edcias","description":"Brasil not\u00edcias","publisher":{"@id":"https:\/\/brasilnoticias.org\/site\/#organization"},"potentialAction":[{"@type":"SearchAction","target":{"@type":"EntryPoint","urlTemplate":"https:\/\/brasilnoticias.org\/site\/?s={search_term_string}"},"query-input":{"@type":"PropertyValueSpecification","valueRequired":true,"valueName":"search_term_string"}}],"inLanguage":"pt-PT"},{"@type":"Organization","@id":"https:\/\/brasilnoticias.org\/site\/#organization","name":"Brasil not\u00edcias","url":"https:\/\/brasilnoticias.org\/site\/","logo":{"@type":"ImageObject","inLanguage":"pt-PT","@id":"https:\/\/brasilnoticias.org\/site\/#\/schema\/logo\/image\/","url":"https:\/\/brasilnoticias.org\/site\/wp-content\/uploads\/2022\/05\/cropped-brasilnoticias-mini.jpg","contentUrl":"https:\/\/brasilnoticias.org\/site\/wp-content\/uploads\/2022\/05\/cropped-brasilnoticias-mini.jpg","width":314,"height":86,"caption":"Brasil not\u00edcias"},"image":{"@id":"https:\/\/brasilnoticias.org\/site\/#\/schema\/logo\/image\/"}},{"@type":"Person","@id":"https:\/\/brasilnoticias.org\/site\/#\/schema\/person\/03bbbfe6c7634ad18c26444ea39049fa","name":"Reda\u00e7\u00e3o","image":{"@type":"ImageObject","inLanguage":"pt-PT","@id":"https:\/\/brasilnoticias.org\/site\/#\/schema\/person\/image\/","url":"https:\/\/secure.gravatar.com\/avatar\/9ecaf7327a696cb23ad926fedded5f1f04d7049de9e445375d55b48c001a6e42?s=96&d=mm&r=g","contentUrl":"https:\/\/secure.gravatar.com\/avatar\/9ecaf7327a696cb23ad926fedded5f1f04d7049de9e445375d55b48c001a6e42?s=96&d=mm&r=g","caption":"Reda\u00e7\u00e3o"},"url":"https:\/\/brasilnoticias.org\/site\/author\/henrique\/"}]}},"_links":{"self":[{"href":"https:\/\/brasilnoticias.org\/site\/wp-json\/wp\/v2\/posts\/16806","targetHints":{"allow":["GET"]}}],"collection":[{"href":"https:\/\/brasilnoticias.org\/site\/wp-json\/wp\/v2\/posts"}],"about":[{"href":"https:\/\/brasilnoticias.org\/site\/wp-json\/wp\/v2\/types\/post"}],"author":[{"embeddable":true,"href":"https:\/\/brasilnoticias.org\/site\/wp-json\/wp\/v2\/users\/4"}],"replies":[{"embeddable":true,"href":"https:\/\/brasilnoticias.org\/site\/wp-json\/wp\/v2\/comments?post=16806"}],"version-history":[{"count":1,"href":"https:\/\/brasilnoticias.org\/site\/wp-json\/wp\/v2\/posts\/16806\/revisions"}],"predecessor-version":[{"id":16808,"href":"https:\/\/brasilnoticias.org\/site\/wp-json\/wp\/v2\/posts\/16806\/revisions\/16808"}],"wp:featuredmedia":[{"embeddable":true,"href":"https:\/\/brasilnoticias.org\/site\/wp-json\/wp\/v2\/media\/16807"}],"wp:attachment":[{"href":"https:\/\/brasilnoticias.org\/site\/wp-json\/wp\/v2\/media?parent=16806"}],"wp:term":[{"taxonomy":"category","embeddable":true,"href":"https:\/\/brasilnoticias.org\/site\/wp-json\/wp\/v2\/categories?post=16806"},{"taxonomy":"post_tag","embeddable":true,"href":"https:\/\/brasilnoticias.org\/site\/wp-json\/wp\/v2\/tags?post=16806"}],"curies":[{"name":"wp","href":"https:\/\/api.w.org\/{rel}","templated":true}]}}